{"id":8583,"date":"2026-04-30T15:30:24","date_gmt":"2026-04-30T18:30:24","guid":{"rendered":"https:\/\/cliente1.publisher.highstack.com.ar\/?p=8583"},"modified":"2026-04-30T15:30:24","modified_gmt":"2026-04-30T18:30:24","slug":"hospitalizaron-a-un-peaton-que-cruzo-la-calle-a-mitad-de-cuadra-y-fue-embestido-por-moto","status":"publish","type":"post","link":"https:\/\/cliente1.publisher.highstack.com.ar\/?p=8583","title":{"rendered":"Hospitalizaron a un peat\u00f3n que cruz\u00f3 la calle a mitad de cuadra y fue embestido por moto"},"content":{"rendered":"<p><\/p>\n<div>\n<p>Un <b>peat\u00f3n embestido por una moto en Paran\u00e1,<\/b> fue hospitalizado este mediod\u00eda tras un accidente ocurrido en calle Dean \u00c1lvarez, en la capital entrerriana. El hecho involucr\u00f3 a un hombre de 74 a\u00f1os que cruzaba la calzada y a un conductor de 35 a\u00f1os que circulaba en una motocicleta Yamaha 150 cc.  <\/p>\n<p><!-- is a <br \/>--><\/p>\n<p>\u00a0<\/p>\n<p><!-- is a <br \/>--><\/p>\n<p>Seg\u00fan fuentes policiales,<b> el motociclista se encontraba detenido en el sem\u00e1foro en rojo en la intersecci\u00f3n con Ruperto P\u00e9rez<\/b>. Al habilitarse la luz verde, inici\u00f3 la marcha a baja velocidad en sentido este, frente a una estaci\u00f3n de servicio ubicada en la zona.  <\/p>\n<p><!-- is a <br \/>--><\/p>\n<p><!-- is a object --><br \/>\n<!-- embed start --><\/p>\n<figure class=\"embed\">\n<p>    <img decoding=\"async\" src=\"https:\/\/elonce-media.elonce.com\/fotos\/2026\/04\/30\/e_1777569590_91713.webp\" loading=\"lazy\" width=\"600\" height=\"400\" alt=\"(Elonce).\"\/><figcaption>\n            <span>(Elonce).<\/span><br \/>\n        <\/figcaption><\/figure>\n<p><!-- embed end --><br \/>\n<!-- end object --><\/p>\n<p>\u00a0<\/p>\n<p><!-- is a <br \/>--><\/p>\n<p>En ese momento, el peat\u00f3n cruz\u00f3 a <b>mitad de cuadra transportando maples de huevos, sin advertir la circulaci\u00f3n vehicular<\/b>. El conductor accion\u00f3 la bocina, pero no logr\u00f3 que el hombre <b>detuviera su marcha, produci\u00e9ndose la fuerte colisi\u00f3n.<\/b>  <\/p>\n<p><!-- is a <br \/>--><\/p>\n<p>\u00a0<\/p>\n<p><!-- is a <br \/>--><\/p>\n<p><!-- is a object --><\/p>\n<h3><b>Intervenci\u00f3n y traslado del herido<\/b><\/h3>\n<p><!-- end object --><\/p>\n<p>\u00a0<\/p>\n<p><!-- is a <br \/>--><\/p>\n<p>Como consecuencia del impacto, <b>el peat\u00f3n cay\u00f3 sobre la cinta asf\u00e1ltica y sufri\u00f3 un golpe en el ojo, adem\u00e1s de un corte profundo en el cuero cabelludo, se confirm\u00f3 a Elonce<\/b>. La situaci\u00f3n motiv\u00f3 la intervenci\u00f3n inmediata de los servicios de emergencia.  <\/p>\n<p><!-- is a <br \/>--><\/p>\n<p><!-- is a object --><br \/>\n<!-- embed start --><\/p>\n<figure class=\"embed\">\n<p>    <img decoding=\"async\" src=\"https:\/\/elonce-media.elonce.com\/fotos\/2026\/04\/30\/e_1777571719_30003.webp\" loading=\"lazy\" width=\"600\" height=\"400\" alt=\"\"\/><\/p>\n<\/figure>\n<p><!-- embed end --><br \/>\n<!-- end object --><\/p>\n<p>\u00a0<\/p>\n<p><!-- is a <br \/>--><\/p>\n<p>Una ambulancia arrib\u00f3 al lugar <b>del siniestro vial y traslad\u00f3 al herido al hospital San Mart\u00edn de Paran\u00e1,<\/b> donde recibi\u00f3 asistencia m\u00e9dica. Su estado requer\u00eda atenci\u00f3n por las lesiones sufridas.  <\/p>\n<p><!-- is a <br \/>--><\/p>\n<p>\u00a0<\/p>\n<p><!-- is a <br \/>--><\/p>\n<p>Las actuaciones quedaron a cargo del personal policial, que trabaj\u00f3 en el lugar para determinar las circunstancias del hecho. <i>Elonce.<\/i><\/p>\n<\/p><\/div>\n","protected":false},"excerpt":{"rendered":"<p>Un peat\u00f3n embestido por una moto en Paran\u00e1, fue hospitalizado este mediod\u00eda tras un accidente ocurrido en calle Dean \u00c1lvarez, en la capital entrerriana. El hecho involucr\u00f3 a un hombre de 74 a\u00f1os que cruzaba la calzada y a un conductor de 35 a\u00f1os que circulaba en una motocicleta Yamaha 150 cc. \u00a0 Seg\u00fan fuentes [&hellip;]<\/p>\n","protected":false},"author":1,"featured_media":8584,"comment_status":"open","ping_status":"open","sticky":false,"template":"","format":"standard","meta":{"footnotes":""},"categories":[1],"tags":[],"class_list":["post-8583","post","type-post","status-publish","format-standard","has-post-thumbnail","hentry","category-uncategorized"],"_links":{"self":[{"href":"https:\/\/cliente1.publisher.highstack.com.ar\/index.php?rest_route=\/wp\/v2\/posts\/8583","targetHints":{"allow":["GET"]}}],"collection":[{"href":"https:\/\/cliente1.publisher.highstack.com.ar\/index.php?rest_route=\/wp\/v2\/posts"}],"about":[{"href":"https:\/\/cliente1.publisher.highstack.com.ar\/index.php?rest_route=\/wp\/v2\/types\/post"}],"author":[{"embeddable":true,"href":"https:\/\/cliente1.publisher.highstack.com.ar\/index.php?rest_route=\/wp\/v2\/users\/1"}],"replies":[{"embeddable":true,"href":"https:\/\/cliente1.publisher.highstack.com.ar\/index.php?rest_route=%2Fwp%2Fv2%2Fcomments&post=8583"}],"version-history":[{"count":0,"href":"https:\/\/cliente1.publisher.highstack.com.ar\/index.php?rest_route=\/wp\/v2\/posts\/8583\/revisions"}],"wp:featuredmedia":[{"embeddable":true,"href":"https:\/\/cliente1.publisher.highstack.com.ar\/index.php?rest_route=\/wp\/v2\/media\/8584"}],"wp:attachment":[{"href":"https:\/\/cliente1.publisher.highstack.com.ar\/index.php?rest_route=%2Fwp%2Fv2%2Fmedia&parent=8583"}],"wp:term":[{"taxonomy":"category","embeddable":true,"href":"https:\/\/cliente1.publisher.highstack.com.ar\/index.php?rest_route=%2Fwp%2Fv2%2Fcategories&post=8583"},{"taxonomy":"post_tag","embeddable":true,"href":"https:\/\/cliente1.publisher.highstack.com.ar\/index.php?rest_route=%2Fwp%2Fv2%2Ftags&post=8583"}],"curies":[{"name":"wp","href":"https:\/\/api.w.org\/{rel}","templated":true}]}}