{"id":8569,"date":"2026-04-30T13:42:50","date_gmt":"2026-04-30T16:42:50","guid":{"rendered":"https:\/\/cliente1.publisher.highstack.com.ar\/?p=8569"},"modified":"2026-04-30T13:42:50","modified_gmt":"2026-04-30T16:42:50","slug":"marcha-de-la-cgt-gremios-se-movilizan-a-plaza-de-mayo-con-consignas-contra-el-gobierno-y-la-reforma-laboral","status":"publish","type":"post","link":"https:\/\/cliente1.publisher.highstack.com.ar\/?p=8569","title":{"rendered":"Marcha de la CGT: gremios se movilizan a Plaza de Mayo con consignas contra el Gobierno y la reforma laboral"},"content":{"rendered":"<div id=\"\">\n<p id=\"p-1777564424432-27036\">Con el D\u00eda del Trabajador en el horizonte y la lucha legal contra la reforma laboral impulsada por el oficialismo, la Confederaci\u00f3n General del Trabajo (CGT) comenz\u00f3 su movilizaci\u00f3n a Plaza de Mayo. <strong>El punto m\u00e1s \u00e1lgido de la protesta sindical<\/strong> <strong>ser\u00e1 a las 15, <\/strong>cuando se espera que hablen los tres integrantes del triunvirato &#8211; Jorge Sola, Cristian Ger\u00f3nimo y Octavio Arg\u00fcello- a lo que le seguir\u00e1 la lectura <strong>de un documento<\/strong> con la s\u00edntesis de los reclamos al Gobierno.<\/p>\n<\/div>\n<div id=\"\">\n<p id=\"p-1777566278336-20107\">En este contexto, los distintos actores que se movilizar\u00e1n ya comenzaron a concentrar en diferentes puntos del centro porte\u00f1o.<\/p>\n<\/div>\n<div id=\"\">\n<h2 id=\"p-1777566478098-84792\">La CGT ya se moviliza a plaza de Mayo<\/h2>\n<p id=\"p-1777566586055-93479\" data-start=\"0\" data-end=\"466\">La Confederaci\u00f3n General del Trabajo (CGT) saldr\u00e1 a la calle en un escenario distinto al que ten\u00eda en mente cuando lanz\u00f3 la convocatoria el 1 de abril. En aquel momento, <strong>la central obrera contaba con un fallo cautelar que hab\u00eda frenado el n\u00facleo de la reforma laboral<\/strong>. Sin embargo, en los \u00faltimos d\u00edas <strong>la C\u00e1mara de Apelaciones del Trabajo revirti\u00f3 esa medida y reconfigur\u00f3 el tablero<\/strong>, dejando en una posici\u00f3n m\u00e1s inc\u00f3moda la estrategia sindical para bloquear la ley.<\/p>\n<\/div>\n<div id=\"\">\n<p id=\"p-1777566586055-81203\" data-start=\"468\" data-end=\"962\"> En este contexto, el mensaje que se leer\u00e1 en Plaza de Mayo tendr\u00e1 un doble destinatario:<strong> el Gobierno y tambi\u00e9n la oposici\u00f3n<\/strong>. La CGT insistir\u00e1 en la necesidad de un cambio de rumbo con ejes como soberan\u00eda pol\u00edtica y justicia social. En esa l\u00ednea, no pas\u00f3 desapercibida la confirmaci\u00f3n de los cosecretarios generales Jorge Sola y Cristian Jer\u00f3nimo en la cumbre del PJ prevista para el viernes.<\/p>\n<p id=\"p-1777566586055-27598\" data-start=\"964\" data-end=\"1334\">El acto se desarrolla bajo la consigna <strong>&#8220;El trabajo es con derechos o es esclavo&#8221;<\/strong>. La jornada comenzar\u00e1 con un homenaje al papa Francisco, que incluir\u00e1 material audiovisual y la participaci\u00f3n de un representante de la Iglesia. Luego, los tres secretarios generales dividir\u00e1n sus intervenciones para abordar el diagn\u00f3stico sindical sobre la situaci\u00f3n econ\u00f3mica y social.<\/p>\n<p id=\"p-1777566586055-23026\" data-start=\"1336\" data-end=\"1827\">Desde la central obrera sostienen que la pol\u00edtica econ\u00f3mica actual deriva en &#8220;una escalada tr\u00e1gica del flagelo de la desocupaci\u00f3n y de la informalidad laboral&#8221;. A su vez, advierten sobre una \u201cinflaci\u00f3n de bolsillo\u201d que, seg\u00fan afirman, se ubica por encima del \u00edndice oficial del INDEC. Otro de los ejes del reclamo ser\u00e1 el rechazo a la reforma laboral en medio de la batalla judicial para impedir su aplicaci\u00f3n efectiva.<\/p>\n<h2 id=\"p-1777566686207-12654\" data-start=\"1336\" data-end=\"1827\">Marcha de la CGT: el mapa de cortes<\/h2>\n<p id=\"p-1777566586055-81330\" data-start=\"2205\" data-end=\"2525\">La movilizaci\u00f3n tendr\u00e1 impacto directo en el tr\u00e1nsito del microcentro porte\u00f1o. Las principales arterias comprometidas ser\u00e1n <strong>Avenida de Mayo, Bernardo de Yrigoyen, Entre R\u00edos, Callao, Luis S\u00e1enz Pe\u00f1a, Virrey Ceballos, Avenida 9 de Julio, Diagonal Norte, Diagonal Sur, Alsina, Carlos Calvo y Avenida Belgrano, entre otras.<\/strong><\/p>\n<p id=\"p-1777566586055-1714\" data-start=\"2527\" data-end=\"2862\" data-is-last-node=\"\" data-is-only-node=\"\">Seg\u00fan inform\u00f3 el Gobierno, los cortes comenzar\u00e1n a aplicarse desde las 13 y ser\u00e1n din\u00e1micos, en funci\u00f3n del avance de las columnas. Se espera que los mayores niveles de congesti\u00f3n se registren en los cruces de A<strong>venida de Mayo con 9 de Julio y en el eje de Diagonal Norte y Diagonal Sur, adem\u00e1s de otros puntos cercanos a la 9 de Julio.<\/strong><\/p>\n<\/p><\/div>\n<p><script>\n!function(f,b,e,v,n,t,s)\n{if(f.fbq)return;n=f.fbq=function(){n.callMethod?\nn.callMethod.apply(n,arguments):n.queue.push(arguments)};\nif(!f._fbq)f._fbq=n;n.push=n;n.loaded=!0;n.version='2.0';\nn.queue=[];t=b.createElement(e);t.async=!0;\nt.src=v;s=b.getElementsByTagName(e)[0];\ns.parentNode.insertBefore(t,s)}(window,document,'script',\n'\nfbq('init', '2047048335588113');\nfbq('track', 'PageView');\n<\/script><\/p>\n","protected":false},"excerpt":{"rendered":"<p>Con el D\u00eda del Trabajador en el horizonte y la lucha legal contra la reforma laboral impulsada por el oficialismo, la Confederaci\u00f3n General del Trabajo (CGT) comenz\u00f3 su movilizaci\u00f3n a Plaza de Mayo. El punto m\u00e1s \u00e1lgido de la protesta sindical ser\u00e1 a las 15, cuando se espera que hablen los tres integrantes del triunvirato [&hellip;]<\/p>\n","protected":false},"author":1,"featured_media":8570,"comment_status":"open","ping_status":"open","sticky":false,"template":"","format":"standard","meta":{"footnotes":""},"categories":[1],"tags":[4],"class_list":["post-8569","post","type-post","status-publish","format-standard","has-post-thumbnail","hentry","category-uncategorized","tag-entre-rios"],"_links":{"self":[{"href":"https:\/\/cliente1.publisher.highstack.com.ar\/index.php?rest_route=\/wp\/v2\/posts\/8569","targetHints":{"allow":["GET"]}}],"collection":[{"href":"https:\/\/cliente1.publisher.highstack.com.ar\/index.php?rest_route=\/wp\/v2\/posts"}],"about":[{"href":"https:\/\/cliente1.publisher.highstack.com.ar\/index.php?rest_route=\/wp\/v2\/types\/post"}],"author":[{"embeddable":true,"href":"https:\/\/cliente1.publisher.highstack.com.ar\/index.php?rest_route=\/wp\/v2\/users\/1"}],"replies":[{"embeddable":true,"href":"https:\/\/cliente1.publisher.highstack.com.ar\/index.php?rest_route=%2Fwp%2Fv2%2Fcomments&post=8569"}],"version-history":[{"count":1,"href":"https:\/\/cliente1.publisher.highstack.com.ar\/index.php?rest_route=\/wp\/v2\/posts\/8569\/revisions"}],"predecessor-version":[{"id":8571,"href":"https:\/\/cliente1.publisher.highstack.com.ar\/index.php?rest_route=\/wp\/v2\/posts\/8569\/revisions\/8571"}],"wp:featuredmedia":[{"embeddable":true,"href":"https:\/\/cliente1.publisher.highstack.com.ar\/index.php?rest_route=\/wp\/v2\/media\/8570"}],"wp:attachment":[{"href":"https:\/\/cliente1.publisher.highstack.com.ar\/index.php?rest_route=%2Fwp%2Fv2%2Fmedia&parent=8569"}],"wp:term":[{"taxonomy":"category","embeddable":true,"href":"https:\/\/cliente1.publisher.highstack.com.ar\/index.php?rest_route=%2Fwp%2Fv2%2Fcategories&post=8569"},{"taxonomy":"post_tag","embeddable":true,"href":"https:\/\/cliente1.publisher.highstack.com.ar\/index.php?rest_route=%2Fwp%2Fv2%2Ftags&post=8569"}],"curies":[{"name":"wp","href":"https:\/\/api.w.org\/{rel}","templated":true}]}}