{"id":8564,"date":"2026-04-30T12:34:41","date_gmt":"2026-04-30T15:34:41","guid":{"rendered":"https:\/\/cliente1.publisher.highstack.com.ar\/?p=8564"},"modified":"2026-04-30T12:34:41","modified_gmt":"2026-04-30T15:34:41","slug":"la-cgt-se-moviliza-este-jueves-a-plaza-de-mayo","status":"publish","type":"post","link":"https:\/\/cliente1.publisher.highstack.com.ar\/?p=8564","title":{"rendered":"La CGT se moviliza este jueves a Plaza de Mayo"},"content":{"rendered":"<div data-twitter-link=\"#TWEMBEDLINK#\">\n<p id=\"p-1777555039558-4548\">En relaci\u00f3n con la situaci\u00f3n econ\u00f3mica, eje de los reclamos de este jueves por parte de los manifestantes, Jer\u00f3nimo afirm\u00f3 que \u201cel pueblo argentino la est\u00e1 pasando mal\u201d, al tiempo que consider\u00f3 una \u201cfalacia\u201d los datos oficiales sobre mejora salarial y empleo, se\u00f1alando que \u201cla gente no llega a fin de mes y que crece la pobreza en un contexto de recorte de ayudas sociales y subsidios\u201d.<\/p>\n<p id=\"p-1777555039558-70605\">En ese marco, advirti\u00f3 que \u201cla conflictividad va a seguir escalando\u201d, sin descartar \u201cnuevas protestas ni la posibilidad de un paro\u201d. Tambi\u00e9n, plante\u00f3 que \u201ctiene que construirse algo muy amplio\u201d. El l\u00edder sindical lo mencion\u00f3 en referencia a la necesidad de generar una alternativa pol\u00edtica que supere al peronismo tradicional e incorpore a distintos sectores.<\/p>\n<p id=\"p-1777555039558-44091\">Existen distintas organizaciones detr\u00e1s de ese objetivo. Una es la Uni\u00f3n de los Trabajadores de la Econom\u00eda Popular (UTEP), que tambi\u00e9n prometi\u00f3 estar en Plaza de Mayo luego de diversas conversaciones con el triunvirato con quien mantiene una excelente sinton\u00eda.<\/p>\n<p id=\"p-1777555039558-75300\"><strong>La Iglesia, en tanto, tom\u00f3 distancia. La c\u00fapula eclesi\u00e1stica no quiso formar parta de la jornada <\/strong>de protesta a pesar de la invitaci\u00f3n cegetista. En la calle Azopardo lamentaron la decisi\u00f3n de la dirigencia en medio de un panorama econ\u00f3mico cr\u00edtico.<\/p>\n<p id=\"p-1777555039558-36610\" title=\"__IP__\" data-ipspy=\"__IP__\">En relaci\u00f3n a los servicios que funcionar\u00e1n, <strong>el transporte ser\u00e1 uno de los puntos clave de la jornada y podr\u00eda presentar un funcionamiento irregular seg\u00fan la adhesi\u00f3n sindical. Los trenes, gracias al cese de actividades que anunci\u00f3 La Fraternidad, tendr\u00e1n interrupciones<\/strong>.<\/p>\n<p id=\"p-1777555039558-8864\">Algunos sectores confirmaron que no tendr\u00e1n funcionamiento normal, lo que impactar\u00e1 en distintos servicios: Recolecci\u00f3n de residuos, atenci\u00f3n en organismos p\u00fablicos, correo y log\u00edstica y dependencias estatales gracias a las medidas de retenci\u00f3n de tareas de UPCN y ATE.<\/p>\n<p id=\"p-1777555039558-91495\">Para Jorge Sola, otro de los triunviros, la protesta de este jueves puede ser un primer paso hacia medida de mayor contundencia: \u201cClaramente, vamos a ir hacia una medida de fuerza mucho m\u00e1s fuerte. Me interesa el primer paso, que es mostrar en la calle el malhumor social que en todos lados se percibe, que no es solamente por la ca\u00edda del consumo. Es por el endeudamiento familiar, por la p\u00e9rdida del empleo, por conseguir un empleo de menor calidad que el que se ten\u00eda antes\u201d.<\/p>\n<h2> <\/h2>\n<h2 id=\"p-1777555488559-35749\">Operativo<\/h2>\n<p id=\"p-1777555501559-10850\" class=\"\" data-mrf-recirculation=\"Links inline\">Entre las principales arterias, que estar\u00e1n congestionadas por las columnas que marchar\u00e1n a la hist\u00f3rica plaza, sobresalen: <strong>Avenida de Mayo, Bernardo de Yrigoyen, Entre R\u00edos y su continuaci\u00f3n, Callao; Luis S\u00e1enz Pe\u00f1a, Virrey Ceballos, Avenida 9 de Julio, Diagonal Sur, Alsina, Carlos Calvo y Avenida Belgrano,<\/strong> entre otras.<\/p>\n<p id=\"p-1777555525143-63583\" class=\"\" data-mrf-recirculation=\"Links inline\"><strong>El Gobierno ya anunci\u00f3 que desde las 13 implementar\u00e1 \u201ccortes de tr\u00e1nsito conforme se vayan sumando manifestantes\u201d<\/strong>. Los principales despliegues estar\u00e1n en<strong><\/strong> Avenida de Mayo y 9 de Julio; Diagonal Norte y 9 de Julio Diagonal Sur y la Avenida 9 de Julio.<\/p>\n<p id=\"p-1777555530494-63771\" class=\"\" data-mrf-recirculation=\"Links inline\">La<strong> Polic\u00eda de la Ciudad <\/strong>desplegar\u00e1 un operativo para monitorear la marcha y acompa\u00f1ar a las distintas columnas y las Fuerzas Federal estar\u00e1n detr\u00e1s del vallado de Casa de Gobierno.<\/p>\n<p id=\"p-1777555537401-42030\" class=\"\" data-mrf-recirculation=\"Links inline\">Desde la cartera de <strong>Seguridad de la Naci\u00f3n<\/strong>, a cargo de <strong>Alejandra Monteoliva<\/strong> se advirti\u00f3 que el Gobierno prepara un operativo de seguridad especial para la movilizaci\u00f3n de la CGT. El despliegue <strong>incluir\u00e1 vallado en la zona de Plaza de Mayo, controles en accesos a la Ciudad y el despliegue de alrededor de 1.000 efectivos.<\/strong><\/p>\n<\/p><\/div>\n<p><script async defer crossorigin=\"anonymous\" src=\"https:\/\/connect.facebook.net\/es_ES\/sdk.js\"><\/script><script>(function(d, s, id) {\n      var js, fjs = d.getElementsByTagName(s)[0];\n      if (d.getElementById(id)) return;\n      js = d.createElement(s); js.id = id;\n      js.src = \"\/\/connect.facebook.net\/en_GB\/sdk.js#xfbml=1&version=v2.8\";\n      fjs.parentNode.insertBefore(js, fjs);\n    }(document, 'script', 'facebook-jssdk'));<\/script><br \/><\/p>\n","protected":false},"excerpt":{"rendered":"<p> El acto central convocado por la CGT est\u00e1 previsto para las 15 horas. All\u00ed se leer\u00e1 un documento con consignas y cr\u00edticas sobre las pol\u00edticas que lleva adelante el gobierno de Javier Milei.<\/p>\n","protected":false},"author":1,"featured_media":8566,"comment_status":"open","ping_status":"open","sticky":false,"template":"","format":"standard","meta":{"footnotes":""},"categories":[1],"tags":[4],"class_list":["post-8564","post","type-post","status-publish","format-standard","has-post-thumbnail","hentry","category-uncategorized","tag-entre-rios"],"_links":{"self":[{"href":"https:\/\/cliente1.publisher.highstack.com.ar\/index.php?rest_route=\/wp\/v2\/posts\/8564","targetHints":{"allow":["GET"]}}],"collection":[{"href":"https:\/\/cliente1.publisher.highstack.com.ar\/index.php?rest_route=\/wp\/v2\/posts"}],"about":[{"href":"https:\/\/cliente1.publisher.highstack.com.ar\/index.php?rest_route=\/wp\/v2\/types\/post"}],"author":[{"embeddable":true,"href":"https:\/\/cliente1.publisher.highstack.com.ar\/index.php?rest_route=\/wp\/v2\/users\/1"}],"replies":[{"embeddable":true,"href":"https:\/\/cliente1.publisher.highstack.com.ar\/index.php?rest_route=%2Fwp%2Fv2%2Fcomments&post=8564"}],"version-history":[{"count":1,"href":"https:\/\/cliente1.publisher.highstack.com.ar\/index.php?rest_route=\/wp\/v2\/posts\/8564\/revisions"}],"predecessor-version":[{"id":8565,"href":"https:\/\/cliente1.publisher.highstack.com.ar\/index.php?rest_route=\/wp\/v2\/posts\/8564\/revisions\/8565"}],"wp:featuredmedia":[{"embeddable":true,"href":"https:\/\/cliente1.publisher.highstack.com.ar\/index.php?rest_route=\/wp\/v2\/media\/8566"}],"wp:attachment":[{"href":"https:\/\/cliente1.publisher.highstack.com.ar\/index.php?rest_route=%2Fwp%2Fv2%2Fmedia&parent=8564"}],"wp:term":[{"taxonomy":"category","embeddable":true,"href":"https:\/\/cliente1.publisher.highstack.com.ar\/index.php?rest_route=%2Fwp%2Fv2%2Fcategories&post=8564"},{"taxonomy":"post_tag","embeddable":true,"href":"https:\/\/cliente1.publisher.highstack.com.ar\/index.php?rest_route=%2Fwp%2Fv2%2Ftags&post=8564"}],"curies":[{"name":"wp","href":"https:\/\/api.w.org\/{rel}","templated":true}]}}