{"id":8556,"date":"2026-04-30T10:17:30","date_gmt":"2026-04-30T13:17:30","guid":{"rendered":"https:\/\/cliente1.publisher.highstack.com.ar\/?p=8556"},"modified":"2026-04-30T10:17:30","modified_gmt":"2026-04-30T13:17:30","slug":"milei-viajara-hoy-al-portaaviones-uss-nimitz-y-participara-de-los-ejercicios-navales-conjuntos-con-estados-unidosel-presidente-partira-durante-la-manana-desde-aeroparque-como-anticipo-infobae-se-sum","status":"publish","type":"post","link":"https:\/\/cliente1.publisher.highstack.com.ar\/?p=8556","title":{"rendered":"Milei viajar\u00e1 hoy al portaaviones USS Nimitz y participar\u00e1 de los ejercicios navales conjuntos con Estados UnidosEl Presidente partir\u00e1 durante la ma\u00f1ana desde Aeroparque. Como anticip\u00f3 Infobae, se sumar\u00e1 a una actividad conjunta organizada en el marco de los ejercicios navales Passex 2026. Se trata de un nuevo gesto de alineamiento con la potencia norteamericana"},"content":{"rendered":"<div class=\"visual__image image-initial-width\"><picture><source srcset=\"https:\/\/www.infobae.com\/resizer\/v2\/2MDGUX2QHVG7ZJ3BGF6PO27JDE.JPG?auth=5fd0075391292debc1bf2ffb4ef6df9db662a27f687ede9880c8a6d8b8dbc14c&amp;smart=true&amp;width=992&amp;height=652&amp;quality=85\" media=\"(min-width: 1000px)\"><\/source><source srcset=\"https:\/\/www.infobae.com\/resizer\/v2\/2MDGUX2QHVG7ZJ3BGF6PO27JDE.JPG?auth=5fd0075391292debc1bf2ffb4ef6df9db662a27f687ede9880c8a6d8b8dbc14c&amp;smart=true&amp;width=768&amp;height=505&amp;quality=85\" media=\"(min-width: 768px)\"><\/source><source srcset=\"https:\/\/www.infobae.com\/resizer\/v2\/2MDGUX2QHVG7ZJ3BGF6PO27JDE.JPG?auth=5fd0075391292debc1bf2ffb4ef6df9db662a27f687ede9880c8a6d8b8dbc14c&amp;smart=true&amp;width=577&amp;height=379&amp;quality=85\" media=\"(min-width: 580px)\"><\/source><source srcset=\"https:\/\/www.infobae.com\/resizer\/v2\/2MDGUX2QHVG7ZJ3BGF6PO27JDE.JPG?auth=5fd0075391292debc1bf2ffb4ef6df9db662a27f687ede9880c8a6d8b8dbc14c&amp;smart=true&amp;width=420&amp;height=276&amp;quality=85\" media=\"(min-width: 350px)\"><\/source><source srcset=\"https:\/\/www.infobae.com\/resizer\/v2\/2MDGUX2QHVG7ZJ3BGF6PO27JDE.JPG?auth=5fd0075391292debc1bf2ffb4ef6df9db662a27f687ede9880c8a6d8b8dbc14c&amp;smart=true&amp;width=350&amp;height=230&amp;quality=85\" media=\"(min-width: 80px)\"><\/source><img alt=\"El portaaviones USS Nimitz en Valpara\u00edso, Chile, (Foto: Reuters \/ Rodrigo Garrido)\" class=\"global-image\" decoding=\"async\" fetchpriority=\"high\" height=\"3210\" loading=\"eager\" src=\"https:\/\/www.infobae.com\/resizer\/v2\/2MDGUX2QHVG7ZJ3BGF6PO27JDE.JPG?auth=5fd0075391292debc1bf2ffb4ef6df9db662a27f687ede9880c8a6d8b8dbc14c&amp;smart=true&amp;width=350&amp;height=230&amp;quality=85\" width=\"4885\"><\/picture><\/div>\n<p class=\"paragraph\"><b>Javier Milei viajar\u00e1 hoy al portaaviones nuclear USS Nimitz<\/b> para participar de una actividad conjunta organizada por el Comando Sur (SOUTHCOM) y la Embajada de Estados Unidos en <b>Argentina<\/b>, en el marco de los ejercicios navales <b>Passex 2026<\/b> que se desarrollan en el <b>Atl\u00e1ntico Sur<\/b>. El presidente partir\u00e1 desde <b>Aeroparque<\/b> y espera aterrizar en la cubierta del buque, uno de los portaaviones nucleares m\u00e1s grandes de la flota estadounidense, en una visita que hab\u00eda sido gestionada por el embajador <b>Peter Lamelas<\/b> y que la Casa Rosada hab\u00eda anticipado como de \u201calt\u00edsimas chances\u201d de concretarse.<\/p>\n<p class=\"paragraph\">El traslado se realizar\u00e1 a bordo de un <b>Grumman C-2 Greyhound<\/b>, la aeronave de transporte que opera desde y hacia la cubierta del portaaviones. La visita presidencial coincidi\u00f3 con una demostraci\u00f3n a\u00e9rea de aviones <b>F-18<\/b> y helic\u00f3pteros <b>MH-60 Seahawk<\/b>, prevista como parte del programa del \u00faltimo d\u00eda de ejercicios. Junto a Milei viajar\u00e1 el presidente de la C\u00e1mara de Diputados, <b>Mart\u00edn Menem<\/b>, mientras que el ministro de Defensa, <b>Carlos Presti<\/b>, el jefe del Estado Mayor Conjunto, <b>Marcelo Dalle Nogare<\/b>, y el jefe de la <b>Armada<\/b>, <b>Juan Carlos Romay<\/b>, ya estaban confirmados desde antes para la jornada de cierre.<\/p>\n<div class=\"inline ad-wrapper dfpAd ad-inline ad-text ad-component-container\" style=\"--ad-shell-height:250px;--ad-shell-width:300px\" data-ad-wrapper=\"arcad\" data-ad-type=\"inline\" data-ad-slot=\"infobae\/politica\/nota\/inline\" data-ad-container=\"dfp\" data-ad-slot-name=\"infobae\/politica\/nota\/inline\">\n<p class=\"ad-shell-label\">PUBLICIDAD<\/p>\n<div id=\"infobae\/politica\/nota\/inline\" class=\"infobae\/politica\/nota\/inline arcad ad-slot-node ad-slot-node--boxed\" data-ad-slot-id=\"infobae\/politica\/nota\/inline\"><\/div>\n<\/div>\n<p class=\"paragraph\">La visita al USS Nimitz no es un episodio aislado en la pol\u00edtica exterior de la administraci\u00f3n libertaria. Desde que asumi\u00f3, Milei ha acumulado una serie de gestos de alineamiento con <b>Washington<\/b> que tienen como eje la cooperaci\u00f3n en materia de defensa. El m\u00e1s simb\u00f3lico de ellos fue el viaje a <b>Ushuaia<\/b>, <b>Tierra del Fuego<\/b>, junto a la entonces generala <b>Laura Richardson<\/b>, del <b>Comando Sur (SOUTHCOM)<\/b>, para marcar la intenci\u00f3n de construir una <b>Base Naval Integrada<\/b> en el extremo sur del pa\u00eds. Ese proyecto, cuyo presupuesto oscila entre los 400 y 500 millones de d\u00f3lares, apunta a que <b>Estados Unidos<\/b> financie parte de la infraestructura para que ambos pa\u00edses tengan facilidades de acceso al continente ant\u00e1rtico.<\/p>\n<div class=\"visual__image\"><picture><source srcset=\"https:\/\/www.infobae.com\/resizer\/v2\/XIUVWTCWSVHR3BKPIBE27TMCHA.jpg?auth=088ccaaa58a1a9d71a3a7a460217a3367687b87155d7561c62d15189ff880f48&amp;smart=true&amp;width=992&amp;height=662&amp;quality=85\" media=\"(min-width: 1000px)\"><\/source><source srcset=\"https:\/\/www.infobae.com\/resizer\/v2\/XIUVWTCWSVHR3BKPIBE27TMCHA.jpg?auth=088ccaaa58a1a9d71a3a7a460217a3367687b87155d7561c62d15189ff880f48&amp;smart=true&amp;width=768&amp;height=512&amp;quality=85\" media=\"(min-width: 768px)\"><\/source><source srcset=\"https:\/\/www.infobae.com\/resizer\/v2\/XIUVWTCWSVHR3BKPIBE27TMCHA.jpg?auth=088ccaaa58a1a9d71a3a7a460217a3367687b87155d7561c62d15189ff880f48&amp;smart=true&amp;width=577&amp;height=385&amp;quality=85\" media=\"(min-width: 580px)\"><\/source><source srcset=\"https:\/\/www.infobae.com\/resizer\/v2\/XIUVWTCWSVHR3BKPIBE27TMCHA.jpg?auth=088ccaaa58a1a9d71a3a7a460217a3367687b87155d7561c62d15189ff880f48&amp;smart=true&amp;width=420&amp;height=280&amp;quality=85\" media=\"(min-width: 350px)\"><\/source><source srcset=\"https:\/\/www.infobae.com\/resizer\/v2\/XIUVWTCWSVHR3BKPIBE27TMCHA.jpg?auth=088ccaaa58a1a9d71a3a7a460217a3367687b87155d7561c62d15189ff880f48&amp;smart=true&amp;width=350&amp;height=234&amp;quality=85\" media=\"(min-width: 80px)\"><\/source><img alt=\"Javier Milei y los F16 en C\u00f3rdoba\" class=\"global-image\" decoding=\"async\" fetchpriority=\"low\" height=\"1281\" loading=\"lazy\" src=\"https:\/\/www.infobae.com\/resizer\/v2\/XIUVWTCWSVHR3BKPIBE27TMCHA.jpg?auth=088ccaaa58a1a9d71a3a7a460217a3367687b87155d7561c62d15189ff880f48&amp;smart=true&amp;width=350&amp;height=234&amp;quality=85\" width=\"1920\"><\/picture><\/div>\n<p class=\"paragraph\">El <b>Passex 2026<\/b> fue habilitado por el Gobierno Nacional mediante el Decreto 264\/2026, una decisi\u00f3n que gener\u00f3 controversia porque este tipo de autorizaciones suelen tramitarse por v\u00eda del Congreso. El ejercicio, denominado t\u00e9cnicamente <i>Passing Exercise<\/i>, es una maniobra de oportunidad que se activa cuando buques de otras naciones transitan por aguas jurisdiccionales. En este caso, el USS Nimitz cruz\u00f3 el <b>Estrecho de Magallanes<\/b> y desde el domingo anterior se encontraba en el <b>Mar Argentino<\/b> con destino al sur de <b>Mar del Plata<\/b>, donde se desarrolla uno de los ejercicios del programa <b>Southern Seas 2026<\/b>.<\/p>\n<div class=\"inline_2 ad-wrapper dfpAd ad-inline ad-text ad-component-container\" style=\"--ad-shell-height:250px;--ad-shell-width:300px\" data-ad-wrapper=\"arcad\" data-ad-type=\"inline_2\" data-ad-slot=\"infobae\/politica\/nota\/inline_2\" data-ad-container=\"dfp\" data-ad-slot-name=\"infobae\/politica\/nota\/inline_2\">\n<p class=\"ad-shell-label\">PUBLICIDAD<\/p>\n<div id=\"infobae\/politica\/nota\/inline_2\" class=\"infobae\/politica\/nota\/inline_2 arcad ad-slot-node ad-slot-node--boxed\" data-ad-slot-id=\"infobae\/politica\/nota\/inline_2\"><\/div>\n<\/div>\n<p class=\"paragraph\">El dispositivo combinado reuni\u00f3, de forma escalonada, a unidades de la <b>Flota de Mar<\/b> argentina junto al portaaviones y al destructor USS <b>\u201cGridley\u201d<\/b> (DDG-101). El martes 28 se incorpor\u00f3 el destructor ARA <b>\u201cLa Argentina\u201d<\/b>, con dos helic\u00f3pteros <b>Sea King<\/b> de la <b>Segunda Escuadrilla Aeronaval de Helic\u00f3pteros<\/b> a bordo del Nimitz. A la altura de <b>Trelew<\/b> se ejecutaron maniobras en formaci\u00f3n, vuelos de exploraci\u00f3n con aeronaves <b>P3C Orion<\/b> y un ejercicio de defensa a\u00e9rea con simulaci\u00f3n de ataques de cazas F-18. Al d\u00eda siguiente, frente a <b>Necochea<\/b>, la formaci\u00f3n alcanz\u00f3 su m\u00e1xima capacidad con la incorporaci\u00f3n del destructor ARA <b>\u201cSarand\u00ed\u201d<\/b>, las corbetas ARA <b>\u201cRobinson\u201d<\/b> y ARA <b>\u201cRosales\u201d<\/b>, y los patrulleros oce\u00e1nicos ARA <b>\u201cPiedrabuena\u201d<\/b> y ARA <b>\u201cContraalmirante Cordero\u201d<\/b>. Entre este \u00faltimo buque y el Gridley se desarroll\u00f3 un ejercicio de <b>Visita, Registro y Captura<\/b>.<\/p>\n<p class=\"paragraph\">Frente a <b>Mar del Plata<\/b>, todas las unidades de superficie \u2014a excepci\u00f3n del USS Nimitz\u2014 navegaron en columna, una maniobra t\u00e1ctica de alta complejidad coordinativa. El programa de actividades incluy\u00f3 evoluciones t\u00e1cticas, maniobras de comunicaciones y el tradicional ejercicio fotogr\u00e1fico (<b>Photoex<\/b>), que permite registrar el despliegue de la fuerza de tareas combinada.<\/p>\n<div class=\"ad_1 ad-wrapper dfpAd ad-1-al-6 ad-text ad-component-container\" style=\"--ad-shell-height:250px;--ad-shell-width:300px\" data-ad-wrapper=\"arcad\" data-ad-type=\"ad_1\" data-ad-slot=\"infobae\/politica\/nota\/ad_1\" data-ad-container=\"dfp\" data-ad-slot-name=\"infobae\/politica\/nota\/ad_1\">\n<p class=\"ad-shell-label\">PUBLICIDAD<\/p>\n<div id=\"infobae\/politica\/nota\/ad_1\" class=\"infobae\/politica\/nota\/ad_1 arcad ad-slot-node ad-slot-node--boxed\" data-ad-slot-id=\"infobae\/politica\/nota\/ad_1\"><\/div>\n<\/div>\n<p class=\"paragraph\">Estas maniobras tienen antecedentes hist\u00f3ricos bajo la denominaci\u00f3n <b>\u201cGringo-Gaucho\u201d<\/b>, nombre con el que se conocieron ediciones anteriores de ejercicios bilaterales entre las armadas de ambos pa\u00edses. Su objetivo central es incrementar el nivel de adiestramiento de las dotaciones argentinas e intercambiar doctrinas y procedimientos con una de las flotas m\u00e1s avanzadas del mundo. El comandante de la <b>Flota de Mar<\/b>, contraalmirante <b>Pablo Germ\u00e1n Basso<\/b>, quien zarp\u00f3 a bordo del ARA \u201cLa Argentina\u201d desde la <b>Base Naval Puerto Belgrano<\/b>, subray\u00f3 que el encuentro permite realizar ejercicios de defensa antia\u00e9rea con aviones de combate y elevar los est\u00e1ndares profesionales de la fuerza.<\/p>\n<p class=\"paragraph\">A bordo del USS Nimitz participan, como parte del Estado Mayor multinacional, tres oficiales argentinos: los capitanes de corbeta <b>Julio Escudero<\/b> y <b>Romina Banegas<\/b>, y el suboficial primero <b>Jorge Ortiz<\/b>, quienes intervienen en la planificaci\u00f3n de t\u00e1cticas y procedimientos comunes.<\/p>\n<div class=\"ad_2 ad-wrapper dfpAd ad-1-al-6 ad-text ad-component-container\" style=\"--ad-shell-height:250px;--ad-shell-width:300px\" data-ad-wrapper=\"arcad\" data-ad-type=\"ad_2\" data-ad-slot=\"infobae\/politica\/nota\/ad_2\" data-ad-container=\"dfp\" data-ad-slot-name=\"infobae\/politica\/nota\/ad_2\">\n<p class=\"ad-shell-label\">PUBLICIDAD<\/p>\n<div id=\"infobae\/politica\/nota\/ad_2\" class=\"infobae\/politica\/nota\/ad_2 arcad ad-slot-node ad-slot-node--boxed\" data-ad-slot-id=\"infobae\/politica\/nota\/ad_2\"><\/div>\n<\/div>\n<div class=\"visual__image\"><picture><source srcset=\"https:\/\/www.infobae.com\/resizer\/v2\/4L2XKUT4QRHGHJSF67YUTTSPIA.jpg?auth=8afd69e2f65b282248b6cdd1aedc37d6825f5368c2bf9fe8c1346befbd1b30b7&amp;smart=true&amp;width=992&amp;height=620&amp;quality=85\" media=\"(min-width: 1000px)\"><\/source><source srcset=\"https:\/\/www.infobae.com\/resizer\/v2\/4L2XKUT4QRHGHJSF67YUTTSPIA.jpg?auth=8afd69e2f65b282248b6cdd1aedc37d6825f5368c2bf9fe8c1346befbd1b30b7&amp;smart=true&amp;width=768&amp;height=480&amp;quality=85\" media=\"(min-width: 768px)\"><\/source><source srcset=\"https:\/\/www.infobae.com\/resizer\/v2\/4L2XKUT4QRHGHJSF67YUTTSPIA.jpg?auth=8afd69e2f65b282248b6cdd1aedc37d6825f5368c2bf9fe8c1346befbd1b30b7&amp;smart=true&amp;width=577&amp;height=361&amp;quality=85\" media=\"(min-width: 580px)\"><\/source><source srcset=\"https:\/\/www.infobae.com\/resizer\/v2\/4L2XKUT4QRHGHJSF67YUTTSPIA.jpg?auth=8afd69e2f65b282248b6cdd1aedc37d6825f5368c2bf9fe8c1346befbd1b30b7&amp;smart=true&amp;width=420&amp;height=263&amp;quality=85\" media=\"(min-width: 350px)\"><\/source><source srcset=\"https:\/\/www.infobae.com\/resizer\/v2\/4L2XKUT4QRHGHJSF67YUTTSPIA.jpg?auth=8afd69e2f65b282248b6cdd1aedc37d6825f5368c2bf9fe8c1346befbd1b30b7&amp;smart=true&amp;width=350&amp;height=219&amp;quality=85\" media=\"(min-width: 80px)\"><\/source><img alt=\"Infobae desde el portaaviones USS George Washington\" class=\"global-image\" decoding=\"async\" fetchpriority=\"low\" height=\"1280\" loading=\"lazy\" src=\"https:\/\/www.infobae.com\/resizer\/v2\/4L2XKUT4QRHGHJSF67YUTTSPIA.jpg?auth=8afd69e2f65b282248b6cdd1aedc37d6825f5368c2bf9fe8c1346befbd1b30b7&amp;smart=true&amp;width=350&amp;height=219&amp;quality=85\" width=\"2048\"><\/picture><\/div>\n<p class=\"paragraph\">Se trata de la segunda vez en dos a\u00f1os que una nave de estas caracter\u00edsticas recorre el Mar Argentino. En el 2024 estuvo el portaaviones a propulsi\u00f3n nuclear <b>USS George Washington de los Estados Unidos<\/b>, que realiz\u00f3 ejercicios en el Atl\u00e1ntico Sur con la <b>Armada Argentina<\/b>,<b> <\/b>en el marco del <i><b>Southern Seas 2024<\/b><\/i>.<\/p>\n<p class=\"paragraph\">En ese entonces, de la reducida comitiva participaron adem\u00e1s la ministra de Relaciones Exteriores de la Argentina, Diana Mondino, el ministro de Defensa, Luis Petri, el jefe del Estado Mayor Conjunto brigadier general Xavier Isaac y el contraalmirante Carlos Allievi, jefe de la Armada Argentina. El embajador de los Estados Unidos, Marc R. Stanley, tambi\u00e9n abord\u00f3 el buque nuclear.<\/p>\n<div class=\"ad_3 ad-wrapper dfpAd ad-1-al-6 ad-text ad-component-container\" style=\"--ad-shell-height:250px;--ad-shell-width:300px\" data-ad-wrapper=\"arcad\" data-ad-type=\"ad_3\" data-ad-slot=\"infobae\/politica\/nota\/ad_3\" data-ad-container=\"dfp\" data-ad-slot-name=\"infobae\/politica\/nota\/ad_3\">\n<p class=\"ad-shell-label\">PUBLICIDAD<\/p>\n<div id=\"infobae\/politica\/nota\/ad_3\" class=\"infobae\/politica\/nota\/ad_3 arcad ad-slot-node ad-slot-node--boxed\" data-ad-slot-id=\"infobae\/politica\/nota\/ad_3\"><\/div>\n<\/div>\n<p class=\"paragraph\">\u201c<b>Esta es una gran oportunidad para que Estados Unidos reafirme su asociaci\u00f3n con Argentina. Mientras estemos aqu\u00ed, vamos a operar en el aire, en la superficie y realmente construir la interoperabilidad entre nuestras armadas y nuestras naciones. El ejercicio est\u00e1 yendo muy bien<\/b>\u201d, hab\u00eda se\u00f1alado en ese entonces <b>Walker<\/b> en declaraciones a <b>Infobae<\/b>. Tambi\u00e9n elogi\u00f3 las capacidades militares argentinas: \u201c<b>Son muy profesionales, muy capaces, y podemos trabajar estrechamente con ellos. Y se est\u00e1 produciendo un aprendizaje mutuo entre nuestras dos armadas<\/b>\u201d.<\/p>\n","protected":false},"excerpt":{"rendered":"<p>Javier Milei viajar\u00e1 hoy al portaaviones nuclear USS Nimitz para participar de una actividad conjunta organizada por el Comando Sur (SOUTHCOM) y la Embajada de Estados Unidos en Argentina, en el marco de los ejercicios navales Passex 2026 que se desarrollan en el Atl\u00e1ntico Sur. El presidente partir\u00e1 desde Aeroparque y espera aterrizar en la [&hellip;]<\/p>\n","protected":false},"author":1,"featured_media":8557,"comment_status":"open","ping_status":"open","sticky":false,"template":"","format":"standard","meta":{"footnotes":""},"categories":[1],"tags":[],"class_list":["post-8556","post","type-post","status-publish","format-standard","has-post-thumbnail","hentry","category-uncategorized"],"_links":{"self":[{"href":"https:\/\/cliente1.publisher.highstack.com.ar\/index.php?rest_route=\/wp\/v2\/posts\/8556","targetHints":{"allow":["GET"]}}],"collection":[{"href":"https:\/\/cliente1.publisher.highstack.com.ar\/index.php?rest_route=\/wp\/v2\/posts"}],"about":[{"href":"https:\/\/cliente1.publisher.highstack.com.ar\/index.php?rest_route=\/wp\/v2\/types\/post"}],"author":[{"embeddable":true,"href":"https:\/\/cliente1.publisher.highstack.com.ar\/index.php?rest_route=\/wp\/v2\/users\/1"}],"replies":[{"embeddable":true,"href":"https:\/\/cliente1.publisher.highstack.com.ar\/index.php?rest_route=%2Fwp%2Fv2%2Fcomments&post=8556"}],"version-history":[{"count":0,"href":"https:\/\/cliente1.publisher.highstack.com.ar\/index.php?rest_route=\/wp\/v2\/posts\/8556\/revisions"}],"wp:featuredmedia":[{"embeddable":true,"href":"https:\/\/cliente1.publisher.highstack.com.ar\/index.php?rest_route=\/wp\/v2\/media\/8557"}],"wp:attachment":[{"href":"https:\/\/cliente1.publisher.highstack.com.ar\/index.php?rest_route=%2Fwp%2Fv2%2Fmedia&parent=8556"}],"wp:term":[{"taxonomy":"category","embeddable":true,"href":"https:\/\/cliente1.publisher.highstack.com.ar\/index.php?rest_route=%2Fwp%2Fv2%2Fcategories&post=8556"},{"taxonomy":"post_tag","embeddable":true,"href":"https:\/\/cliente1.publisher.highstack.com.ar\/index.php?rest_route=%2Fwp%2Fv2%2Ftags&post=8556"}],"curies":[{"name":"wp","href":"https:\/\/api.w.org\/{rel}","templated":true}]}}