{"id":8552,"date":"2026-04-30T09:56:21","date_gmt":"2026-04-30T12:56:21","guid":{"rendered":"https:\/\/cliente1.publisher.highstack.com.ar\/?p=8552"},"modified":"2026-04-30T09:56:21","modified_gmt":"2026-04-30T12:56:21","slug":"anticipan-un-importante-cambio-en-el-clima-para-los-proximos-dias","status":"publish","type":"post","link":"https:\/\/cliente1.publisher.highstack.com.ar\/?p=8552","title":{"rendered":"Anticipan un importante cambio en el clima para los pr\u00f3ximos d\u00edas"},"content":{"rendered":"<div class=\"col-12\">\n<p class=\"com-paragraph  --capital --s\">Tras varias semanas marcadas por lluvias que <strong>complicaron<\/strong> el ritmo de la <strong>cosecha<\/strong> en buena parte de la regi\u00f3n agr\u00edcola, el escenario empieza a mostrar un cambio. <strong>El \u00faltimo informe de la Bolsa de Cereales de Buenos Aires anticipa d\u00edas con menos precipitaciones en gran parte del \u00e1rea productiva<\/strong>, lo que podr\u00eda dar margen para retomar las labores en los lotes, sobre todo en las zonas donde el exceso de agua frena el ingreso de maquinaria.<\/p>\n<div class=\"ln-banner-container --caja1_mob\">\n<div id=\"caja1_mob\" class=\"ln-banner\" data-slot-group=\"nota\" data-device=\"mobile\" data-subscription=\"false\" data-ad-unit-path=\"\/133919216\/campo_mobile\/Nota\/caja1_mob\" data-targeting='{\"sitio\":\"lanacion\",\"seccion\":\"nota\"}' data-without-hide=\"true\" data-size=\"[[320,100],[300,250],[1,1],[300,450],[320,450]]\" data-sizemap=\"[]\" data-prebid-enabled=\"true\"><\/div>\n<\/div>\n<p class=\"com-paragraph   --s\">Para el per\u00edodo que va del 30 de abril al 6 de mayo, el informe indica que la perspectiva comenzar\u00e1 con condiciones frescas, pero r\u00e1pidamente se dar\u00e1 un cambio con el ingreso de vientos del tr\u00f3pico. \u201cLos vientos del tr\u00f3pico volver\u00e1n con rapidez, produciendo tiempo muy caluroso sobre el norte del \u00e1rea agr\u00edcola, mientras el centro y el sur observar\u00e1n registros moderados\u201d, se\u00f1ala el informe. En la pr\u00e1ctica, esto implica <strong>temperaturas m\u00e1ximas que en el norte pueden superar los 30 y hasta los 35 grados<\/strong>, mientras que en el centro y sur se mantendr\u00e1n en valores m\u00e1s templados.<\/p>\n<div class=\"content-media\">\n<section role=\"button\" class=\"mod-media   \">\n<figure role=\"button\" tabindex=\"0\" class=\"mod-figure \">\n<div class=\"placeholder \">\n<div class=\"com-image\"><picture><source media=\"(min-width: 768px)\" srcset=\"https:\/\/resizer.glanacion.com\/resizer\/v2\/temperaturas-elevadas-sobre-el-norte-del-area-2LJ6XNTHPVC4TH6PCJ4Z5GJ5NA.jpeg?auth=544a3a34be66d89e075570c2ac14bda016559daeabe43655b6d2e3e612c8d833&amp;width=780&amp;height=673&amp;quality=70&amp;smart=true\"><\/source><img class=\"image com-image flex --cover\" decoding=\"async\" fetchpriority=\"low\" loading=\"lazy\" src=\"https:\/\/resizer.glanacion.com\/resizer\/v2\/temperaturas-elevadas-sobre-el-norte-del-area-2LJ6XNTHPVC4TH6PCJ4Z5GJ5NA.jpeg?auth=544a3a34be66d89e075570c2ac14bda016559daeabe43655b6d2e3e612c8d833&amp;width=420&amp;height=362&amp;quality=70&amp;smart=true\" width=\"852\" alt=\"Temperaturas elevadas sobre el norte del \u00e1rea agr\u00edcola, con registros m\u00e1s moderados hacia el centro y el sur\" height=\"735\"><\/picture><\/div>\n<\/div><figcaption class=\"mod-figcaption\"><span class=\"com-text --caption --twoxs\">Temperaturas elevadas sobre el norte del \u00e1rea agr\u00edcola, con registros m\u00e1s moderados hacia el centro y el sur<\/span><span class=\"com-text --credit --twoxs\">BCBA<\/span><\/figcaption><\/figure>\n<\/section>\n<\/div>\n<p class=\"com-paragraph   --s\">En cuanto a las precipitaciones, habr\u00e1 diferencias entre zonas, pero con un punto en com\u00fan: <strong>lluvias escasas en la mayor parte del \u00e1rea agr\u00edcola<\/strong>. Seg\u00fan el informe, \u201cel paso de un frente de tormenta producir\u00e1 precipitaciones con aportes escasos sobre la mayor parte del \u00e1rea agr\u00edcola, salvo registros moderados sobre el norte\u201d. En detalle, las lluvias m\u00e1s significativas se concentrar\u00edan en el nordeste del NOA, la regi\u00f3n del Chaco, la Mesopotamia y zonas del Paraguay y Uruguay, con acumulados que pueden ir de 10 a m\u00e1s de 25 mil\u00edmetros, mientras que en el resto del \u00e1rea los aportes ser\u00e1n bajos o muy puntuales.<\/p>\n<div class=\"ln-banner-container --caja2_mob\">\n<div id=\"caja2_mob\" class=\"ln-banner\" data-slot-group=\"nota\" data-device=\"mobile\" data-subscription=\"true\" data-ad-unit-path=\"\/133919216\/campo_mobile\/Nota\/caja2_mob\" data-targeting='{\"sitio\":\"lanacion\",\"seccion\":\"nota\"}' data-without-hide=\"true\" data-size=\"[[320,100],[300,250],[300,450],[1,1],[360,270],[320,180]]\" data-sizemap=\"[]\" data-prebid-enabled=\"true\"><\/div>\n<\/div>\n<div class=\"content-media\">\n<section role=\"button\" class=\"mod-media   \">\n<figure role=\"button\" tabindex=\"0\" class=\"mod-figure \">\n<div class=\"placeholder \">\n<div class=\"com-image\"><picture><source media=\"(min-width: 768px)\" srcset=\"https:\/\/resizer.glanacion.com\/resizer\/v2\/lluvias-escasas-en-la-mayor-parte-de-la-region-ETZGNMPYVRENNES57P4JAZ4LNY.jpeg?auth=f9ad185905d7cc836165543bd5596ee52731f45cf808bdefe1944f72104eece2&amp;width=780&amp;height=643&amp;quality=70&amp;smart=true\"><\/source><img class=\"image com-image flex --cover\" decoding=\"async\" fetchpriority=\"low\" loading=\"lazy\" src=\"https:\/\/resizer.glanacion.com\/resizer\/v2\/lluvias-escasas-en-la-mayor-parte-de-la-region-ETZGNMPYVRENNES57P4JAZ4LNY.jpeg?auth=f9ad185905d7cc836165543bd5596ee52731f45cf808bdefe1944f72104eece2&amp;width=420&amp;height=346&amp;quality=70&amp;smart=true\" width=\"864\" alt=\"Lluvias escasas en la mayor parte de la regi\u00f3n agr\u00edcola, con algunos focos m\u00e1s intensos concentrados en el norte\" height=\"712\"><\/picture><\/div>\n<\/div><figcaption class=\"mod-figcaption\"><span class=\"com-text --caption --twoxs\">Lluvias escasas en la mayor parte de la regi\u00f3n agr\u00edcola, con algunos focos m\u00e1s intensos concentrados en el norte<\/span><span class=\"com-text --credit --twoxs\">BCBA<\/span><\/figcaption><\/figure>\n<\/section>\n<\/div>\n<div class=\"ln-banner-container --middle_2_dsk\">\n<div id=\"middle_2_dsk\" class=\"ln-banner\" data-slot-group=\"nota\" data-device=\"desktop\" data-subscription=\"true\" data-ad-unit-path=\"\/133919216\/campo_desktop\/Nota\/middle_2_dsk\" data-targeting='{\"sitio\":\"lanacion\",\"seccion\":\"nota\"}' data-without-hide=\"true\" data-size=\"[[1,1],[728,90]]\" data-sizemap=\"[]\" data-prebid-enabled=\"true\"><\/div>\n<\/div>\n<p class=\"com-paragraph   --s\">Este comportamiento es clave para el campo porque, tras semanas de excesos, <strong>la falta de nuevas lluvias puede ayudar a mejorar las condiciones de piso<\/strong>, aunque sin resolver de inmediato los problemas en las zonas m\u00e1s anegadas. En muchas \u00e1reas del centro del pa\u00eds, el agua acumulada seguir\u00e1 siendo un condicionante, pero la ausencia de precipitaciones intensas evita que la situaci\u00f3n siga empeorando.<\/p>\n<div class=\"ln-banner-container --caja3_mob\">\n<div id=\"caja3_mob\" class=\"ln-banner\" data-slot-group=\"nota\" data-device=\"mobile\" data-subscription=\"false\" data-ad-unit-path=\"\/133919216\/campo_mobile\/Nota\/caja3_mob\" data-targeting='{\"sitio\":\"lanacion\",\"seccion\":\"nota\"}' data-without-hide=\"true\" data-size=\"[[320,100],[300,250],[1,1],[300,450],[360,270]]\" data-sizemap=\"[]\" data-prebid-enabled=\"true\"><\/div>\n<\/div>\n<div class=\"ln-banner-container --middle_2_tab\">\n<div id=\"middle_2_tab\" class=\"ln-banner\" data-slot-group=\"nota\" data-device=\"tablet\" data-subscription=\"false\" data-ad-unit-path=\"\/133919216\/campo_tablet\/Nota\/middle_2_tab\" data-targeting='{\"sitio\":\"lanacion\",\"seccion\":\"nota\"}' data-without-hide=\"true\" data-size=\"[[728,90],[640,480],[468,60],[1,1]]\" data-sizemap=\"[]\" data-prebid-enabled=\"true\"><\/div>\n<\/div>\n<p class=\"com-paragraph   --s\">Hacia el cierre de este per\u00edodo, el escenario volver\u00e1 a cambiar con el ingreso de aire fr\u00edo. \u201cLos vientos polares (\u2026) producir\u00e1n el descenso de la temperatura sobre la mayor parte del \u00e1rea agr\u00edcola\u201d, advierte el informe. Este cambio traer\u00e1 consigo <strong>temperaturas m\u00ednimas m\u00e1s bajas y la posibilidad de heladas<\/strong>. En particular, se esperan \u201cheladas localizadas con focos de heladas meteorol\u00f3gicas en las zonas serranas del oeste y en gran parte del sur y el centro de la regi\u00f3n pampeana\u201d, con registros que pueden ubicarse entre 0 y 5 grados en amplias zonas e incluso por debajo en sectores puntuales.<\/p>\n<div class=\"content-media\">\n<section role=\"button\" class=\"mod-media   \">\n<figure role=\"button\" tabindex=\"0\" class=\"mod-figure \">\n<div class=\"placeholder \">\n<div class=\"com-image\"><picture><source media=\"(min-width: 768px)\" srcset=\"https:\/\/resizer.glanacion.com\/resizer\/v2\/nuevo-ascenso-termico-con-maximas-por-encima-de-UV2BV6UMT5CQHLMCOBU4KJJJ2I.jpeg?auth=e2c436089bdbb2336e878fe11adb4ab540037655cbf04045dfef195e00703f47&amp;width=780&amp;height=676&amp;quality=70&amp;smart=true\"><\/source><img class=\"image com-image flex --cover\" decoding=\"async\" fetchpriority=\"low\" loading=\"lazy\" src=\"https:\/\/resizer.glanacion.com\/resizer\/v2\/nuevo-ascenso-termico-con-maximas-por-encima-de-UV2BV6UMT5CQHLMCOBU4KJJJ2I.jpeg?auth=e2c436089bdbb2336e878fe11adb4ab540037655cbf04045dfef195e00703f47&amp;width=420&amp;height=364&amp;quality=70&amp;smart=true\" width=\"821\" alt=\"Nuevo ascenso t\u00e9rmico con m\u00e1ximas por encima de lo normal en el norte y valores m\u00e1s moderados en el resto del \u00e1rea agr\u00edcola\" height=\"712\"><\/picture><\/div>\n<\/div><figcaption class=\"mod-figcaption\"><span class=\"com-text --caption --twoxs\">Nuevo ascenso t\u00e9rmico con m\u00e1ximas por encima de lo normal en el norte y valores m\u00e1s moderados en el resto del \u00e1rea agr\u00edcola<\/span><span class=\"com-text --credit --twoxs\">BCBA<\/span><\/figcaption><\/figure>\n<\/section>\n<\/div>\n<p class=\"com-paragraph   --s\">Para la semana siguiente, del 7 al 13 de mayo, la tendencia general se mantiene con algunos matices. El informe prev\u00e9 nuevamente un arranque con temperaturas en ascenso. \u201cLos vientos del tr\u00f3pico retornar\u00e1n con rapidez, produciendo el ascenso de la temperatura, con registros sobre lo normal en el norte del \u00e1rea agr\u00edcola y cercanos a lo normal en el centro y el sur\u201d, indica el reporte. En t\u00e9rminos t\u00e9rmicos, esto implica <strong>m\u00e1ximas superiores a los 25 grados en amplias zonas, con focos de 30 a 35 grados en el norte<\/strong>.<\/p>\n<div class=\"ln-banner-container --caja4_mob\">\n<div id=\"caja4_mob\" class=\"ln-banner\" data-slot-group=\"nota\" data-device=\"mobile\" data-subscription=\"false\" data-ad-unit-path=\"\/133919216\/campo_mobile\/Nota\/caja4_mob\" data-targeting='{\"sitio\":\"lanacion\",\"seccion\":\"nota\"}' data-without-hide=\"true\" data-size=\"[[320,100],[300,250],[1,1]]\" data-sizemap=\"[]\" data-prebid-enabled=\"true\"><\/div>\n<\/div>\n<div class=\"content-media\">\n<section role=\"button\" class=\"mod-media   \">\n<figure role=\"button\" tabindex=\"0\" class=\"mod-figure \">\n<div class=\"placeholder \">\n<div class=\"com-image\"><picture><source media=\"(min-width: 768px)\" srcset=\"https:\/\/resizer.glanacion.com\/resizer\/v2\/avance-de-aire-frio-con-heladas-generalizadas-en-UGSOW2BDARGYBBRXQHQDYZ7PIU.jpeg?auth=290f95daae4fc9a990405ed125e1145e34ace09a6fe334055ce58b57c7ce4ad8&amp;width=780&amp;height=652&amp;quality=70&amp;smart=true\"><\/source><img class=\"image com-image flex --cover\" decoding=\"async\" fetchpriority=\"low\" loading=\"lazy\" src=\"https:\/\/resizer.glanacion.com\/resizer\/v2\/avance-de-aire-frio-con-heladas-generalizadas-en-UGSOW2BDARGYBBRXQHQDYZ7PIU.jpeg?auth=290f95daae4fc9a990405ed125e1145e34ace09a6fe334055ce58b57c7ce4ad8&amp;width=420&amp;height=351&amp;quality=70&amp;smart=true\" width=\"872\" alt=\"Avance de aire fr\u00edo con heladas generalizadas en el oeste y eventos localizados en la regi\u00f3n pampeana\" height=\"729\"><\/picture><\/div>\n<\/div><figcaption class=\"mod-figcaption\"><span class=\"com-text --caption --twoxs\">Avance de aire fr\u00edo con heladas generalizadas en el oeste y eventos localizados en la regi\u00f3n pampeana<\/span><span class=\"com-text --credit --twoxs\">BCBA<\/span><\/figcaption><\/figure>\n<\/section>\n<\/div>\n<p class=\"com-paragraph   --s\">En materia de precipitaciones, se repite el patr\u00f3n de lluvias acotadas. El informe se\u00f1ala que habr\u00e1 \u201cprecipitaciones moderadas a escasas en la mayor parte del \u00e1rea agr\u00edcola, salvo una franja con registros abundantes sobre el extremo nordeste\u201d. Esto implica que, nuevamente, <strong>la mayor parte de la regi\u00f3n productiva no recibir\u00eda aportes significativos de agua<\/strong>, mientras que el noreste concentrar\u00eda los mayores acumulados.<\/p>\n<div class=\"ln-banner-container --caja6_mob\">\n<div id=\"caja6_mob\" class=\"ln-banner\" data-slot-group=\"nota\" data-device=\"mobile\" data-subscription=\"false\" data-ad-unit-path=\"\/133919216\/campo_mobile\/Nota\/caja6_mob\" data-targeting='{\"sitio\":\"lanacion\",\"seccion\":\"nota\"}' data-without-hide=\"true\" data-size=\"[[300,250],[230,50],[300,450],[1,1],[320,100]]\" data-sizemap=\"[]\" data-prebid-enabled=\"true\"><\/div>\n<\/div>\n<div class=\"content-media\">\n<section role=\"button\" class=\"mod-media   \">\n<figure role=\"button\" tabindex=\"0\" class=\"mod-figure \">\n<div class=\"placeholder \">\n<div class=\"com-image\"><picture><source media=\"(min-width: 768px)\" srcset=\"https:\/\/resizer.glanacion.com\/resizer\/v2\/persisten-lluvias-acotadas-en-la-mayor-parte-del-7LV7JM2R7ZCLRPAJJ6VLPLGHNM.jpeg?auth=32b929629c9c59f0b937dc7b69e5d6c939c3bd1acdb39ed0939e3db088aed8f9&amp;width=780&amp;height=692&amp;quality=70&amp;smart=true\"><\/source><img class=\"image com-image flex --cover\" decoding=\"async\" fetchpriority=\"low\" loading=\"lazy\" src=\"https:\/\/resizer.glanacion.com\/resizer\/v2\/persisten-lluvias-acotadas-en-la-mayor-parte-del-7LV7JM2R7ZCLRPAJJ6VLPLGHNM.jpeg?auth=32b929629c9c59f0b937dc7b69e5d6c939c3bd1acdb39ed0939e3db088aed8f9&amp;width=420&amp;height=372&amp;quality=70&amp;smart=true\" width=\"855\" alt=\"Persisten lluvias acotadas en la mayor parte del \u00e1rea agr\u00edcola, con mayores acumulados en el extremo nordeste\" height=\"758\"><\/picture><\/div>\n<\/div><figcaption class=\"mod-figcaption\"><span class=\"com-text --caption --twoxs\">Persisten lluvias acotadas en la mayor parte del \u00e1rea agr\u00edcola, con mayores acumulados en el extremo nordeste<\/span><span class=\"com-text --credit --twoxs\">BCBA<\/span><\/figcaption><\/figure>\n<\/section>\n<\/div>\n<p class=\"com-paragraph   --s\">Hacia el final de esa segunda semana, volver\u00e1 a registrarse un descenso t\u00e9rmico. \u201cEl paso del frente ser\u00e1 acompa\u00f1ado por vientos polares (\u2026) provocando heladas generales en todo el oeste del \u00e1rea agr\u00edcola y heladas localizadas en partes de la Regi\u00f3n Pampeana y el Uruguay\u201d, se\u00f1ala el informe. Esto refuerza la idea de <strong>un patr\u00f3n clim\u00e1tico con oscilaciones t\u00e9rmicas marcadas<\/strong>, con alternancia entre per\u00edodos c\u00e1lidos y entradas de aire fr\u00edo.<\/p>\n<div data-fusion-lazy-id=\"f0f2aQl9N0Nc5yq\"><\/div>\n<div data-fusion-lazy-id=\"f0fGQeo7N0Nc5He\"><\/div>\n<div class=\"ln-banner-container --caja5_mob\">\n<div id=\"caja5_mob\" class=\"ln-banner\" data-slot-group=\"nota\" data-device=\"mobile\" data-subscription=\"false\" data-ad-unit-path=\"\/133919216\/campo_mobile\/Nota\/caja5_mob\" data-targeting='{\"sitio\":\"lanacion\",\"seccion\":\"nota\"}' data-without-hide=\"true\" data-size='[[320,100],[300,250],[1,1],[\" fluid\"]]' data-sizemap=\"[]\" data-prebid-enabled=\"true\"><\/div>\n<\/div>\n<div data-fusion-lazy-id=\"f0fSc0ngN0Nc5KL\">\n<div><\/div>\n<\/div>\n<div class=\"ln-banner-container --middle_3_dsk\">\n<div id=\"middle_3_dsk\" class=\"ln-banner\" data-slot-group=\"nota\" data-device=\"desktop\" data-subscription=\"true\" data-ad-unit-path=\"\/133919216\/campo_desktop\/Nota\/middle_3_dsk\" data-targeting='{\"sitio\":\"lanacion\",\"seccion\":\"nota\"}' data-without-hide=\"true\" data-size=\"[[1,1],[728,90],[640,360],[728,360]]\" data-sizemap=\"[]\" data-prebid-enabled=\"true\"><\/div>\n<\/div>\n<\/div>\n","protected":false},"excerpt":{"rendered":"<p>Tras varias semanas marcadas por lluvias que complicaron el ritmo de la cosecha en buena parte de la regi\u00f3n agr\u00edcola, el escenario empieza a mostrar un cambio. El \u00faltimo informe de la Bolsa de Cereales de Buenos Aires anticipa d\u00edas con menos precipitaciones en gran parte del \u00e1rea productiva, lo que podr\u00eda dar margen para [&hellip;]<\/p>\n","protected":false},"author":1,"featured_media":8553,"comment_status":"open","ping_status":"open","sticky":false,"template":"","format":"standard","meta":{"footnotes":""},"categories":[1],"tags":[],"class_list":["post-8552","post","type-post","status-publish","format-standard","has-post-thumbnail","hentry","category-uncategorized"],"_links":{"self":[{"href":"https:\/\/cliente1.publisher.highstack.com.ar\/index.php?rest_route=\/wp\/v2\/posts\/8552","targetHints":{"allow":["GET"]}}],"collection":[{"href":"https:\/\/cliente1.publisher.highstack.com.ar\/index.php?rest_route=\/wp\/v2\/posts"}],"about":[{"href":"https:\/\/cliente1.publisher.highstack.com.ar\/index.php?rest_route=\/wp\/v2\/types\/post"}],"author":[{"embeddable":true,"href":"https:\/\/cliente1.publisher.highstack.com.ar\/index.php?rest_route=\/wp\/v2\/users\/1"}],"replies":[{"embeddable":true,"href":"https:\/\/cliente1.publisher.highstack.com.ar\/index.php?rest_route=%2Fwp%2Fv2%2Fcomments&post=8552"}],"version-history":[{"count":0,"href":"https:\/\/cliente1.publisher.highstack.com.ar\/index.php?rest_route=\/wp\/v2\/posts\/8552\/revisions"}],"wp:featuredmedia":[{"embeddable":true,"href":"https:\/\/cliente1.publisher.highstack.com.ar\/index.php?rest_route=\/wp\/v2\/media\/8553"}],"wp:attachment":[{"href":"https:\/\/cliente1.publisher.highstack.com.ar\/index.php?rest_route=%2Fwp%2Fv2%2Fmedia&parent=8552"}],"wp:term":[{"taxonomy":"category","embeddable":true,"href":"https:\/\/cliente1.publisher.highstack.com.ar\/index.php?rest_route=%2Fwp%2Fv2%2Fcategories&post=8552"},{"taxonomy":"post_tag","embeddable":true,"href":"https:\/\/cliente1.publisher.highstack.com.ar\/index.php?rest_route=%2Fwp%2Fv2%2Ftags&post=8552"}],"curies":[{"name":"wp","href":"https:\/\/api.w.org\/{rel}","templated":true}]}}