{"id":8548,"date":"2026-04-30T08:31:30","date_gmt":"2026-04-30T11:31:30","guid":{"rendered":"https:\/\/cliente1.publisher.highstack.com.ar\/?p=8548"},"modified":"2026-04-30T08:31:30","modified_gmt":"2026-04-30T11:31:30","slug":"balearon-a-un-policia-mientras-inspeccionaba-una-vivienda-usurpada","status":"publish","type":"post","link":"https:\/\/cliente1.publisher.highstack.com.ar\/?p=8548","title":{"rendered":"Balearon a un polic\u00eda mientras inspeccionaba una vivienda usurpada"},"content":{"rendered":"<p><\/p>\n<div>\n<p>Un <b>polic\u00eda result\u00f3 herido de bala<\/b> durante un operativo preventivo realizado en horas de la madrugada en la <b>zona rural del departamento La Paz<\/b>. <\/p>\n<p><!-- is a <br \/>--><\/p>\n<p>\u00a0<\/p>\n<p><!-- is a <br \/>--><\/p>\n<p>El episodio se registr\u00f3 alrededor de las 5:30 sobre Ruta Nacional N\u00ba12, a la altura del kil\u00f3metro 599, en una zona rural del Ejido Este. All\u00ed, personal de Comisar\u00eda Primera realizaba una recorrida preventiva cuando descendi\u00f3 del m\u00f3vil en un domicilio deshabitado que presentaba indicios de haber sido ocupado por personas desconocidas. <\/p>\n<p><!-- is a <br \/>--><\/p>\n<p>\u00a0<\/p>\n<p><!-- is a <br \/>--><\/p>\n<p><!-- is a object --><\/p>\n<h3>Ataque sorpresivo desde una zona de monte<\/h3>\n<p><!-- end object --><\/p>\n<p>En ese contexto, uno de los funcionarios, de 36 a\u00f1os, fue sorprendido por un atacante que se encontraba oculto en una zona de monte lindante. Desde ese sector efectu\u00f3 dos disparos de arma de fuego, uno de los cuales impact\u00f3 en el brazo izquierdo del efectivo. <\/p>\n<p><!-- is a <br \/>--><\/p>\n<p>\u00a0<\/p>\n<p><!-- is a <br \/>--><\/p>\n<p>Ante la agresi\u00f3n, otro polic\u00eda, de 41 a\u00f1os, repeli\u00f3 el ataque utilizando su arma reglamentaria. Sin embargo, no logr\u00f3 detener al agresor, quien se dio a la fuga intern\u00e1ndose en la vegetaci\u00f3n del lugar. <\/p>\n<p><!-- is a <br \/>--><\/p>\n<p>\u00a0<\/p>\n<p><!-- is a <br \/>--><\/p>\n<p><!-- is a object --><\/p>\n<h3>Estado de salud e investigaci\u00f3n en curso<\/h3>\n<p><!-- end object --><\/p>\n<p>El funcionario herido fue trasladado de inmediato al hospital de La Paz, donde recibi\u00f3 atenci\u00f3n m\u00e9dica. Seg\u00fan el parte oficial, presentaba <b>lesiones de car\u00e1cter grave, con fractura de radio y c\u00fabito en el antebrazo izquierdo<\/b>, y qued\u00f3 a la espera de evaluaci\u00f3n por parte de un especialista en traumatolog\u00eda. <\/p>\n<p><!-- is a <br \/>--><\/p>\n<p>\u00a0<\/p>\n<p><!-- is a <br \/>--><\/p>\n<p>Personal policial contin\u00faa con las tareas investigativas en la zona para identificar al autor del ataque y avanzar en su localizaci\u00f3n. <\/p>\n<p><!-- is a <br \/>--><\/p>\n<p>\u00a0<\/p>\n<p><!-- is a <br \/>--><\/p>\n<p><!-- is a object --><br \/>\n<!-- embed start --><!-- embed end --><br \/>\n<!-- end object --><\/p>\n<p><!-- is a object --><br \/>\n<!-- embed start --><!-- embed end --><br \/>\n<!-- end object --><\/p>\n<p><!-- is a object --><br \/>\n<!-- embed start --><!-- embed end --><br \/>\n<!-- end object --><\/p>\n<p><!-- is a object --><br \/>\n<!-- embed start --><!-- embed end --><br \/>\n<!-- end object --><\/p>\n<p><!-- is a object --><br \/>\n<!-- embed start --><!-- embed end --><br \/>\n<!-- end object --><\/p>\n<p><!-- is a object --><br \/>\n<!-- embed start --><!-- embed end --><br \/>\n<!-- end object --><\/p><\/div>\n","protected":false},"excerpt":{"rendered":"<p>Un polic\u00eda result\u00f3 herido de bala durante un operativo preventivo realizado en horas de la madrugada en la zona rural del departamento La Paz. \u00a0 El episodio se registr\u00f3 alrededor de las 5:30 sobre Ruta Nacional N\u00ba12, a la altura del kil\u00f3metro 599, en una zona rural del Ejido Este. All\u00ed, personal de Comisar\u00eda Primera [&hellip;]<\/p>\n","protected":false},"author":1,"featured_media":8549,"comment_status":"open","ping_status":"open","sticky":false,"template":"","format":"standard","meta":{"footnotes":""},"categories":[1],"tags":[],"class_list":["post-8548","post","type-post","status-publish","format-standard","has-post-thumbnail","hentry","category-uncategorized"],"_links":{"self":[{"href":"https:\/\/cliente1.publisher.highstack.com.ar\/index.php?rest_route=\/wp\/v2\/posts\/8548","targetHints":{"allow":["GET"]}}],"collection":[{"href":"https:\/\/cliente1.publisher.highstack.com.ar\/index.php?rest_route=\/wp\/v2\/posts"}],"about":[{"href":"https:\/\/cliente1.publisher.highstack.com.ar\/index.php?rest_route=\/wp\/v2\/types\/post"}],"author":[{"embeddable":true,"href":"https:\/\/cliente1.publisher.highstack.com.ar\/index.php?rest_route=\/wp\/v2\/users\/1"}],"replies":[{"embeddable":true,"href":"https:\/\/cliente1.publisher.highstack.com.ar\/index.php?rest_route=%2Fwp%2Fv2%2Fcomments&post=8548"}],"version-history":[{"count":0,"href":"https:\/\/cliente1.publisher.highstack.com.ar\/index.php?rest_route=\/wp\/v2\/posts\/8548\/revisions"}],"wp:featuredmedia":[{"embeddable":true,"href":"https:\/\/cliente1.publisher.highstack.com.ar\/index.php?rest_route=\/wp\/v2\/media\/8549"}],"wp:attachment":[{"href":"https:\/\/cliente1.publisher.highstack.com.ar\/index.php?rest_route=%2Fwp%2Fv2%2Fmedia&parent=8548"}],"wp:term":[{"taxonomy":"category","embeddable":true,"href":"https:\/\/cliente1.publisher.highstack.com.ar\/index.php?rest_route=%2Fwp%2Fv2%2Fcategories&post=8548"},{"taxonomy":"post_tag","embeddable":true,"href":"https:\/\/cliente1.publisher.highstack.com.ar\/index.php?rest_route=%2Fwp%2Fv2%2Ftags&post=8548"}],"curies":[{"name":"wp","href":"https:\/\/api.w.org\/{rel}","templated":true}]}}