{"id":8545,"date":"2026-04-30T08:27:01","date_gmt":"2026-04-30T11:27:01","guid":{"rendered":"https:\/\/cliente1.publisher.highstack.com.ar\/?p=8545"},"modified":"2026-04-30T08:27:02","modified_gmt":"2026-04-30T11:27:02","slug":"marcha-de-la-cgt-como-sera-el-megaoperativo-y-donde-seran-los-cortes-vallados-y-controles-por-la-movilizacion-a-plaza-de-mayo","status":"publish","type":"post","link":"https:\/\/cliente1.publisher.highstack.com.ar\/?p=8545","title":{"rendered":"Marcha de la CGT: c\u00f3mo ser\u00e1 el megaoperativo y d\u00f3nde ser\u00e1n los cortes, vallados y controles por la movilizaci\u00f3n a Plaza de Mayo"},"content":{"rendered":"<p><\/p>\n<div id=\"\">\n<p id=\"p-1777545667215-89728\" data-start=\"460\" data-end=\"769\">La Confederaci\u00f3n General del Trabajo (CGT) convoca una <strong>marcha<\/strong> <strong>a Plaza de Mayo<\/strong> por el D\u00eda del Trabajador este <strong>30 de abril,<\/strong> mientras desde el mediod\u00eda miles de manifestantes comenzar\u00e1n a ingresar al centro porte\u00f1o por distintas arterias bajo un<strong> operativo de seguridad reforzado y cortes de tr\u00e1nsito progresivos.<\/strong><\/p>\n<\/p><\/div>\n<div id=\"\">\n<p id=\"p-1777545669416-13285\" data-start=\"771\" data-end=\"1112\">A partir de las<strong> 11 de la ma\u00f1ana<\/strong>, el centro de la Ciudad de Buenos Aires modificar\u00e1 su circulaci\u00f3n habitual con la llegada de <strong>columnas sindicales y organizaciones sociales<\/strong> que avanzar\u00e1n hacia Plaza de Mayo. El acto central est\u00e1 previsto para las 15 horas, donde se leer\u00e1 un documento con<strong> cr\u00edticas a las pol\u00edticas del gobierno de Javier Milei.<\/strong><\/p>\n<\/p><\/div>\n<div id=\"\">\n<h2 id=\"p-1777546002490-596\" data-section-id=\"arypv4\" data-start=\"1114\" data-end=\"1185\">D\u00f3nde ser\u00e1n los cortes y cu\u00e1les son las principales calles afectadas<\/h2>\n<p id=\"p-1777546507025-79127\" data-start=\"1187\" data-end=\"1479\">Las principales arterias afectadas por la movilizaci\u00f3n ser\u00e1n <strong>Avenida de Mayo, Bernardo de Yrigoyen, Entre R\u00edos, Callao, Luis S\u00e1enz Pe\u00f1a, Virrey Ceballos, Avenida 9 de Julio, Diagonal Norte, Diagonal Sur, Alsina, Carlos Calvo y Avenida Belgrano, <\/strong>entre otras v\u00edas clave del microcentro porte\u00f1o.<\/p>\n<\/div>\n<div id=\"\">\n<div contenteditable=\"false\" class=\"embed_cont type_imagen\" id=\"8166441-Libre-716273531_wrap\">\n<p>MARCHA CGT DRONE AMBITO 5 <span onclick=\"parent.parent.TinyMCETdcuerpo.preview_embed('8166441-Libre-716273531')\" class=\"embed_colapse less\" id=\"8166441-Libre-716273531_colapse\"\/>  <span onclick=\"parent.parent.TinyMCETdcuerpo.delete_embed('8166441-Libre-716273531')\" class=\"embed_delete less\" id=\"8166441-Libre-716273531_delete\"\/><\/p>\n<div id=\"8166441-Libre-716273531_content\" class=\"embed_content\"><img data-td-src-property=\"https:\/\/media.ambito.com\/p\/b3f7785c6ad94544e6232553aeae4c04\/adjuntos\/239\/imagenes\/043\/039\/0043039078\/marcha-cgt-drone-ambito-5.jpeg?2025-12-18-16-32-39\" alt=\"El centro porte\u00f1o tendr\u00e1 cortes, vallados y controles por el avance de la movilizaci\u00f3n convocada por la CGT.\" title=\"El centro porte\u00f1o tendr\u00e1 cortes, vallados y controles por el avance de la movilizaci\u00f3n convocada por la CGT.\" width=\"730\" height=\"410\" id=\"8166441-Libre-716273531_embed\"\/><\/div>\n<div class=\"embed_wrapper-cont\" id=\"p-1777546507025-88249\">\n<div id=\"8166441-Libre-716273531_epigrafe\" class=\"embed_epigrafe\">\n<p id=\"p-1777546726972-30119\">El centro porte\u00f1o tendr\u00e1 cortes, vallados y controles por el avance de la movilizaci\u00f3n convocada por la CGT.<\/p>\n<\/div>\n<p>Mariano Fuchila<\/p>\n<\/div><\/div>\n<\/p><\/div>\n<div id=\"\">\n<p id=\"p-1777546002490-30603\" data-start=\"1481\" data-end=\"1752\">El Gobierno inform\u00f3 que <strong>desde las 13 <\/strong>comenzar\u00e1n a aplicarse<strong> cortes de tr\u00e1nsito <\/strong>de forma din\u00e1mica, a medida que avancen las columnas. Los puntos de mayor congesti\u00f3n estar\u00e1n en <strong>Avenida de Mayo y 9 de Julio, Diagonal Norte y Diagonal Sur,<\/strong> adem\u00e1s del cruce con la<strong> 9 de Julio.<\/strong><\/p>\n<h2 id=\"p-1777546014489-73210\" data-section-id=\"14sgij1\" data-start=\"1754\" data-end=\"1805\">Qui\u00e9nes marchan y c\u00f3mo se organizan las columnas<\/h2>\n<p id=\"p-1777546014489-24005\" data-start=\"1807\" data-end=\"2189\">Distintos gremios y movimientos sociales confirmaron su participaci\u00f3n en la movilizaci\u00f3n. Entre ellos se encuentran la <a href=\"https:\/\/www.ambito.com\/politica\/un-empresario-y-un-dirigente-social-se-unieron-lanzar-una-plataforma-cuidado-adultos-mayores-n6255798\" target=\"_blank\" rel=\"follow\"> Uni\u00f3n Trabajadores de la Econom\u00eda Popular (UTEP), la Asociaci\u00f3n de Trabajadores del Estado (ATE), Camioneros, la UOCRA, bancarios, UDA, el Sindicato de Trabajadores de la Industria de la Alimentaci\u00f3n (SITIA), organizaciones de jubilados y <strong>sectores de las dos CTA.<\/strong><\/p>\n<p id=\"p-1777546574905-72540\" data-start=\"2191\" data-end=\"2487\">Las concentraciones comenzar\u00e1n cerca del mediod\u00eda en distintos puntos del centro: la UTEP en <strong>Bernardo de Yrigoyen y Avenida de Mayo, <\/strong>Camioneros en <strong>9 de Julio y Belgrano,<\/strong> la UOCRA en su sede de<strong> Avenida Belgrano 1870,<\/strong> UPCN en <strong>Diagonal Sur y Alsina <\/strong>y Obras Sanitarias en<strong> Defensa e Hip\u00f3lito Yrigoyen.<\/strong><\/p>\n<div contenteditable=\"false\" class=\"embed_cont type_imagen\" id=\"8166429-Libre-1723961022_wrap\">\n<p> CGT drone marcha 18 (2) <span onclick=\"parent.parent.TinyMCETdcuerpo.preview_embed('8166429-Libre-1723961022')\" class=\"embed_colapse less\" id=\"8166429-Libre-1723961022_colapse\"> <\/span> <span onclick=\"parent.parent.TinyMCETdcuerpo.delete_embed('8166429-Libre-1723961022')\" class=\"embed_delete less\" id=\"8166429-Libre-1723961022_delete\"\/><\/p>\n<div id=\"8166429-Libre-1723961022_content\" class=\"embed_content\"><img data-td-src-property=\"https:\/\/media.ambito.com\/p\/004424b0062a287b58151511646fa09d\/adjuntos\/239\/imagenes\/043\/038\/0043038951\/730x0\/smart\/cgt-drone-marcha-18-2.jpeg\" alt=\"Gremios como Camioneros, UOCRA, ATE y la UTEP participar\u00e1n de la jornada de protesta.\" title=\"Gremios como Camioneros, UOCRA, ATE y la UTEP participar\u00e1n de la jornada de protesta.\" width=\"730\" height=\"undefined\" id=\"8166429-Libre-1723961022_embed\"\/><\/div>\n<div class=\"embed_wrapper-cont\" id=\"p-1777546574905-31668\">\n<div id=\"8166429-Libre-1723961022_epigrafe\" class=\"embed_epigrafe\">\n<p>Gremios como Camioneros, UOCRA, ATE y la UTEP participar\u00e1n de la jornada de protesta.<\/p>\n<\/div><\/div>\n<\/p><\/div>\n<h2 id=\"p-1777546038248-45504\" data-start=\"2191\" data-end=\"2487\">C\u00f3mo ser\u00e1 el megaoperativo de seguridad y el despliegue de fuerzas<\/h2>\n<p id=\"p-1777546038249-98746\" data-start=\"2550\" data-end=\"2833\">El operativo de seguridad incluir\u00e1 vallados en Plaza de Mayo, controles en accesos a la Ciudad y el despliegue de alrededor de <strong>1.000 efectivos. <\/strong>La Polic\u00eda de la Ciudad seguir\u00e1 el avance de las columnas, mientras las fuerzas federales permanecer\u00e1n detr\u00e1s del <strong>per\u00edmetro de Casa Rosada.<\/strong><\/p>\n<p id=\"p-1777546038249-13102\" data-start=\"2835\" data-end=\"3134\">Desde el Ministerio de Seguridad se indic\u00f3 que se buscar\u00e1 aplicar el <strong>protocolo antipiquetes <\/strong>sin elevar la tensi\u00f3n con los manifestantes. El objetivo del vallado es <strong>evitar el contacto directo entre columnas<\/strong> y <strong>fuerzas de seguridad<\/strong>, adem\u00e1s de contener la protesta en el per\u00edmetro de edificios p\u00fablicos.<\/p>\n<h2 id=\"p-1777546660253-87312\" data-section-id=\"n51fxa\" data-start=\"3136\" data-end=\"3181\">Qu\u00e9 reclama la CGT<\/h2>\n<p id=\"p-1777546660253-47461\" data-start=\"3183\" data-end=\"3485\">La CGT convoc\u00f3 la marcha en rechazo a la pol\u00edtica econ\u00f3mica, la reforma laboral y los <strong>cambios en el sistema aduanero. <\/strong>El reclamo se enmarca bajo la consigna de <strong>\u201ctrabajo digno, con derechos, salario justo y sin ajuste a los trabajadores\u201d<\/strong>, con pedido de utilizar banderas argentinas como s\u00edmbolo central.<\/p>\n<p id=\"p-1777546660253-80344\" data-start=\"3487\" data-end=\"3695\" data-is-last-node=\"\" data-is-only-node=\"\">ATE anunci\u00f3 adem\u00e1s un paro en organismos estatales para facilitar la movilizaci\u00f3n, lo que podr\u00eda generar impacto en dependencias p\u00fablicas, transporte, tr\u00e1mites y vuelos, aunque no se trata de un paro general.<\/p>\n<\/p><\/div>\n<p><script>\n!function(f,b,e,v,n,t,s)\n{if(f.fbq)return;n=f.fbq=function(){n.callMethod?\nn.callMethod.apply(n,arguments):n.queue.push(arguments)};\nif(!f._fbq)f._fbq=n;n.push=n;n.loaded=!0;n.version='2.0';\nn.queue=[];t=b.createElement(e);t.async=!0;\nt.src=v;s=b.getElementsByTagName(e)[0];\ns.parentNode.insertBefore(t,s)}(window,document,'script',\n'\nfbq('init', '2047048335588113');\nfbq('track', 'PageView');\n<\/script><\/p>\n","protected":false},"excerpt":{"rendered":"<p>La Confederaci\u00f3n General del Trabajo (CGT) convoca una marcha a Plaza de Mayo por el D\u00eda del Trabajador este 30 de abril, mientras desde el mediod\u00eda miles de manifestantes comenzar\u00e1n a ingresar al centro porte\u00f1o por distintas arterias bajo un operativo de seguridad reforzado y cortes de tr\u00e1nsito progresivos. A partir de las 11 de [&hellip;]<\/p>\n","protected":false},"author":1,"featured_media":8546,"comment_status":"open","ping_status":"open","sticky":false,"template":"","format":"standard","meta":{"footnotes":""},"categories":[1],"tags":[4],"class_list":["post-8545","post","type-post","status-publish","format-standard","has-post-thumbnail","hentry","category-uncategorized","tag-entre-rios"],"_links":{"self":[{"href":"https:\/\/cliente1.publisher.highstack.com.ar\/index.php?rest_route=\/wp\/v2\/posts\/8545","targetHints":{"allow":["GET"]}}],"collection":[{"href":"https:\/\/cliente1.publisher.highstack.com.ar\/index.php?rest_route=\/wp\/v2\/posts"}],"about":[{"href":"https:\/\/cliente1.publisher.highstack.com.ar\/index.php?rest_route=\/wp\/v2\/types\/post"}],"author":[{"embeddable":true,"href":"https:\/\/cliente1.publisher.highstack.com.ar\/index.php?rest_route=\/wp\/v2\/users\/1"}],"replies":[{"embeddable":true,"href":"https:\/\/cliente1.publisher.highstack.com.ar\/index.php?rest_route=%2Fwp%2Fv2%2Fcomments&post=8545"}],"version-history":[{"count":1,"href":"https:\/\/cliente1.publisher.highstack.com.ar\/index.php?rest_route=\/wp\/v2\/posts\/8545\/revisions"}],"predecessor-version":[{"id":8547,"href":"https:\/\/cliente1.publisher.highstack.com.ar\/index.php?rest_route=\/wp\/v2\/posts\/8545\/revisions\/8547"}],"wp:featuredmedia":[{"embeddable":true,"href":"https:\/\/cliente1.publisher.highstack.com.ar\/index.php?rest_route=\/wp\/v2\/media\/8546"}],"wp:attachment":[{"href":"https:\/\/cliente1.publisher.highstack.com.ar\/index.php?rest_route=%2Fwp%2Fv2%2Fmedia&parent=8545"}],"wp:term":[{"taxonomy":"category","embeddable":true,"href":"https:\/\/cliente1.publisher.highstack.com.ar\/index.php?rest_route=%2Fwp%2Fv2%2Fcategories&post=8545"},{"taxonomy":"post_tag","embeddable":true,"href":"https:\/\/cliente1.publisher.highstack.com.ar\/index.php?rest_route=%2Fwp%2Fv2%2Ftags&post=8545"}],"curies":[{"name":"wp","href":"https:\/\/api.w.org\/{rel}","templated":true}]}}