{"id":8543,"date":"2026-04-30T08:16:05","date_gmt":"2026-04-30T11:16:05","guid":{"rendered":"https:\/\/cliente1.publisher.highstack.com.ar\/?p=8543"},"modified":"2026-04-30T08:16:05","modified_gmt":"2026-04-30T11:16:05","slug":"denunciaron-al-titular-del-911-y-otras-autoridades-policiales-por-supuestos-delitos-cometidos-con-adicionales","status":"publish","type":"post","link":"https:\/\/cliente1.publisher.highstack.com.ar\/?p=8543","title":{"rendered":"Denunciaron al titular del 911 y otras autoridades policiales por supuestos delitos cometidos con adicionales"},"content":{"rendered":"<p><\/p>\n<div class=\"body-noticia clearfix text-formatted field field--name-body field--type-text-with-summary field--label-hidden field__item\">\n<p>Un grupo de polic\u00edas en actividad formul\u00f3 una denuncia penal contra funcionarios de la fuerza, a quienes acusan de malversaci\u00f3n de fondos con los recursos de los adicionales que cumplen los uniformados.<\/p>\n<p>La denuncia apunta, entre otros, a Juan Manuel Zunino, jefe de la Divisi\u00f3n 911 y Videovigilancia quien detenta, seg\u00fan la denuncia, \u201cun alto nivel de exposici\u00f3n, reconocimiento y ascendencia dentro de la estructura de seguridad, con v\u00ednculos visibles con autoridades superiores, incluyendo \u00e1mbitos del Ministerio de Seguridad y Justicia, es decir, del nivel pol\u00edtico\u201d. \u201cEste nivel de inserci\u00f3n y proyecci\u00f3n institucional, permite razonablemente inferir que los hechos denunciados no responden a conductas individuales aisladas, sino que se inscriben en una estructura con capacidad de sostener, reproducir y eventualmente encubrir la operatoria\u201d, se indic\u00f3 en el escrito que public\u00f3 <em>Entre R\u00edos Ahora<\/em>.<\/p>\n<p>La denuncia est\u00e1 presentada con una cautelar para que se reserven sus nombres, y se pida a la Polic\u00eda que no haya represalias dentro de la fuerza contra los denunciantes. En el escrito, advirtieron que ponen \u201cen conocimiento hechos de extrema e inusitada gravedad institucional que podr\u00edan configurar la comisi\u00f3n de variopintos delitos de acci\u00f3n p\u00fablica\u201d.<\/p>\n<p>La representaci\u00f3n legal es del abogado Rub\u00e9n Pagliotto, quien se\u00f1al\u00f3 que \u201cla presente denuncia no implica la reiteraci\u00f3n de hechos ajenos, sino que incorpora situaciones conocidas y vivenciadas por los comparecientes, que permiten ampliar, complementar y dotar de mayor precisi\u00f3n a la maniobra investigada, poniendo en evidencia la existencia de un sistema organizado de recaudaci\u00f3n ilegal dentro de la Divisi\u00f3n 911 y posiblemente de otras \u00e1reas de la instituci\u00f3n policial\u201d.<\/p>\n<p>\u201cEn este marco, se formula denuncia penal contra los oficiales jefes de polic\u00eda Juan Manuel Zunino, Alejandro Villarreal, Luj\u00e1n Micheloud, Alexis Minetti y C\u00e9sar Guti\u00e9rrez, as\u00ed como tambi\u00e9n contra todo otro funcionario que pudiera resultar responsable, por la posible comisi\u00f3n de los delitos de peculado (art. 261\u00b0 CP); malversaci\u00f3n de caudales p\u00fablicos (Art. 260\u00b0); exacciones ilegales (art. 266\u00b0 CP); abuso de autoridad (art. 248\u00b0 CP); coacci\u00f3n (art. 149\u00b0 bis CP); falsedad ideol\u00f3gica de instrumento p\u00fablico (art. 293\u00b0 CP) y encubrimiento (art. 277\u00b0 CP), y\/o cualquier otra figura delictual que, dentro del contexto f\u00e1ctico, pudiera surgir conforme avance la investigaci\u00f3n. Asimismo, los tipos penales que eventualmente se configuren, lo ser\u00e1n tanto a t\u00edtulo de dolo como de culpa, cualquiera haya sido el grado de participaci\u00f3n criminal que le cupo a quienes resulten penalmente responsables\u201d, se manifest\u00f3.<\/p>\n<p>Respecto de la presentaci\u00f3n, Pagliotto sostuvo que a la denuncia \u201cla hemos bautizado como la causa de los \u00b4Adicionales Truchos\u00b4, emulando a la causa de los \u00b4Contratos Truchos\u00b4. Es un caso escandaloso de corrupci\u00f3n y saqueo de fondos p\u00fablicos, pero esta vez, con un rol protag\u00f3nico de -algunos- de los altos mandos de la Polic\u00eda de Entre R\u00edos, organismo que est\u00e1 bajo la \u00f3rbita ministerial\u00a0 del Dr. N\u00e9stor Roncaglia, quien al menos, deber\u00eda estar enterado de este criminal saqueo de fondos que han ido a parar a los bolsillos de algunos pocos bandidos, polic\u00edas y civiles. Descontamos que esta denuncia ser\u00e1 dada a conocer en todos los medios. Se trata, reitero, de un hecho grav\u00edsimo desde el punto de vista institucional. Creemos que leyendo con atenci\u00f3n la denuncia -que llev\u00f3 muchos meses de arduo y responsable trabajo- podr\u00e1 entenderse el mecanismo de saqueo, los personajes involucrados y la gravedad institucional del caso\u201d, se\u00f1al\u00f3 y agreg\u00f3: \u201cEntendemos y estamos persuadidos que el gobernador Frigerio deber\u00e1 tomar inmediatamente cartas en el asunto, haciendo honor a su remanida frase de que \u2018este ser\u00e1 el mejor y m\u00e1s honesto gobierno de la historia de Entre R\u00edos\u2019\u201d.<\/p>\n<p>El jefe de Polic\u00eda, Claudio Gonz\u00e1lez, evit\u00f3 dar declaraciones. \u201cVamos a esperar que se expida la Justicia\u201d, sostuvo.<\/p>\n<p>El caso qued\u00f3 en manos del fiscal Gonzalo Badano.<\/p>\n<\/div>\n","protected":false},"excerpt":{"rendered":"<p>Un grupo de polic\u00edas en actividad formul\u00f3 una denuncia penal contra funcionarios de la fuerza, a quienes acusan de malversaci\u00f3n de fondos con los recursos de los adicionales que cumplen los uniformados. La denuncia apunta, entre otros, a Juan Manuel Zunino, jefe de la Divisi\u00f3n 911 y Videovigilancia quien detenta, seg\u00fan la denuncia, \u201cun alto [&hellip;]<\/p>\n","protected":false},"author":1,"featured_media":8544,"comment_status":"open","ping_status":"open","sticky":false,"template":"","format":"standard","meta":{"footnotes":""},"categories":[1],"tags":[],"class_list":["post-8543","post","type-post","status-publish","format-standard","has-post-thumbnail","hentry","category-uncategorized"],"_links":{"self":[{"href":"https:\/\/cliente1.publisher.highstack.com.ar\/index.php?rest_route=\/wp\/v2\/posts\/8543","targetHints":{"allow":["GET"]}}],"collection":[{"href":"https:\/\/cliente1.publisher.highstack.com.ar\/index.php?rest_route=\/wp\/v2\/posts"}],"about":[{"href":"https:\/\/cliente1.publisher.highstack.com.ar\/index.php?rest_route=\/wp\/v2\/types\/post"}],"author":[{"embeddable":true,"href":"https:\/\/cliente1.publisher.highstack.com.ar\/index.php?rest_route=\/wp\/v2\/users\/1"}],"replies":[{"embeddable":true,"href":"https:\/\/cliente1.publisher.highstack.com.ar\/index.php?rest_route=%2Fwp%2Fv2%2Fcomments&post=8543"}],"version-history":[{"count":0,"href":"https:\/\/cliente1.publisher.highstack.com.ar\/index.php?rest_route=\/wp\/v2\/posts\/8543\/revisions"}],"wp:featuredmedia":[{"embeddable":true,"href":"https:\/\/cliente1.publisher.highstack.com.ar\/index.php?rest_route=\/wp\/v2\/media\/8544"}],"wp:attachment":[{"href":"https:\/\/cliente1.publisher.highstack.com.ar\/index.php?rest_route=%2Fwp%2Fv2%2Fmedia&parent=8543"}],"wp:term":[{"taxonomy":"category","embeddable":true,"href":"https:\/\/cliente1.publisher.highstack.com.ar\/index.php?rest_route=%2Fwp%2Fv2%2Fcategories&post=8543"},{"taxonomy":"post_tag","embeddable":true,"href":"https:\/\/cliente1.publisher.highstack.com.ar\/index.php?rest_route=%2Fwp%2Fv2%2Ftags&post=8543"}],"curies":[{"name":"wp","href":"https:\/\/api.w.org\/{rel}","templated":true}]}}