{"id":8533,"date":"2026-04-30T05:07:29","date_gmt":"2026-04-30T08:07:29","guid":{"rendered":"https:\/\/cliente1.publisher.highstack.com.ar\/?p=8533"},"modified":"2026-04-30T05:07:29","modified_gmt":"2026-04-30T08:07:29","slug":"oficializaron-la-desginacion-de-lucia-crexell-como-embajadora-en-canada-tras-la-aprobacion-en-el-senadoa-principios-de-abril-la-camara-alta-dio-el-visto-bueno-al-pliego-de-la-ahora-representante-dipl","status":"publish","type":"post","link":"https:\/\/cliente1.publisher.highstack.com.ar\/?p=8533","title":{"rendered":"Oficializaron la desginaci\u00f3n de Luc\u00eda Crexell como embajadora en Canad\u00e1 tras la aprobaci\u00f3n en el SenadoA principios de abril, la C\u00e1mara alta dio el visto bueno al pliego de la ahora representante diplom\u00e1tica. Su nombramiento fue publicado esta madrugada en el Bolet\u00edn Oficial, al igual que el del nuevo representante ante la OMC"},"content":{"rendered":"<div class=\"visual__image image-initial-width\"><picture><source srcset=\"https:\/\/www.infobae.com\/resizer\/v2\/QNUUE65COJCURG2GXV3WVRQ5TE.jpg?auth=e085db3bafa5433b1c1177e809571af36f5f1763134b7eaa69a27d45f2af9db5&amp;smart=true&amp;width=992&amp;height=661&amp;quality=85\" media=\"(min-width: 1000px)\"><\/source><source srcset=\"https:\/\/www.infobae.com\/resizer\/v2\/QNUUE65COJCURG2GXV3WVRQ5TE.jpg?auth=e085db3bafa5433b1c1177e809571af36f5f1763134b7eaa69a27d45f2af9db5&amp;smart=true&amp;width=768&amp;height=512&amp;quality=85\" media=\"(min-width: 768px)\"><\/source><source srcset=\"https:\/\/www.infobae.com\/resizer\/v2\/QNUUE65COJCURG2GXV3WVRQ5TE.jpg?auth=e085db3bafa5433b1c1177e809571af36f5f1763134b7eaa69a27d45f2af9db5&amp;smart=true&amp;width=577&amp;height=385&amp;quality=85\" media=\"(min-width: 580px)\"><\/source><source srcset=\"https:\/\/www.infobae.com\/resizer\/v2\/QNUUE65COJCURG2GXV3WVRQ5TE.jpg?auth=e085db3bafa5433b1c1177e809571af36f5f1763134b7eaa69a27d45f2af9db5&amp;smart=true&amp;width=420&amp;height=280&amp;quality=85\" media=\"(min-width: 350px)\"><\/source><source srcset=\"https:\/\/www.infobae.com\/resizer\/v2\/QNUUE65COJCURG2GXV3WVRQ5TE.jpg?auth=e085db3bafa5433b1c1177e809571af36f5f1763134b7eaa69a27d45f2af9db5&amp;smart=true&amp;width=350&amp;height=233&amp;quality=85\" media=\"(min-width: 80px)\"><\/source><img alt=\"Reuni\u00f3n de la Comisi\u00f3n de Acuerdos del Senado de la Naci\u00f3n, en el sal\u00f3n Illia del Congreso Nacional, el 26 de Febrero de 2026, en Buenos Aires; Argentina (Fotos: Santiago Pezzini  \/ Comunicaci\u00f3n Senado)\" class=\"global-image\" decoding=\"async\" fetchpriority=\"high\" height=\"2000\" loading=\"eager\" src=\"https:\/\/www.infobae.com\/resizer\/v2\/QNUUE65COJCURG2GXV3WVRQ5TE.jpg?auth=e085db3bafa5433b1c1177e809571af36f5f1763134b7eaa69a27d45f2af9db5&amp;smart=true&amp;width=350&amp;height=233&amp;quality=85\" width=\"3000\"><\/picture><\/div>\n<p class=\"paragraph\">El Gobierno formaliz\u00f3 la designaci\u00f3n de la ex senadora neuquina<a href=\"https:\/\/www.infobae.com\/politica\/2026\/03\/26\/senado-oficialismo-y-aliados-firmaron-el-pliego-de-la-ex-legisladora-crexell-como-embajadora-en-canada\/\" target=\"_blank\" rel=\"noreferrer\" title=\"https:\/\/www.infobae.com\/politica\/2026\/03\/26\/senado-oficialismo-y-aliados-firmaron-el-pliego-de-la-ex-legisladora-crexell-como-embajadora-en-canada\/\"><i><b> Lucila Crexell <\/b><\/i><\/a>como <b>embajadora extraordinaria y plenipotenciaria de la Rep\u00fablica Argentina en Canad\u00e1<\/b>, a partir de la aprobaci\u00f3n del pl\u00e1cet de estilo correspondiente para la funcionaria.<\/p>\n<p class=\"paragraph\">El avance, a su vez, se debi\u00f3 al acuerdo obtenido en un debate en el Senado que tuvo lugar los primeros d\u00edas del mes, en donde tambi\u00e9n se aprobaron <b>ascensos de tres jefes militares<\/b>. La publicaci\u00f3n se hizo hoy en<b> <\/b>Bolet\u00edn Oficial,<b> <\/b>bajo el <b>decreto 304\/2026<\/b>. <\/p>\n<div class=\"inline ad-wrapper dfpAd ad-inline ad-text ad-component-container\" style=\"--ad-shell-height:250px;--ad-shell-width:300px\" data-ad-wrapper=\"arcad\" data-ad-type=\"inline\" data-ad-slot=\"infobae\/politica\/nota\/inline\" data-ad-container=\"dfp\" data-ad-slot-name=\"infobae\/politica\/nota\/inline\">\n<p class=\"ad-shell-label\">PUBLICIDAD<\/p>\n<div id=\"infobae\/politica\/nota\/inline\" class=\"infobae\/politica\/nota\/inline arcad ad-slot-node ad-slot-node--boxed\" data-ad-slot-id=\"infobae\/politica\/nota\/inline\"><\/div>\n<\/div>\n<p class=\"paragraph\">Durante el plenario de la C\u00e1mara alta del 09 de abril, en el que se debati\u00f3 la designaci\u00f3n de Crexell, algunos de los diputados opositores la acusaron de haber recibido el cargo en compensaci\u00f3n por acompa\u00f1ar La Ley Bases. <\/p>\n<p class=\"paragraph\"><a href=\"https:\/\/www.infobae.com\/politica\/2024\/06\/11\/a-horas-del-debate-por-la-ley-bases-el-gobierno-confirmo-que-impulsara-en-una-embajada-a-una-senadora-de-la-oposicion\/\" target=\"_blank\" rel=\"noreferrer\" title=\"https:\/\/www.infobae.com\/politica\/2024\/06\/11\/a-horas-del-debate-por-la-ley-bases-el-gobierno-confirmo-que-impulsara-en-una-embajada-a-una-senadora-de-la-oposicion\/\"><i><b>Los reclamos hacia la funcionaria surgieron a partir de un supuesto cambio de parecer ante el debate de la ley Bases de 2024.<\/b><\/i><\/a> La resistencia del kirchnerismo con <a href=\"https:\/\/www.infobae.com\/tag\/lucila-crexell\/\" target=\"_blank\" rel=\"noreferrer\" title=\"https:\/\/www.infobae.com\/tag\/lucila-crexell\/\"><i><b>Crexell<\/b><\/i><\/a> viene de otras \u00e9pocas, ya que la ex senadora estuvo 12 a\u00f1os en la C\u00e1mara alta y, a diferencia del cristinismo, incomod\u00f3 a diferentes gobiernos. De hecho, <b>una de las opiniones m\u00e1s formadas sobre el tr\u00e1mite de los Decretos de Necesidad y Urgencia (DNU) y los vicios de las diferentes administraciones fue estudiado al detalle por Crexell, quien se opuso a la norma 70\/23<\/b> y meses despu\u00e9s ocurri\u00f3 lo de la ley Bases.<\/p>\n<div class=\"inline_2 ad-wrapper dfpAd ad-inline ad-text ad-component-container\" style=\"--ad-shell-height:250px;--ad-shell-width:300px\" data-ad-wrapper=\"arcad\" data-ad-type=\"inline_2\" data-ad-slot=\"infobae\/politica\/nota\/inline_2\" data-ad-container=\"dfp\" data-ad-slot-name=\"infobae\/politica\/nota\/inline_2\">\n<p class=\"ad-shell-label\">PUBLICIDAD<\/p>\n<div id=\"infobae\/politica\/nota\/inline_2\" class=\"infobae\/politica\/nota\/inline_2 arcad ad-slot-node ad-slot-node--boxed\" data-ad-slot-id=\"infobae\/politica\/nota\/inline_2\"><\/div>\n<\/div>\n<div id=\"fusion-static-enter:raw_html_raw_html5\" style=\"display:none\" data-fusion-component=\"raw_html_raw_html5\"><\/div>\n<div class=\"rawHTML raw_html \">\n<p><meta http-equiv=\"content-type\" content=\"text\/html; charset=UTF-8\"><br \/>\n<meta name=\"viewport\" content=\"width=device-width, initial-scale=1\"><\/p>\n<style>\n.container-video {\n  position: relative;\n  width: 100%;\n  overflow: hidden;\n  padding-top: 2%;\n}\n.responsive-iframe-video {\n  position: absolute;\n  top: 0;\n  left: 0;\n  bottom: 0;\n  right: 0;\n  width: 100%;\n  height: 100%;\n  border: none;\n}\n<\/style>\n<p><script>(window.BOOMR_mq=window.BOOMR_mq||[]).push([\"addVar\",{\"rua.upush\":\"false\",\"rua.cpush\":\"true\",\"rua.upre\":\"false\",\"rua.cpre\":\"true\",\"rua.uprl\":\"false\",\"rua.cprl\":\"false\",\"rua.cprf\":\"false\",\"rua.trans\":\"SJ-fd310709-95d0-4d02-9e48-48a4e18ffbea\",\"rua.cook\":\"false\",\"rua.ims\":\"false\",\"rua.ufprl\":\"false\",\"rua.cfprl\":\"true\",\"rua.isuxp\":\"false\",\"rua.texp\":\"norulematch\",\"rua.ceh\":\"false\",\"rua.ueh\":\"false\",\"rua.ieh.st\":\"0\"}]);<\/script><br \/>\n                                <script>!function(e){var n=\"https:\/\/s.go-mpulse.net\/boomerang\/\";if(\"False\"==\"True\")e.BOOMR_config=e.BOOMR_config||{},e.BOOMR_config.PageParams=e.BOOMR_config.PageParams||{},e.BOOMR_config.PageParams.pci=!0,n=\"https:\/\/s2.go-mpulse.net\/boomerang\/\";if(window.BOOMR_API_key=\"C7HNE-7B57D-WM7L2-K2VFG-FX3EW\",function(){function e(){if(!i){var e=document.createElement(\"script\");e.id=\"boomr-scr-as\",e.src=window.BOOMR.url,e.async=!0,o.parentNode.appendChild(e),i=!0}}function t(e){i=!0;var n,t,a,r,d=document,O=window;if(window.BOOMR.snippetMethod=e?\"if\":\"i\",t=function(e,n){var t=d.createElement(\"script\");t.id=n||\"boomr-if-as\",t.src=window.BOOMR.url,BOOMR_lstart=(new Date).getTime(),e=e||d.body,e.appendChild(t)},!window.addEventListener&&window.attachEvent&&navigator.userAgent.match(\/MSIE [67]\\.\/))return window.BOOMR.snippetMethod=\"s\",void t(o.parentNode,\"boomr-async\");a=document.createElement(\"IFRAME\"),a.src=\"https:\/\/www.infobae.com\/politica\/2026\/04\/30\/oficializaron-la-desginacion-de-lucia-crexell-como-embajadora-en-canada-tras-la-aprobacion-en-el-senado\/about:blank\",a.title=\"\",a.role=\"presentation\",a.loading=\"eager\",r=(a.frameElement||a).style,r.width=0,r.height=0,r.border=0,r.display=\"none\",o.parentNode.appendChild(a);try{O=a.contentWindow,d=O.document.open()}catch(_){n=document.domain,a.src=\"javascript:var d=document.open();d.domain='\"+n+\"';void(0);\",O=a.contentWindow,d=O.document.open()}if(n)d._boomrl=function(){this.domain=n,t()},d.write(\"<bo\"+\"dy onload='document._boomrl();'>\");else if(O._boomrl=function(){t()},O.addEventListener)O.addEventListener(\"load\",O._boomrl,!1);else if(O.attachEvent)O.attachEvent(\"onload\",O._boomrl);d.close()}function a(e){window.BOOMR_onload=e&&e.timeStamp||(new Date).getTime()}if(!window.BOOMR||!window.BOOMR.version&&!window.BOOMR.snippetExecuted){window.BOOMR=window.BOOMR||{},window.BOOMR.snippetStart=(new Date).getTime(),window.BOOMR.snippetExecuted=!0,window.BOOMR.snippetVersion=12,window.BOOMR.url=n+\"C7HNE-7B57D-WM7L2-K2VFG-FX3EW\";var o=document.currentScript||document.getElementsByTagName(\"script\")[0],i=!1,r=document.createElement(\"link\");if(r.relList&&\"function\"==typeof r.relList.supports&&r.relList.supports(\"preload\")&&\"as\"in r)window.BOOMR.snippetMethod=\"p\",r.href=window.BOOMR.url,r.rel=\"preload\",r.as=\"script\",r.addEventListener(\"load\",e),r.addEventListener(\"error\",function(){t(!0)}),setTimeout(function(){if(!i)t(!0)},3e3),BOOMR_lstart=(new Date).getTime(),o.parentNode.appendChild(r);else t(!1);if(window.addEventListener)window.addEventListener(\"load\",a,!1);else if(window.attachEvent)window.attachEvent(\"onload\",a)}}(),\"\".length>0)if(e&&\"performance\"in e&&e.performance&&\"function\"==typeof e.performance.setResourceTimingBufferSize)e.performance.setResourceTimingBufferSize();!function(){if(BOOMR=e.BOOMR||{},BOOMR.plugins=BOOMR.plugins||{},!BOOMR.plugins.AK){var n=\"true\"==\"true\"?1:0,t=\"\",a=\"jjisrbyxfwwqk2ptbxaq-f-3f55f8265-clientnsv4-s.akamaihd.net\",o=\"false\"==\"true\"?2:1,i={\"ak.v\":\"41\",\"ak.cp\":\"619111\",\"ak.ai\":parseInt(\"650669\",10),\"ak.ol\":\"0\",\"ak.cr\":1,\"ak.ipv\":4,\"ak.proto\":\"h2\",\"ak.rid\":\"32e894c0\",\"ak.r\":38540,\"ak.a2\":n,\"ak.m\":\"dscr\",\"ak.n\":\"ff\",\"ak.cport\":38608,\"ak.gh\":\"23.32.154.5\",\"ak.quicv\":\"\",\"ak.tlsv\":\"tls1.3\",\"ak.0rtt\":\"\",\"ak.0rtt.ed\":\"\",\"ak.csrc\":\"-\",\"ak.acc\":\"\",\"ak.t\":\"1777536449\",\"ak.ak\":\"hOBiQwZUYzCg5VSAfCLimQ==idr0\/WYBiPoJG5o2iaYPI4LL\/zqw7VRs7\/IXchuXHmJrUgUfgF12Oq3+y81oMK5qLHj6zEcvxOvUwi1wIbS2wdXbjFZIRAU4ZlMiGYcJVgFjjIeBQF9zkQzrQzGycwOw4ika7SKE3Xj2VACzWTIsnZC8oaOnip2wk4jySgyet7O6J\/3ymOpoF8ur1ICTK\/Mb8nseGJKj61FdTUiSRo5kMdOwEn+R6AaTcnJ+hkB4kltQ5zZ\/3ymMFzXNjna9QP8vO6Uy6B6IAbAfHWX+d0gm+AFtJuCIYbluxXii3omdBRi8xZRmvkK+GLUhhvMLEXWMLqBInWMvOCy2fgBsiLjeL0oUZqjgxU3\/tPx4gpi6rrdY10trASPDUjbXyiy1EthHmu6nQDHvOZPss6p3MiQOalWUmc2bW0c+Ek2kGPjUuXs=\",\"ak.pv\":\"149\",\"ak.dpoabenc\":\"\",\"ak.tf\":o};if(\"\"!==t)i[\"ak.ruds\"]=t;var r={i:!1,av:function(n){var t=\"http.initiator\";if(n&&(!n[t]||\"spa_hard\"===n[t]))i[\"ak.feo\"]=void 0!==e.aFeoApplied?1:0,BOOMR.addVar(i)},rv:function(){var e=[\"ak.cport\",\"ak.cr\",\"ak.csrc\",\"ak.gh\",\"ak.ipv\",\"ak.m\",\"ak.n\",\"ak.ol\",\"ak.proto\",\"ak.quicv\",\"ak.tlsv\",\"ak.0rtt\",\"ak.0rtt.ed\",\"ak.r\",\"ak.acc\",\"ak.t\",\"ak.tf\"];BOOMR.removeVar(e)}};BOOMR.plugins.AK={akVars:i,akDNSPreFetchDomain:a,init:function(){if(!r.i){var e=BOOMR.subscribe;e(\"before_beacon\",r.av,null,null),e(\"onbeacon\",r.rv,null,null),r.i=!0}return this},is_complete:function(){return!0}}}}()}(window);<\/script><\/p>\n<div class=\"container-video\">\n<p><iframe loading=\"lazy\" src=\"https:\/\/drive.google.com\/file\/d\/1OFqKI8SiPwu4LDp2KnosyfhDdpsfpdYm\/preview\" width=\"100%\" height=\"480\" allow=\"autoplay\"><\/iframe><\/p>\n<\/div>\n<\/div>\n<div id=\"fusion-static-exit:raw_html_raw_html5\" style=\"display:none\" data-fusion-component=\"raw_html_raw_html5\"><\/div>\n<p class=\"paragraph\">La Fiscal\u00eda que intervino ante la denuncia contra la ahora embajadora, y que finalmente termin\u00f3 desestimando, indic\u00f3: \u201cM\u00e1s all\u00e1 de las especulaciones que puedan generarse, <b>no es posible establecer la relaci\u00f3n causal entre su propuesta de designaci\u00f3n y la decisi\u00f3n de su voto<\/b>, pues tampoco es posible esclarecer la motivaci\u00f3n \u00faltima que habr\u00eda impulsado a la senadora para finalmente definir su voto en el sentido que lo hizo\u201d.<\/p>\n<p class=\"paragraph\">\u201cEl comportamiento de los funcionarios p\u00fablicos que realizan negociaciones en miras a lograr la sanci\u00f3n de un paquete de leyes enviado al Congreso\u201d tampoco \u201cpuede catalogarse como un quehacer il\u00edcito, si a la par no se comprueba que tengan lugar otros actos concretos que complementen esa actividad dentro de los par\u00e1metros de los tipos penales referidos\u201d, razones por las cuales, se interpret\u00f3 que \u201c<b>no se advierte que se est\u00e9 ante el delito de cohecho denunciado <\/b>como as\u00ed tampoco se considera que las conductas tra\u00eddas a conocimiento constituyan comportamientos tipificadores de delito alguno previsto en el c\u00f3digo de fondo\u201d, argumentaron. Por estos motivos, el juzgado Criminal y Correccional Federal 6 rechaz\u00f3 la acusaci\u00f3n.<\/p>\n<div class=\"ad_1 ad-wrapper dfpAd ad-1-al-6 ad-text ad-component-container\" style=\"--ad-shell-height:250px;--ad-shell-width:300px\" data-ad-wrapper=\"arcad\" data-ad-type=\"ad_1\" data-ad-slot=\"infobae\/politica\/nota\/ad_1\" data-ad-container=\"dfp\" data-ad-slot-name=\"infobae\/politica\/nota\/ad_1\">\n<p class=\"ad-shell-label\">PUBLICIDAD<\/p>\n<div id=\"infobae\/politica\/nota\/ad_1\" class=\"infobae\/politica\/nota\/ad_1 arcad ad-slot-node ad-slot-node--boxed\" data-ad-slot-id=\"infobae\/politica\/nota\/ad_1\"><\/div>\n<\/div>\n<div class=\"visual__image\"><picture><source srcset=\"https:\/\/www.infobae.com\/resizer\/v2\/AVQ3NXOO2VG2FKYJYYHXZNNJXU.png?auth=5eb3f37b07dfde3a984a427efc93c9aace0c2cc07a305a4912e2c654efe7711c&amp;smart=true&amp;width=992&amp;height=539&amp;quality=85\" media=\"(min-width: 1000px)\"><\/source><source srcset=\"https:\/\/www.infobae.com\/resizer\/v2\/AVQ3NXOO2VG2FKYJYYHXZNNJXU.png?auth=5eb3f37b07dfde3a984a427efc93c9aace0c2cc07a305a4912e2c654efe7711c&amp;smart=true&amp;width=768&amp;height=418&amp;quality=85\" media=\"(min-width: 768px)\"><\/source><source srcset=\"https:\/\/www.infobae.com\/resizer\/v2\/AVQ3NXOO2VG2FKYJYYHXZNNJXU.png?auth=5eb3f37b07dfde3a984a427efc93c9aace0c2cc07a305a4912e2c654efe7711c&amp;smart=true&amp;width=577&amp;height=314&amp;quality=85\" media=\"(min-width: 580px)\"><\/source><source srcset=\"https:\/\/www.infobae.com\/resizer\/v2\/AVQ3NXOO2VG2FKYJYYHXZNNJXU.png?auth=5eb3f37b07dfde3a984a427efc93c9aace0c2cc07a305a4912e2c654efe7711c&amp;smart=true&amp;width=420&amp;height=228&amp;quality=85\" media=\"(min-width: 350px)\"><\/source><source srcset=\"https:\/\/www.infobae.com\/resizer\/v2\/AVQ3NXOO2VG2FKYJYYHXZNNJXU.png?auth=5eb3f37b07dfde3a984a427efc93c9aace0c2cc07a305a4912e2c654efe7711c&amp;smart=true&amp;width=350&amp;height=190&amp;quality=85\" media=\"(min-width: 80px)\"><\/source><img alt=\"Sesi\u00f3n en Senado\" class=\"global-image\" decoding=\"async\" fetchpriority=\"low\" height=\"691\" loading=\"lazy\" src=\"https:\/\/www.infobae.com\/resizer\/v2\/AVQ3NXOO2VG2FKYJYYHXZNNJXU.png?auth=5eb3f37b07dfde3a984a427efc93c9aace0c2cc07a305a4912e2c654efe7711c&amp;smart=true&amp;width=350&amp;height=190&amp;quality=85\" width=\"1271\"><\/picture><\/div>\n<p class=\"paragraph\">En paralelo a la mencionada normativa, se conoci\u00f3 al nuevo <b>representante permanente de la Rep\u00fablica Argentina ante la Organizaci\u00f3n Mundial del Comercio (OMC). <\/b>Se trata de <b>Carlos Mario Foradori<\/b>, quien estar\u00e1 al frente del organismo, seg\u00fan lo establecido en el <b>decreto 303\/2026. <\/b><\/p>\n<p class=\"paragraph\">A partir de la publicaci\u00f3n en Bolet\u00edn Oficial, se procedi\u00f3 a la finalizaci\u00f3n de funciones como representante permanente de <a href=\"https:\/\/www.infobae.com\/politica\/2026\/01\/02\/el-canciller-advirtio-al-embajador-en-suiza-por-mantener-la-web-desactualizada-y-con-consignas-politicas-afines-al-kirchnerismo\/\" target=\"_blank\" rel=\"noreferrer\" title=\"https:\/\/www.infobae.com\/politica\/2026\/01\/02\/el-canciller-advirtio-al-embajador-en-suiza-por-mantener-la-web-desactualizada-y-con-consignas-politicas-afines-al-kirchnerismo\/\"><i><b>Gustavo Lunazzi<\/b><\/i><\/a>, quien se desempe\u00f1aba en ese cargo con rango de Embajador Extraordinario y Plenipotenciario. \u201cDanse por finalizadas las funciones como Representante Permanente de la Rep\u00fablica ante la<b> Organizaci\u00f3n Mundial del Comercio<\/b> del se\u00f1or Embajador Extraordinario y Plenipotenciario Gustavo Nerio Lunazzi&#8221;, afirm\u00f3 el decreto.<\/p>\n<div class=\"ad_2 ad-wrapper dfpAd ad-1-al-6 ad-text ad-component-container\" style=\"--ad-shell-height:250px;--ad-shell-width:300px\" data-ad-wrapper=\"arcad\" data-ad-type=\"ad_2\" data-ad-slot=\"infobae\/politica\/nota\/ad_2\" data-ad-container=\"dfp\" data-ad-slot-name=\"infobae\/politica\/nota\/ad_2\">\n<p class=\"ad-shell-label\">PUBLICIDAD<\/p>\n<div id=\"infobae\/politica\/nota\/ad_2\" class=\"infobae\/politica\/nota\/ad_2 arcad ad-slot-node ad-slot-node--boxed\" data-ad-slot-id=\"infobae\/politica\/nota\/ad_2\"><\/div>\n<\/div>\n<p class=\"paragraph\">A comienzo de a\u00f1o, el canciller <b>Pablo Quirno <\/b>le llam\u00f3 la atenci\u00f3n a Lunazzi por mantener en la web oficial de Suiza un documento de 2012, redactado durante la gesti\u00f3n presidencial de Cristina Kirchner, sobre \u201cpol\u00edtica exterior y derechos humanos\u201d.<\/p>\n<p class=\"paragraph\">El titular del Ministerio de Relaciones Exteriores, Comercio Internacional y Culto cuestion\u00f3 en sus redes que el portal diplom\u00e1tico estaba \u201c<b>desactualizado y totalmente politizado<\/b>\u201d y pidi\u00f3 corregir la situaci\u00f3n \u201cde manera urgente\u201d. El reclamo hacia Lunazzi form\u00f3 parte de una seguidilla de reproches de Quirno hizo durante los primeros meses de su mandato, cuando asumi\u00f3 en octubre del a\u00f1o pasado. Tambi\u00e9n le inici\u00f3 un sumario a un secretario argentino en Siria por avalar ataques contra <a rel=\"noopener noreferrer\" href=\"https:\/\/www.infobae.com\/tag\/israel\/\" target=\"_blank\" title=\"https:\/\/www.infobae.com\/tag\/israel\/\"><b>Israel<\/b><\/a> a trav\u00e9s de sus redes sociales, y lo desplaz\u00f3 de su cargo. Se trata de Alejandro <b>Calloni<\/b>, quien ofrec\u00eda servicios en la Embajada Argentina ubicada en la Rep\u00fablica \u00c1rabe Siria.<\/p>\n<div class=\"ad_3 ad-wrapper dfpAd ad-1-al-6 ad-text ad-component-container\" style=\"--ad-shell-height:250px;--ad-shell-width:300px\" data-ad-wrapper=\"arcad\" data-ad-type=\"ad_3\" data-ad-slot=\"infobae\/politica\/nota\/ad_3\" data-ad-container=\"dfp\" data-ad-slot-name=\"infobae\/politica\/nota\/ad_3\">\n<p class=\"ad-shell-label\">PUBLICIDAD<\/p>\n<div id=\"infobae\/politica\/nota\/ad_3\" class=\"infobae\/politica\/nota\/ad_3 arcad ad-slot-node ad-slot-node--boxed\" data-ad-slot-id=\"infobae\/politica\/nota\/ad_3\"><\/div>\n<\/div>\n<div id=\"fusion-static-enter:raw_html_raw_html13\" style=\"display:none\" data-fusion-component=\"raw_html_raw_html13\"><\/div>\n<div class=\"rawHTML raw_html \">\n<p><meta http-equiv=\"content-type\" content=\"text\/html; charset=UTF-8\"><br \/>\n<meta name=\"viewport\" content=\"width=device-width, initial-scale=1\"><\/p>\n<style>\n.container-video {\n  position: relative;\n  width: 100%;\n  overflow: hidden;\n  padding-top: 2%;\n}\n.responsive-iframe-video {\n  position: absolute;\n  top: 0;\n  left: 0;\n  bottom: 0;\n  right: 0;\n  width: 100%;\n  height: 100%;\n  border: none;\n}\n<\/style>\n<p><script>(window.BOOMR_mq=window.BOOMR_mq||[]).push([\"addVar\",{\"rua.upush\":\"false\",\"rua.cpush\":\"true\",\"rua.upre\":\"false\",\"rua.cpre\":\"true\",\"rua.uprl\":\"false\",\"rua.cprl\":\"false\",\"rua.cprf\":\"false\",\"rua.trans\":\"SJ-fd310709-95d0-4d02-9e48-48a4e18ffbea\",\"rua.cook\":\"false\",\"rua.ims\":\"false\",\"rua.ufprl\":\"false\",\"rua.cfprl\":\"true\",\"rua.isuxp\":\"false\",\"rua.texp\":\"norulematch\",\"rua.ceh\":\"false\",\"rua.ueh\":\"false\",\"rua.ieh.st\":\"0\"}]);<\/script><br \/>\n                                <script>!function(e){var n=\"https:\/\/s.go-mpulse.net\/boomerang\/\";if(\"False\"==\"True\")e.BOOMR_config=e.BOOMR_config||{},e.BOOMR_config.PageParams=e.BOOMR_config.PageParams||{},e.BOOMR_config.PageParams.pci=!0,n=\"https:\/\/s2.go-mpulse.net\/boomerang\/\";if(window.BOOMR_API_key=\"C7HNE-7B57D-WM7L2-K2VFG-FX3EW\",function(){function e(){if(!i){var e=document.createElement(\"script\");e.id=\"boomr-scr-as\",e.src=window.BOOMR.url,e.async=!0,o.parentNode.appendChild(e),i=!0}}function t(e){i=!0;var n,t,a,r,d=document,O=window;if(window.BOOMR.snippetMethod=e?\"if\":\"i\",t=function(e,n){var t=d.createElement(\"script\");t.id=n||\"boomr-if-as\",t.src=window.BOOMR.url,BOOMR_lstart=(new Date).getTime(),e=e||d.body,e.appendChild(t)},!window.addEventListener&&window.attachEvent&&navigator.userAgent.match(\/MSIE [67]\\.\/))return window.BOOMR.snippetMethod=\"s\",void t(o.parentNode,\"boomr-async\");a=document.createElement(\"IFRAME\"),a.src=\"https:\/\/www.infobae.com\/politica\/2026\/04\/30\/oficializaron-la-desginacion-de-lucia-crexell-como-embajadora-en-canada-tras-la-aprobacion-en-el-senado\/about:blank\",a.title=\"\",a.role=\"presentation\",a.loading=\"eager\",r=(a.frameElement||a).style,r.width=0,r.height=0,r.border=0,r.display=\"none\",o.parentNode.appendChild(a);try{O=a.contentWindow,d=O.document.open()}catch(_){n=document.domain,a.src=\"javascript:var d=document.open();d.domain='\"+n+\"';void(0);\",O=a.contentWindow,d=O.document.open()}if(n)d._boomrl=function(){this.domain=n,t()},d.write(\"<bo\"+\"dy onload='document._boomrl();'>\");else if(O._boomrl=function(){t()},O.addEventListener)O.addEventListener(\"load\",O._boomrl,!1);else if(O.attachEvent)O.attachEvent(\"onload\",O._boomrl);d.close()}function a(e){window.BOOMR_onload=e&&e.timeStamp||(new Date).getTime()}if(!window.BOOMR||!window.BOOMR.version&&!window.BOOMR.snippetExecuted){window.BOOMR=window.BOOMR||{},window.BOOMR.snippetStart=(new Date).getTime(),window.BOOMR.snippetExecuted=!0,window.BOOMR.snippetVersion=12,window.BOOMR.url=n+\"C7HNE-7B57D-WM7L2-K2VFG-FX3EW\";var o=document.currentScript||document.getElementsByTagName(\"script\")[0],i=!1,r=document.createElement(\"link\");if(r.relList&&\"function\"==typeof r.relList.supports&&r.relList.supports(\"preload\")&&\"as\"in r)window.BOOMR.snippetMethod=\"p\",r.href=window.BOOMR.url,r.rel=\"preload\",r.as=\"script\",r.addEventListener(\"load\",e),r.addEventListener(\"error\",function(){t(!0)}),setTimeout(function(){if(!i)t(!0)},3e3),BOOMR_lstart=(new Date).getTime(),o.parentNode.appendChild(r);else t(!1);if(window.addEventListener)window.addEventListener(\"load\",a,!1);else if(window.attachEvent)window.attachEvent(\"onload\",a)}}(),\"\".length>0)if(e&&\"performance\"in e&&e.performance&&\"function\"==typeof e.performance.setResourceTimingBufferSize)e.performance.setResourceTimingBufferSize();!function(){if(BOOMR=e.BOOMR||{},BOOMR.plugins=BOOMR.plugins||{},!BOOMR.plugins.AK){var n=\"true\"==\"true\"?1:0,t=\"\",a=\"jjisrbyxfwwqk2ptbxaq-f-3f55f8265-clientnsv4-s.akamaihd.net\",o=\"false\"==\"true\"?2:1,i={\"ak.v\":\"41\",\"ak.cp\":\"619111\",\"ak.ai\":parseInt(\"650669\",10),\"ak.ol\":\"0\",\"ak.cr\":1,\"ak.ipv\":4,\"ak.proto\":\"h2\",\"ak.rid\":\"32e894c0\",\"ak.r\":38540,\"ak.a2\":n,\"ak.m\":\"dscr\",\"ak.n\":\"ff\",\"ak.cport\":38608,\"ak.gh\":\"23.32.154.5\",\"ak.quicv\":\"\",\"ak.tlsv\":\"tls1.3\",\"ak.0rtt\":\"\",\"ak.0rtt.ed\":\"\",\"ak.csrc\":\"-\",\"ak.acc\":\"\",\"ak.t\":\"1777536449\",\"ak.ak\":\"hOBiQwZUYzCg5VSAfCLimQ==idr0\/WYBiPoJG5o2iaYPI4LL\/zqw7VRs7\/IXchuXHmJrUgUfgF12Oq3+y81oMK5qLHj6zEcvxOvUwi1wIbS2wdXbjFZIRAU4ZlMiGYcJVgFjjIeBQF9zkQzrQzGycwOw4ika7SKE3Xj2VACzWTIsnZC8oaOnip2wk4jySgyet7O6J\/3ymOpoF8ur1ICTK\/Mb8nseGJKj61FdTUiSRo5kMdOwEn+R6AaTcnJ+hkB4kltQ5zZ\/3ymMFzXNjna9QP8vO6Uy6B6IAbAfHWX+d0gm+AFtJuCIYbluxXii3omdBRi8xZRmvkK+GLUhhvMLEXWMLqBInWMvOCy2fgBsiLjeL0oUZqjgxU3\/tPx4gpi6rrdY10trASPDUjbXyiy1EthHmu6nQDHvOZPss6p3MiQOalWUmc2bW0c+Ek2kGPjUuXs=\",\"ak.pv\":\"149\",\"ak.dpoabenc\":\"\",\"ak.tf\":o};if(\"\"!==t)i[\"ak.ruds\"]=t;var r={i:!1,av:function(n){var t=\"http.initiator\";if(n&&(!n[t]||\"spa_hard\"===n[t]))i[\"ak.feo\"]=void 0!==e.aFeoApplied?1:0,BOOMR.addVar(i)},rv:function(){var e=[\"ak.cport\",\"ak.cr\",\"ak.csrc\",\"ak.gh\",\"ak.ipv\",\"ak.m\",\"ak.n\",\"ak.ol\",\"ak.proto\",\"ak.quicv\",\"ak.tlsv\",\"ak.0rtt\",\"ak.0rtt.ed\",\"ak.r\",\"ak.acc\",\"ak.t\",\"ak.tf\"];BOOMR.removeVar(e)}};BOOMR.plugins.AK={akVars:i,akDNSPreFetchDomain:a,init:function(){if(!r.i){var e=BOOMR.subscribe;e(\"before_beacon\",r.av,null,null),e(\"onbeacon\",r.rv,null,null),r.i=!0}return this},is_complete:function(){return!0}}}}()}(window);<\/script><\/p>\n<div class=\"container-video\">\n<p><iframe loading=\"lazy\" src=\"https:\/\/drive.google.com\/file\/d\/1Wuejo8inPeIdS_66d3HcD2xKbdMs9vw4\/preview\" width=\"100%\" height=\"480\" allow=\"autoplay\"><\/iframe><\/p>\n<\/div>\n<\/div>\n<div id=\"fusion-static-exit:raw_html_raw_html13\" style=\"display:none\" data-fusion-component=\"raw_html_raw_html13\"><\/div>\n","protected":false},"excerpt":{"rendered":"<p>El Gobierno formaliz\u00f3 la designaci\u00f3n de la ex senadora neuquina Lucila Crexell como embajadora extraordinaria y plenipotenciaria de la Rep\u00fablica Argentina en Canad\u00e1, a partir de la aprobaci\u00f3n del pl\u00e1cet de estilo correspondiente para la funcionaria. El avance, a su vez, se debi\u00f3 al acuerdo obtenido en un debate en el Senado que tuvo lugar [&hellip;]<\/p>\n","protected":false},"author":1,"featured_media":8534,"comment_status":"open","ping_status":"open","sticky":false,"template":"","format":"standard","meta":{"footnotes":""},"categories":[1],"tags":[],"class_list":["post-8533","post","type-post","status-publish","format-standard","has-post-thumbnail","hentry","category-uncategorized"],"_links":{"self":[{"href":"https:\/\/cliente1.publisher.highstack.com.ar\/index.php?rest_route=\/wp\/v2\/posts\/8533","targetHints":{"allow":["GET"]}}],"collection":[{"href":"https:\/\/cliente1.publisher.highstack.com.ar\/index.php?rest_route=\/wp\/v2\/posts"}],"about":[{"href":"https:\/\/cliente1.publisher.highstack.com.ar\/index.php?rest_route=\/wp\/v2\/types\/post"}],"author":[{"embeddable":true,"href":"https:\/\/cliente1.publisher.highstack.com.ar\/index.php?rest_route=\/wp\/v2\/users\/1"}],"replies":[{"embeddable":true,"href":"https:\/\/cliente1.publisher.highstack.com.ar\/index.php?rest_route=%2Fwp%2Fv2%2Fcomments&post=8533"}],"version-history":[{"count":0,"href":"https:\/\/cliente1.publisher.highstack.com.ar\/index.php?rest_route=\/wp\/v2\/posts\/8533\/revisions"}],"wp:featuredmedia":[{"embeddable":true,"href":"https:\/\/cliente1.publisher.highstack.com.ar\/index.php?rest_route=\/wp\/v2\/media\/8534"}],"wp:attachment":[{"href":"https:\/\/cliente1.publisher.highstack.com.ar\/index.php?rest_route=%2Fwp%2Fv2%2Fmedia&parent=8533"}],"wp:term":[{"taxonomy":"category","embeddable":true,"href":"https:\/\/cliente1.publisher.highstack.com.ar\/index.php?rest_route=%2Fwp%2Fv2%2Fcategories&post=8533"},{"taxonomy":"post_tag","embeddable":true,"href":"https:\/\/cliente1.publisher.highstack.com.ar\/index.php?rest_route=%2Fwp%2Fv2%2Ftags&post=8533"}],"curies":[{"name":"wp","href":"https:\/\/api.w.org\/{rel}","templated":true}]}}