{"id":8531,"date":"2026-04-30T03:43:48","date_gmt":"2026-04-30T06:43:48","guid":{"rendered":"https:\/\/cliente1.publisher.highstack.com.ar\/?p=8531"},"modified":"2026-04-30T03:43:48","modified_gmt":"2026-04-30T06:43:48","slug":"aumenta-el-gas-aprobaron-los-nuevos-cuadros-tarifarios-que-regiran-a-partir-de-mayo","status":"publish","type":"post","link":"https:\/\/cliente1.publisher.highstack.com.ar\/?p=8531","title":{"rendered":"Aumenta el gas: aprobaron los nuevos cuadros tarifarios que regir\u00e1n a partir de mayo"},"content":{"rendered":"<div class=\"visual__image image-initial-width\"><picture><source srcset=\"https:\/\/www.infobae.com\/resizer\/v2\/2LLLFSHSBBBP7FUBG7AZIFVFVY.jpg?auth=5375e5284101d8c375c8938eff13be326725e4b24e68854f5208e1e0fe291c6e&amp;smart=true&amp;width=992&amp;height=556&amp;quality=85\" media=\"(min-width: 1000px)\"><\/source><source srcset=\"https:\/\/www.infobae.com\/resizer\/v2\/2LLLFSHSBBBP7FUBG7AZIFVFVY.jpg?auth=5375e5284101d8c375c8938eff13be326725e4b24e68854f5208e1e0fe291c6e&amp;smart=true&amp;width=768&amp;height=430&amp;quality=85\" media=\"(min-width: 768px)\"><\/source><source srcset=\"https:\/\/www.infobae.com\/resizer\/v2\/2LLLFSHSBBBP7FUBG7AZIFVFVY.jpg?auth=5375e5284101d8c375c8938eff13be326725e4b24e68854f5208e1e0fe291c6e&amp;smart=true&amp;width=577&amp;height=323&amp;quality=85\" media=\"(min-width: 580px)\"><\/source><source srcset=\"https:\/\/www.infobae.com\/resizer\/v2\/2LLLFSHSBBBP7FUBG7AZIFVFVY.jpg?auth=5375e5284101d8c375c8938eff13be326725e4b24e68854f5208e1e0fe291c6e&amp;smart=true&amp;width=420&amp;height=235&amp;quality=85\" media=\"(min-width: 350px)\"><\/source><source srcset=\"https:\/\/www.infobae.com\/resizer\/v2\/2LLLFSHSBBBP7FUBG7AZIFVFVY.jpg?auth=5375e5284101d8c375c8938eff13be326725e4b24e68854f5208e1e0fe291c6e&amp;smart=true&amp;width=350&amp;height=196&amp;quality=85\" media=\"(min-width: 80px)\"><\/source><img alt=\"Una hornalla encendida - (Imagen Ilustrativa Infobae)\" class=\"global-image\" decoding=\"async\" fetchpriority=\"high\" height=\"816\" loading=\"eager\" src=\"https:\/\/www.infobae.com\/resizer\/v2\/2LLLFSHSBBBP7FUBG7AZIFVFVY.jpg?auth=5375e5284101d8c375c8938eff13be326725e4b24e68854f5208e1e0fe291c6e&amp;smart=true&amp;width=350&amp;height=196&amp;quality=85\" width=\"1456\"><\/picture><\/div>\n<p class=\"paragraph\">En el mes de mayo, los bolsillos de los<b> usuarios <\/b>sufrir\u00e1n un nuevo golpe, con el aumento de las <a rel=\"noopener noreferrer\" href=\"https:\/\/www.infobae.com\/tag\/gas\/\" target=\"_blank\" title=\"https:\/\/www.infobae.com\/tag\/gas\/\"><b>boletas de gas<\/b><\/a>. Esta madrugada el Gobierno aprob\u00f3 los nuevos cuadros tarifarios que regir\u00e1n a partir de este viernes. <\/p>\n<p class=\"paragraph\">Los nuevos valores quedaron establecidos mediante la publicaci\u00f3n de las <b>resoluciones 463\/2026 y 466\/2026<\/b>,<b> <\/b>publicadas hoy en el <b>Bolet\u00edn Oficial<\/b>. De esta manera, <b>los usuarios residenciales y comerciales ver\u00e1n reflejados en sus facturas los valores establecidos<\/b>.<\/p>\n<div class=\"inline ad-wrapper dfpAd ad-inline ad-text ad-component-container\" style=\"--ad-shell-height:250px;--ad-shell-width:300px\" data-ad-wrapper=\"arcad\" data-ad-type=\"inline\" data-ad-slot=\"infobae\/economia\/nota\/inline\" data-ad-container=\"dfp\" data-ad-slot-name=\"infobae\/economia\/nota\/inline\">\n<p class=\"ad-shell-label\">PUBLICIDAD<\/p>\n<div id=\"infobae\/economia\/nota\/inline\" class=\"infobae\/economia\/nota\/inline arcad ad-slot-node ad-slot-node--boxed\" data-ad-slot-id=\"infobae\/economia\/nota\/inline\"><\/div>\n<\/div>\n<p class=\"paragraph\">El ajuste tarifario contempla la incorporaci\u00f3n del <b>Precio Anual Uniforme (PAU)<\/b>, que ser\u00e1 trasladado a los usuarios finales seg\u00fan lo dispuesto por la Secretar\u00eda de Energ\u00eda. Este precio, calculado en d\u00f3lares estadounidenses por mill\u00f3n de BTU y convertido al tipo de cambio promedio del Banco de la Naci\u00f3n Argentina,<b> busca unificar el valor del gas en todo el sistema de transporte y distribuci\u00f3n<\/b>. Adem\u00e1s, la resoluci\u00f3n establece que la facturaci\u00f3n deber\u00e1 incluir, en los casos que corresponda, las bonificaciones previstas en el r\u00e9gimen de <b>Subsidios Energ\u00e9ticos Focalizados (SEF)<\/b>, destinado a proteger a los hogares vulnerables.<\/p>\n<p class=\"paragraph\"><b>Las nuevas tarifas se enmarcan en la profunda reconfiguraci\u00f3n del sistema de transporte de gas natural<\/b> impulsada por la Secretar\u00eda de Energ\u00eda. Esta normativa <b>orden\u00f3 la reasignaci\u00f3n de capacidades de transporte y la definici\u00f3n de rutas espec\u00edficas para cada licenciataria, incluidas nuevas reglas para la asignaci\u00f3n de capacidad disponible<\/b>. El objetivo declarado es garantizar la seguridad de abastecimiento, la eficiencia operativa y la equidad en el acceso al servicio.<\/p>\n<div class=\"inline_2 ad-wrapper dfpAd ad-inline ad-text ad-component-container\" style=\"--ad-shell-height:250px;--ad-shell-width:300px\" data-ad-wrapper=\"arcad\" data-ad-type=\"inline_2\" data-ad-slot=\"infobae\/economia\/nota\/inline_2\" data-ad-container=\"dfp\" data-ad-slot-name=\"infobae\/economia\/nota\/inline_2\">\n<p class=\"ad-shell-label\">PUBLICIDAD<\/p>\n<div id=\"infobae\/economia\/nota\/inline_2\" class=\"infobae\/economia\/nota\/inline_2 arcad ad-slot-node ad-slot-node--boxed\" data-ad-slot-id=\"infobae\/economia\/nota\/inline_2\"><\/div>\n<\/div>\n<div class=\"visual__image\"><picture><source srcset=\"https:\/\/www.infobae.com\/resizer\/v2\/QIPJP527UVAXRAVCGPTVGDIBFA.jpg?auth=af04a116a68c87eff17961b421d43785b09e9497c011aeaba2504213a1dbed9b&amp;smart=true&amp;width=992&amp;height=556&amp;quality=85\" media=\"(min-width: 1000px)\"><\/source><source srcset=\"https:\/\/www.infobae.com\/resizer\/v2\/QIPJP527UVAXRAVCGPTVGDIBFA.jpg?auth=af04a116a68c87eff17961b421d43785b09e9497c011aeaba2504213a1dbed9b&amp;smart=true&amp;width=768&amp;height=430&amp;quality=85\" media=\"(min-width: 768px)\"><\/source><source srcset=\"https:\/\/www.infobae.com\/resizer\/v2\/QIPJP527UVAXRAVCGPTVGDIBFA.jpg?auth=af04a116a68c87eff17961b421d43785b09e9497c011aeaba2504213a1dbed9b&amp;smart=true&amp;width=577&amp;height=323&amp;quality=85\" media=\"(min-width: 580px)\"><\/source><source srcset=\"https:\/\/www.infobae.com\/resizer\/v2\/QIPJP527UVAXRAVCGPTVGDIBFA.jpg?auth=af04a116a68c87eff17961b421d43785b09e9497c011aeaba2504213a1dbed9b&amp;smart=true&amp;width=420&amp;height=235&amp;quality=85\" media=\"(min-width: 350px)\"><\/source><source srcset=\"https:\/\/www.infobae.com\/resizer\/v2\/QIPJP527UVAXRAVCGPTVGDIBFA.jpg?auth=af04a116a68c87eff17961b421d43785b09e9497c011aeaba2504213a1dbed9b&amp;smart=true&amp;width=350&amp;height=196&amp;quality=85\" media=\"(min-width: 80px)\"><\/source><img alt=\"(Imagen Ilustrativa Infobae)\" class=\"global-image\" decoding=\"async\" fetchpriority=\"low\" height=\"816\" loading=\"lazy\" src=\"https:\/\/www.infobae.com\/resizer\/v2\/QIPJP527UVAXRAVCGPTVGDIBFA.jpg?auth=af04a116a68c87eff17961b421d43785b09e9497c011aeaba2504213a1dbed9b&amp;smart=true&amp;width=350&amp;height=196&amp;quality=85\" width=\"1456\"><\/picture><\/div>\n<p class=\"paragraph\">Las empresas obligadas a suscribir los contratos de transporte conforme los lineamientos oficiales en un plazo de diez d\u00edas h\u00e1biles administrativos. El incumplimiento de esta obligaci\u00f3n habilita a la autoridad regulatoria a iniciar un procedimiento sancionatorio, lo que podr\u00eda acarrear consecuencias sobre la seguridad del suministro para los usuarios del \u00e1rea licenciada.<\/p>\n<p class=\"paragraph\">El nuevo esquema tarifario aprobado contempla diversos componentes: la actualizaci\u00f3n dispuesta por la revisi\u00f3n quinquenal de tarifas efectuada en 2025, la variaci\u00f3n mensual de \u00edndices econ\u00f3micos, y el reconocimiento de las <b>Diferencias Diarias Acumuladas (DDA)<\/b>, un mecanismo que permite ajustar las tarifas en funci\u00f3n de las diferencias entre precios estimados y reales del gas adquirido y vendido por la distribuidora.<\/p>\n<div class=\"ad_1 ad-wrapper dfpAd ad-1-al-6 ad-text ad-component-container\" style=\"--ad-shell-height:250px;--ad-shell-width:300px\" data-ad-wrapper=\"arcad\" data-ad-type=\"ad_1\" data-ad-slot=\"infobae\/economia\/nota\/ad_1\" data-ad-container=\"dfp\" data-ad-slot-name=\"infobae\/economia\/nota\/ad_1\">\n<p class=\"ad-shell-label\">PUBLICIDAD<\/p>\n<div id=\"infobae\/economia\/nota\/ad_1\" class=\"infobae\/economia\/nota\/ad_1 arcad ad-slot-node ad-slot-node--boxed\" data-ad-slot-id=\"infobae\/economia\/nota\/ad_1\"><\/div>\n<\/div>\n<p class=\"paragraph\">El <b>Precio Anual Uniforme (PAU)<\/b>, central en la estructura tarifaria, se aplica a todos los contratos y acuerdos de abastecimiento vigentes en el marco del Plan Gas.Ar. De igual forma, este precio no aplicar\u00e1 sobre los beneficiarios del SEF, r\u00e9gimen que mantiene los bloques de consumo base y otorga bonificaciones autom\u00e1ticas a los hogares vulnerables.<\/p>\n<div class=\"visual__image\"><picture><source srcset=\"https:\/\/www.infobae.com\/resizer\/v2\/O5CQA7VQUJE4RCTFXWXFEKWXBI.jpg?auth=cc2b2ae9096d7a9a73b6ff773114ccb8d76364de11462e9e9ec2fd60a87b060b&amp;smart=true&amp;width=992&amp;height=558&amp;quality=85\" media=\"(min-width: 1000px)\"><\/source><source srcset=\"https:\/\/www.infobae.com\/resizer\/v2\/O5CQA7VQUJE4RCTFXWXFEKWXBI.jpg?auth=cc2b2ae9096d7a9a73b6ff773114ccb8d76364de11462e9e9ec2fd60a87b060b&amp;smart=true&amp;width=768&amp;height=432&amp;quality=85\" media=\"(min-width: 768px)\"><\/source><source srcset=\"https:\/\/www.infobae.com\/resizer\/v2\/O5CQA7VQUJE4RCTFXWXFEKWXBI.jpg?auth=cc2b2ae9096d7a9a73b6ff773114ccb8d76364de11462e9e9ec2fd60a87b060b&amp;smart=true&amp;width=577&amp;height=325&amp;quality=85\" media=\"(min-width: 580px)\"><\/source><source srcset=\"https:\/\/www.infobae.com\/resizer\/v2\/O5CQA7VQUJE4RCTFXWXFEKWXBI.jpg?auth=cc2b2ae9096d7a9a73b6ff773114ccb8d76364de11462e9e9ec2fd60a87b060b&amp;smart=true&amp;width=420&amp;height=236&amp;quality=85\" media=\"(min-width: 350px)\"><\/source><source srcset=\"https:\/\/www.infobae.com\/resizer\/v2\/O5CQA7VQUJE4RCTFXWXFEKWXBI.jpg?auth=cc2b2ae9096d7a9a73b6ff773114ccb8d76364de11462e9e9ec2fd60a87b060b&amp;smart=true&amp;width=350&amp;height=197&amp;quality=85\" media=\"(min-width: 80px)\"><\/source><img alt=\"Calefacci\u00f3n Vivienda\" class=\"global-image\" decoding=\"async\" fetchpriority=\"low\" height=\"1080\" loading=\"lazy\" src=\"https:\/\/www.infobae.com\/resizer\/v2\/O5CQA7VQUJE4RCTFXWXFEKWXBI.jpg?auth=cc2b2ae9096d7a9a73b6ff773114ccb8d76364de11462e9e9ec2fd60a87b060b&amp;smart=true&amp;width=350&amp;height=197&amp;quality=85\" width=\"1920\"><\/picture><\/div>\n<p class=\"paragraph\">La aprobaci\u00f3n de los cuadros tarifarios representa un paso clave en la modernizaci\u00f3n y ordenamiento del sector energ\u00e9tico, en un contexto de emergencia y transici\u00f3n regulatoria. La medida busca equilibrar la sustentabilidad econ\u00f3mica del sistema, la protecci\u00f3n de los usuarios vulnerables y la transparencia en la gesti\u00f3n de los servicios p\u00fablicos.<\/p>\n<div class=\"ad_2 ad-wrapper dfpAd ad-1-al-6 ad-text ad-component-container\" style=\"--ad-shell-height:250px;--ad-shell-width:300px\" data-ad-wrapper=\"arcad\" data-ad-type=\"ad_2\" data-ad-slot=\"infobae\/economia\/nota\/ad_2\" data-ad-container=\"dfp\" data-ad-slot-name=\"infobae\/economia\/nota\/ad_2\">\n<p class=\"ad-shell-label\">PUBLICIDAD<\/p>\n<div id=\"infobae\/economia\/nota\/ad_2\" class=\"infobae\/economia\/nota\/ad_2 arcad ad-slot-node ad-slot-node--boxed\" data-ad-slot-id=\"infobae\/economia\/nota\/ad_2\"><\/div>\n<\/div>\n<p class=\"paragraph\">En el caso del <b>\u00c1rea Metropolitana de Buenos Aires (AMBA)<\/b>, a partir del 1\u00b0 de mayo de 2026, los usuarios deber\u00e1n pagar los nuevos valores establecidos en los cuadros tarifarios oficiales, que definen cargos fijos y variables seg\u00fan la categor\u00eda y la zona de prestaci\u00f3n.<\/p>\n<p class=\"paragraph\"><b>En la Ciudad de Buenos Aires y el conurbano bonaerense, los usuarios residenciales sin subsidios afrontar\u00e1n cargos fijos mensuales que dependen del consumo anual. <\/b>En los segmentos de mayor demanda (R4), el cargo por consumo asciende a $426,68 por metro c\u00fabico en <b>Ciudad de Buenos Aires<\/b> y a $387,12 en provincia de Buenos Aires, mientras que para el resto de los usuarios residenciales la tarifa se establece en $281,33 por metro c\u00fabico en ambas jurisdicciones. <\/p>\n<div class=\"ad_3 ad-wrapper dfpAd ad-1-al-6 ad-text ad-component-container\" style=\"--ad-shell-height:250px;--ad-shell-width:300px\" data-ad-wrapper=\"arcad\" data-ad-type=\"ad_3\" data-ad-slot=\"infobae\/economia\/nota\/ad_3\" data-ad-container=\"dfp\" data-ad-slot-name=\"infobae\/economia\/nota\/ad_3\">\n<p class=\"ad-shell-label\">PUBLICIDAD<\/p>\n<div id=\"infobae\/economia\/nota\/ad_3\" class=\"infobae\/economia\/nota\/ad_3 arcad ad-slot-node ad-slot-node--boxed\" data-ad-slot-id=\"infobae\/economia\/nota\/ad_3\"><\/div>\n<\/div>\n<p class=\"paragraph\">Los valores del cargo fijo mensual tambi\u00e9n var\u00edan de acuerdo a la categor\u00eda: en la escala R1, los usuarios abonan $3.976,22 en la ciudad y $4.591,88 en la provincia, y en la categor\u00eda R4, el importe sube a $94.995,74 en la Capital Federal y a $51.624,44 en territorio bonaerense. Las categor\u00edas intermedias presentan incrementos progresivos entre ambos extremos.<\/p>\n<div id=\"fusion-static-enter:raw_html_raw_html14\" style=\"display:none\" data-fusion-component=\"raw_html_raw_html14\"><\/div>\n<div class=\"rawHTML raw_html \"><iframe loading=\"lazy\" src=\"https:\/\/drive.google.com\/file\/d\/1gBr5ZvOGFj0Q8yBGb93M1sOKgNAdlkFf\/preview\" width=\"100%\" height=\"480\"><\/iframe><\/div>\n<div id=\"fusion-static-exit:raw_html_raw_html14\" style=\"display:none\" data-fusion-component=\"raw_html_raw_html14\"><\/div>\n","protected":false},"excerpt":{"rendered":"<p>En el mes de mayo, los bolsillos de los usuarios sufrir\u00e1n un nuevo golpe, con el aumento de las boletas de gas. Esta madrugada el Gobierno aprob\u00f3 los nuevos cuadros tarifarios que regir\u00e1n a partir de este viernes. Los nuevos valores quedaron establecidos mediante la publicaci\u00f3n de las resoluciones 463\/2026 y 466\/2026, publicadas hoy en [&hellip;]<\/p>\n","protected":false},"author":1,"featured_media":8532,"comment_status":"open","ping_status":"open","sticky":false,"template":"","format":"standard","meta":{"footnotes":""},"categories":[1],"tags":[],"class_list":["post-8531","post","type-post","status-publish","format-standard","has-post-thumbnail","hentry","category-uncategorized"],"_links":{"self":[{"href":"https:\/\/cliente1.publisher.highstack.com.ar\/index.php?rest_route=\/wp\/v2\/posts\/8531","targetHints":{"allow":["GET"]}}],"collection":[{"href":"https:\/\/cliente1.publisher.highstack.com.ar\/index.php?rest_route=\/wp\/v2\/posts"}],"about":[{"href":"https:\/\/cliente1.publisher.highstack.com.ar\/index.php?rest_route=\/wp\/v2\/types\/post"}],"author":[{"embeddable":true,"href":"https:\/\/cliente1.publisher.highstack.com.ar\/index.php?rest_route=\/wp\/v2\/users\/1"}],"replies":[{"embeddable":true,"href":"https:\/\/cliente1.publisher.highstack.com.ar\/index.php?rest_route=%2Fwp%2Fv2%2Fcomments&post=8531"}],"version-history":[{"count":0,"href":"https:\/\/cliente1.publisher.highstack.com.ar\/index.php?rest_route=\/wp\/v2\/posts\/8531\/revisions"}],"wp:featuredmedia":[{"embeddable":true,"href":"https:\/\/cliente1.publisher.highstack.com.ar\/index.php?rest_route=\/wp\/v2\/media\/8532"}],"wp:attachment":[{"href":"https:\/\/cliente1.publisher.highstack.com.ar\/index.php?rest_route=%2Fwp%2Fv2%2Fmedia&parent=8531"}],"wp:term":[{"taxonomy":"category","embeddable":true,"href":"https:\/\/cliente1.publisher.highstack.com.ar\/index.php?rest_route=%2Fwp%2Fv2%2Fcategories&post=8531"},{"taxonomy":"post_tag","embeddable":true,"href":"https:\/\/cliente1.publisher.highstack.com.ar\/index.php?rest_route=%2Fwp%2Fv2%2Ftags&post=8531"}],"curies":[{"name":"wp","href":"https:\/\/api.w.org\/{rel}","templated":true}]}}