{"id":8527,"date":"2026-04-30T01:43:47","date_gmt":"2026-04-30T04:43:47","guid":{"rendered":"https:\/\/cliente1.publisher.highstack.com.ar\/?p=8527"},"modified":"2026-04-30T01:43:47","modified_gmt":"2026-04-30T04:43:47","slug":"el-mapa-de-la-marcha-a-plaza-de-mayo-por-el-dia-del-trabajador-convocada-por-la-cgta-partir-de-las-11-de-la-manana-las-principales-columnas-ingresaran-por-avenida-de-mayo-y-9-de-julio-diagonal-norte","status":"publish","type":"post","link":"https:\/\/cliente1.publisher.highstack.com.ar\/?p=8527","title":{"rendered":"El mapa de la marcha a Plaza de Mayo por el D\u00eda del Trabajador convocada por la CGTA partir de las 11 de la ma\u00f1ana, las principales columnas ingresar\u00e1n por Avenida de Mayo y 9 de Julio; Diagonal Norte y 9 de Julio Diagonal Sur y Avenida 9 de Julio. Tambi\u00e9n participar\u00e1n organizaciones sociales"},"content":{"rendered":"<div class=\"visual__image image-initial-width\"><picture><source srcset=\"https:\/\/www.infobae.com\/resizer\/v2\/WYPHMUQSBNE6NIYUYVWVTNPHI4.jpg?auth=7aa79bd92a726b64d98bedca87c45cbc44a4044a070b1d4477fe1b53f9402637&amp;smart=true&amp;width=992&amp;height=661&amp;quality=85\" media=\"(min-width: 1000px)\"><\/source><source srcset=\"https:\/\/www.infobae.com\/resizer\/v2\/WYPHMUQSBNE6NIYUYVWVTNPHI4.jpg?auth=7aa79bd92a726b64d98bedca87c45cbc44a4044a070b1d4477fe1b53f9402637&amp;smart=true&amp;width=768&amp;height=512&amp;quality=85\" media=\"(min-width: 768px)\"><\/source><source srcset=\"https:\/\/www.infobae.com\/resizer\/v2\/WYPHMUQSBNE6NIYUYVWVTNPHI4.jpg?auth=7aa79bd92a726b64d98bedca87c45cbc44a4044a070b1d4477fe1b53f9402637&amp;smart=true&amp;width=577&amp;height=385&amp;quality=85\" media=\"(min-width: 580px)\"><\/source><source srcset=\"https:\/\/www.infobae.com\/resizer\/v2\/WYPHMUQSBNE6NIYUYVWVTNPHI4.jpg?auth=7aa79bd92a726b64d98bedca87c45cbc44a4044a070b1d4477fe1b53f9402637&amp;smart=true&amp;width=420&amp;height=280&amp;quality=85\" media=\"(min-width: 350px)\"><\/source><source srcset=\"https:\/\/www.infobae.com\/resizer\/v2\/WYPHMUQSBNE6NIYUYVWVTNPHI4.jpg?auth=7aa79bd92a726b64d98bedca87c45cbc44a4044a070b1d4477fe1b53f9402637&amp;smart=true&amp;width=350&amp;height=233&amp;quality=85\" media=\"(min-width: 80px)\"><\/source><img alt=\"Marcha D\u00eda del Trabajador 2024 - 1 de mayo\" class=\"global-image\" decoding=\"async\" fetchpriority=\"high\" height=\"2000\" loading=\"eager\" src=\"https:\/\/www.infobae.com\/resizer\/v2\/WYPHMUQSBNE6NIYUYVWVTNPHI4.jpg?auth=7aa79bd92a726b64d98bedca87c45cbc44a4044a070b1d4477fe1b53f9402637&amp;smart=true&amp;width=350&amp;height=233&amp;quality=85\" width=\"3000\"><\/picture><\/div>\n<p class=\"paragraph\">A partir de las 11 de la ma\u00f1ana, el centro porte\u00f1o ver\u00e1 modificada su habitual escenograf\u00eda: miles de manifestantes, detr\u00e1s de pancartas, banderas de agrupaciones gremiales y movimientos sociales, se concentrar\u00e1n para marchar, colapsando las arterias principales, hacia<a rel=\"noopener noreferrer\" href=\"https:\/\/www.infobae.com\/tag\/plaza-de-mayo\/\" target=\"_blank\" title=\"https:\/\/www.infobae.com\/tag\/plaza-de-mayo\/\"> <b>Plaza de Mayo<\/b><\/a>. <a rel=\"noopener noreferrer\" href=\"https:\/\/www.infobae.com\/politica\/2026\/04\/09\/la-cgt-anuncio-una-movilizacion-a-plaza-de-mayo-para-el-30-de-abril\/\" target=\"_blank\" title=\"https:\/\/www.infobae.com\/politica\/2026\/04\/09\/la-cgt-anuncio-una-movilizacion-a-plaza-de-mayo-para-el-30-de-abril\/\"><b>El acto central convocado por la CGT <\/b><\/a><b>est\u00e1 previsto para las 15 horas.<\/b> All\u00ed se leer\u00e1 un documento con consignas y cr\u00edticas sobre las pol\u00edticas que lleva adelante el gobierno de <b>Javier Milei<\/b>.<\/p>\n<p class=\"paragraph\">Entre las principales arterias, que estar\u00e1n congestionadas por las columnas que marchar\u00e1n a la hist\u00f3rica plaza, sobresalen: <b>Avenida de Mayo, Bernardo de Yrigoyen, Entre R\u00edos y su continuaci\u00f3n, Callao; Luis S\u00e1enz Pe\u00f1a, Virrey Ceballos, Avenida 9 de Julio, Diagonal Sur, Alsina, Carlos Calvo y Avenida Belgrano,<\/b> entre otras.<\/p>\n<div class=\"inline ad-wrapper dfpAd ad-inline ad-text ad-component-container\" style=\"--ad-shell-height:250px;--ad-shell-width:300px\" data-ad-wrapper=\"arcad\" data-ad-type=\"inline\" data-ad-slot=\"infobae\/politica\/nota\/inline\" data-ad-container=\"dfp\" data-ad-slot-name=\"infobae\/politica\/nota\/inline\">\n<p class=\"ad-shell-label\">PUBLICIDAD<\/p>\n<div id=\"infobae\/politica\/nota\/inline\" class=\"infobae\/politica\/nota\/inline arcad ad-slot-node ad-slot-node--boxed\" data-ad-slot-id=\"infobae\/politica\/nota\/inline\"><\/div>\n<\/div>\n<p class=\"paragraph\">Esas arterias ser\u00e1n puntos de concentraci\u00f3n de movimientos sociales enrolados en la <b>Uni\u00f3n Trabajadores de la Econom\u00eda Popular (UTEP); la Asociaci\u00f3n de Trabajadores del Estado (ATE); Bancarios; el Sindicato de Trabajadores de la Industria de la Alimentaci\u00f3n (SITIA); organizaciones de jubilados; el gremio de Camioneros; UOCRA; UDA y buena parte de los gremios que conforman la CGT.<\/b> Las dos CTA y partidos y organizaciones de izquierda anticiparon que no coincidir\u00e1n en el mismo acto para conmemorar el <b>D\u00eda del Trabajador<\/b>.<\/p>\n<div class=\"visual__image\"><picture><source srcset=\"https:\/\/www.infobae.com\/resizer\/v2\/HHRP7FIASJHCLBWTCGK3SJT3XE.jpg?auth=9a5d6aba9ea2cd62d291dfd892b441386fb3c1e61ce7cd73b6c0a5765906feee&amp;smart=true&amp;width=992&amp;height=1464&amp;quality=85\" media=\"(min-width: 1000px)\"><\/source><source srcset=\"https:\/\/www.infobae.com\/resizer\/v2\/HHRP7FIASJHCLBWTCGK3SJT3XE.jpg?auth=9a5d6aba9ea2cd62d291dfd892b441386fb3c1e61ce7cd73b6c0a5765906feee&amp;smart=true&amp;width=768&amp;height=1134&amp;quality=85\" media=\"(min-width: 768px)\"><\/source><source srcset=\"https:\/\/www.infobae.com\/resizer\/v2\/HHRP7FIASJHCLBWTCGK3SJT3XE.jpg?auth=9a5d6aba9ea2cd62d291dfd892b441386fb3c1e61ce7cd73b6c0a5765906feee&amp;smart=true&amp;width=577&amp;height=852&amp;quality=85\" media=\"(min-width: 580px)\"><\/source><source srcset=\"https:\/\/www.infobae.com\/resizer\/v2\/HHRP7FIASJHCLBWTCGK3SJT3XE.jpg?auth=9a5d6aba9ea2cd62d291dfd892b441386fb3c1e61ce7cd73b6c0a5765906feee&amp;smart=true&amp;width=420&amp;height=620&amp;quality=85\" media=\"(min-width: 350px)\"><\/source><source srcset=\"https:\/\/www.infobae.com\/resizer\/v2\/HHRP7FIASJHCLBWTCGK3SJT3XE.jpg?auth=9a5d6aba9ea2cd62d291dfd892b441386fb3c1e61ce7cd73b6c0a5765906feee&amp;smart=true&amp;width=350&amp;height=517&amp;quality=85\" media=\"(min-width: 80px)\"><\/source><img alt=\"Imagen HHRP7FIASJHCLBWTCGK3SJT3XE\" class=\"global-image\" decoding=\"async\" fetchpriority=\"low\" height=\"1594\" loading=\"lazy\" src=\"https:\/\/www.infobae.com\/resizer\/v2\/HHRP7FIASJHCLBWTCGK3SJT3XE.jpg?auth=9a5d6aba9ea2cd62d291dfd892b441386fb3c1e61ce7cd73b6c0a5765906feee&amp;smart=true&amp;width=350&amp;height=517&amp;quality=85\" width=\"1080\"><\/picture><\/div>\n<p class=\"paragraph\">El Gobierno ya anunci\u00f3 que desde las 13 implementar\u00e1 \u201ccortes de tr\u00e1nsito conforme se vayan sumando manifestantes\u201d. Los principales despliegues estar\u00e1n en<b> <\/b>Avenida de Mayo y 9 de Julio; Diagonal Norte y 9 de Julio Diagonal Sur y la Avenida 9 de Julio.<\/p>\n<div class=\"inline_2 ad-wrapper dfpAd ad-inline ad-text ad-component-container\" style=\"--ad-shell-height:250px;--ad-shell-width:300px\" data-ad-wrapper=\"arcad\" data-ad-type=\"inline_2\" data-ad-slot=\"infobae\/politica\/nota\/inline_2\" data-ad-container=\"dfp\" data-ad-slot-name=\"infobae\/politica\/nota\/inline_2\">\n<p class=\"ad-shell-label\">PUBLICIDAD<\/p>\n<div id=\"infobae\/politica\/nota\/inline_2\" class=\"infobae\/politica\/nota\/inline_2 arcad ad-slot-node ad-slot-node--boxed\" data-ad-slot-id=\"infobae\/politica\/nota\/inline_2\"><\/div>\n<\/div>\n<p class=\"paragraph\">La<b> Polic\u00eda de la Ciudad <\/b>desplegar\u00e1 un operativo para monitorear la marcha y acompa\u00f1ar a las distintas columnas y las Fuerzas Federal estar\u00e1n detr\u00e1s del vallado de Casa de Gobierno.<\/p>\n<p class=\"paragraph\">Desde la cartera de <b>Seguridad de la Naci\u00f3n<\/b>, a cargo de <b>Alejandra Monteoliva<\/b> se advirti\u00f3 que el Gobierno prepara un operativo de seguridad especial para la movilizaci\u00f3n de la CGT. El despliegue <b>incluir\u00e1 vallado en la zona de Plaza de Mayo, controles en accesos a la Ciudad y el despliegue de alrededor de 1.000 efectivos.<\/b><\/p>\n<div class=\"ad_1 ad-wrapper dfpAd ad-1-al-6 ad-text ad-component-container\" style=\"--ad-shell-height:250px;--ad-shell-width:300px\" data-ad-wrapper=\"arcad\" data-ad-type=\"ad_1\" data-ad-slot=\"infobae\/politica\/nota\/ad_1\" data-ad-container=\"dfp\" data-ad-slot-name=\"infobae\/politica\/nota\/ad_1\">\n<p class=\"ad-shell-label\">PUBLICIDAD<\/p>\n<div id=\"infobae\/politica\/nota\/ad_1\" class=\"infobae\/politica\/nota\/ad_1 arcad ad-slot-node ad-slot-node--boxed\" data-ad-slot-id=\"infobae\/politica\/nota\/ad_1\"><\/div>\n<\/div>\n<p class=\"paragraph\">Las ordenes son claras, se buscar\u00e1 sostener el <b>protocolo antipiquetes<\/b> sin elevar la confrontaci\u00f3n con los manifestantes. El vallado busca evitar el contacto directo entre columnas sindicales y fuerzas federales, as\u00ed como contener la protesta sin incidentes frente a edificios p\u00fablicos, ya que se espera que la concentraci\u00f3n sea muy numerosa.<\/p>\n<p class=\"paragraph\">Volviendo a los organizadores por el D\u00eda del Trabajador, la<b> Asociaci\u00f3n de Trabajadores del Estado (ATE) anunci\u00f3 un paro en organismos estatales para facilitar la marcha.<\/b> La jornada no implica un paro general nacional, pero puede afectar dependencias p\u00fablicas, tr\u00e1nsito en el centro porte\u00f1o, tr\u00e1mites, vuelos y servicios con guardias reducidas.<\/p>\n<div class=\"ad_2 ad-wrapper dfpAd ad-1-al-6 ad-text ad-component-container\" style=\"--ad-shell-height:250px;--ad-shell-width:300px\" data-ad-wrapper=\"arcad\" data-ad-type=\"ad_2\" data-ad-slot=\"infobae\/politica\/nota\/ad_2\" data-ad-container=\"dfp\" data-ad-slot-name=\"infobae\/politica\/nota\/ad_2\">\n<p class=\"ad-shell-label\">PUBLICIDAD<\/p>\n<div id=\"infobae\/politica\/nota\/ad_2\" class=\"infobae\/politica\/nota\/ad_2 arcad ad-slot-node ad-slot-node--boxed\" data-ad-slot-id=\"infobae\/politica\/nota\/ad_2\"><\/div>\n<\/div>\n<div class=\"visual__image\"><picture><source srcset=\"https:\/\/www.infobae.com\/resizer\/v2\/IT5YH4HCWVBTRLYQPEAJZFFV4M.jpeg?auth=b192942c0232e50711aee539ca823a068c360aae411f859fd56f81343758b79a&amp;smart=true&amp;width=992&amp;height=558&amp;quality=85\" media=\"(min-width: 1000px)\"><\/source><source srcset=\"https:\/\/www.infobae.com\/resizer\/v2\/IT5YH4HCWVBTRLYQPEAJZFFV4M.jpeg?auth=b192942c0232e50711aee539ca823a068c360aae411f859fd56f81343758b79a&amp;smart=true&amp;width=768&amp;height=432&amp;quality=85\" media=\"(min-width: 768px)\"><\/source><source srcset=\"https:\/\/www.infobae.com\/resizer\/v2\/IT5YH4HCWVBTRLYQPEAJZFFV4M.jpeg?auth=b192942c0232e50711aee539ca823a068c360aae411f859fd56f81343758b79a&amp;smart=true&amp;width=577&amp;height=325&amp;quality=85\" media=\"(min-width: 580px)\"><\/source><source srcset=\"https:\/\/www.infobae.com\/resizer\/v2\/IT5YH4HCWVBTRLYQPEAJZFFV4M.jpeg?auth=b192942c0232e50711aee539ca823a068c360aae411f859fd56f81343758b79a&amp;smart=true&amp;width=420&amp;height=236&amp;quality=85\" media=\"(min-width: 350px)\"><\/source><source srcset=\"https:\/\/www.infobae.com\/resizer\/v2\/IT5YH4HCWVBTRLYQPEAJZFFV4M.jpeg?auth=b192942c0232e50711aee539ca823a068c360aae411f859fd56f81343758b79a&amp;smart=true&amp;width=350&amp;height=197&amp;quality=85\" media=\"(min-width: 80px)\"><\/source><img alt=\"24 de marzo - La C\u00e1mpora - Plaza de Mayo- Marcha - Drone\" class=\"global-image\" decoding=\"async\" fetchpriority=\"low\" height=\"720\" loading=\"lazy\" src=\"https:\/\/www.infobae.com\/resizer\/v2\/IT5YH4HCWVBTRLYQPEAJZFFV4M.jpeg?auth=b192942c0232e50711aee539ca823a068c360aae411f859fd56f81343758b79a&amp;smart=true&amp;width=350&amp;height=197&amp;quality=85\" width=\"1280\"><\/picture><\/div>\n<p class=\"paragraph\">La central obrera convoc\u00f3 a la protesta <b>contra la pol\u00edtica econ\u00f3mica del Gobierno, la reforma laboral y los cambios en el sistema aduanero.<\/b> El reclamo tambi\u00e9n suma el respaldo de <b>m\u00e1s de 100 organizaciones sindicales, sectores estatales y agrupaciones sociales, la mayor\u00eda de ellas enroladas en la UTEP<\/b>, integrada, entre otras organizaciones, por el <b>Movimiento Evita, Barios de Pie, la Corriente Clasista y Combativa y el Movimiento de Trabajadores Excluidos<\/b>. <\/p>\n<p class=\"paragraph\">Alejandro Gramajo, secretario general de la UTEP inform\u00f3 a trav\u00e9s de un comunicado que \u201cpara la jornada del d\u00eda 30 de abril que es la movilizaci\u00f3n a Plaza de Mayo en el marco del d\u00eda del trabajador vamos a estar concentrado a las 12:00 hs en Bernardo de Yrigoyen y Av de Mayo\u201d.<\/p>\n<div class=\"ad_3 ad-wrapper dfpAd ad-1-al-6 ad-text ad-component-container\" style=\"--ad-shell-height:250px;--ad-shell-width:300px\" data-ad-wrapper=\"arcad\" data-ad-type=\"ad_3\" data-ad-slot=\"infobae\/politica\/nota\/ad_3\" data-ad-container=\"dfp\" data-ad-slot-name=\"infobae\/politica\/nota\/ad_3\">\n<p class=\"ad-shell-label\">PUBLICIDAD<\/p>\n<div id=\"infobae\/politica\/nota\/ad_3\" class=\"infobae\/politica\/nota\/ad_3 arcad ad-slot-node ad-slot-node--boxed\" data-ad-slot-id=\"infobae\/politica\/nota\/ad_3\"><\/div>\n<\/div>\n<p class=\"paragraph\">Camioneros, por su parte, concentrara, tambi\u00e9n a la misma hora en Avenida 9 de Julio y Avenida Belgrano. La<b> UOCRA<\/b>, lo har\u00e1 al mediod\u00eda en la sede sindical ubicada en Avenida Belgrano 1870. Una hora despu\u00e9s, a las 13, UPCN marchar\u00e1, como suelen hacerlo desde Diagonal Sur y Alsina. Por su parte, el gremio Obras Sanitarias se reunir\u00e1n a las a las 12 en Defensa e Hip\u00f3lito Yrigoyen.<\/p>\n<p class=\"paragraph\">La convocatoria principal est\u00e1 prevista para las <b>15 en Plaza de Mayo<\/b>. A partir del mediod\u00eda, las columnas empezar\u00e1n a ingresar desde el Conurbano bonaerense y distintos puntos de la Ciudad de Buenos Aires.<\/p>\n<div class=\"ad_4 ad-wrapper dfpAd ad-1-al-6 ad-text ad-component-container\" style=\"--ad-shell-height:250px;--ad-shell-width:300px\" data-ad-wrapper=\"arcad\" data-ad-type=\"ad_4\" data-ad-slot=\"infobae\/politica\/nota\/ad_4\" data-ad-container=\"dfp\" data-ad-slot-name=\"infobae\/politica\/nota\/ad_4\">\n<p class=\"ad-shell-label\">PUBLICIDAD<\/p>\n<div id=\"infobae\/politica\/nota\/ad_4\" class=\"infobae\/politica\/nota\/ad_4 arcad ad-slot-node ad-slot-node--boxed\" data-ad-slot-id=\"infobae\/politica\/nota\/ad_4\"><\/div>\n<\/div>\n<p class=\"paragraph\">Desde la central remarcaron que la protesta <b>tendr\u00e1 como eje la defensa del trabajo, los salarios y los derechos laborales.<\/b> La CGT difundi\u00f3 la consigna \u201ctrabajo digno, con derechos, salario justo y sin ajuste a los trabajadores\u201d. Tambi\u00e9n <b>pidi\u00f3 que la protesta mantenga una identidad nacional, con banderas argentinas<\/b> como s\u00edmbolo principal de la jornada.<\/p>\n","protected":false},"excerpt":{"rendered":"<p>A partir de las 11 de la ma\u00f1ana, el centro porte\u00f1o ver\u00e1 modificada su habitual escenograf\u00eda: miles de manifestantes, detr\u00e1s de pancartas, banderas de agrupaciones gremiales y movimientos sociales, se concentrar\u00e1n para marchar, colapsando las arterias principales, hacia Plaza de Mayo. El acto central convocado por la CGT est\u00e1 previsto para las 15 horas. All\u00ed [&hellip;]<\/p>\n","protected":false},"author":1,"featured_media":8528,"comment_status":"open","ping_status":"open","sticky":false,"template":"","format":"standard","meta":{"footnotes":""},"categories":[1],"tags":[],"class_list":["post-8527","post","type-post","status-publish","format-standard","has-post-thumbnail","hentry","category-uncategorized"],"_links":{"self":[{"href":"https:\/\/cliente1.publisher.highstack.com.ar\/index.php?rest_route=\/wp\/v2\/posts\/8527","targetHints":{"allow":["GET"]}}],"collection":[{"href":"https:\/\/cliente1.publisher.highstack.com.ar\/index.php?rest_route=\/wp\/v2\/posts"}],"about":[{"href":"https:\/\/cliente1.publisher.highstack.com.ar\/index.php?rest_route=\/wp\/v2\/types\/post"}],"author":[{"embeddable":true,"href":"https:\/\/cliente1.publisher.highstack.com.ar\/index.php?rest_route=\/wp\/v2\/users\/1"}],"replies":[{"embeddable":true,"href":"https:\/\/cliente1.publisher.highstack.com.ar\/index.php?rest_route=%2Fwp%2Fv2%2Fcomments&post=8527"}],"version-history":[{"count":0,"href":"https:\/\/cliente1.publisher.highstack.com.ar\/index.php?rest_route=\/wp\/v2\/posts\/8527\/revisions"}],"wp:featuredmedia":[{"embeddable":true,"href":"https:\/\/cliente1.publisher.highstack.com.ar\/index.php?rest_route=\/wp\/v2\/media\/8528"}],"wp:attachment":[{"href":"https:\/\/cliente1.publisher.highstack.com.ar\/index.php?rest_route=%2Fwp%2Fv2%2Fmedia&parent=8527"}],"wp:term":[{"taxonomy":"category","embeddable":true,"href":"https:\/\/cliente1.publisher.highstack.com.ar\/index.php?rest_route=%2Fwp%2Fv2%2Fcategories&post=8527"},{"taxonomy":"post_tag","embeddable":true,"href":"https:\/\/cliente1.publisher.highstack.com.ar\/index.php?rest_route=%2Fwp%2Fv2%2Ftags&post=8527"}],"curies":[{"name":"wp","href":"https:\/\/api.w.org\/{rel}","templated":true}]}}