{"id":8522,"date":"2026-04-29T23:58:13","date_gmt":"2026-04-30T02:58:13","guid":{"rendered":"https:\/\/cliente1.publisher.highstack.com.ar\/?p=8522"},"modified":"2026-04-29T23:58:13","modified_gmt":"2026-04-30T02:58:13","slug":"chocaron-un-auto-y-una-moto-en-colon-una-persona-termino-con-graves-lesiones","status":"publish","type":"post","link":"https:\/\/cliente1.publisher.highstack.com.ar\/?p=8522","title":{"rendered":"Chocaron un auto y una moto en Col\u00f3n: una persona termin\u00f3 con graves lesiones"},"content":{"rendered":"<p><\/p>\n<div>\n<p>En horas de la tarde de este mi\u00e9rcoles, personal policial intervino en un <b>choque en Col\u00f3n<\/b> ocurrido en la intersecci\u00f3n de Av. San Mart\u00edn y H. Bachini. Por causas que se tratan de establecer, colisionaron una moto marca Honda Scooter 125 cc, conducido por un ciudadano de 44 a\u00f1os, y un autom\u00f3vil marca Toyota Etios, guiado por una mujer de 30 a\u00f1os, que circulaba en sentido contrario por la misma arteria. <\/p>\n<p><!-- is a <br \/>--><\/p>\n<p>\u00a0<\/p>\n<p><!-- is a <br \/>--><\/p>\n<p>Como consecuencia del impacto, el conductor del <b>motocicleta<\/b> fue trasladado al nosocomio local, donde debi\u00f3 ser intervenido quir\u00fargicamente, presentando lesiones de car\u00e1cter grave. Su estado motiv\u00f3 la inmediata intervenci\u00f3n de los servicios de emergencia y personal m\u00e9dico especializado. <\/p>\n<p><!-- is a <br \/>--><\/p>\n<p>\u00a0<\/p>\n<p><!-- is a <br \/>--><\/p>\n<p>Asimismo, se procedi\u00f3 a la retenci\u00f3n del motoveh\u00edculo por carecer de la documentaci\u00f3n obligatoria para circular. La polic\u00eda continu\u00f3 con las actuaciones de rigor, a fin de establecer la mec\u00e1nica exacta del <b>choque en Col\u00f3n<\/b> y determinar responsabilidades.<\/p>\n<\/p><\/div>\n","protected":false},"excerpt":{"rendered":"<p>En horas de la tarde de este mi\u00e9rcoles, personal policial intervino en un choque en Col\u00f3n ocurrido en la intersecci\u00f3n de Av. San Mart\u00edn y H. Bachini. Por causas que se tratan de establecer, colisionaron una moto marca Honda Scooter 125 cc, conducido por un ciudadano de 44 a\u00f1os, y un autom\u00f3vil marca Toyota Etios, [&hellip;]<\/p>\n","protected":false},"author":1,"featured_media":8523,"comment_status":"open","ping_status":"open","sticky":false,"template":"","format":"standard","meta":{"footnotes":""},"categories":[1],"tags":[],"class_list":["post-8522","post","type-post","status-publish","format-standard","has-post-thumbnail","hentry","category-uncategorized"],"_links":{"self":[{"href":"https:\/\/cliente1.publisher.highstack.com.ar\/index.php?rest_route=\/wp\/v2\/posts\/8522","targetHints":{"allow":["GET"]}}],"collection":[{"href":"https:\/\/cliente1.publisher.highstack.com.ar\/index.php?rest_route=\/wp\/v2\/posts"}],"about":[{"href":"https:\/\/cliente1.publisher.highstack.com.ar\/index.php?rest_route=\/wp\/v2\/types\/post"}],"author":[{"embeddable":true,"href":"https:\/\/cliente1.publisher.highstack.com.ar\/index.php?rest_route=\/wp\/v2\/users\/1"}],"replies":[{"embeddable":true,"href":"https:\/\/cliente1.publisher.highstack.com.ar\/index.php?rest_route=%2Fwp%2Fv2%2Fcomments&post=8522"}],"version-history":[{"count":0,"href":"https:\/\/cliente1.publisher.highstack.com.ar\/index.php?rest_route=\/wp\/v2\/posts\/8522\/revisions"}],"wp:featuredmedia":[{"embeddable":true,"href":"https:\/\/cliente1.publisher.highstack.com.ar\/index.php?rest_route=\/wp\/v2\/media\/8523"}],"wp:attachment":[{"href":"https:\/\/cliente1.publisher.highstack.com.ar\/index.php?rest_route=%2Fwp%2Fv2%2Fmedia&parent=8522"}],"wp:term":[{"taxonomy":"category","embeddable":true,"href":"https:\/\/cliente1.publisher.highstack.com.ar\/index.php?rest_route=%2Fwp%2Fv2%2Fcategories&post=8522"},{"taxonomy":"post_tag","embeddable":true,"href":"https:\/\/cliente1.publisher.highstack.com.ar\/index.php?rest_route=%2Fwp%2Fv2%2Ftags&post=8522"}],"curies":[{"name":"wp","href":"https:\/\/api.w.org\/{rel}","templated":true}]}}