{"id":8518,"date":"2026-04-29T22:21:30","date_gmt":"2026-04-30T01:21:30","guid":{"rendered":"https:\/\/cliente1.publisher.highstack.com.ar\/?p=8518"},"modified":"2026-04-29T22:21:30","modified_gmt":"2026-04-30T01:21:30","slug":"un-aprobado-para-manuel-adorni-y-sorpresa-por-el-papel-de-la-oposicion-la-opinion-del-gobierno-sobre-la-sesion-en-el-congresoen-diferentes-filas-del-oficialismo-reconocieron-que-el-informe-de-gestion","status":"publish","type":"post","link":"https:\/\/cliente1.publisher.highstack.com.ar\/?p=8518","title":{"rendered":"Un aprobado para Manuel Adorni y sorpresa por el papel de la oposici\u00f3n: la opini\u00f3n del Gobierno sobre la sesi\u00f3n en el CongresoEn diferentes filas del oficialismo reconocieron que el informe de gesti\u00f3n se dio con una serenidad mayor a la esperada. El ministro coordinador complet\u00f3 toda la jornada sin retirarse de manera intempestiva. Las lecturas al interior de la Casa Rosada sobre si es el puntapi\u00e9 de una recuperaci\u00f3n o la estabilidad de algo precario"},"content":{"rendered":"<div class=\"visual__image image-initial-width\"><picture><source srcset=\"https:\/\/www.infobae.com\/resizer\/v2\/LK5ILVE6GZEAZOYC7NYQ5OVIPQ.jpeg?auth=5bd7a2ff14f4da23b0e2d9acea816d6913b4d9bf392c4fa6a6ef6d5e05ed8f3c&amp;smart=true&amp;width=992&amp;height=662&amp;quality=85\" media=\"(min-width: 1000px)\"><\/source><source srcset=\"https:\/\/www.infobae.com\/resizer\/v2\/LK5ILVE6GZEAZOYC7NYQ5OVIPQ.jpeg?auth=5bd7a2ff14f4da23b0e2d9acea816d6913b4d9bf392c4fa6a6ef6d5e05ed8f3c&amp;smart=true&amp;width=768&amp;height=512&amp;quality=85\" media=\"(min-width: 768px)\"><\/source><source srcset=\"https:\/\/www.infobae.com\/resizer\/v2\/LK5ILVE6GZEAZOYC7NYQ5OVIPQ.jpeg?auth=5bd7a2ff14f4da23b0e2d9acea816d6913b4d9bf392c4fa6a6ef6d5e05ed8f3c&amp;smart=true&amp;width=577&amp;height=385&amp;quality=85\" media=\"(min-width: 580px)\"><\/source><source srcset=\"https:\/\/www.infobae.com\/resizer\/v2\/LK5ILVE6GZEAZOYC7NYQ5OVIPQ.jpeg?auth=5bd7a2ff14f4da23b0e2d9acea816d6913b4d9bf392c4fa6a6ef6d5e05ed8f3c&amp;smart=true&amp;width=420&amp;height=280&amp;quality=85\" media=\"(min-width: 350px)\"><\/source><source srcset=\"https:\/\/www.infobae.com\/resizer\/v2\/LK5ILVE6GZEAZOYC7NYQ5OVIPQ.jpeg?auth=5bd7a2ff14f4da23b0e2d9acea816d6913b4d9bf392c4fa6a6ef6d5e05ed8f3c&amp;smart=true&amp;width=350&amp;height=234&amp;quality=85\" media=\"(min-width: 80px)\"><\/source><img alt=\"Manuel Adorni en el Congreso\" class=\"global-image\" decoding=\"async\" fetchpriority=\"high\" height=\"854\" loading=\"eager\" src=\"https:\/\/www.infobae.com\/resizer\/v2\/LK5ILVE6GZEAZOYC7NYQ5OVIPQ.jpeg?auth=5bd7a2ff14f4da23b0e2d9acea816d6913b4d9bf392c4fa6a6ef6d5e05ed8f3c&amp;smart=true&amp;width=350&amp;height=234&amp;quality=85\" width=\"1280\"><\/picture><\/div>\n<p class=\"paragraph\"><a href=\"https:\/\/www.infobae.com\/politica\/2026\/04\/29\/con-el-respaldo-de-javier-milei-manuel-adorni-se-cruzo-con-la-oposicion-en-el-congreso-y-desafio-no-voy-a-renunciar\/\" target=\"_blank\" rel=\"noreferrer\" title=\"https:\/\/www.infobae.com\/politica\/2026\/04\/29\/con-el-respaldo-de-javier-milei-manuel-adorni-se-cruzo-con-la-oposicion-en-el-congreso-y-desafio-no-voy-a-renunciar\/\">Nunca un Jefe de Gabinete recibi\u00f3 el apoyo pol\u00edtico que <b>Manuel Adorni<\/b> cont\u00f3 este mi\u00e9rcoles en su Informe de Gesti\u00f3n<\/a>. Toda la c\u00fapula del Gobierno se traslad\u00f3 al recinto de la<b> <\/b>C\u00e1mara de Diputados esta ma\u00f1ana para acompa\u00f1arlo ante un momento m\u00e1s que cr\u00edtico para su gesti\u00f3n: someterse frente al escrutinio p\u00fablico de los diputados nacionales de la oposici\u00f3n por su situaci\u00f3n medi\u00e1tica y las causas que est\u00e1n en curso en Comodoro Py.<\/p>\n<p class=\"paragraph\">Adorni se present\u00f3 este mi\u00e9rcoles para hacer su presentaci\u00f3n, la cual<b> no fue tan r\u00edspida como se preve\u00eda inicialmente<\/b>. Antes del mi\u00e9rcoles, el entorno del jefe de Gabinete avisaba que iba a abandonar la sesi\u00f3n si es que la oposici\u00f3n le faltaba el respeto o no lo dejaban hablar. \u201cLa gran Guillermo Francos\u201d, lo denominaron la semana pasada.<\/p>\n<div class=\"inline ad-wrapper dfpAd ad-inline ad-text ad-component-container\" style=\"--ad-shell-height:250px;--ad-shell-width:300px\" data-ad-wrapper=\"arcad\" data-ad-type=\"inline\" data-ad-slot=\"infobae\/politica\/nota\/inline\" data-ad-container=\"dfp\" data-ad-slot-name=\"infobae\/politica\/nota\/inline\">\n<p class=\"ad-shell-label\">PUBLICIDAD<\/p>\n<div id=\"infobae\/politica\/nota\/inline\" class=\"infobae\/politica\/nota\/inline arcad ad-slot-node ad-slot-node--boxed\" data-ad-slot-id=\"infobae\/politica\/nota\/inline\"><\/div>\n<\/div>\n<div class=\"visual__image\"><picture><source srcset=\"https:\/\/www.infobae.com\/resizer\/v2\/BEWENZUFVBE4HAF3R3RW2EPMD4.JPG?auth=471fb2b51ec8a7272f1787cd0abdfa2ed8cd6252e09c4bea9497217d330989dc&amp;smart=true&amp;width=992&amp;height=661&amp;quality=85\" media=\"(min-width: 1000px)\"><\/source><source srcset=\"https:\/\/www.infobae.com\/resizer\/v2\/BEWENZUFVBE4HAF3R3RW2EPMD4.JPG?auth=471fb2b51ec8a7272f1787cd0abdfa2ed8cd6252e09c4bea9497217d330989dc&amp;smart=true&amp;width=768&amp;height=512&amp;quality=85\" media=\"(min-width: 768px)\"><\/source><source srcset=\"https:\/\/www.infobae.com\/resizer\/v2\/BEWENZUFVBE4HAF3R3RW2EPMD4.JPG?auth=471fb2b51ec8a7272f1787cd0abdfa2ed8cd6252e09c4bea9497217d330989dc&amp;smart=true&amp;width=577&amp;height=385&amp;quality=85\" media=\"(min-width: 580px)\"><\/source><source srcset=\"https:\/\/www.infobae.com\/resizer\/v2\/BEWENZUFVBE4HAF3R3RW2EPMD4.JPG?auth=471fb2b51ec8a7272f1787cd0abdfa2ed8cd6252e09c4bea9497217d330989dc&amp;smart=true&amp;width=420&amp;height=280&amp;quality=85\" media=\"(min-width: 350px)\"><\/source><source srcset=\"https:\/\/www.infobae.com\/resizer\/v2\/BEWENZUFVBE4HAF3R3RW2EPMD4.JPG?auth=471fb2b51ec8a7272f1787cd0abdfa2ed8cd6252e09c4bea9497217d330989dc&amp;smart=true&amp;width=350&amp;height=233&amp;quality=85\" media=\"(min-width: 80px)\"><\/source><img alt=\"Pulgares en alto desde el palco de Diputados por parte del presidente Javier Milei y su hermana, al frente de la Secretar\u00eda General de la Presidencia\n\" class=\"global-image\" decoding=\"async\" fetchpriority=\"low\" height=\"3934\" loading=\"lazy\" src=\"https:\/\/www.infobae.com\/resizer\/v2\/BEWENZUFVBE4HAF3R3RW2EPMD4.JPG?auth=471fb2b51ec8a7272f1787cd0abdfa2ed8cd6252e09c4bea9497217d330989dc&amp;smart=true&amp;width=350&amp;height=233&amp;quality=85\" width=\"5900\"><\/picture><\/div>\n<p class=\"paragraph\">Nada m\u00e1s lejos de ese clima, pese a que los diputados distantes al oficialismo no le restaron dureza a las preguntas contra Adorni. \u201c<b>Viene todo muy bien<\/b>\u201d, dec\u00eda uno de los colaboradores del oficialismo que hab\u00eda participado en la estrategia para la sesi\u00f3n de hoy. Marcaron que ayud\u00f3 mucho que los diputados de La Libertad Avanza hayan estado m\u00e1s aplacados. \u201c<b>El Presidente se llev\u00f3 la marca con el protagonismo y fue \u00e9l quien dirigi\u00f3 los \u00e1nimos<\/b>. Se calent\u00f3, pero la oposici\u00f3n busc\u00f3 insultarlo a \u00e9l y no se gener\u00f3 ese ida y vuelta insoportable entre ellos y nosotros\u201d, analizaron desde el bloque.<\/p>\n<p class=\"paragraph\">En el oficialismo est\u00e1 la sensaci\u00f3n de que la din\u00e1mica de la sesi\u00f3n permiti\u00f3 a Adorni poder \u201cperderle el miedo\u201d a la exposici\u00f3n p\u00fablica despu\u00e9s de su derrotero medi\u00e1tico-judicial. No creen que lo haya reivindicado ante la opini\u00f3n p\u00fablica, pero que le sirve para dejar el mutismo de las \u00faltimas semanas. \u201c<b>Estuvo prolijo y seg\u00fan lo acordado<\/b>\u201d, dec\u00eda, satisfecha, una de las estrategas libertarias.<\/p>\n<div class=\"inline_2 ad-wrapper dfpAd ad-inline ad-text ad-component-container\" style=\"--ad-shell-height:250px;--ad-shell-width:300px\" data-ad-wrapper=\"arcad\" data-ad-type=\"inline_2\" data-ad-slot=\"infobae\/politica\/nota\/inline_2\" data-ad-container=\"dfp\" data-ad-slot-name=\"infobae\/politica\/nota\/inline_2\">\n<p class=\"ad-shell-label\">PUBLICIDAD<\/p>\n<div id=\"infobae\/politica\/nota\/inline_2\" class=\"infobae\/politica\/nota\/inline_2 arcad ad-slot-node ad-slot-node--boxed\" data-ad-slot-id=\"infobae\/politica\/nota\/inline_2\"><\/div>\n<\/div>\n<p class=\"paragraph\">\u201cTodo sucedi\u00f3 con el orden que esper\u00e1bamos, con excepci\u00f3n de una intervenci\u00f3n de la izquierda\u201d, dijo uno de los funcionarios que m\u00e1s ayud\u00f3 a Adorni en la previa. \u201c<b>Para m\u00ed estuvo impecable y muy s\u00f3lido\u201d, marc\u00f3 a Infobae otro ladero suyo<\/b>. Ambos reconocieron el cansancio acumulado de los \u00faltimos d\u00edas por la preparaci\u00f3n que realizaron. \u201cTermina esto y creo que varios nos fundimos. No damos m\u00e1s\u201d, sintetizaron. <\/p>\n<div class=\"visual__image\"><picture><source srcset=\"https:\/\/www.infobae.com\/resizer\/v2\/TUCBRKV355EWNGO7UYN5ZMN4PU.jpg?auth=528dffd72cc92a62ea9c32a8342e167a1c671669633ed7f1f2e3d6b3546a520d&amp;smart=true&amp;width=992&amp;height=661&amp;quality=85\" media=\"(min-width: 1000px)\"><\/source><source srcset=\"https:\/\/www.infobae.com\/resizer\/v2\/TUCBRKV355EWNGO7UYN5ZMN4PU.jpg?auth=528dffd72cc92a62ea9c32a8342e167a1c671669633ed7f1f2e3d6b3546a520d&amp;smart=true&amp;width=768&amp;height=512&amp;quality=85\" media=\"(min-width: 768px)\"><\/source><source srcset=\"https:\/\/www.infobae.com\/resizer\/v2\/TUCBRKV355EWNGO7UYN5ZMN4PU.jpg?auth=528dffd72cc92a62ea9c32a8342e167a1c671669633ed7f1f2e3d6b3546a520d&amp;smart=true&amp;width=577&amp;height=385&amp;quality=85\" media=\"(min-width: 580px)\"><\/source><source srcset=\"https:\/\/www.infobae.com\/resizer\/v2\/TUCBRKV355EWNGO7UYN5ZMN4PU.jpg?auth=528dffd72cc92a62ea9c32a8342e167a1c671669633ed7f1f2e3d6b3546a520d&amp;smart=true&amp;width=420&amp;height=280&amp;quality=85\" media=\"(min-width: 350px)\"><\/source><source srcset=\"https:\/\/www.infobae.com\/resizer\/v2\/TUCBRKV355EWNGO7UYN5ZMN4PU.jpg?auth=528dffd72cc92a62ea9c32a8342e167a1c671669633ed7f1f2e3d6b3546a520d&amp;smart=true&amp;width=350&amp;height=233&amp;quality=85\" media=\"(min-width: 80px)\"><\/source><img alt=\"diputados sesion adorni gabinete adorni\" class=\"global-image\" decoding=\"async\" fetchpriority=\"low\" height=\"1706\" loading=\"lazy\" src=\"https:\/\/www.infobae.com\/resizer\/v2\/TUCBRKV355EWNGO7UYN5ZMN4PU.jpg?auth=528dffd72cc92a62ea9c32a8342e167a1c671669633ed7f1f2e3d6b3546a520d&amp;smart=true&amp;width=350&amp;height=233&amp;quality=85\" width=\"2560\"><\/picture><\/div>\n<p class=\"paragraph\">En todas las alas del Gobierno perciben que los Milei no lo dejar\u00e1n tirado al jefe de Gabinete. Es por eso que sienten la necesidad de comenzar a ayudarlo a emerger pese a que siguen sin estar convencidos de que su sostenimiento es una opci\u00f3n que ayude al oficialismo, sino todo lo contrario.<\/p>\n<div class=\"ad_1 ad-wrapper dfpAd ad-1-al-6 ad-text ad-component-container\" style=\"--ad-shell-height:250px;--ad-shell-width:300px\" data-ad-wrapper=\"arcad\" data-ad-type=\"ad_1\" data-ad-slot=\"infobae\/politica\/nota\/ad_1\" data-ad-container=\"dfp\" data-ad-slot-name=\"infobae\/politica\/nota\/ad_1\">\n<p class=\"ad-shell-label\">PUBLICIDAD<\/p>\n<div id=\"infobae\/politica\/nota\/ad_1\" class=\"infobae\/politica\/nota\/ad_1 arcad ad-slot-node ad-slot-node--boxed\" data-ad-slot-id=\"infobae\/politica\/nota\/ad_1\"><\/div>\n<\/div>\n<p class=\"paragraph\">\u2014\u00bfPuede cambiar la imagen de Adorni y la din\u00e1mica interna del Ejecutivo a partir de eventos como este? -pregunt\u00f3 Infobae a una fuente inobjetable del Gobierno-.<\/p>\n<p class=\"paragraph\">\u2014Desde mi punto de vista es dif\u00edcil cambiar una percepci\u00f3n que se instala durante mucho tiempo. Todo a menos que la defensa haya sido muy buena y no hayas dejado de pasar una y que la verdad sea contundente. <b>Cuando dejas todo escondido y dec\u00eds \u2018ya van a ver la declaraci\u00f3n de bienes\u2019, ah\u00ed es m\u00e1s dif\u00edcil porque el silencio convalida <\/b>-analizaron del otro lado-.<\/p>\n<div class=\"ad_2 ad-wrapper dfpAd ad-1-al-6 ad-text ad-component-container\" style=\"--ad-shell-height:250px;--ad-shell-width:300px\" data-ad-wrapper=\"arcad\" data-ad-type=\"ad_2\" data-ad-slot=\"infobae\/politica\/nota\/ad_2\" data-ad-container=\"dfp\" data-ad-slot-name=\"infobae\/politica\/nota\/ad_2\">\n<p class=\"ad-shell-label\">PUBLICIDAD<\/p>\n<div id=\"infobae\/politica\/nota\/ad_2\" class=\"infobae\/politica\/nota\/ad_2 arcad ad-slot-node ad-slot-node--boxed\" data-ad-slot-id=\"infobae\/politica\/nota\/ad_2\"><\/div>\n<\/div>\n<p class=\"paragraph\">Adorni dedic\u00f3 los \u00faltimos tramos de su exposici\u00f3n a hablar por primera vez en m\u00e1s de un mes sobre los cuestionamientos de la oposici\u00f3n acerca de su situaci\u00f3n judicial, sus viajes personales y los contratos entre Radio y Televisi\u00f3n Argentina S.E. (RTA) y la productora de Marcelo Grandio. \u201cNo comet\u00ed ning\u00fan delito y voy a probarlo en la Justicia\u201d, cerr\u00f3 el funcionario ante el recinto.<\/p>\n<p class=\"paragraph\">Sobre los viajes que la oposici\u00f3n se\u00f1al\u00f3 como incompatibles con sus ingresos declarados, Adorni sostuvo que afront\u00f3 personalmente todos los gastos de sus desplazamientos con su familia, que se circunscribieron a vacaciones privadas y que no fueron financiados por terceros ni encuadran en el r\u00e9gimen de obsequios del Decreto 1179\/2016. \u201cLas manifestaciones relativas al costeo por terceros de los viajes son tendenciosas y, adem\u00e1s, falsas\u201d, afirm\u00f3.<\/p>\n<div class=\"ad_3 ad-wrapper dfpAd ad-1-al-6 ad-text ad-component-container\" style=\"--ad-shell-height:250px;--ad-shell-width:300px\" data-ad-wrapper=\"arcad\" data-ad-type=\"ad_3\" data-ad-slot=\"infobae\/politica\/nota\/ad_3\" data-ad-container=\"dfp\" data-ad-slot-name=\"infobae\/politica\/nota\/ad_3\">\n<p class=\"ad-shell-label\">PUBLICIDAD<\/p>\n<div id=\"infobae\/politica\/nota\/ad_3\" class=\"infobae\/politica\/nota\/ad_3 arcad ad-slot-node ad-slot-node--boxed\" data-ad-slot-id=\"infobae\/politica\/nota\/ad_3\"><\/div>\n<\/div>\n<p class=\"paragraph\">Respecto del viaje del 6 de marzo de 2026 a Miami y Nueva York \u2014en el que su esposa viaj\u00f3 en el vuelo presidencial\u2014, indic\u00f3 que tanto la fiscal\u00eda como el juez federal ya archivaron la causa al concluir que la misi\u00f3n fue debidamente autorizada y que el Estado no registr\u00f3 ning\u00fan gasto en concepto de vi\u00e1ticos, alojamiento ni comida.<\/p>\n<p class=\"paragraph\">En materia patrimonial, el jefe de Gabinete se\u00f1al\u00f3 que cumpli\u00f3 con todas las obligaciones de la Ley de \u00c9tica P\u00fablica y que los bienes de su grupo familiar constan en el Anexo Reservado del Formulario 1246 ante la Oficina Anticorrupci\u00f3n (OA), que ya lo puso a disposici\u00f3n de la Justicia ante el primer requerimiento judicial. Aclar\u00f3 que el plazo para presentar su \u00faltima declaraci\u00f3n jurada a\u00fan no venci\u00f3 y que, al momento de hacerlo, se formular\u00e1 el detalle completo de su patrimonio. \u201cEn el componente p\u00fablico se encuentran los detalles de todos los bienes que componen mi patrimonio, respecto de los cuales nunca existi\u00f3 ocultaci\u00f3n alguna\u201d, dijo.<\/p>\n<div class=\"ad_4 ad-wrapper dfpAd ad-1-al-6 ad-text ad-component-container\" style=\"--ad-shell-height:250px;--ad-shell-width:300px\" data-ad-wrapper=\"arcad\" data-ad-type=\"ad_4\" data-ad-slot=\"infobae\/politica\/nota\/ad_4\" data-ad-container=\"dfp\" data-ad-slot-name=\"infobae\/politica\/nota\/ad_4\">\n<p class=\"ad-shell-label\">PUBLICIDAD<\/p>\n<div id=\"infobae\/politica\/nota\/ad_4\" class=\"infobae\/politica\/nota\/ad_4 arcad ad-slot-node ad-slot-node--boxed\" data-ad-slot-id=\"infobae\/politica\/nota\/ad_4\"><\/div>\n<\/div>\n<p class=\"paragraph\">Frente a los cuestionamientos por los contratos de coproducci\u00f3n entre RTA e IMHOUSE PRODUCTORA S.R.L., Adorni fue categ\u00f3rico en su negativa: \u201cNo existe contrato alguno celebrado entre la TV P\u00fablica y el periodista Marcelo Grandio. Por mi parte, no he participado en ning\u00fan expediente administrativo que lo involucre a \u00e9l ni a Imhouse SA\u201d. A\u00f1adi\u00f3 que los contratos a los que la oposici\u00f3n hace referencia fueron aportados a las causas judiciales en tr\u00e1mite y que determinar la existencia de incompatibilidades es materia exclusivamente judicial. Tambi\u00e9n descart\u00f3 que existan o hayan existido contratos entre el Estado Nacional y su esposa, directa o indirectamente.<\/p>\n<p class=\"paragraph\">El funcionario pidi\u00f3 al Congreso que no requiera a ning\u00fan integrante del Poder Ejecutivo pronunciarse sobre causas en tr\u00e1mite. \u201cSer\u00e1n los jueces, y solo ellos, quienes deber\u00e1n resolver las denuncias formuladas. Ni yo en mi car\u00e1cter de Jefe de Gabinete, ni ustedes en su car\u00e1cter de legisladores\u201d, afirm\u00f3. Ante la pregunta del diputado radical Pablo Juliano sobre su continuidad en el cargo, respondi\u00f3 que no presentar\u00e1 su renuncia: \u201cAc\u00e1 estoy, cumpliendo con la Constituci\u00f3n Nacional y mostrando el resultado de nuestro trabajo\u201d.<\/p>\n<div class=\"ad_5 ad-wrapper dfpAd ad-1-al-6 ad-text ad-component-container\" style=\"--ad-shell-height:250px;--ad-shell-width:300px\" data-ad-wrapper=\"arcad\" data-ad-type=\"ad_5\" data-ad-slot=\"infobae\/politica\/nota\/ad_5\" data-ad-container=\"dfp\" data-ad-slot-name=\"infobae\/politica\/nota\/ad_5\">\n<p class=\"ad-shell-label\">PUBLICIDAD<\/p>\n<div id=\"infobae\/politica\/nota\/ad_5\" class=\"infobae\/politica\/nota\/ad_5 arcad ad-slot-node ad-slot-node--boxed\" data-ad-slot-id=\"infobae\/politica\/nota\/ad_5\"><\/div>\n<\/div>\n<p class=\"paragraph\">La jornada tuvo un protagonista que la Constituci\u00f3n no prev\u00e9 para este tipo de sesiones: Javier Milei ocup\u00f3 un palco del recinto junto a su hermana y secretaria general de la Presidencia, Karina Milei, y a buena parte del Gabinete. Nunca antes un presidente hab\u00eda asistido a una sesi\u00f3n informativa de su jefe de Gabinete. La presencia fue le\u00edda como un respaldo pol\u00edtico expl\u00edcito en el momento de mayor exposici\u00f3n del funcionario.<\/p>\n<div class=\"visual__image\"><picture><source srcset=\"https:\/\/www.infobae.com\/resizer\/v2\/S4YTGWLOSVDGDLACKON4LVIZ6A.jpeg?auth=f7dcf4e33faddf63382467ca109f19dff3e96e9df812d9cf8c9e28567d2d2f12&amp;smart=true&amp;width=992&amp;height=662&amp;quality=85\" media=\"(min-width: 1000px)\"><\/source><source srcset=\"https:\/\/www.infobae.com\/resizer\/v2\/S4YTGWLOSVDGDLACKON4LVIZ6A.jpeg?auth=f7dcf4e33faddf63382467ca109f19dff3e96e9df812d9cf8c9e28567d2d2f12&amp;smart=true&amp;width=768&amp;height=512&amp;quality=85\" media=\"(min-width: 768px)\"><\/source><source srcset=\"https:\/\/www.infobae.com\/resizer\/v2\/S4YTGWLOSVDGDLACKON4LVIZ6A.jpeg?auth=f7dcf4e33faddf63382467ca109f19dff3e96e9df812d9cf8c9e28567d2d2f12&amp;smart=true&amp;width=577&amp;height=385&amp;quality=85\" media=\"(min-width: 580px)\"><\/source><source srcset=\"https:\/\/www.infobae.com\/resizer\/v2\/S4YTGWLOSVDGDLACKON4LVIZ6A.jpeg?auth=f7dcf4e33faddf63382467ca109f19dff3e96e9df812d9cf8c9e28567d2d2f12&amp;smart=true&amp;width=420&amp;height=280&amp;quality=85\" media=\"(min-width: 350px)\"><\/source><source srcset=\"https:\/\/www.infobae.com\/resizer\/v2\/S4YTGWLOSVDGDLACKON4LVIZ6A.jpeg?auth=f7dcf4e33faddf63382467ca109f19dff3e96e9df812d9cf8c9e28567d2d2f12&amp;smart=true&amp;width=350&amp;height=234&amp;quality=85\" media=\"(min-width: 80px)\"><\/source><img alt=\"Manuel Adorni en el Congreso\" class=\"global-image\" decoding=\"async\" fetchpriority=\"low\" height=\"694\" loading=\"lazy\" src=\"https:\/\/www.infobae.com\/resizer\/v2\/S4YTGWLOSVDGDLACKON4LVIZ6A.jpeg?auth=f7dcf4e33faddf63382467ca109f19dff3e96e9df812d9cf8c9e28567d2d2f12&amp;smart=true&amp;width=350&amp;height=234&amp;quality=85\" width=\"1040\"><\/picture><\/div>\n<p class=\"paragraph\">Adorni tambi\u00e9n abord\u00f3 los cuestionamientos por sus viajes al exterior con fondos cuyo origen la oposici\u00f3n pone en duda. El diputado de Uni\u00f3n por la Patria (UP) Rodolfo Tailhade enumer\u00f3 una serie de traslados \u2014Bariloche, R\u00edo de Janeiro, Chapelco, Aruba\u2014 y apunt\u00f3 que el total ascend\u00eda a 35 d\u00edas de vacaciones en seis meses, todos pagados en efectivo, incompatibles seg\u00fan su an\u00e1lisis con los ingresos declarados por el funcionario y los de su esposa, quien facturaba como monotributista categor\u00eda A. \u201c\u00bfC\u00f3mo gener\u00f3 el efectivo suficiente para hacer frente a todos estos gastos impresionantes?\u201d, pregunt\u00f3 Tailhade al estrado.<\/p>\n<div class=\"ad_6 ad-wrapper dfpAd ad-1-al-6 ad-text ad-component-container\" style=\"--ad-shell-height:250px;--ad-shell-width:300px\" data-ad-wrapper=\"arcad\" data-ad-type=\"ad_6\" data-ad-slot=\"infobae\/politica\/nota\/ad_6\" data-ad-container=\"dfp\" data-ad-slot-name=\"infobae\/politica\/nota\/ad_6\">\n<p class=\"ad-shell-label\">PUBLICIDAD<\/p>\n<div id=\"infobae\/politica\/nota\/ad_6\" class=\"infobae\/politica\/nota\/ad_6 arcad ad-slot-node ad-slot-node--boxed\" data-ad-slot-id=\"infobae\/politica\/nota\/ad_6\"><\/div>\n<\/div>\n<p class=\"paragraph\">Mientras la sesi\u00f3n transcurr\u00eda en el Congreso, la diputada Marcela Pagano \u2014quien present\u00f3 la denuncia original y se ausent\u00f3 de la sesi\u00f3n\u2014 ampliaba ante los Tribunales Federales de Comodoro Py esa misma causa, con nueva documentaci\u00f3n societaria que vincula a Grandio con una empresa en Uruguay y con estructuras offshore en Florida y Panam\u00e1.<\/p>\n<p class=\"paragraph\">La oposici\u00f3n tambi\u00e9n apunt\u00f3 a la reciente renuncia del secretario de Coordinaci\u00f3n de Infraestructura, Carlos Frugoni, quien dej\u00f3 su cargo al conocerse que ten\u00eda siete propiedades en Miami sin declarar. El diputado kirchnerista Juan Marino traz\u00f3 la comparaci\u00f3n de forma directa: \u201c\u00bfPor qu\u00e9 el criterio que el Gobierno aplic\u00f3 con Frugoni no se aplica con usted? Si a\u00fan le queda algo de dignidad, haga como Frugoni y renuncie. Fin\u201d, remat\u00f3, apropi\u00e1ndose de la f\u00f3rmula que el propio Adorni usa para cerrar sus publicaciones en redes sociales.<\/p>\n<p class=\"paragraph\">La sesi\u00f3n acumul\u00f3 m\u00e1s de 4.800 preguntas escritas presentadas por los bloques opositores, de las cuales el Poder Ejecutivo respondi\u00f3 poco m\u00e1s de 2.100 antes de la comparecencia. El clima en el recinto fue de tensi\u00f3n contenida: UP acord\u00f3 internamente no provocar cruces que le dieran a Adorni un pretexto para retirarse antes de tiempo.<\/p>\n<p class=\"paragraph\">Milei fue la figura m\u00e1s activa del palco a lo largo de toda la jornada. Aplaudi\u00f3 cada hito de gesti\u00f3n que Adorni enumer\u00f3, se puso de pie para abrazar a Luis Caputo cuando fue mencionado y protagoniz\u00f3 el cruce m\u00e1s encendido cuando el diputado izquierdista Nicol\u00e1s del Ca\u00f1o y la legisladora Myriam Bregman lo acusaron de ser \u201cc\u00f3mplice del genocida Netanyahu\u201d. El Presidente respondi\u00f3 con un gesto ir\u00f3nico y les espet\u00f3: \u201cUstedes son los asesinos\u201d.<\/p>\n<p class=\"paragraph\">Al retirarse del Congreso, rodeado de custodios, el Presidente fue interceptado por periodistas que le preguntaron si las explicaciones de Adorni hab\u00edan sido suficientes. \u201c\u00a1M\u00e1s que suficiente, chorros, corruptos!\u201d, respondi\u00f3, y parti\u00f3. Antes de abandonar el palco, se hab\u00eda despedido de sus seguidores con otra frase: \u201cChau kukas\u201d.<\/p>\n","protected":false},"excerpt":{"rendered":"<p>Nunca un Jefe de Gabinete recibi\u00f3 el apoyo pol\u00edtico que Manuel Adorni cont\u00f3 este mi\u00e9rcoles en su Informe de Gesti\u00f3n. Toda la c\u00fapula del Gobierno se traslad\u00f3 al recinto de la C\u00e1mara de Diputados esta ma\u00f1ana para acompa\u00f1arlo ante un momento m\u00e1s que cr\u00edtico para su gesti\u00f3n: someterse frente al escrutinio p\u00fablico de los diputados [&hellip;]<\/p>\n","protected":false},"author":1,"featured_media":8519,"comment_status":"open","ping_status":"open","sticky":false,"template":"","format":"standard","meta":{"footnotes":""},"categories":[1],"tags":[],"class_list":["post-8518","post","type-post","status-publish","format-standard","has-post-thumbnail","hentry","category-uncategorized"],"_links":{"self":[{"href":"https:\/\/cliente1.publisher.highstack.com.ar\/index.php?rest_route=\/wp\/v2\/posts\/8518","targetHints":{"allow":["GET"]}}],"collection":[{"href":"https:\/\/cliente1.publisher.highstack.com.ar\/index.php?rest_route=\/wp\/v2\/posts"}],"about":[{"href":"https:\/\/cliente1.publisher.highstack.com.ar\/index.php?rest_route=\/wp\/v2\/types\/post"}],"author":[{"embeddable":true,"href":"https:\/\/cliente1.publisher.highstack.com.ar\/index.php?rest_route=\/wp\/v2\/users\/1"}],"replies":[{"embeddable":true,"href":"https:\/\/cliente1.publisher.highstack.com.ar\/index.php?rest_route=%2Fwp%2Fv2%2Fcomments&post=8518"}],"version-history":[{"count":0,"href":"https:\/\/cliente1.publisher.highstack.com.ar\/index.php?rest_route=\/wp\/v2\/posts\/8518\/revisions"}],"wp:featuredmedia":[{"embeddable":true,"href":"https:\/\/cliente1.publisher.highstack.com.ar\/index.php?rest_route=\/wp\/v2\/media\/8519"}],"wp:attachment":[{"href":"https:\/\/cliente1.publisher.highstack.com.ar\/index.php?rest_route=%2Fwp%2Fv2%2Fmedia&parent=8518"}],"wp:term":[{"taxonomy":"category","embeddable":true,"href":"https:\/\/cliente1.publisher.highstack.com.ar\/index.php?rest_route=%2Fwp%2Fv2%2Fcategories&post=8518"},{"taxonomy":"post_tag","embeddable":true,"href":"https:\/\/cliente1.publisher.highstack.com.ar\/index.php?rest_route=%2Fwp%2Fv2%2Ftags&post=8518"}],"curies":[{"name":"wp","href":"https:\/\/api.w.org\/{rel}","templated":true}]}}