{"id":8516,"date":"2026-04-29T22:18:13","date_gmt":"2026-04-30T01:18:13","guid":{"rendered":"https:\/\/cliente1.publisher.highstack.com.ar\/?p=8516"},"modified":"2026-04-29T22:18:13","modified_gmt":"2026-04-30T01:18:13","slug":"investigan-la-muerte-de-un-bebe-de-23-dias-que-ingreso-sin-vida-al-hospital-de-concordia","status":"publish","type":"post","link":"https:\/\/cliente1.publisher.highstack.com.ar\/?p=8516","title":{"rendered":"Investigan la muerte de un beb\u00e9 de 23 d\u00edas que ingres\u00f3 sin vida al hospital de Concordia"},"content":{"rendered":"<p><\/p>\n<div>\n<p><b>Un beb\u00e9 de 23 d\u00edas fue trasladado de urgencia al hospital de Concordia luego de que su madre solicitara auxilio al personal de la comisar\u00eda Segunda que se encontraba realizando recorridas prevencionales. Sin embargo, al ingresar al nosocomio, el beb\u00e9 ya no presentaba signos vitales<\/b>. El caso gener\u00f3 conmoci\u00f3n y abri\u00f3 una investigaci\u00f3n judicial para determinar las circunstancias del fallecimiento. <\/p>\n<p><!-- is a <br \/>--><\/p>\n<p>\u00a0<\/p>\n<p><!-- is a <br \/>--><\/p>\n<p><!-- is a object --><br \/>\n<!-- embed start --><!-- embed end --><br \/>\n<!-- end object --><\/p>\n<p>\u00a0<\/p>\n<p><!-- is a <br \/>--><\/p>\n<p><b>El hecho ocurri\u00f3 durante el mediod\u00eda de este mi\u00e9rcoles 29 de abril<\/b>, cuando la mujer fue asistida en la v\u00eda p\u00fablica, en inmediaciones de calle Saavedra y Feliciano, por efectivos policiales que realizaban tareas preventivas. Ante la situaci\u00f3n de desesperaci\u00f3n, <b>los agentes trasladaron de inmediato al beb\u00e9 al Hospital Materno Infantil Dr. Ram\u00f3n Carrillo, donde finalmente se constat\u00f3 su muerte, <\/b><i>consign\u00f3 Concordia Policiales.<\/i> <\/p>\n<p><!-- is a <br \/>--><\/p>\n<p>\u00a0<\/p>\n<p><!-- is a <br \/>--><\/p>\n<p><!-- is a object --><\/p>\n<h3>Intervenci\u00f3n policial y judicial<\/h3>\n<p><!-- end object --><\/p>\n<p>\u00a0<\/p>\n<p><!-- is a <br \/>--><\/p>\n<p>De acuerdo con lo informado, la intervenci\u00f3n policial fue inmediata tras el pedido de auxilio. <b>La madre del beb\u00e9 habr\u00eda manifestado una situaci\u00f3n de urgencia que motiv\u00f3 el traslado r\u00e1pido al centro de salud, aunque los profesionales m\u00e9dicos confirmaron que el menor ya hab\u00eda ingresado sin vida<\/b>. <\/p>\n<p><!-- is a <br \/>--><\/p>\n<p>\u00a0<\/p>\n<p><!-- is a <br \/>--><\/p>\n<p><!-- is a object --><br \/>\n<!-- embed start --><!-- embed end --><br \/>\n<!-- end object --><\/p>\n<p>\u00a0<\/p>\n<p><!-- is a <br \/>--><\/p>\n<p>Frente a lo ocurrido, <b>se dio intervenci\u00f3n a la fiscal Daniela Montangie, quien dispuso la realizaci\u00f3n de una autopsia para establecer con precisi\u00f3n la causa del fallecimiento del beb\u00e9<\/b>. La investigaci\u00f3n qued\u00f3 en manos de la Justicia, que busca reconstruir los minutos previos al ingreso al hospital. <\/p>\n<p><!-- is a <br \/>--><\/p>\n<p>\u00a0<\/p>\n<p><!-- is a <br \/>--><\/p>\n<p><!-- is a object --><br \/>\n<!-- embed start --><!-- embed end --><br \/>\n<!-- end object --><\/p><\/div>\n","protected":false},"excerpt":{"rendered":"<p>Un beb\u00e9 de 23 d\u00edas fue trasladado de urgencia al hospital de Concordia luego de que su madre solicitara auxilio al personal de la comisar\u00eda Segunda que se encontraba realizando recorridas prevencionales. Sin embargo, al ingresar al nosocomio, el beb\u00e9 ya no presentaba signos vitales. El caso gener\u00f3 conmoci\u00f3n y abri\u00f3 una investigaci\u00f3n judicial para [&hellip;]<\/p>\n","protected":false},"author":1,"featured_media":8517,"comment_status":"open","ping_status":"open","sticky":false,"template":"","format":"standard","meta":{"footnotes":""},"categories":[1],"tags":[],"class_list":["post-8516","post","type-post","status-publish","format-standard","has-post-thumbnail","hentry","category-uncategorized"],"_links":{"self":[{"href":"https:\/\/cliente1.publisher.highstack.com.ar\/index.php?rest_route=\/wp\/v2\/posts\/8516","targetHints":{"allow":["GET"]}}],"collection":[{"href":"https:\/\/cliente1.publisher.highstack.com.ar\/index.php?rest_route=\/wp\/v2\/posts"}],"about":[{"href":"https:\/\/cliente1.publisher.highstack.com.ar\/index.php?rest_route=\/wp\/v2\/types\/post"}],"author":[{"embeddable":true,"href":"https:\/\/cliente1.publisher.highstack.com.ar\/index.php?rest_route=\/wp\/v2\/users\/1"}],"replies":[{"embeddable":true,"href":"https:\/\/cliente1.publisher.highstack.com.ar\/index.php?rest_route=%2Fwp%2Fv2%2Fcomments&post=8516"}],"version-history":[{"count":0,"href":"https:\/\/cliente1.publisher.highstack.com.ar\/index.php?rest_route=\/wp\/v2\/posts\/8516\/revisions"}],"wp:featuredmedia":[{"embeddable":true,"href":"https:\/\/cliente1.publisher.highstack.com.ar\/index.php?rest_route=\/wp\/v2\/media\/8517"}],"wp:attachment":[{"href":"https:\/\/cliente1.publisher.highstack.com.ar\/index.php?rest_route=%2Fwp%2Fv2%2Fmedia&parent=8516"}],"wp:term":[{"taxonomy":"category","embeddable":true,"href":"https:\/\/cliente1.publisher.highstack.com.ar\/index.php?rest_route=%2Fwp%2Fv2%2Fcategories&post=8516"},{"taxonomy":"post_tag","embeddable":true,"href":"https:\/\/cliente1.publisher.highstack.com.ar\/index.php?rest_route=%2Fwp%2Fv2%2Ftags&post=8516"}],"curies":[{"name":"wp","href":"https:\/\/api.w.org\/{rel}","templated":true}]}}