{"id":8514,"date":"2026-04-29T22:04:29","date_gmt":"2026-04-30T01:04:29","guid":{"rendered":"https:\/\/cliente1.publisher.highstack.com.ar\/?p=8514"},"modified":"2026-04-29T22:04:29","modified_gmt":"2026-04-30T01:04:29","slug":"el-precio-internacional-del-trigo-esta-en-maximos-en-casi-dos-anos-en-medio-de-las-tensiones-globales","status":"publish","type":"post","link":"https:\/\/cliente1.publisher.highstack.com.ar\/?p=8514","title":{"rendered":"El precio internacional del trigo est\u00e1 en m\u00e1ximos en casi dos a\u00f1os en medio de las tensiones globales"},"content":{"rendered":"<div class=\"col-12\">\n<p class=\"com-paragraph  --capital --s\">El <strong>trigo<\/strong> tuvo otra jornada de subas y<strong> lleg\u00f3<\/strong> a tocar valores que no se ve\u00edan desde hace casi dos a\u00f1os: durante el d\u00eda <strong>super\u00f3 los 240 d\u00f3lares por tonelada en el mercado internacional<\/strong>, un nivel que marca hasta d\u00f3nde viene empujando el cereal en las \u00faltimas ruedas. Esa suba, que ya se hab\u00eda visto tambi\u00e9n ayer, est\u00e1 explicada por una combinaci\u00f3n de factores: <strong>problemas productivos en los Estados Unidos, costos m\u00e1s altos \u2014sobre todo por la energ\u00eda\u2014 y se\u00f1ales de que la oferta global podr\u00eda achicarse<\/strong>. Sin embargo, sobre el cierre, en la <strong>Bolsa de Chicago, <\/strong>recort\u00f3 parte de esa mejora: la posici\u00f3n mayo \u2014la m\u00e1s cercana\u2014 <strong>termin\u00f3 en US$235,99 por tonelada, una merma de 2,48 d\u00f3lares versus ayer<\/strong>. Los especialistas coincidieron en que el movimiento tiene varias explicaciones. <\/p>\n<div class=\"ln-banner-container --caja1_mob\">\n<div id=\"caja1_mob\" class=\"ln-banner\" data-slot-group=\"nota\" data-device=\"mobile\" data-subscription=\"false\" data-ad-unit-path=\"\/133919216\/campo_mobile\/Nota\/caja1_mob\" data-targeting='{\"sitio\":\"lanacion\",\"seccion\":\"nota\"}' data-without-hide=\"true\" data-size=\"[[320,100],[300,250],[1,1],[300,450],[320,450]]\" data-sizemap=\"[]\" data-prebid-enabled=\"true\"><\/div>\n<\/div>\n<p class=\"com-paragraph   --s\">Estas subas llegaron en un momento en que en la Argentina los productores est\u00e1n haciendo los planes para la pr\u00f3xima campa\u00f1a de trigo. Para el ciclo 2026\/27, la Bolsa de Cereales de Buenos Aires proyect\u00f3 una siembra nacional de <strong>6,5 millones de hect\u00e1reas, una ca\u00edda interanual del 3%<\/strong>. En ese contexto, con el nuevo precio, <strong>Eugenio Irazuegui, <\/strong>analista<strong> <\/strong>de Zeni, detall\u00f3: <strong>\u201cYa tenemos operaciones de trigo nuevo (para el ciclo comercial 2026\/27 de la Argentina) anot\u00e1ndose en US$230 por tonelada. Este valor implica un alza de 6,60 d\u00f3lares por tonelada\u201d. <\/strong><\/p>\n<p class=\"com-paragraph   --s\">Precis\u00f3 que el contrato diciembre pr\u00f3ximo se ubica en los niveles m\u00e1s altos desde que comenz\u00f3 a negociarse. En tanto, de la <strong>cosecha vieja<\/strong> \u2014terminada de levantar en enero\u2014 ya se comercializaron <strong>poco m\u00e1s de 17 millones de toneladas, el 61% de la producci\u00f3n nacional<\/strong>, que marc\u00f3 un r\u00e9cord hist\u00f3rico. De ese volumen solo <strong>14,6 millones de toneladas tienen precio cerrado<\/strong>: el resto es mercader\u00eda ya entregada, pero sin valor definido todav\u00eda. <\/p>\n<div class=\"content-media\">\n<section role=\"button\" class=\"mod-media   \">\n<figure role=\"button\" tabindex=\"0\" class=\"mod-figure \">\n<div class=\"placeholder \">\n<div class=\"com-image\"><picture><source media=\"(min-width: 768px)\" srcset=\"https:\/\/resizer.glanacion.com\/resizer\/v2\/la-sequia-en-estados-unidos-deteriora-los-lotes-y-BNIYADQS2NAP3MSK4EVYHRLIGU.png?auth=548fa10389b8fd7b81d35962fa060aedcc0a717f627c30ab0689b2784a94da1e&amp;width=780&amp;height=457&amp;quality=70&amp;smart=true\"><\/source><img class=\"image com-image flex --cover\" decoding=\"async\" fetchpriority=\"low\" loading=\"lazy\" src=\"https:\/\/resizer.glanacion.com\/resizer\/v2\/la-sequia-en-estados-unidos-deteriora-los-lotes-y-BNIYADQS2NAP3MSK4EVYHRLIGU.png?auth=548fa10389b8fd7b81d35962fa060aedcc0a717f627c30ab0689b2784a94da1e&amp;width=420&amp;height=246&amp;quality=70&amp;smart=true\" width=\"918\" alt=\"La sequ\u00eda en Estados Unidos deteriora los lotes y pone en riesgo los rindes, en un contexto de creciente incertidumbre productiva\" height=\"538\"><\/picture><\/div>\n<\/div><figcaption class=\"mod-figcaption\"><span class=\"com-text --caption --twoxs\">La sequ\u00eda en Estados Unidos deteriora los lotes y pone en riesgo los rindes, en un contexto de creciente incertidumbre productiva<\/span><\/figcaption><\/figure>\n<\/section>\n<\/div>\n<div class=\"ln-banner-container --caja2_mob\">\n<div id=\"caja2_mob\" class=\"ln-banner\" data-slot-group=\"nota\" data-device=\"mobile\" data-subscription=\"true\" data-ad-unit-path=\"\/133919216\/campo_mobile\/Nota\/caja2_mob\" data-targeting='{\"sitio\":\"lanacion\",\"seccion\":\"nota\"}' data-without-hide=\"true\" data-size=\"[[320,100],[300,250],[300,450],[1,1],[360,270],[320,180]]\" data-sizemap=\"[]\" data-prebid-enabled=\"true\"><\/div>\n<\/div>\n<p class=\"com-paragraph   --s\">Detr\u00e1s de la suba hay varios factores que se combinan. El primero es la energ\u00eda. El petr\u00f3leo est\u00e1 arriba de los <strong>US$105 d\u00f3lares<\/strong> y eso encarece todo lo que rodea a la producci\u00f3n agr\u00edcola: los fertilizantes, el gasoil, el transporte. <strong>Cuando producir cuesta m\u00e1s, los precios del grano tienden a seguir el mismo camino. Y el trigo, que es uno de los cultivos m\u00e1s intensivos en insumos, es de los primeros en sentirlo. <\/strong><\/p>\n<div class=\"ln-banner-container --middle_2_dsk\">\n<div id=\"middle_2_dsk\" class=\"ln-banner\" data-slot-group=\"nota\" data-device=\"desktop\" data-subscription=\"true\" data-ad-unit-path=\"\/133919216\/campo_desktop\/Nota\/middle_2_dsk\" data-targeting='{\"sitio\":\"lanacion\",\"seccion\":\"nota\"}' data-without-hide=\"true\" data-size=\"[[1,1],[728,90]]\" data-sizemap=\"[]\" data-prebid-enabled=\"true\"><\/div>\n<\/div>\n<p class=\"com-paragraph   --s\">La otra raz\u00f3n est\u00e1 en el clima de <strong>Estados Unidos.<\/strong> <strong>Ariel Tejera,<\/strong> de Grassi, explic\u00f3 que, seg\u00fan el \u00faltimo reporte del Departamento de Agricultura de los Estados Unidos <strong>(USDA),<\/strong> solo el <strong>30% de los lotes de trigo de invierno est\u00e1 en condiciones buenas a excelentes<\/strong>, mientras que cerca del <strong>70% de las zonas tiene alg\u00fan grado de sequ\u00eda<\/strong>. Nebraska, por ejemplo, sufre sequ\u00eda calificada como extrema en aproximadamente la mitad del estado. En este contexto, remarc\u00f3 que <strong>\u201cel escenario productivo en Estados Unidos genera incertidumbre\u201d<\/strong> y advirti\u00f3 que <strong>\u201cla ventana para la recuperaci\u00f3n se cierra\u201d<\/strong>: las perspectivas clim\u00e1ticas no son favorables, el desarrollo del cultivo se acelera y eso pone en juego el potencial de rindes. <\/p>\n<div class=\"ln-banner-container --caja3_mob\">\n<div id=\"caja3_mob\" class=\"ln-banner\" data-slot-group=\"nota\" data-device=\"mobile\" data-subscription=\"false\" data-ad-unit-path=\"\/133919216\/campo_mobile\/Nota\/caja3_mob\" data-targeting='{\"sitio\":\"lanacion\",\"seccion\":\"nota\"}' data-without-hide=\"true\" data-size=\"[[320,100],[300,250],[1,1],[300,450],[360,270]]\" data-sizemap=\"[]\" data-prebid-enabled=\"true\"><\/div>\n<\/div>\n<div class=\"ln-banner-container --middle_2_tab\">\n<div id=\"middle_2_tab\" class=\"ln-banner\" data-slot-group=\"nota\" data-device=\"tablet\" data-subscription=\"false\" data-ad-unit-path=\"\/133919216\/campo_tablet\/Nota\/middle_2_tab\" data-targeting='{\"sitio\":\"lanacion\",\"seccion\":\"nota\"}' data-without-hide=\"true\" data-size=\"[[728,90],[640,480],[468,60],[1,1]]\" data-sizemap=\"[]\" data-prebid-enabled=\"true\"><\/div>\n<\/div>\n<p class=\"com-paragraph   --s\">El trigo de primavera tampoco ayuda. Solo se sembr\u00f3 el <strong>19% del \u00e1rea prevista<\/strong>, por debajo del <strong>25% del ciclo anterior y del promedio hist\u00f3rico del 22%<\/strong>. Ese retraso acorta los tiempos del cultivo y aumenta el riesgo de que no rinda lo esperado. <\/p>\n<p class=\"com-paragraph   --s\"><strong>Carlos Pouiller,<\/strong> director de AZ-Group, coincidi\u00f3 en ese diagn\u00f3stico y sum\u00f3 que el deterioro de los trigos de invierno <strong>\u201cse viene afianzando semana tras semana\u201d<\/strong> seg\u00fan los informes del USDA. <strong>\u201cSin duda va a caer la producci\u00f3n americana de trigo y, por ende, sus exportaciones\u201d<\/strong>, se\u00f1al\u00f3. Y anticip\u00f3 que en el informe de mayo del USDA van a aparecer las primeras proyecciones de oferta y demanda mundial para la campa\u00f1a 2026\/27. <strong>\u201cSe espera una ca\u00edda en la producci\u00f3n mundial de trigo que va a tener impacto en los stocks\u201d<\/strong>, indic\u00f3. <\/p>\n<h2 class=\"com-title --font-primary --xl --font-extra\">Incertidumbre<\/h2>\n<p class=\"com-paragraph   --s\">La incertidumbre no se limita a Estados Unidos. El analista <strong>Germ\u00e1n Iturriza<\/strong> se\u00f1al\u00f3 que en Europa, Ucrania y Rusia el trigo de invierno est\u00e1 iniciando la floraci\u00f3n. No hay grandes complicaciones por ahora, pero hay algo de sequ\u00eda en el este de Europa y algunas entradas de aire fr\u00edo en Ucrania y Rusia. <strong>\u201cNo es grave, pero no es muy bueno\u201d<\/strong>, describi\u00f3. Rusia, Ucrania y toda Europa est\u00e1n en plena siembra del trigo de primavera, lo que agrega otra capa de incertidumbre. <strong>El \u00fanico factor que hoy pone algo de techo a los precios, seg\u00fan Iturriza, es que Rusia baj\u00f3 los derechos de exportaci\u00f3n a cero, lo que mantiene algo m\u00e1s de oferta disponible en el mercado.<\/strong> <\/p>\n<div class=\"ln-banner-container --caja4_mob\">\n<div id=\"caja4_mob\" class=\"ln-banner\" data-slot-group=\"nota\" data-device=\"mobile\" data-subscription=\"false\" data-ad-unit-path=\"\/133919216\/campo_mobile\/Nota\/caja4_mob\" data-targeting='{\"sitio\":\"lanacion\",\"seccion\":\"nota\"}' data-without-hide=\"true\" data-size=\"[[320,100],[300,250],[1,1]]\" data-sizemap=\"[]\" data-prebid-enabled=\"true\"><\/div>\n<\/div>\n<p class=\"com-paragraph   --s\">Esa misma l\u00f3gica empieza a cambiar las decisiones de siembra para la pr\u00f3xima campa\u00f1a. Irazuegui se\u00f1al\u00f3 que en Australia el agregado agr\u00edcola del USDA proyect\u00f3 una reducci\u00f3n del <strong>4,8% en el \u00e1rea nacional de trigo, con una cobertura de 11,8 millones de hect\u00e1reas<\/strong>, por el encarecimiento de los fertilizantes nitrogenados. Gran parte de esas hect\u00e1reas ir\u00edan a colza, una oleaginosa de invierno que compite por el mismo suelo. <\/p>\n<p class=\"com-paragraph   --s\">En tanto, <strong>Tejera<\/strong> apunt\u00f3 que en la Argentina tambi\u00e9n hay preocupaci\u00f3n por la suba de costos de cara a la <strong>campa\u00f1a fina 2026\/27, <\/strong>en parte como consecuencia del conflicto entre Estados Unidos e Ir\u00e1n y a que <strong>los m\u00e1rgenes ajustados ya llevaron a algunas instituciones locales a proyectar ca\u00edda de \u00e1rea<\/strong>. <\/p>\n<div class=\"ln-banner-container --caja6_mob\">\n<div id=\"caja6_mob\" class=\"ln-banner\" data-slot-group=\"nota\" data-device=\"mobile\" data-subscription=\"false\" data-ad-unit-path=\"\/133919216\/campo_mobile\/Nota\/caja6_mob\" data-targeting='{\"sitio\":\"lanacion\",\"seccion\":\"nota\"}' data-without-hide=\"true\" data-size=\"[[300,250],[230,50],[300,450],[1,1],[320,100]]\" data-sizemap=\"[]\" data-prebid-enabled=\"true\"><\/div>\n<\/div>\n<div class=\"content-media\">\n<section role=\"button\" class=\"mod-media   \">\n<figure role=\"button\" tabindex=\"0\" class=\"mod-figure \">\n<div class=\"placeholder \">\n<div class=\"com-image\"><picture><source media=\"(min-width: 768px)\" srcset=\"https:\/\/resizer.glanacion.com\/resizer\/v2\/el-aumento-de-costos-especialmente-por-la-energia-ZIER77FXANBTBBNBSULUSWLAFQ.jpg?auth=3dfbdf4c66b75d301be815e70eb40708334ab4c0eb3e9d1f1494fcf8bd56f50c&amp;width=780&amp;height=439&amp;quality=70&amp;smart=true\"><\/source><img class=\"image com-image flex --cover\" decoding=\"async\" fetchpriority=\"low\" loading=\"lazy\" src=\"https:\/\/resizer.glanacion.com\/resizer\/v2\/el-aumento-de-costos-especialmente-por-la-energia-ZIER77FXANBTBBNBSULUSWLAFQ.jpg?auth=3dfbdf4c66b75d301be815e70eb40708334ab4c0eb3e9d1f1494fcf8bd56f50c&amp;width=420&amp;height=236&amp;quality=70&amp;smart=true\" width=\"2048\" alt=\"El aumento de costos, especialmente por la energ\u00eda y los fertilizantes, empieza a influir en las decisiones de siembra para la campa\u00f1a 2026\/27\" height=\"1152\"><\/picture><\/div>\n<\/div><figcaption class=\"mod-figcaption\"><span class=\"com-text --caption --twoxs\">El aumento de costos, especialmente por la energ\u00eda y los fertilizantes, empieza a influir en las decisiones de siembra para la campa\u00f1a 2026\/27<\/span><span class=\"com-text --credit --twoxs\">GOBIERNO DE ARAG\u00d3N &#8211; GOBIERNO DE ARAG\u00d3N<\/span><\/figcaption><\/figure>\n<\/section>\n<\/div>\n<p class=\"com-paragraph   --s\">En este contexto, en la Argentina la exportaci\u00f3n sigue activa y Brasil aparece con m\u00e1s fuerza como comprador. <strong>\u201cEl trigo argentino, para llegar a Brasil, es mucho m\u00e1s competitivo que los de otros or\u00edgenes por la ventaja arancelaria y la ventaja de fletes\u201d<\/strong>, explic\u00f3 Pouiller. Esto permite vender a un precio FOB m\u00e1s alto y que eso se traslade al precio interno. <\/p>\n<div class=\"ln-banner-container --caja7_mob\">\n<div id=\"caja7_mob\" class=\"ln-banner\" data-slot-group=\"nota\" data-device=\"mobile\" data-subscription=\"true\" data-ad-unit-path=\"\/133919216\/campo_mobile\/Nota\/caja7_mob\" data-targeting='{\"sitio\":\"lanacion\",\"seccion\":\"nota\"}' data-without-hide=\"true\" data-size=\"[[300,250],[320,50],[300,450],[1,1],[320,100]]\" data-sizemap=\"[]\" data-prebid-enabled=\"true\"><\/div>\n<\/div>\n<p class=\"com-paragraph   --s\"><strong>Por otro lado, la oferta local es m\u00e1s baja de lo habitual. Seg\u00fan explic\u00f3 Pouiller, los datos de molienda muestran que, desde diciembre en adelante, en varios meses la actividad fue inferior a la del a\u00f1o pasado, a pesar de la producci\u00f3n r\u00e9cord.<\/strong> Esto, indic\u00f3, responde a que el productor est\u00e1 priorizando vender ma\u00edz, girasol y soja. <\/p>\n<p class=\"com-paragraph   --s\">Iturriza record\u00f3, adem\u00e1s, que esta din\u00e1mica no es nueva: la \u00faltima vez que el trigo estuvo en estos valores fue en junio de 2024, tambi\u00e9n en un contexto de incertidumbre productiva en el hemisferio norte y en ese momento lleg\u00f3 a tocar los <strong>260 d\u00f3lares<\/strong>. <strong>\u201cEs un cl\u00e1sico de esta \u00e9poca\u201d<\/strong>, resumi\u00f3. La diferencia es que hoy, con el petr\u00f3leo en niveles elevados sumado a los problemas clim\u00e1ticos, el mercado tiene m\u00e1s razones para sostener la suba. <\/p>\n<div data-fusion-lazy-id=\"f0f2aQl9N0Nc5yq\"><\/div>\n<div data-fusion-lazy-id=\"f0fGQeo7N0Nc5He\"><\/div>\n<div class=\"ln-banner-container --caja5_mob\">\n<div id=\"caja5_mob\" class=\"ln-banner\" data-slot-group=\"nota\" data-device=\"mobile\" data-subscription=\"false\" data-ad-unit-path=\"\/133919216\/campo_mobile\/Nota\/caja5_mob\" data-targeting='{\"sitio\":\"lanacion\",\"seccion\":\"nota\"}' data-without-hide=\"true\" data-size='[[320,100],[300,250],[1,1],[\" fluid\"]]' data-sizemap=\"[]\" data-prebid-enabled=\"true\"><\/div>\n<\/div>\n<div data-fusion-lazy-id=\"f0fSc0ngN0Nc5KL\">\n<div><\/div>\n<\/div>\n<div class=\"ln-banner-container --middle_3_dsk\">\n<div id=\"middle_3_dsk\" class=\"ln-banner\" data-slot-group=\"nota\" data-device=\"desktop\" data-subscription=\"true\" data-ad-unit-path=\"\/133919216\/campo_desktop\/Nota\/middle_3_dsk\" data-targeting='{\"sitio\":\"lanacion\",\"seccion\":\"nota\"}' data-without-hide=\"true\" data-size=\"[[1,1],[728,90],[640,360],[728,360]]\" data-sizemap=\"[]\" data-prebid-enabled=\"true\"><\/div>\n<\/div>\n<\/div>\n","protected":false},"excerpt":{"rendered":"<p>El trigo tuvo otra jornada de subas y lleg\u00f3 a tocar valores que no se ve\u00edan desde hace casi dos a\u00f1os: durante el d\u00eda super\u00f3 los 240 d\u00f3lares por tonelada en el mercado internacional, un nivel que marca hasta d\u00f3nde viene empujando el cereal en las \u00faltimas ruedas. Esa suba, que ya se hab\u00eda visto [&hellip;]<\/p>\n","protected":false},"author":1,"featured_media":8515,"comment_status":"open","ping_status":"open","sticky":false,"template":"","format":"standard","meta":{"footnotes":""},"categories":[1],"tags":[],"class_list":["post-8514","post","type-post","status-publish","format-standard","has-post-thumbnail","hentry","category-uncategorized"],"_links":{"self":[{"href":"https:\/\/cliente1.publisher.highstack.com.ar\/index.php?rest_route=\/wp\/v2\/posts\/8514","targetHints":{"allow":["GET"]}}],"collection":[{"href":"https:\/\/cliente1.publisher.highstack.com.ar\/index.php?rest_route=\/wp\/v2\/posts"}],"about":[{"href":"https:\/\/cliente1.publisher.highstack.com.ar\/index.php?rest_route=\/wp\/v2\/types\/post"}],"author":[{"embeddable":true,"href":"https:\/\/cliente1.publisher.highstack.com.ar\/index.php?rest_route=\/wp\/v2\/users\/1"}],"replies":[{"embeddable":true,"href":"https:\/\/cliente1.publisher.highstack.com.ar\/index.php?rest_route=%2Fwp%2Fv2%2Fcomments&post=8514"}],"version-history":[{"count":0,"href":"https:\/\/cliente1.publisher.highstack.com.ar\/index.php?rest_route=\/wp\/v2\/posts\/8514\/revisions"}],"wp:featuredmedia":[{"embeddable":true,"href":"https:\/\/cliente1.publisher.highstack.com.ar\/index.php?rest_route=\/wp\/v2\/media\/8515"}],"wp:attachment":[{"href":"https:\/\/cliente1.publisher.highstack.com.ar\/index.php?rest_route=%2Fwp%2Fv2%2Fmedia&parent=8514"}],"wp:term":[{"taxonomy":"category","embeddable":true,"href":"https:\/\/cliente1.publisher.highstack.com.ar\/index.php?rest_route=%2Fwp%2Fv2%2Fcategories&post=8514"},{"taxonomy":"post_tag","embeddable":true,"href":"https:\/\/cliente1.publisher.highstack.com.ar\/index.php?rest_route=%2Fwp%2Fv2%2Ftags&post=8514"}],"curies":[{"name":"wp","href":"https:\/\/api.w.org\/{rel}","templated":true}]}}