{"id":8512,"date":"2026-04-29T20:51:04","date_gmt":"2026-04-29T23:51:04","guid":{"rendered":"https:\/\/cliente1.publisher.highstack.com.ar\/?p=8512"},"modified":"2026-04-29T20:51:04","modified_gmt":"2026-04-29T23:51:04","slug":"el-cruce-de-patricia-bullrich-con-manuel-adorni-y-el-juego-de-mauricio-macri","status":"publish","type":"post","link":"https:\/\/cliente1.publisher.highstack.com.ar\/?p=8512","title":{"rendered":"El cruce de Patricia Bullrich con Manuel Adorni y el juego de Mauricio Macri"},"content":{"rendered":"<p> <br \/>\n<\/p>\n<div id=\"cuerpo\">\n<p><h2><strong><u>Pocas pulgas<\/u><\/strong><\/h2>\n<\/p>\n<div class=\"sc-45461e9c-0 eqiBeF container-text text-embed \" id=\"element-body-1\">\n<p>Hoy en la Casa Rosada recuerdan<strong> un cruce entre la vehemente Patricia Bullrich y el ajetreado Manuel Adorni:\u00a0&#8220;Conmigo no te met\u00e1s: yo no quiero ser jefa de Gobierno; no tengo nada que ver con tus temas&#8221;.<\/strong> El jefe de Gabinete abri\u00f3 grande los ojos y desminti\u00f3 haber se\u00f1alado a la senadora nacional con parte de la responsabilidad de sus bemoles actuales en virtud de una supuesta pelea interna por la Ciudad de Buenos Aires.<\/p>\n<\/div>\n<div class=\"sc-45461e9c-0 eqiBeF container-text text-embed \" id=\"element-body-2\">\n<p><strong>&#8220;Nooo Patricia, est\u00e1s equivocada&#8221;, eludi\u00f3 Adorni en el intento de no enojar m\u00e1s a Bullrich<\/strong>, quien prefiere una competencia electoral dentro de la f\u00f3rmula presidencial con Javier Gerardo Milei antes que la preocupaci\u00f3n cotidiana por los baches, la basura y otros temas de la vida habitual de cualquier alcalde. La situaci\u00f3n pol\u00edtica actual del jefe de Gabinete lo muestra arropado por los hermanos Milei pero con destino pol\u00edtico nulo, por la instalaci\u00f3n que hay en el conjunto de la sociedad argentina de sus lujosos viajes y sus apresuradas compras de viviendas en tan solo dos a\u00f1os como funcionario.<\/p>\n<\/div>\n<div class=\"sc-45461e9c-0 eqiBeF container-text text-embed \" id=\"element-body-3\">\n<p>Es m\u00e1s: en las propias filas porte\u00f1as de La Libertad Avanza varios son los que dicen que &#8220;nosotros nunca dijimos que Adorni ya era el candidato seguro&#8221;. Ahora, la competencia por las candidaturas para la sucesi\u00f3n en CABA est\u00e1 abierta y son varios los que desean jugar.<\/p>\n<\/div>\n<div class=\"sc-45461e9c-0 eqiBeF container-text text-embed \" id=\"element-body-4\">\n<p>De todos modos, y m\u00e1s all\u00e1 de ya haberse afiliado a LLA, la curtida Patricia\u00a0les desconf\u00eda a los Milei y sabe que lo que viene es un juego de traidores. Bullrich, de todos modos, no da puntada sin hilo, y la semana que viene se sacar\u00e1 una\u00a0foto con el alcalde de Santiago de Chile, lo que volver\u00e1 a agitar el tema de una eventual postulaci\u00f3n porte\u00f1a, tema que ya ha conversado tanto con el Presidente como con su hermana, Karina Elizabeth Milei, quien es la mandam\u00e1s de la administraci\u00f3n nacional.<\/p>\n<\/div>\n<div class=\"sc-45461e9c-0 eqiBeF container-text text-embed \" id=\"element-body-5\">\n<p>Claro que lo\u00a0har\u00e1 con sus modos: por ejemplo, con el saludo a Mauricio Macri en la Fundaci\u00f3n Libertad, donde se acerc\u00f3 al ex jefe de Estado, a diferencia de Milei quien no lo nombr\u00f3.\u00a0&#8220;Yo la veo a Carri\u00f3 o a Macri y los saludo&#8221;, dec\u00eda en la cena del lunes pasado. Tambi\u00e9n all\u00ed, se diferenci\u00f3 en varios saludos de la frase del Presidente libertario, quien dice que el 95% de los periodistas son corruptos.<\/p>\n<\/div>\n<div class=\"sc-45461e9c-0 eqiBeF container-text text-embed \" id=\"element-body-6\">\n<p>La h\u00e1bil Patricia Bullrich abraz\u00f3 a una periodista y le dijo, ante la sorpresa de los pocos que oyeron la frase, en medio del bullicio: <strong>&#8220;Vos sos de las mejores del 95% de los periodistas a los que yo quiero&#8221;. <\/strong><em>NOLSALP&#8230;<\/em><\/p>\n<\/div>\n<div class=\"sc-98b114a2-0 bkqiHH image-embed  image-embed \" id=\"element-body-7\"><picture class=\"sc-98b114a2-1 jRUlDm\"><source media=\"(min-width: 975px)\" width=\"720\" height=\"480\" srcset=\"https:\/\/www.clarin.com\/img\/2025\/08\/17\/WgRtB_Iaq_720x0__1.jpg\"\/><img fetchpriority=\"high\" alt=\"Karina y Javier Milei con Manuel Adorni, Patricia Bullrich y Luis Petri.\" loading=\"eager\" width=\"720\" height=\"480\" decoding=\"async\" data-nimg=\"1\" style=\"color:transparent\" src=\"https:\/\/www.clarin.com\/img\/2025\/08\/17\/WgRtB_Iaq_720x0__1.jpg\"\/><span class=\"epigraphe\" aria-hidden=\"true\">Karina y Javier Milei con Manuel Adorni, Patricia Bullrich y Luis Petri.<\/span><span class=\"picture-open\"><button class=\"open-image\" aria-label=\"Open Image\"\/><\/span><\/picture><\/div>\n<p><h2><strong><u>La ciudad m\u00e1s linda<\/u><\/strong><\/h2>\n<\/p>\n<div class=\"sc-45461e9c-0 eqiBeF container-text text-embed \" id=\"element-body-9\">\n<p>En esa cena llevada a cabo en el predio de Parque Norte, <strong>el ex mandatario Mauricio Macri se mostr\u00f3 distante del actual jefe de Estado, de quien no recibi\u00f3 ni una m\u00ednima menci\u00f3n a su presencia<\/strong>. Macri sigue negando que est\u00e9 pensando en una eventual postulaci\u00f3n suya para el a\u00f1o que viene pero deja correr el &#8220;operativo clamor&#8221; que lo posiciona en una grilla, en caso de que la situaci\u00f3n pol\u00edtica no sea beneficiosa para la reelecci\u00f3n de Javier Milei.<\/p>\n<\/div>\n<div class=\"sc-45461e9c-0 eqiBeF container-text text-embed \" id=\"element-body-10\">\n<p>El ex Presidente sabe que los libertarios necesitan al PRO adentro para lograr otro mandato pero el juego de cartas comenzar\u00e1, de modo m\u00e1s intenso, despu\u00e9s del Mundial de f\u00fatbol que concentrar\u00e1 la atenci\u00f3n de la mayor\u00eda de los argentinos durante los meses de junio y julio. Quien retom\u00f3 br\u00edos es el actual alcalde porte\u00f1o, <strong>Jorge Macri, quien buscar\u00e1 su reelecci\u00f3n <\/strong>y se muestra entusiasmado luego del paso de Franco Colapinto por la Ciudad de Buenos Aires.<\/p>\n<\/div>\n<div class=\"sc-98b114a2-0 bkqiHH image-embed  image-embed \" id=\"element-body-11\"><picture class=\"sc-98b114a2-1 jRUlDm\"><source media=\"(min-width: 975px)\" width=\"720\" height=\"480\" srcset=\"https:\/\/www.clarin.com\/img\/2026\/04\/29\/5b2qEfxbv_720x0__1.jpg\"\/><img alt=\"Foto: Fernando de la Orden \/ Franco Colapinto y Bizarrap saludan en el final del Buenos Aires Road Show\" loading=\"eager\" width=\"720\" height=\"480\" decoding=\"async\" data-nimg=\"1\" style=\"color:transparent\" src=\"https:\/\/www.clarin.com\/img\/2026\/04\/29\/5b2qEfxbv_720x0__1.jpg\"\/><span class=\"epigraphe\" aria-hidden=\"true\">Foto: Fernando de la Orden \/ Franco Colapinto y Bizarrap saludan en el final del Buenos Aires Road Show<\/span><span class=\"picture-open\"><button class=\"open-image\" aria-label=\"Open Image\"\/><\/span><\/picture><\/div>\n<div class=\"sc-45461e9c-0 eqiBeF container-text text-embed \" id=\"element-body-12\">\n<p>No solo por las 600.000 personas que asistieron al road show del piloto de Alpine, sino porque la movida contribuy\u00f3 a revalidar el status de la ciudad de Buenos Aires como referencia internacional para el turismo y la inversi\u00f3n. Y tambi\u00e9n, por las <strong>1.5 millones de menciones durante el \u00faltimo fin de semana en TikTok, X e Instagram,<\/strong> un p\u00fablico que cualquier pol\u00edtico desear\u00eda tener en alg\u00fan tipo de convocatoria.<\/p>\n<\/div>\n<div class=\"sc-45461e9c-0 eqiBeF container-text text-embed \" id=\"element-body-13\">\n<p><strong>Jorge Macri cree que es el inicio de un posicionamiento nuevo tras la foto con Colapinto<\/strong> que tuvo nivel de repercusi\u00f3n mundial y con sus nuevas medidas bajo el lema de &#8220;ley y orden&#8221;, donde debe poner acento en reforzar la higiene de la Ciudad y seguir mejorando la seguridad, donde la gesti\u00f3n del ministro del \u00e1rea -el ex comisario Horacio Gim\u00e9nez- ha mostrado expertise en el manejo del complejo mundo policial. <em>Entre bueyes, no hay cornadas&#8230;<\/em><\/p>\n<\/div>\n<div class=\"sc-45461e9c-0 eqiBeF container-text text-embed \" id=\"element-body-14\">\n<p>El fen\u00f3meno Colapinto marida con la frase que acu\u00f1a el diputado macrista Fernando De Andreis quien dice que, para definir candidaturas en Naci\u00f3n y en la Ciudad, primero &#8220;hay que preparar la escuder\u00eda para ver qui\u00e9n es el piloto&#8221;. Por eso, junto al armador Ezequiel Sabor, dise\u00f1aron bajadas pol\u00edticas en Chaco, Entre R\u00edos, Santa Fe, Neuqu\u00e9n y Cuyo. En este \u00faltimo destino estar\u00e1 el ex Presidente Macri en el intento de &#8220;poner en valor al PRO&#8221; y ver c\u00f3mo llega Milei al a\u00f1o electoral. El gato que est\u00e1&#8230;<\/p>\n<\/div>\n<div class=\"sc-98b114a2-0 bkqiHH image-embed  image-embed \" id=\"element-body-15\"><picture class=\"sc-98b114a2-1 jRUlDm\"><source media=\"(min-width: 975px)\" width=\"1256\" height=\"620\" srcset=\"https:\/\/www.clarin.com\/img\/2026\/04\/22\/-uWbu8PDs_1256x620__2.jpg#1777473952346\"\/><img alt=\"Tras hablar de la reelecci\u00f3n, Jorge Macri recibi\u00f3 a Franco Colapinto en el aut\u00f3dromo\" loading=\"eager\" width=\"1256\" height=\"620\" decoding=\"async\" data-nimg=\"1\" style=\"color:transparent\" src=\"https:\/\/www.clarin.com\/img\/2026\/04\/22\/-uWbu8PDs_1256x620__2.jpg#1777473952346\"\/><span class=\"epigraphe\" aria-hidden=\"true\">Tras hablar de la reelecci\u00f3n, Jorge Macri recibi\u00f3 a Franco Colapinto en el aut\u00f3dromo<\/span><span class=\"picture-open\"><button class=\"open-image\" aria-label=\"Open Image\"\/><\/span><\/picture><\/div>\n<p><h2><strong><u>Oposici\u00f3n busca br\u00fajula<\/u><\/strong><\/h2>\n<\/p>\n<div class=\"sc-45461e9c-0 eqiBeF container-text text-embed \" id=\"element-body-17\">\n<p>La idea de conformar un frente pol\u00edtico amplio con eje en el peronismo es evaluado por dirigentes tan dis\u00edmiles como Leandro Santoro y Mariano Recalde hasta Mart\u00edn Lousteau y Horacio Rodr\u00edguez Larreta. Ese tema es de frecuente conversaci\u00f3n en<strong> la poderosa mesa que conforman el libertario Dar\u00edo Wasserman, el peronista Juan Manuel Olmos, el radical Emiliano\u00a0Yacobitti y el todoterreno Daniel Angelici.<\/strong><\/p>\n<\/div>\n<div class=\"sc-45461e9c-0 eqiBeF container-text text-embed \" id=\"element-body-18\">\n<p>All\u00ed, exploran qu\u00e9 puede pasar en la Ciudad de Buenos Aires tras la defecci\u00f3n de Adorni, los sue\u00f1os nunca conseguidos del peronismo de gobernar la Ciudad -por la v\u00eda electoral-<strong> y el intento del PRO de conseguir la reelecci\u00f3n con Jorge Macri.<\/strong> En esa mesa tambi\u00e9n se mostraron sorprendidos con que M\u00e1ximo Kirchner contrat\u00f3 a un importante consultor pol\u00edtico cuya adquisici\u00f3n caus\u00f3 sorpresa en todo el c\u00edrculo pol\u00edtico.<\/p>\n<\/div>\n<div class=\"sc-45461e9c-0 eqiBeF container-text text-embed \" id=\"element-body-19\">\n<p>Tambi\u00e9n en esa reuni\u00f3n siempre bien regada se habl\u00f3 de<strong> la postulaci\u00f3n del sanjuanino Sergio U\u00f1ac<\/strong>, que cuenta con la bendici\u00f3n de Cristina Elisabet Kirchner y que ser\u00e1 aupado por el nuevo nucleamiento que conforman el sindicalista V\u00edctor Santa Mar\u00eda, el diputado nacional Nicol\u00e1s Trotta y el salte\u00f1o Juan Manuel Urtubey.<em> Unidad b\u00e1sica&#8230;<\/em><\/p>\n<\/div>\n<div class=\"sc-98b114a2-0 bkqiHH image-embed  image-embed \" id=\"element-body-20\"><picture class=\"sc-98b114a2-1 jRUlDm\"><source media=\"(min-width: 975px)\" width=\"720\" height=\"480\" srcset=\"https:\/\/www.clarin.com\/img\/2025\/03\/14\/4Qlyw2FOA_720x0__1.jpg\"\/><img alt=\"Daniel Angelici y Juan Manuel Olmos\" loading=\"eager\" width=\"720\" height=\"480\" decoding=\"async\" data-nimg=\"1\" style=\"color:transparent\" src=\"https:\/\/www.clarin.com\/img\/2025\/03\/14\/4Qlyw2FOA_720x0__1.jpg\"\/><span class=\"epigraphe\" aria-hidden=\"true\">Daniel Angelici y Juan Manuel Olmos<\/span><span class=\"picture-open\"><button class=\"open-image\" aria-label=\"Open Image\"\/><\/span><\/picture><\/div>\n<p><h2><strong><u>Enigm\u00e1tico<\/u><\/strong><\/h2>\n<\/p>\n<div class=\"sc-45461e9c-0 eqiBeF container-text text-embed \" id=\"element-body-22\">\n<p>El Adorni\u00a0Gate ha inquietado a todo el gobierno nacional y la desconfianza entre los pares del Gabinete ha comenzado a ser moneda corriente. Desde las reuniones de la mesa pol\u00edtica hasta las citas de todos los ministros solo se ven risas nerviosas, se habla mal de los periodistas, de los medios y de la oposici\u00f3n pero tambi\u00e9n comienzan a mirarse entre ellos por el temor a nuevos esc\u00e1ndalos. <strong>El caso m\u00e1s comentado hoy es la versi\u00f3n de que un alto funcionario se habr\u00eda comprado una casa de proporciones en Punta del Este, valuada en varios millones de d\u00f3lares<\/strong>. <em>Como dir\u00eda Carlos Pagni, habladur\u00edas&#8230;<\/em><\/p>\n<\/div>\n<div class=\"sc-98b114a2-0 bkqiHH image-embed  image-embed \" id=\"element-body-23\"><picture class=\"sc-98b114a2-1 jRUlDm\"><source media=\"(min-width: 975px)\" width=\"720\" height=\"480\" srcset=\"https:\/\/www.clarin.com\/img\/2026\/01\/21\/1ek4fyhIJ_720x0__1.jpg\"\/><img alt=\"Punta del Este\" loading=\"eager\" width=\"720\" height=\"480\" decoding=\"async\" data-nimg=\"1\" style=\"color:transparent\" src=\"https:\/\/www.clarin.com\/img\/2026\/01\/21\/1ek4fyhIJ_720x0__1.jpg\"\/><span class=\"epigraphe\" aria-hidden=\"true\">Punta del Este<\/span><span class=\"picture-open\"><button class=\"open-image\" aria-label=\"Open Image\"\/><\/span><\/picture><\/div>\n<\/div>\n","protected":false},"excerpt":{"rendered":"<p>Pocas pulgas Hoy en la Casa Rosada recuerdan un cruce entre la vehemente Patricia Bullrich y el ajetreado Manuel Adorni:\u00a0&#8220;Conmigo no te met\u00e1s: yo no quiero ser jefa de Gobierno; no tengo nada que ver con tus temas&#8221;. El jefe de Gabinete abri\u00f3 grande los ojos y desminti\u00f3 haber se\u00f1alado a la senadora nacional con [&hellip;]<\/p>\n","protected":false},"author":1,"featured_media":8513,"comment_status":"open","ping_status":"open","sticky":false,"template":"","format":"standard","meta":{"footnotes":""},"categories":[1],"tags":[4],"class_list":["post-8512","post","type-post","status-publish","format-standard","has-post-thumbnail","hentry","category-uncategorized","tag-entre-rios"],"_links":{"self":[{"href":"https:\/\/cliente1.publisher.highstack.com.ar\/index.php?rest_route=\/wp\/v2\/posts\/8512","targetHints":{"allow":["GET"]}}],"collection":[{"href":"https:\/\/cliente1.publisher.highstack.com.ar\/index.php?rest_route=\/wp\/v2\/posts"}],"about":[{"href":"https:\/\/cliente1.publisher.highstack.com.ar\/index.php?rest_route=\/wp\/v2\/types\/post"}],"author":[{"embeddable":true,"href":"https:\/\/cliente1.publisher.highstack.com.ar\/index.php?rest_route=\/wp\/v2\/users\/1"}],"replies":[{"embeddable":true,"href":"https:\/\/cliente1.publisher.highstack.com.ar\/index.php?rest_route=%2Fwp%2Fv2%2Fcomments&post=8512"}],"version-history":[{"count":0,"href":"https:\/\/cliente1.publisher.highstack.com.ar\/index.php?rest_route=\/wp\/v2\/posts\/8512\/revisions"}],"wp:featuredmedia":[{"embeddable":true,"href":"https:\/\/cliente1.publisher.highstack.com.ar\/index.php?rest_route=\/wp\/v2\/media\/8513"}],"wp:attachment":[{"href":"https:\/\/cliente1.publisher.highstack.com.ar\/index.php?rest_route=%2Fwp%2Fv2%2Fmedia&parent=8512"}],"wp:term":[{"taxonomy":"category","embeddable":true,"href":"https:\/\/cliente1.publisher.highstack.com.ar\/index.php?rest_route=%2Fwp%2Fv2%2Fcategories&post=8512"},{"taxonomy":"post_tag","embeddable":true,"href":"https:\/\/cliente1.publisher.highstack.com.ar\/index.php?rest_route=%2Fwp%2Fv2%2Ftags&post=8512"}],"curies":[{"name":"wp","href":"https:\/\/api.w.org\/{rel}","templated":true}]}}