{"id":8508,"date":"2026-04-29T20:23:48","date_gmt":"2026-04-29T23:23:48","guid":{"rendered":"https:\/\/cliente1.publisher.highstack.com.ar\/?p=8508"},"modified":"2026-04-29T20:23:48","modified_gmt":"2026-04-29T23:23:48","slug":"el-peronismo-impulsa-un-rediseno-propio-del-inta-como-opcion-al-ajuste-del-gobierno","status":"publish","type":"post","link":"https:\/\/cliente1.publisher.highstack.com.ar\/?p=8508","title":{"rendered":"El peronismo impulsa un redise\u00f1o propio del INTA como opci\u00f3n al ajuste del Gobierno"},"content":{"rendered":"<div class=\"col-12\">\n<p class=\"com-paragraph  --capital --s\">El <strong>peronismo<\/strong> present\u00f3 este mi\u00e9rcoles un <strong>anteproyecto de ley <\/strong>para<strong> redise\u00f1ar<\/strong> el<strong> <\/strong>Instituto Nacional de Tecnolog\u00eda Agropecuaria<strong> (INTA)<\/strong>, con el objetivo de anticiparse, indicaron, a lo que considera ser\u00e1 un <strong>proceso de ajuste<\/strong> y<strong> <\/strong><a href=\"https:\/\/www.lanacion.com.ar\/economia\/campo\/en-el-conurbano-el-inta-avanza-con-la-cesion-de-sus-tierras-nid31032026\/\" target=\"_self\" title=\"https:\/\/www.lanacion.com.ar\/economia\/campo\/en-el-conurbano-el-inta-avanza-con-la-cesion-de-sus-tierras-nid31032026\/\" class=\"com-link break-word\" data-mrf-recirculation=\"n_link_parrafo\"><strong>desarticulaci\u00f3n del organismo <\/strong>por parte del<strong> Gobierno<\/strong><\/a>. La iniciativa, elaborada por la <strong>Secretar\u00eda de Asuntos Agrarios del PJ<\/strong> que conduce <strong>Juli\u00e1n Dom\u00ednguez<\/strong>, fue debatida en la sede partidaria de la calle Matheu, en el barrio de Balvanera, y tuvo la participaci\u00f3n de t\u00e9cnicos, extensionistas, exfuncionarios y <strong>legisladores <\/strong>quienes <strong>buscar\u00e1n su tratamiento en el Congreso<\/strong>. Seg\u00fan se mencion\u00f3, el redise\u00f1o institucional del organismo debe <strong>apuntar a ser un nodo de ecosistemas de innovaci\u00f3n en agrotecnolog\u00edas. <\/strong><\/p>\n<div class=\"ln-banner-container --caja1_mob\">\n<div id=\"caja1_mob\" class=\"ln-banner\" data-slot-group=\"nota\" data-device=\"mobile\" data-subscription=\"false\" data-ad-unit-path=\"\/133919216\/campo_mobile\/Nota\/caja1_mob\" data-targeting='{\"sitio\":\"lanacion\",\"seccion\":\"nota\"}' data-without-hide=\"true\" data-size=\"[[320,100],[300,250],[1,1],[300,450],[320,450]]\" data-sizemap=\"[]\" data-prebid-enabled=\"true\"><\/div>\n<\/div>\n<p class=\"com-paragraph   --s\">Adem\u00e1s del exministro de Agricultura <strong>Dom\u00ednguez,<\/strong> tambi\u00e9n asistieron los extitulares de Agricultura <strong>Luis Basterra<\/strong> y <strong>Norberto Yauhar;<\/strong> los senadores nacionales <strong>Jos\u00e9 Mayans,<\/strong> <strong>Jorge Capitanich<\/strong> y <strong>Eduardo \u201cWado\u201d de Pedro;<\/strong> y los expresidentes del INTA <strong>Mariano Garmendia<\/strong> y <strong>Susana Mirassou. <\/strong>Tambi\u00e9n concurri\u00f3, entre otros, <strong>Carla Campos Bilbao, <\/strong>exsecretaria de Desarrollo Rural. <\/p>\n<p class=\"com-paragraph   --s\">La propuesta parte de <strong>un documento base titulado \u201cEl INTA que la Argentina necesita\u201d,<\/strong> que plantea un redise\u00f1o institucional en l\u00ednea con los cambios tecnol\u00f3gicos del agro a nivel global. All\u00ed se sostiene que el sector atraviesa una <strong>\u201ccuarta revoluci\u00f3n\u201d (Agro 4.0), marcada por la inteligencia artificial, la biotecnolog\u00eda y la gesti\u00f3n de datos,<\/strong> y que el organismo debe transformarse para liderar ese proceso en el pa\u00eds. <strong>Las pr\u00f3ximas dos semanas ser\u00e1n clave para conseguir el acompa\u00f1amiento de los distintos gobernadores y hacer los ajustes necesarios. <\/strong><\/p>\n<p class=\"com-paragraph   --s\">En ese sentido, el texto propone pasar de un modelo basado en <strong>la producci\u00f3n masiva a uno de precisi\u00f3n<\/strong>, con fuerte apoyo en datos, sensores y automatizaci\u00f3n. Tambi\u00e9n plantea que el campo deje de ser visto solo como productor de alimentos y pase a ser entendido como una <strong>\u201cf\u00e1brica de datos\u201d, <\/strong>clave para anticipar escenarios productivos y clim\u00e1ticos.<\/p>\n<div class=\"ln-banner-container --caja2_mob\">\n<div id=\"caja2_mob\" class=\"ln-banner\" data-slot-group=\"nota\" data-device=\"mobile\" data-subscription=\"true\" data-ad-unit-path=\"\/133919216\/campo_mobile\/Nota\/caja2_mob\" data-targeting='{\"sitio\":\"lanacion\",\"seccion\":\"nota\"}' data-without-hide=\"true\" data-size=\"[[320,100],[300,250],[300,450],[1,1],[360,270],[320,180]]\" data-sizemap=\"[]\" data-prebid-enabled=\"true\"><\/div>\n<\/div>\n<p class=\"com-paragraph   --s\">\u201cEl INTA act\u00faa como <strong>el organizador sist\u00e9mico de los territorios<\/strong>, constituyendo <strong>una plataforma donde la ciencia y las disciplinas se integran para potenciar el capital humano. <\/strong>Su valor reside en la capacidad de generar sinergia dentro del sistema nacional de ciencia y tecnolog\u00eda, eslabonando el conocimiento de universidades y Conicet con las demandas territoriales para desarrollar tecnolog\u00edas adaptadas a cada agroecosistema\u201d, precisa el documento.<\/p>\n<div class=\"ln-banner-container --middle_2_dsk\">\n<div id=\"middle_2_dsk\" class=\"ln-banner\" data-slot-group=\"nota\" data-device=\"desktop\" data-subscription=\"true\" data-ad-unit-path=\"\/133919216\/campo_desktop\/Nota\/middle_2_dsk\" data-targeting='{\"sitio\":\"lanacion\",\"seccion\":\"nota\"}' data-without-hide=\"true\" data-size=\"[[1,1],[728,90]]\" data-sizemap=\"[]\" data-prebid-enabled=\"true\"><\/div>\n<\/div>\n<p class=\"com-paragraph   --s\">El anteproyecto, adem\u00e1s, <strong>pone especial \u00e9nfasis en el rol estrat\u00e9gico del INTA como articulador entre el sistema cient\u00edfico y las necesidades territoriales.<\/strong> Seg\u00fan se desprende, <strong>el organismo debe consolidarse como una plataforma<\/strong> de innovaci\u00f3n que integre universidades, el sistema cient\u00edfico y el sector privado, con foco en soluciones adaptadas a cada regi\u00f3n productiva del pa\u00eds.<\/p>\n<div class=\"ln-banner-container --caja3_mob\">\n<div id=\"caja3_mob\" class=\"ln-banner\" data-slot-group=\"nota\" data-device=\"mobile\" data-subscription=\"false\" data-ad-unit-path=\"\/133919216\/campo_mobile\/Nota\/caja3_mob\" data-targeting='{\"sitio\":\"lanacion\",\"seccion\":\"nota\"}' data-without-hide=\"true\" data-size=\"[[320,100],[300,250],[1,1],[300,450],[360,270]]\" data-sizemap=\"[]\" data-prebid-enabled=\"true\"><\/div>\n<\/div>\n<div class=\"ln-banner-container --middle_2_tab\">\n<div id=\"middle_2_tab\" class=\"ln-banner\" data-slot-group=\"nota\" data-device=\"tablet\" data-subscription=\"false\" data-ad-unit-path=\"\/133919216\/campo_tablet\/Nota\/middle_2_tab\" data-targeting='{\"sitio\":\"lanacion\",\"seccion\":\"nota\"}' data-without-hide=\"true\" data-size=\"[[728,90],[640,480],[468,60],[1,1]]\" data-sizemap=\"[]\" data-prebid-enabled=\"true\"><\/div>\n<\/div>\n<div class=\"content-media\">\n<section role=\"button\" class=\"mod-media   \">\n<figure role=\"button\" tabindex=\"0\" class=\"mod-figure \">\n<div class=\"placeholder \">\n<div class=\"com-image\"><picture><source media=\"(min-width: 768px)\" srcset=\"https:\/\/resizer.glanacion.com\/resizer\/v2\/segun-el-documento-el-organismo-debe-consolidarse-7OVAK6OCKNGJ5CA3IOSCMJPTRU.jpeg?auth=2cbd22afcaec508f049c8072340948b664f2680ce8225ba843aeb681eb86b2ee&amp;width=780&amp;height=585&amp;quality=70&amp;smart=true\"><\/source><img class=\"image com-image flex --cover\" decoding=\"async\" fetchpriority=\"low\" loading=\"lazy\" src=\"https:\/\/resizer.glanacion.com\/resizer\/v2\/segun-el-documento-el-organismo-debe-consolidarse-7OVAK6OCKNGJ5CA3IOSCMJPTRU.jpeg?auth=2cbd22afcaec508f049c8072340948b664f2680ce8225ba843aeb681eb86b2ee&amp;width=420&amp;height=315&amp;quality=70&amp;smart=true\" width=\"1280\" alt=\"Seg\u00fan el documento, el organismo debe consolidarse como una plataforma de innovaci\u00f3n \" height=\"960\"><\/picture><\/div>\n<\/div><figcaption class=\"mod-figcaption\"><span class=\"com-text --caption --twoxs\">Seg\u00fan el documento, el organismo debe consolidarse como una plataforma de innovaci\u00f3n <\/span><span class=\"com-text --credit --twoxs\">INTA <\/span><\/figcaption><\/figure>\n<\/section>\n<\/div>\n<p class=\"com-paragraph   --s\">Entre los ejes centrales del redise\u00f1o se destacan la creaci\u00f3n de un esquema de \u201c<strong>federalismo tecnol\u00f3gico<\/strong>\u201d, una gobernanza m\u00e1s amplia con <strong>representaci\u00f3n regional <\/strong>y de cadenas productivas, y la incorporaci\u00f3n de herramientas digitales para modernizar la <strong>extensi\u00f3n rural.<\/strong> Tambi\u00e9n se plantea avanzar hacia una \u201c<strong>gobernanza de datos<\/strong>\u201d, donde el INTA act\u00fae como administrador estrat\u00e9gico de la informaci\u00f3n agropecuaria, considerada uno de los activos m\u00e1s valiosos del sector.<\/p>\n<p class=\"com-paragraph   --s\">\u201cLa instituci\u00f3n <strong>debe preservar, transformar y proyectar sus capacidades para impulsar la competitividad, la sostenibilidad y la resiliencia de la agroindustria argentina <\/strong>a trav\u00e9s de la generaci\u00f3n, la transferencia de tecnolog\u00eda y la co-innovaci\u00f3n. Este impulso debe tener un fuerte componente prospectivo, generando hoy las capacidades que se necesitar\u00e1n en el futuro\u201d, se desprende de la iniciativa.<\/p>\n<div class=\"ln-banner-container --caja4_mob\">\n<div id=\"caja4_mob\" class=\"ln-banner\" data-slot-group=\"nota\" data-device=\"mobile\" data-subscription=\"false\" data-ad-unit-path=\"\/133919216\/campo_mobile\/Nota\/caja4_mob\" data-targeting='{\"sitio\":\"lanacion\",\"seccion\":\"nota\"}' data-without-hide=\"true\" data-size=\"[[320,100],[300,250],[1,1]]\" data-sizemap=\"[]\" data-prebid-enabled=\"true\"><\/div>\n<\/div>\n<p class=\"com-paragraph   --s\">Otro punto<strong> clave es la necesidad de acelerar los procesos internos del organismo para adaptarlos a la velocidad de la innovaci\u00f3n tecnol\u00f3gica.<\/strong> El documento advierte que la burocracia actual puede convertirse en una barrera para el desarrollo y propone mecanismos m\u00e1s \u00e1giles de financiamiento y aprobaci\u00f3n de proyectos. \u201c<strong>Hoy, lo m\u00e1s importante que circula por el campo son datos. La instituci\u00f3n debe actuar como un fideicomiso de informaci\u00f3n<\/strong> que proteja al productor, pero que permita usar los datos para el bien com\u00fan (por ejemplo, predecir una sequ\u00eda nacional)\u201c, observa.<\/p>\n<p class=\"com-paragraph   --s\">Adem\u00e1s se subraya <strong>el potencial del INTA para reducir brechas productivas \u2014estimadas entre un 30% y 40% entre rendimiento potencial y real<\/strong>\u2014, mejorar la trazabilidad de los alimentos, reducir costos mediante el uso de bioinsumos y fortalecer la inserci\u00f3n internacional de la agroindustria argentina.<\/p>\n<div class=\"ln-banner-container --caja6_mob\">\n<div id=\"caja6_mob\" class=\"ln-banner\" data-slot-group=\"nota\" data-device=\"mobile\" data-subscription=\"false\" data-ad-unit-path=\"\/133919216\/campo_mobile\/Nota\/caja6_mob\" data-targeting='{\"sitio\":\"lanacion\",\"seccion\":\"nota\"}' data-without-hide=\"true\" data-size=\"[[300,250],[230,50],[300,450],[1,1],[320,100]]\" data-sizemap=\"[]\" data-prebid-enabled=\"true\"><\/div>\n<\/div>\n<p class=\"com-paragraph   --s\">\u201c<strong>Es posible replantear el INTA potenciando sus pilares estrat\u00e9gicos con los que funciona desde hace 70 a\u00f1os,<\/strong> bajo un moderno esquema de innovaci\u00f3n abierta, reduciendo el tiempo entre el descubrimiento en el laboratorio y la aplicaci\u00f3n en el surco; en muchos casos el propio campo opera como laboratorio. <strong>Con soberan\u00eda de datos, administrando el activo m\u00e1s valioso del siglo XXI, el dato agropecuario, al servicio del productor para desdolarizar costos y mitigar riesgos.<\/strong> Aportando transparencia mediante Blockchain hacia el interior de las cadenas agroalimentarias, se pueden posicionar mejor los productos argentinos, y eliminar ineficiencias en la cadena\u201d, destaca.<\/p>\n<p class=\"com-paragraph   --s\">Desde el plano pol\u00edtico, la iniciativa cuenta con<strong> el respaldo de gobernadores, legisladores y bloques opositores<\/strong>. Seg\u00fan indicaron<strong> fuentes vinculadas a la organizaci\u00f3n del encuentro, el anteproyecto ya fue conversado con los presidentes de bloques de Uni\u00f3n por la Patria<\/strong> <strong>en el Congreso. <\/strong>Germ\u00e1n Mart\u00ednez es el presidente del bloque en diputados, y Jos\u00e9 Mayans en senadores. La intenci\u00f3n es darle tratamiento legislativo en las pr\u00f3ximas semanas.<\/p>\n<div class=\"ln-banner-container --caja7_mob\">\n<div id=\"caja7_mob\" class=\"ln-banner\" data-slot-group=\"nota\" data-device=\"mobile\" data-subscription=\"true\" data-ad-unit-path=\"\/133919216\/campo_mobile\/Nota\/caja7_mob\" data-targeting='{\"sitio\":\"lanacion\",\"seccion\":\"nota\"}' data-without-hide=\"true\" data-size=\"[[300,250],[320,50],[300,450],[1,1],[320,100]]\" data-sizemap=\"[]\" data-prebid-enabled=\"true\"><\/div>\n<\/div>\n<p class=\"com-paragraph   --s\">Ahora se<strong> abrir\u00e1 un per\u00edodo de dos semanas para recibir aportes y modificaciones antes de enviar el texto definitivo al Congreso<\/strong>. La intenci\u00f3n es que el proyecto sea debatido en comisi\u00f3n y luego llevado al recinto. En rigor, con este anteproyecto, el peronismo busca instalar el debate sobre el futuro del organismo y posicionar una alternativa que combine modernizaci\u00f3n tecnol\u00f3gica con una mayor presencia territorial, en contraposici\u00f3n a los cambios que impulsa el Gobierno.<\/p>\n<p class=\"com-paragraph   --s\">El documento tambi\u00e9n incluye una cr\u00edtica <strong>directa a la pol\u00edtica actual hacia el INTA,<\/strong> al advertir que el riesgo de reducir su estructura sin una estrategia clara es generar una <strong>\u201cfuga de innovaci\u00f3n\u201d<\/strong>.<\/p>\n<div class=\"ln-banner-container --caja8_mob\">\n<div id=\"caja8_mob\" class=\"ln-banner\" data-slot-group=\"nota\" data-device=\"mobile\" data-subscription=\"true\" data-ad-unit-path=\"\/133919216\/campo_mobile\/Nota\/caja8_mob\" data-targeting='{\"sitio\":\"lanacion\",\"seccion\":\"nota\"}' data-without-hide=\"true\" data-size=\"[[300,250],[320,50],[300,450],[1,1],[320,100]]\" data-sizemap=\"[]\" data-prebid-enabled=\"true\"><\/div>\n<\/div>\n<p class=\"com-paragraph   --s\">\u201c<strong>Hoy, la brecha entre un gran productor tecnol\u00f3gico y un peque\u00f1o productor regional es enorme.<\/strong> Un INTA redise\u00f1ado de manera inteligente implica poner la supercomputadora al servicio del peque\u00f1o productor de nueces de Catamarca o del criador de ovejas en la Patagonia. <strong>El \u00e9xito ya no depende de tener capital para contratar ingenieros, sino de acceder a la nube p\u00fablica de datos agrarios.<\/strong> Si bien el proceso es m\u00e1s complejo, va en el sentido de reducir la desigualdad rural&#8221;, resume el anteproyecto.<\/p>\n<div data-fusion-lazy-id=\"f0f2aQl9N0Nc5yq\"><\/div>\n<div data-fusion-lazy-id=\"f0fGQeo7N0Nc5He\"><\/div>\n<div class=\"ln-banner-container --caja5_mob\">\n<div id=\"caja5_mob\" class=\"ln-banner\" data-slot-group=\"nota\" data-device=\"mobile\" data-subscription=\"false\" data-ad-unit-path=\"\/133919216\/campo_mobile\/Nota\/caja5_mob\" data-targeting='{\"sitio\":\"lanacion\",\"seccion\":\"nota\"}' data-without-hide=\"true\" data-size='[[320,100],[300,250],[1,1],[\" fluid\"]]' data-sizemap=\"[]\" data-prebid-enabled=\"true\"><\/div>\n<\/div>\n<div data-fusion-lazy-id=\"f0fSc0ngN0Nc5KL\">\n<div><\/div>\n<\/div>\n<div class=\"ln-banner-container --middle_3_dsk\">\n<div id=\"middle_3_dsk\" class=\"ln-banner\" data-slot-group=\"nota\" data-device=\"desktop\" data-subscription=\"true\" data-ad-unit-path=\"\/133919216\/campo_desktop\/Nota\/middle_3_dsk\" data-targeting='{\"sitio\":\"lanacion\",\"seccion\":\"nota\"}' data-without-hide=\"true\" data-size=\"[[1,1],[728,90],[640,360],[728,360]]\" data-sizemap=\"[]\" data-prebid-enabled=\"true\"><\/div>\n<\/div>\n<\/div>\n","protected":false},"excerpt":{"rendered":"<p>El peronismo present\u00f3 este mi\u00e9rcoles un anteproyecto de ley para redise\u00f1ar el Instituto Nacional de Tecnolog\u00eda Agropecuaria (INTA), con el objetivo de anticiparse, indicaron, a lo que considera ser\u00e1 un proceso de ajuste y desarticulaci\u00f3n del organismo por parte del Gobierno. La iniciativa, elaborada por la Secretar\u00eda de Asuntos Agrarios del PJ que conduce Juli\u00e1n [&hellip;]<\/p>\n","protected":false},"author":1,"featured_media":8509,"comment_status":"open","ping_status":"open","sticky":false,"template":"","format":"standard","meta":{"footnotes":""},"categories":[1],"tags":[],"class_list":["post-8508","post","type-post","status-publish","format-standard","has-post-thumbnail","hentry","category-uncategorized"],"_links":{"self":[{"href":"https:\/\/cliente1.publisher.highstack.com.ar\/index.php?rest_route=\/wp\/v2\/posts\/8508","targetHints":{"allow":["GET"]}}],"collection":[{"href":"https:\/\/cliente1.publisher.highstack.com.ar\/index.php?rest_route=\/wp\/v2\/posts"}],"about":[{"href":"https:\/\/cliente1.publisher.highstack.com.ar\/index.php?rest_route=\/wp\/v2\/types\/post"}],"author":[{"embeddable":true,"href":"https:\/\/cliente1.publisher.highstack.com.ar\/index.php?rest_route=\/wp\/v2\/users\/1"}],"replies":[{"embeddable":true,"href":"https:\/\/cliente1.publisher.highstack.com.ar\/index.php?rest_route=%2Fwp%2Fv2%2Fcomments&post=8508"}],"version-history":[{"count":0,"href":"https:\/\/cliente1.publisher.highstack.com.ar\/index.php?rest_route=\/wp\/v2\/posts\/8508\/revisions"}],"wp:featuredmedia":[{"embeddable":true,"href":"https:\/\/cliente1.publisher.highstack.com.ar\/index.php?rest_route=\/wp\/v2\/media\/8509"}],"wp:attachment":[{"href":"https:\/\/cliente1.publisher.highstack.com.ar\/index.php?rest_route=%2Fwp%2Fv2%2Fmedia&parent=8508"}],"wp:term":[{"taxonomy":"category","embeddable":true,"href":"https:\/\/cliente1.publisher.highstack.com.ar\/index.php?rest_route=%2Fwp%2Fv2%2Fcategories&post=8508"},{"taxonomy":"post_tag","embeddable":true,"href":"https:\/\/cliente1.publisher.highstack.com.ar\/index.php?rest_route=%2Fwp%2Fv2%2Ftags&post=8508"}],"curies":[{"name":"wp","href":"https:\/\/api.w.org\/{rel}","templated":true}]}}