{"id":8502,"date":"2026-04-29T19:00:59","date_gmt":"2026-04-29T22:00:59","guid":{"rendered":"https:\/\/cliente1.publisher.highstack.com.ar\/?p=8502"},"modified":"2026-04-29T19:00:59","modified_gmt":"2026-04-29T22:00:59","slug":"abogados-y-jueces-analizaron-en-un-evento-los-desafios-practicos-de-la-reforma-laboraluna-jornada-en-san-isidro-reunio-a-magistrados-docentes-y-letrados-de-estudios-privados-y-sindicales-para-abordar","status":"publish","type":"post","link":"https:\/\/cliente1.publisher.highstack.com.ar\/?p=8502","title":{"rendered":"Abogados y jueces analizaron en un evento los desaf\u00edos pr\u00e1cticos de la reforma laboralUna jornada en San Isidro reuni\u00f3 a magistrados, docentes y letrados de estudios privados y sindicales para abordar un el nuevo desaf\u00edo concreto de c\u00f3mo litigar en un entorno normativo que ya no es el mismo"},"content":{"rendered":"<div class=\"visual__image image-initial-width\"><picture><source srcset=\"https:\/\/www.infobae.com\/resizer\/v2\/YWJP425GVJGQJPB3MNRG4IXUVU.jpeg?auth=53ed44ae6fc013852a41713fc0649eea6c6fcd62457cfde01783b9c1ffb9252d&amp;smart=true&amp;width=992&amp;height=558&amp;quality=85\" media=\"(min-width: 1000px)\"><\/source><source srcset=\"https:\/\/www.infobae.com\/resizer\/v2\/YWJP425GVJGQJPB3MNRG4IXUVU.jpeg?auth=53ed44ae6fc013852a41713fc0649eea6c6fcd62457cfde01783b9c1ffb9252d&amp;smart=true&amp;width=768&amp;height=432&amp;quality=85\" media=\"(min-width: 768px)\"><\/source><source srcset=\"https:\/\/www.infobae.com\/resizer\/v2\/YWJP425GVJGQJPB3MNRG4IXUVU.jpeg?auth=53ed44ae6fc013852a41713fc0649eea6c6fcd62457cfde01783b9c1ffb9252d&amp;smart=true&amp;width=577&amp;height=325&amp;quality=85\" media=\"(min-width: 580px)\"><\/source><source srcset=\"https:\/\/www.infobae.com\/resizer\/v2\/YWJP425GVJGQJPB3MNRG4IXUVU.jpeg?auth=53ed44ae6fc013852a41713fc0649eea6c6fcd62457cfde01783b9c1ffb9252d&amp;smart=true&amp;width=420&amp;height=236&amp;quality=85\" media=\"(min-width: 350px)\"><\/source><source srcset=\"https:\/\/www.infobae.com\/resizer\/v2\/YWJP425GVJGQJPB3MNRG4IXUVU.jpeg?auth=53ed44ae6fc013852a41713fc0649eea6c6fcd62457cfde01783b9c1ffb9252d&amp;smart=true&amp;width=350&amp;height=197&amp;quality=85\" media=\"(min-width: 80px)\"><\/source><img alt=\" Jueces, docentes universitarios y letrados de estudios privados y sindicales debatieron en San Isidro sobre c\u00f3mo litigar en un entorno normativo que cambi\u00f3\" class=\"global-image\" decoding=\"async\" fetchpriority=\"high\" height=\"900\" loading=\"eager\" src=\"https:\/\/www.infobae.com\/resizer\/v2\/YWJP425GVJGQJPB3MNRG4IXUVU.jpeg?auth=53ed44ae6fc013852a41713fc0649eea6c6fcd62457cfde01783b9c1ffb9252d&amp;smart=true&amp;width=350&amp;height=197&amp;quality=85\" width=\"1600\"><\/picture><\/div>\n<p class=\"paragraph\">La reciente <a href=\"https:\/\/www.infobae.com\/tag\/reforma-laboral\/\" target=\"_blank\" rel=\"noreferrer\" title=\"https:\/\/www.infobae.com\/tag\/reforma-laboral\/\"><b>reforma laboral<\/b><\/a> introducida por la <b>Ley 27.802<\/b> no solo plantea cambios normativos, sino que <b>abre un escenario nuevo para el ejercicio profesional de la abogac\u00eda<\/b>, donde la interpretaci\u00f3n y aplicaci\u00f3n concreta de las modificaciones se vuelve un desaf\u00edo central.<\/p>\n<p class=\"paragraph\">En ese contexto, se realiz\u00f3 en el hist\u00f3rico<b> Teatro Stella Maris<\/b> de <b>San Isidro<\/b> una jornada pr\u00e1ctica organizada por el <b>Dr. Andr\u00e9s Prieto Fasano<\/b>, que reuni\u00f3 a profesionales de distintos perfiles y trayectorias, con un eje com\u00fan: <b>c\u00f3mo litigar en un entorno que cambi\u00f3<\/b>.<\/p>\n<div class=\"inline ad-wrapper dfpAd ad-inline ad-text ad-component-container\" style=\"--ad-shell-height:250px;--ad-shell-width:300px\" data-ad-wrapper=\"arcad\" data-ad-type=\"inline\" data-ad-slot=\"infobae\/politica\/nota\/inline\" data-ad-container=\"dfp\" data-ad-slot-name=\"infobae\/politica\/nota\/inline\">\n<p class=\"ad-shell-label\">PUBLICIDAD<\/p>\n<div id=\"infobae\/politica\/nota\/inline\" class=\"infobae\/politica\/nota\/inline arcad ad-slot-node ad-slot-node--boxed\" data-ad-slot-id=\"infobae\/politica\/nota\/inline\"><\/div>\n<\/div>\n<p class=\"paragraph\">A diferencia de los enfoques meramente te\u00f3ricos, el encuentro estuvo orientado a bajar la reforma a la pr\u00e1ctica, <b>abordando situaciones concretas que hoy enfrentan los abogados en su trabajo diario<\/b>. La convocatoria, abierta y transversal, cont\u00f3 con la participaci\u00f3n de colegas de distintos espacios, lo que permiti\u00f3 enriquecer el intercambio desde m\u00faltiples miradas.<\/p>\n<p class=\"paragraph\">Los paneles se integraron con el <b>Dr. Esteban D\u00b4Albuquerque<\/b> (profesor de la UBA), la <b>Dra. Rosal\u00eda Romero<\/b> (jueza del PJN), el <b>Dr. Ra\u00fal Ferrara<\/b> (letrado de la CGT) y los <b>Dres. Carina Castrill\u00f3n<\/b>, <b>In\u00e9s Arias<\/b> y <b>Daniel Orlansky <\/b>(letrados de reconocidos estudios y asesores del sector empresario).<\/p>\n<div class=\"inline_2 ad-wrapper dfpAd ad-inline ad-text ad-component-container\" style=\"--ad-shell-height:250px;--ad-shell-width:300px\" data-ad-wrapper=\"arcad\" data-ad-type=\"inline_2\" data-ad-slot=\"infobae\/politica\/nota\/inline_2\" data-ad-container=\"dfp\" data-ad-slot-name=\"infobae\/politica\/nota\/inline_2\">\n<p class=\"ad-shell-label\">PUBLICIDAD<\/p>\n<div id=\"infobae\/politica\/nota\/inline_2\" class=\"infobae\/politica\/nota\/inline_2 arcad ad-slot-node ad-slot-node--boxed\" data-ad-slot-id=\"infobae\/politica\/nota\/inline_2\"><\/div>\n<\/div>\n<p class=\"paragraph\">La conferencia final la dict\u00f3 el <b>Dr. Juan Formaro<\/b>, reconocido catedr\u00e1tico y candidato a presidente del Colegio de <b>Abogados de San Isidro<\/b>, quien puso el foco en la distancia que muchas veces existe entre las normas y su implementaci\u00f3n efectiva. En su intervenci\u00f3n, destac\u00f3 que <b>\u201clos cambios legales requieren ser acompa\u00f1ados con herramientas concretas que permitan a los profesionales ejercer\u201d<\/b> y agreg\u00f3 que <b>\u201cel desaf\u00edo no es solo entender la reforma, sino capacitar seriamente para poder trabajar mejor frente al nuevo escenario legal\u201d<\/b>.<\/p>\n<div class=\"visual__image\"><picture><source srcset=\"https:\/\/www.infobae.com\/resizer\/v2\/U4PTP3O3BVDUZGBEUBC4NXON7Y.jpeg?auth=8ace30d083fef1adc87e71b5af687493e105068cbcb443a47026365fd51c6b18&amp;smart=true&amp;width=992&amp;height=744&amp;quality=85\" media=\"(min-width: 1000px)\"><\/source><source srcset=\"https:\/\/www.infobae.com\/resizer\/v2\/U4PTP3O3BVDUZGBEUBC4NXON7Y.jpeg?auth=8ace30d083fef1adc87e71b5af687493e105068cbcb443a47026365fd51c6b18&amp;smart=true&amp;width=768&amp;height=576&amp;quality=85\" media=\"(min-width: 768px)\"><\/source><source srcset=\"https:\/\/www.infobae.com\/resizer\/v2\/U4PTP3O3BVDUZGBEUBC4NXON7Y.jpeg?auth=8ace30d083fef1adc87e71b5af687493e105068cbcb443a47026365fd51c6b18&amp;smart=true&amp;width=577&amp;height=433&amp;quality=85\" media=\"(min-width: 580px)\"><\/source><source srcset=\"https:\/\/www.infobae.com\/resizer\/v2\/U4PTP3O3BVDUZGBEUBC4NXON7Y.jpeg?auth=8ace30d083fef1adc87e71b5af687493e105068cbcb443a47026365fd51c6b18&amp;smart=true&amp;width=420&amp;height=315&amp;quality=85\" media=\"(min-width: 350px)\"><\/source><source srcset=\"https:\/\/www.infobae.com\/resizer\/v2\/U4PTP3O3BVDUZGBEUBC4NXON7Y.jpeg?auth=8ace30d083fef1adc87e71b5af687493e105068cbcb443a47026365fd51c6b18&amp;smart=true&amp;width=350&amp;height=263&amp;quality=85\" media=\"(min-width: 80px)\"><\/source><img alt=\"a actualizaci\u00f3n normativa impone la intervenci\u00f3n de los abogados para establecer criterios interpretativos razonables ante los nuevos cambios legales\" class=\"global-image\" decoding=\"async\" fetchpriority=\"low\" height=\"960\" loading=\"lazy\" src=\"https:\/\/www.infobae.com\/resizer\/v2\/U4PTP3O3BVDUZGBEUBC4NXON7Y.jpeg?auth=8ace30d083fef1adc87e71b5af687493e105068cbcb443a47026365fd51c6b18&amp;smart=true&amp;width=350&amp;height=263&amp;quality=85\" width=\"1280\"><\/picture><\/div>\n<p class=\"paragraph\">Uno de los puntos m\u00e1s reiterados durante la jornada fue la necesidad de contar con instancias de formaci\u00f3n pr\u00e1ctica que permitan reducir la incertidumbre al momento de encarar un caso, especialmente frente a reformas que impactan directamente en la din\u00e1mica del trabajo profesional.<\/p>\n<div class=\"ad_1 ad-wrapper dfpAd ad-1-al-6 ad-text ad-component-container\" style=\"--ad-shell-height:250px;--ad-shell-width:300px\" data-ad-wrapper=\"arcad\" data-ad-type=\"ad_1\" data-ad-slot=\"infobae\/politica\/nota\/ad_1\" data-ad-container=\"dfp\" data-ad-slot-name=\"infobae\/politica\/nota\/ad_1\">\n<p class=\"ad-shell-label\">PUBLICIDAD<\/p>\n<div id=\"infobae\/politica\/nota\/ad_1\" class=\"infobae\/politica\/nota\/ad_1 arcad ad-slot-node ad-slot-node--boxed\" data-ad-slot-id=\"infobae\/politica\/nota\/ad_1\"><\/div>\n<\/div>\n<p class=\"paragraph\">En ese sentido, varios de los participantes coincidieron en que, m\u00e1s all\u00e1 de la letra de la ley, <b>el principal desaf\u00edo est\u00e1 en c\u00f3mo se traducen esos cambios en el funcionamiento real de los tribunales<\/b> y en la toma de decisiones cotidianas de los abogados.<\/p>\n<p class=\"paragraph\">Durante el encuentro tambi\u00e9n se plante\u00f3 que la actualizaci\u00f3n normativa impone la necesaria intervenci\u00f3n de los abogados para establecer criterios interpretativos razonables. La brecha entre lo que la ley establece y lo que ocurre en la pr\u00e1ctica sigue siendo uno de los principales desaf\u00edos.<\/p>\n<div class=\"ad_2 ad-wrapper dfpAd ad-1-al-6 ad-text ad-component-container\" style=\"--ad-shell-height:250px;--ad-shell-width:300px\" data-ad-wrapper=\"arcad\" data-ad-type=\"ad_2\" data-ad-slot=\"infobae\/politica\/nota\/ad_2\" data-ad-container=\"dfp\" data-ad-slot-name=\"infobae\/politica\/nota\/ad_2\">\n<p class=\"ad-shell-label\">PUBLICIDAD<\/p>\n<div id=\"infobae\/politica\/nota\/ad_2\" class=\"infobae\/politica\/nota\/ad_2 arcad ad-slot-node ad-slot-node--boxed\" data-ad-slot-id=\"infobae\/politica\/nota\/ad_2\"><\/div>\n<\/div>\n<p class=\"paragraph\">La actividad dej\u00f3 en evidencia una demanda creciente dentro de la profesi\u00f3n: <b>la necesidad de contar con espacios que no solo informen, sino que acompa\u00f1en activamente el ejercicio profesional, acercando herramientas que faciliten el trabajo diario y configuren adem\u00e1s un aporte a la sociedad<\/b>.<\/p>\n<p class=\"paragraph\">En un contexto de transformaci\u00f3n normativa y tecnol\u00f3gica, este tipo de encuentros refleja una preocupaci\u00f3n extendida dentro de la abogac\u00eda:<b> c\u00f3mo adaptarse a un entorno en constante cambio y procurar la eficacia de la tutela judicial para las partes<\/b>.<\/p>\n<div class=\"ad_3 ad-wrapper dfpAd ad-1-al-6 ad-text ad-component-container\" style=\"--ad-shell-height:250px;--ad-shell-width:300px\" data-ad-wrapper=\"arcad\" data-ad-type=\"ad_3\" data-ad-slot=\"infobae\/politica\/nota\/ad_3\" data-ad-container=\"dfp\" data-ad-slot-name=\"infobae\/politica\/nota\/ad_3\">\n<p class=\"ad-shell-label\">PUBLICIDAD<\/p>\n<div id=\"infobae\/politica\/nota\/ad_3\" class=\"infobae\/politica\/nota\/ad_3 arcad ad-slot-node ad-slot-node--boxed\" data-ad-slot-id=\"infobae\/politica\/nota\/ad_3\"><\/div>\n<\/div>\n<p class=\"paragraph\">La jornada concluy\u00f3 con una idea compartida entre los asistentes: <b>el desaf\u00edo no es solo comprender las reformas, sino procurar el di\u00e1logo y generar las condiciones para un mejor ejercicio profesional, que adem\u00e1s impacte positivamente en la sociedad<\/b>.<\/p>\n","protected":false},"excerpt":{"rendered":"<p>La reciente reforma laboral introducida por la Ley 27.802 no solo plantea cambios normativos, sino que abre un escenario nuevo para el ejercicio profesional de la abogac\u00eda, donde la interpretaci\u00f3n y aplicaci\u00f3n concreta de las modificaciones se vuelve un desaf\u00edo central. En ese contexto, se realiz\u00f3 en el hist\u00f3rico Teatro Stella Maris de San Isidro [&hellip;]<\/p>\n","protected":false},"author":1,"featured_media":8503,"comment_status":"open","ping_status":"open","sticky":false,"template":"","format":"standard","meta":{"footnotes":""},"categories":[1],"tags":[],"class_list":["post-8502","post","type-post","status-publish","format-standard","has-post-thumbnail","hentry","category-uncategorized"],"_links":{"self":[{"href":"https:\/\/cliente1.publisher.highstack.com.ar\/index.php?rest_route=\/wp\/v2\/posts\/8502","targetHints":{"allow":["GET"]}}],"collection":[{"href":"https:\/\/cliente1.publisher.highstack.com.ar\/index.php?rest_route=\/wp\/v2\/posts"}],"about":[{"href":"https:\/\/cliente1.publisher.highstack.com.ar\/index.php?rest_route=\/wp\/v2\/types\/post"}],"author":[{"embeddable":true,"href":"https:\/\/cliente1.publisher.highstack.com.ar\/index.php?rest_route=\/wp\/v2\/users\/1"}],"replies":[{"embeddable":true,"href":"https:\/\/cliente1.publisher.highstack.com.ar\/index.php?rest_route=%2Fwp%2Fv2%2Fcomments&post=8502"}],"version-history":[{"count":0,"href":"https:\/\/cliente1.publisher.highstack.com.ar\/index.php?rest_route=\/wp\/v2\/posts\/8502\/revisions"}],"wp:featuredmedia":[{"embeddable":true,"href":"https:\/\/cliente1.publisher.highstack.com.ar\/index.php?rest_route=\/wp\/v2\/media\/8503"}],"wp:attachment":[{"href":"https:\/\/cliente1.publisher.highstack.com.ar\/index.php?rest_route=%2Fwp%2Fv2%2Fmedia&parent=8502"}],"wp:term":[{"taxonomy":"category","embeddable":true,"href":"https:\/\/cliente1.publisher.highstack.com.ar\/index.php?rest_route=%2Fwp%2Fv2%2Fcategories&post=8502"},{"taxonomy":"post_tag","embeddable":true,"href":"https:\/\/cliente1.publisher.highstack.com.ar\/index.php?rest_route=%2Fwp%2Fv2%2Ftags&post=8502"}],"curies":[{"name":"wp","href":"https:\/\/api.w.org\/{rel}","templated":true}]}}