{"id":8486,"date":"2026-04-29T15:39:02","date_gmt":"2026-04-29T18:39:02","guid":{"rendered":"https:\/\/cliente1.publisher.highstack.com.ar\/?p=8486"},"modified":"2026-04-29T15:39:02","modified_gmt":"2026-04-29T18:39:02","slug":"quienes-fueron-los-dos-diputados-de-peso-que-se-ausentaron-en-la-sesion-informativa-de-manuel-adornimiguel-angel-pichetto-y-marcela-pagano-no-participaron-durante-la-presentacion-del-jefe-de-gabinete","status":"publish","type":"post","link":"https:\/\/cliente1.publisher.highstack.com.ar\/?p=8486","title":{"rendered":"Qui\u00e9nes fueron los dos diputados de peso que se ausentaron en la sesi\u00f3n informativa de Manuel AdorniMiguel \u00c1ngel Pichetto y Marcela Pagano no participaron durante la presentaci\u00f3n del jefe de Gabinete en el Congreso de la Naci\u00f3n. Los motivos"},"content":{"rendered":"<div class=\"visual__image image-initial-width\"><picture><source srcset=\"https:\/\/www.infobae.com\/resizer\/v2\/GFN5YQDIOJACZDV74OUTGWOQVU.JPG?auth=386b19ca2965c2923a4073e5e96d21405283dd52ada775e3b553fdaa8ef42373&amp;smart=true&amp;width=992&amp;height=661&amp;quality=85\" media=\"(min-width: 1000px)\"><\/source><source srcset=\"https:\/\/www.infobae.com\/resizer\/v2\/GFN5YQDIOJACZDV74OUTGWOQVU.JPG?auth=386b19ca2965c2923a4073e5e96d21405283dd52ada775e3b553fdaa8ef42373&amp;smart=true&amp;width=768&amp;height=512&amp;quality=85\" media=\"(min-width: 768px)\"><\/source><source srcset=\"https:\/\/www.infobae.com\/resizer\/v2\/GFN5YQDIOJACZDV74OUTGWOQVU.JPG?auth=386b19ca2965c2923a4073e5e96d21405283dd52ada775e3b553fdaa8ef42373&amp;smart=true&amp;width=577&amp;height=385&amp;quality=85\" media=\"(min-width: 580px)\"><\/source><source srcset=\"https:\/\/www.infobae.com\/resizer\/v2\/GFN5YQDIOJACZDV74OUTGWOQVU.JPG?auth=386b19ca2965c2923a4073e5e96d21405283dd52ada775e3b553fdaa8ef42373&amp;smart=true&amp;width=420&amp;height=280&amp;quality=85\" media=\"(min-width: 350px)\"><\/source><source srcset=\"https:\/\/www.infobae.com\/resizer\/v2\/GFN5YQDIOJACZDV74OUTGWOQVU.JPG?auth=386b19ca2965c2923a4073e5e96d21405283dd52ada775e3b553fdaa8ef42373&amp;smart=true&amp;width=350&amp;height=233&amp;quality=85\" media=\"(min-width: 80px)\"><\/source><img alt=\"Marcela Pagano fue una de las diputadas que no estuvieron presentes durante la presentaci\u00f3n de Adorni (REUTERS\/Alessia Maccioni)\" class=\"global-image\" decoding=\"async\" fetchpriority=\"high\" height=\"4000\" loading=\"eager\" src=\"https:\/\/www.infobae.com\/resizer\/v2\/GFN5YQDIOJACZDV74OUTGWOQVU.JPG?auth=386b19ca2965c2923a4073e5e96d21405283dd52ada775e3b553fdaa8ef42373&amp;smart=true&amp;width=350&amp;height=233&amp;quality=85\" width=\"6000\"><\/picture><\/div>\n<p class=\"paragraph\">La sesi\u00f3n informativa que llev\u00f3 a cabo el jefe de Gabinete, <b>Manuel Adorni<\/b>, reanud\u00f3 la actividad en el <b>Congreso de la Naci\u00f3n<\/b>. Sin embargo, aunque en el recinto hab\u00eda presentes 231 diputados de los 257 que conforman la <b>C\u00e1mara<\/b> al momento de inicio de la sesi\u00f3n, hubo un par de ausencias que llamaron la atenci\u00f3n por su importancia relativa respecto de sus pares.<\/p>\n<p class=\"paragraph\">En ese marco, una de las faltas m\u00e1s notorias fue la de la diputada <b>Marcela Pagano<\/b>, exaliada del Gobierno. La legisladora que estaba anotada en la lista de oradores para ser una de las primeras en hacerle preguntas al <b>Jefe de Gabinete<\/b>, pero no estuvo ni en el momento del discurso de <b>Adorni<\/b> ni de cuando ten\u00eda pautado que era su momento para hacer cuestionamientos.<\/p>\n<div class=\"inline ad-wrapper dfpAd ad-inline ad-text ad-component-container\" style=\"--ad-shell-height:250px;--ad-shell-width:300px\" data-ad-wrapper=\"arcad\" data-ad-type=\"inline\" data-ad-slot=\"infobae\/politica\/nota\/inline\" data-ad-container=\"dfp\" data-ad-slot-name=\"infobae\/politica\/nota\/inline\">\n<p class=\"ad-shell-label\">PUBLICIDAD<\/p>\n<div id=\"infobae\/politica\/nota\/inline\" class=\"infobae\/politica\/nota\/inline arcad ad-slot-node ad-slot-node--boxed\" data-ad-slot-id=\"infobae\/politica\/nota\/inline\"><\/div>\n<\/div>\n<p class=\"paragraph\">Consultada por <b>Infobae<\/b> sobre los motivos de su ausencia, la diputada se\u00f1al\u00f3 que <a href=\"https:\/\/www.infobae.com\/judiciales\/2026\/04\/29\/marcela-pagano-se-presento-en-comodoro-py-para-ampliar-la-denuncia-por-enriquecimiento-ilicito-contra-manuel-adorni\/\" target=\"_blank\" rel=\"noreferrer\" title=\"https:\/\/www.infobae.com\/judiciales\/2026\/04\/29\/marcela-pagano-se-presento-en-comodoro-py-para-ampliar-la-denuncia-por-enriquecimiento-ilicito-contra-manuel-adorni\/\">se encontraba en los <b>tribunales federales de Comodoro Py<\/b><\/a>. \u201cEstoy en los tribunales, vengo a hablar de la ruta del dinero <b>Adorni<\/b>\u201c, dijo la legisladora. \u201cEstoy en Py para ampliar la denuncia por enriquecimiento il\u00edcito; que \u00e9l niegue lo que quiera ah\u00ed -por el <b>Congreso<\/b>&#8211; total tiene que venir a dar explicaciones ac\u00e1 -los tribunales&#8221;. Por \u00faltimo, la diputada agreg\u00f3 que presentar\u00e1 los datos \u201cde una offshore -una sociedad- en Uruguay\u201d.<\/p>\n<div class=\"video-player-vertical video-player-vertical-body\">\n<div class=\"video-wrapper\">\n<div class=\"video-wrapper-container\">\n<div class=\"jwplayer-ctn\"><script src=\"https:\/\/census-web.scorecardresearch.com\/plugins\/streaming-jwplayer\/v2\/current.js\"><\/script><\/p>\n<div>\n<div id=\"X9bpmsXv\"><\/div>\n<\/div>\n<\/div>\n<\/div>\n<\/div>\n<div class=\"video-details\">\n<h2 class=\"video-description\">Marcela Pagano se present\u00f3 en Comodoro Py para ampliar la denuncia por enriquecimiento il\u00edcito contra Manuel Adorni<\/h2>\n<\/div>\n<\/div>\n<p class=\"paragraph\">Pagano tambi\u00e9n lo hab\u00eda denunciado al Jefe de Gabinete por su pasado laboral, en donde se\u00f1ala que Adorni<b> trabaj\u00f3 durante dos a\u00f1os en el Ministerio de Cultura de la Naci\u00f3n, durante la gesti\u00f3n de Mauricio Macri<\/b>. La diputada lo acus\u00f3 de \u201c\u00f1oqui\u201d y que su salida de la funci\u00f3n p\u00fablica fue consecuencia de una licitaci\u00f3n que fue denunciada por irregularidades.<\/p>\n<div class=\"inline_2 ad-wrapper dfpAd ad-inline ad-text ad-component-container\" style=\"--ad-shell-height:250px;--ad-shell-width:300px\" data-ad-wrapper=\"arcad\" data-ad-type=\"inline_2\" data-ad-slot=\"infobae\/politica\/nota\/inline_2\" data-ad-container=\"dfp\" data-ad-slot-name=\"infobae\/politica\/nota\/inline_2\">\n<p class=\"ad-shell-label\">PUBLICIDAD<\/p>\n<div id=\"infobae\/politica\/nota\/inline_2\" class=\"infobae\/politica\/nota\/inline_2 arcad ad-slot-node ad-slot-node--boxed\" data-ad-slot-id=\"infobae\/politica\/nota\/inline_2\"><\/div>\n<\/div>\n<p class=\"paragraph\">Pagano, quien fue quien descubri\u00f3 la casa en el country <b>Indio Cua Golf Club<\/b>, viene presentando documentaci\u00f3n y teniendo un fuerte enfrentamiento con los diferentes sectores de La Libertad Avanza en el poder judicial, por lo que los libertarios decidieron abandonar el hostigamiento en el recinto y la denunciaron penalmente a la legisladora.<\/p>\n<div class=\"visual__image\"><picture><source srcset=\"https:\/\/www.infobae.com\/resizer\/v2\/S4YTGWLOSVDGDLACKON4LVIZ6A.jpeg?auth=f7dcf4e33faddf63382467ca109f19dff3e96e9df812d9cf8c9e28567d2d2f12&amp;smart=true&amp;width=992&amp;height=662&amp;quality=85\" media=\"(min-width: 1000px)\"><\/source><source srcset=\"https:\/\/www.infobae.com\/resizer\/v2\/S4YTGWLOSVDGDLACKON4LVIZ6A.jpeg?auth=f7dcf4e33faddf63382467ca109f19dff3e96e9df812d9cf8c9e28567d2d2f12&amp;smart=true&amp;width=768&amp;height=512&amp;quality=85\" media=\"(min-width: 768px)\"><\/source><source srcset=\"https:\/\/www.infobae.com\/resizer\/v2\/S4YTGWLOSVDGDLACKON4LVIZ6A.jpeg?auth=f7dcf4e33faddf63382467ca109f19dff3e96e9df812d9cf8c9e28567d2d2f12&amp;smart=true&amp;width=577&amp;height=385&amp;quality=85\" media=\"(min-width: 580px)\"><\/source><source srcset=\"https:\/\/www.infobae.com\/resizer\/v2\/S4YTGWLOSVDGDLACKON4LVIZ6A.jpeg?auth=f7dcf4e33faddf63382467ca109f19dff3e96e9df812d9cf8c9e28567d2d2f12&amp;smart=true&amp;width=420&amp;height=280&amp;quality=85\" media=\"(min-width: 350px)\"><\/source><source srcset=\"https:\/\/www.infobae.com\/resizer\/v2\/S4YTGWLOSVDGDLACKON4LVIZ6A.jpeg?auth=f7dcf4e33faddf63382467ca109f19dff3e96e9df812d9cf8c9e28567d2d2f12&amp;smart=true&amp;width=350&amp;height=234&amp;quality=85\" media=\"(min-width: 80px)\"><\/source><img alt=\"Manuel Adorni en el Congreso\" class=\"global-image\" decoding=\"async\" fetchpriority=\"low\" height=\"694\" loading=\"lazy\" src=\"https:\/\/www.infobae.com\/resizer\/v2\/S4YTGWLOSVDGDLACKON4LVIZ6A.jpeg?auth=f7dcf4e33faddf63382467ca109f19dff3e96e9df812d9cf8c9e28567d2d2f12&amp;smart=true&amp;width=350&amp;height=234&amp;quality=85\" width=\"1040\"><\/picture><\/div>\n<p class=\"paragraph\">En las \u00faltimas horas, el mundo libertario decidi\u00f3 \u201cdevolverle\u201d el golpe judicial y <b>denunci\u00f3 a Pagano por omitir maliciosamente bienes, enriquecimiento il\u00edcito y fraude<\/b>. La denuncia, que tambi\u00e9n impacta sobre la pareja de la legisladora, es impulsada por los diputados <b>Lilia Lemoine<\/b>, <b>Celeste Ponce <\/b>y <b>Santiago Santurio<\/b>.<\/p>\n<div class=\"ad_1 ad-wrapper dfpAd ad-1-al-6 ad-text ad-component-container\" style=\"--ad-shell-height:250px;--ad-shell-width:300px\" data-ad-wrapper=\"arcad\" data-ad-type=\"ad_1\" data-ad-slot=\"infobae\/politica\/nota\/ad_1\" data-ad-container=\"dfp\" data-ad-slot-name=\"infobae\/politica\/nota\/ad_1\">\n<p class=\"ad-shell-label\">PUBLICIDAD<\/p>\n<div id=\"infobae\/politica\/nota\/ad_1\" class=\"infobae\/politica\/nota\/ad_1 arcad ad-slot-node ad-slot-node--boxed\" data-ad-slot-id=\"infobae\/politica\/nota\/ad_1\"><\/div>\n<\/div>\n<p class=\"paragraph\">De esta manera, la diputada <b>Pagano<\/b>, que viene teniendo un fuerte enfrentamiento con los sectores libertarios, decidi\u00f3 avanzar por la v\u00eda judicial y por eso no asisti\u00f3 a la <b>C\u00e1mara de Diputados<\/b>. <\/p>\n<p class=\"paragraph\">El otro ausente de peso de lo que fue el informe de gesti\u00f3n fue el del diputado <b>Miguel \u00c1ngel Pichetto<\/b>. El legislador de extensa trayectoria y que suele respetar la institucionalidad de los actos del <b>Palacio Legislativo<\/b>, decidi\u00f3 no asistir, entendiendo que <b>La Libertad Avanza<\/b> no cumple con ese \u00edtem. <\/p>\n<div class=\"ad_2 ad-wrapper dfpAd ad-1-al-6 ad-text ad-component-container\" style=\"--ad-shell-height:250px;--ad-shell-width:300px\" data-ad-wrapper=\"arcad\" data-ad-type=\"ad_2\" data-ad-slot=\"infobae\/politica\/nota\/ad_2\" data-ad-container=\"dfp\" data-ad-slot-name=\"infobae\/politica\/nota\/ad_2\">\n<p class=\"ad-shell-label\">PUBLICIDAD<\/p>\n<div id=\"infobae\/politica\/nota\/ad_2\" class=\"infobae\/politica\/nota\/ad_2 arcad ad-slot-node ad-slot-node--boxed\" data-ad-slot-id=\"infobae\/politica\/nota\/ad_2\"><\/div>\n<\/div>\n<div class=\"visual__image\"><picture><source srcset=\"https:\/\/www.infobae.com\/resizer\/v2\/2U2R6224ZRDXPF3LOB42ACE4GM.gif?auth=c2d9ec9cdd065a435d083c2a1a60b7471580ef7ee30322b82a63b50621cc9d6a&amp;smart=true&amp;width=992&amp;height=558&amp;quality=85\" media=\"(min-width: 1000px)\"><\/source><source srcset=\"https:\/\/www.infobae.com\/resizer\/v2\/2U2R6224ZRDXPF3LOB42ACE4GM.gif?auth=c2d9ec9cdd065a435d083c2a1a60b7471580ef7ee30322b82a63b50621cc9d6a&amp;smart=true&amp;width=768&amp;height=432&amp;quality=85\" media=\"(min-width: 768px)\"><\/source><source srcset=\"https:\/\/www.infobae.com\/resizer\/v2\/2U2R6224ZRDXPF3LOB42ACE4GM.gif?auth=c2d9ec9cdd065a435d083c2a1a60b7471580ef7ee30322b82a63b50621cc9d6a&amp;smart=true&amp;width=577&amp;height=325&amp;quality=85\" media=\"(min-width: 580px)\"><\/source><source srcset=\"https:\/\/www.infobae.com\/resizer\/v2\/2U2R6224ZRDXPF3LOB42ACE4GM.gif?auth=c2d9ec9cdd065a435d083c2a1a60b7471580ef7ee30322b82a63b50621cc9d6a&amp;smart=true&amp;width=420&amp;height=236&amp;quality=85\" media=\"(min-width: 350px)\"><\/source><source srcset=\"https:\/\/www.infobae.com\/resizer\/v2\/2U2R6224ZRDXPF3LOB42ACE4GM.gif?auth=c2d9ec9cdd065a435d083c2a1a60b7471580ef7ee30322b82a63b50621cc9d6a&amp;smart=true&amp;width=350&amp;height=197&amp;quality=85\" media=\"(min-width: 80px)\"><\/source><img alt=\"Miguel \u00c1ngel Pichetto\" class=\"global-image\" decoding=\"async\" fetchpriority=\"low\" height=\"746\" loading=\"lazy\" src=\"https:\/\/www.infobae.com\/resizer\/v2\/2U2R6224ZRDXPF3LOB42ACE4GM.gif?auth=c2d9ec9cdd065a435d083c2a1a60b7471580ef7ee30322b82a63b50621cc9d6a&amp;smart=true&amp;width=350&amp;height=197&amp;quality=85\" width=\"1326\"><\/picture><\/div>\n<p class=\"paragraph\">\u201cTodo el gobierno, con el Presidente a la cabeza, acompa\u00f1ando un acto in\u00e9dito en el <b>Congreso<\/b>. M\u00e1s all\u00e1 del resultado judicial, la figura del jefe de gabinete ha perdido toda relevancia y autoridad institucional. <b>Convertir a la C\u00e1mara de Diputados en un espacio de barrabravas es un escal\u00f3n m\u00e1s abajo en la decadencia de las instituciones argentinas<\/b>\u201c, escribi\u00f3 el diputado rionegrino en su cuenta de <b>X<\/b>.<\/p>\n<p class=\"paragraph\"><b>Pichetto y Pagano no fueron los \u00fanicos dos ausentes<\/b>. Otro referente de los sectores de la oposici\u00f3n que tampoco estuvo en su banca fue <b>Nicol\u00e1s Massot, Fernanda \u00c1vila<\/b>, quien, al igual que la diputada libertaria <b>Patricia V\u00e1zquez<\/b>, se encontraba de viaje por motivos personales.<\/p>\n<div class=\"ad_3 ad-wrapper dfpAd ad-1-al-6 ad-text ad-component-container\" style=\"--ad-shell-height:250px;--ad-shell-width:300px\" data-ad-wrapper=\"arcad\" data-ad-type=\"ad_3\" data-ad-slot=\"infobae\/politica\/nota\/ad_3\" data-ad-container=\"dfp\" data-ad-slot-name=\"infobae\/politica\/nota\/ad_3\">\n<p class=\"ad-shell-label\">PUBLICIDAD<\/p>\n<div id=\"infobae\/politica\/nota\/ad_3\" class=\"infobae\/politica\/nota\/ad_3 arcad ad-slot-node ad-slot-node--boxed\" data-ad-slot-id=\"infobae\/politica\/nota\/ad_3\"><\/div>\n<\/div>\n<p class=\"paragraph\">Tambi\u00e9n hubo ausencias del bloque de Uni\u00f3n por la Patria, del PRO, y de los partidos provinciales que definieron no asistir a lo que fue la primera presentaci\u00f3n de Manuel Adorni en su rol de jefe de Gabinete y en medio de las denuncias e investigaciones en la justicia respecto de los ingresos y los gastos del ex vocero de la Presidencia de la Naci\u00f3n.<\/p>\n","protected":false},"excerpt":{"rendered":"<p>La sesi\u00f3n informativa que llev\u00f3 a cabo el jefe de Gabinete, Manuel Adorni, reanud\u00f3 la actividad en el Congreso de la Naci\u00f3n. Sin embargo, aunque en el recinto hab\u00eda presentes 231 diputados de los 257 que conforman la C\u00e1mara al momento de inicio de la sesi\u00f3n, hubo un par de ausencias que llamaron la atenci\u00f3n [&hellip;]<\/p>\n","protected":false},"author":1,"featured_media":8487,"comment_status":"open","ping_status":"open","sticky":false,"template":"","format":"standard","meta":{"footnotes":""},"categories":[1],"tags":[],"class_list":["post-8486","post","type-post","status-publish","format-standard","has-post-thumbnail","hentry","category-uncategorized"],"_links":{"self":[{"href":"https:\/\/cliente1.publisher.highstack.com.ar\/index.php?rest_route=\/wp\/v2\/posts\/8486","targetHints":{"allow":["GET"]}}],"collection":[{"href":"https:\/\/cliente1.publisher.highstack.com.ar\/index.php?rest_route=\/wp\/v2\/posts"}],"about":[{"href":"https:\/\/cliente1.publisher.highstack.com.ar\/index.php?rest_route=\/wp\/v2\/types\/post"}],"author":[{"embeddable":true,"href":"https:\/\/cliente1.publisher.highstack.com.ar\/index.php?rest_route=\/wp\/v2\/users\/1"}],"replies":[{"embeddable":true,"href":"https:\/\/cliente1.publisher.highstack.com.ar\/index.php?rest_route=%2Fwp%2Fv2%2Fcomments&post=8486"}],"version-history":[{"count":0,"href":"https:\/\/cliente1.publisher.highstack.com.ar\/index.php?rest_route=\/wp\/v2\/posts\/8486\/revisions"}],"wp:featuredmedia":[{"embeddable":true,"href":"https:\/\/cliente1.publisher.highstack.com.ar\/index.php?rest_route=\/wp\/v2\/media\/8487"}],"wp:attachment":[{"href":"https:\/\/cliente1.publisher.highstack.com.ar\/index.php?rest_route=%2Fwp%2Fv2%2Fmedia&parent=8486"}],"wp:term":[{"taxonomy":"category","embeddable":true,"href":"https:\/\/cliente1.publisher.highstack.com.ar\/index.php?rest_route=%2Fwp%2Fv2%2Fcategories&post=8486"},{"taxonomy":"post_tag","embeddable":true,"href":"https:\/\/cliente1.publisher.highstack.com.ar\/index.php?rest_route=%2Fwp%2Fv2%2Ftags&post=8486"}],"curies":[{"name":"wp","href":"https:\/\/api.w.org\/{rel}","templated":true}]}}