{"id":8480,"date":"2026-04-29T13:41:21","date_gmt":"2026-04-29T16:41:21","guid":{"rendered":"https:\/\/cliente1.publisher.highstack.com.ar\/?p=8480"},"modified":"2026-04-29T13:41:21","modified_gmt":"2026-04-29T16:41:21","slug":"inta-el-gobierno-preve-destinar-101-717-millones-para-retiros-voluntarios","status":"publish","type":"post","link":"https:\/\/cliente1.publisher.highstack.com.ar\/?p=8480","title":{"rendered":"INTA: el Gobierno prev\u00e9 destinar $101.717 millones para retiros voluntarios"},"content":{"rendered":"<div class=\"col-12\">\n<p class=\"com-paragraph  --capital --s\">Despu\u00e9s de dos meses de idas y vueltas, <strong>el Gobierno tiene estimado el monto que destinar\u00e1 del presupuesto<\/strong> para avanzar con el nuevo r\u00e9gimen de <strong>retiros voluntarios <\/strong>en el Instituto Nacional de Tecnolog\u00eda Agropecuaria (<strong>INTA)<\/strong>, en el marco del proceso de reestructuraci\u00f3n que atraviesa el organismo y a la espera de una definici\u00f3n clave del Consejo Directivo prevista para este jueves. Est\u00e1 dentro del temario. <strong>El esquema contempla una adhesi\u00f3n estimada del 20% de la dotaci\u00f3n \u2014unos 950 agentes\u2014<\/strong> y un costo total que<strong> asciende <\/strong>a <strong>$101.717 millones<\/strong>, en funci\u00f3n de la aplicaci\u00f3n del beneficio y de la actualizaci\u00f3n de las partidas presupuestarias necesarias para su financiamiento. <\/p>\n<div class=\"ln-banner-container --caja1_mob\">\n<div id=\"caja1_mob\" class=\"ln-banner\" data-slot-group=\"nota\" data-device=\"mobile\" data-subscription=\"false\" data-ad-unit-path=\"\/133919216\/campo_mobile\/Nota\/caja1_mob\" data-targeting='{\"sitio\":\"lanacion\",\"seccion\":\"nota\"}' data-without-hide=\"true\" data-size=\"[[320,100],[300,250],[1,1],[300,450],[320,450]]\" data-sizemap=\"[]\" data-prebid-enabled=\"true\"><\/div>\n<\/div>\n<p class=\"com-paragraph   --s\">La propuesta alcanza al <strong>personal de planta permanente con al menos tres a\u00f1os de antig\u00fcedad y establece el pago <\/strong>de una gratificaci\u00f3n extraordinaria equivalente a <strong>1,5 veces la remuneraci\u00f3n mensual por cada a\u00f1o de servicio, <\/strong>con topes diferenciados seg\u00fan la edad del agente. \u201cLa gratificaci\u00f3n extraordinaria de egreso ser\u00e1 abonada en un s\u00f3lo pago, dentro de los treinta d\u00edas de la fecha de cese, de conformidad con la normativa fiscal y previsional vigente\u201d, se desprende del informe que ser\u00e1 tratado en la reuni\u00f3n del Consejo Directivo que se har\u00e1 ma\u00f1ana.<\/p>\n<p class=\"com-paragraph   --s\">Seg\u00fan pudo saber<strong> LA NACION<\/strong>, la preocupaci\u00f3n de los trabajadores radica en que <strong>sigue vigente la propuesta de no considerar en la antig\u00fcedad los a\u00f1os de Planta No Permanente (PNP), <\/strong>es decir, la Planta Transitoria, lo que impactar\u00eda en la adhesi\u00f3n de la cantidad de trabajadores que adhieran al r\u00e9gimen. <strong>El INTA tiene alrededor de 5750 empleados actualmente<\/strong>.<\/p>\n<p class=\"com-paragraph   --s\">El organismo estim\u00f3 que, <strong>si el 20% de la dotaci\u00f3n alcanzada<\/strong> (unos<strong> 950 agentes<\/strong>) adhiere al programa,<strong> el costo total de la medida <\/strong>\u2014considerando los incrementos salariales aplicados hasta mayo de 2026\u2014 <strong>ascender\u00eda a $101.717.324.723,32,<\/strong> seg\u00fan c\u00e1lculos de la<strong> Gerencia de Liquidaci\u00f3n de Haberes<\/strong>, Asistencia y Mejora a la Administraci\u00f3n.<\/p>\n<div class=\"ln-banner-container --caja2_mob\">\n<div id=\"caja2_mob\" class=\"ln-banner\" data-slot-group=\"nota\" data-device=\"mobile\" data-subscription=\"true\" data-ad-unit-path=\"\/133919216\/campo_mobile\/Nota\/caja2_mob\" data-targeting='{\"sitio\":\"lanacion\",\"seccion\":\"nota\"}' data-without-hide=\"true\" data-size=\"[[320,100],[300,250],[300,450],[1,1],[360,270],[320,180]]\" data-sizemap=\"[]\" data-prebid-enabled=\"true\"><\/div>\n<\/div>\n<div class=\"content-media\">\n<section role=\"button\" class=\"mod-media   \">\n<figure role=\"button\" tabindex=\"0\" class=\"mod-figure \">\n<div class=\"placeholder \">\n<div class=\"com-image\"><picture><source media=\"(min-width: 768px)\" srcset=\"https:\/\/resizer.glanacion.com\/resizer\/v2\/el-plan-alcazaria-a-950-agentes-en-todo-el-6VG6SI5ODFAILKIXMMLJWMRE7E.png?auth=0ddc99c381f1b46664652348677a7e1e3b226902aa468cba49d9ab0cb0be129b&amp;width=780&amp;height=532&amp;quality=70&amp;smart=true\"><\/source><img class=\"image com-image flex --cover\" decoding=\"async\" fetchpriority=\"low\" loading=\"lazy\" src=\"https:\/\/resizer.glanacion.com\/resizer\/v2\/el-plan-alcazaria-a-950-agentes-en-todo-el-6VG6SI5ODFAILKIXMMLJWMRE7E.png?auth=0ddc99c381f1b46664652348677a7e1e3b226902aa468cba49d9ab0cb0be129b&amp;width=420&amp;height=287&amp;quality=70&amp;smart=true\" width=\"1670\" alt=\"El plan alcazar\u00eda a 950 agentes en todo el pa\u00eds \" height=\"1140\"><\/picture><\/div>\n<\/div><figcaption class=\"mod-figcaption\"><span class=\"com-text --caption --twoxs\">El plan alcazar\u00eda a 950 agentes en todo el pa\u00eds <\/span><span class=\"com-text --credit --twoxs\">INTA<\/span><\/figcaption><\/figure>\n<\/section>\n<\/div>\n<div class=\"ln-banner-container --middle_2_dsk\">\n<div id=\"middle_2_dsk\" class=\"ln-banner\" data-slot-group=\"nota\" data-device=\"desktop\" data-subscription=\"true\" data-ad-unit-path=\"\/133919216\/campo_desktop\/Nota\/middle_2_dsk\" data-targeting='{\"sitio\":\"lanacion\",\"seccion\":\"nota\"}' data-without-hide=\"true\" data-size=\"[[1,1],[728,90]]\" data-sizemap=\"[]\" data-prebid-enabled=\"true\"><\/div>\n<\/div>\n<p class=\"com-paragraph   --s\">En funci\u00f3n de ese escenario, la <strong>Gerencia de Presupuesto y Finanzas <\/strong>inform\u00f3 que ya se tramita una ampliaci\u00f3n de cr\u00e9ditos para cubrir el gasto dentro del <strong>presupuesto 2026. <\/strong>En paralelo,<strong> el an\u00e1lisis interno sobre el programa de retiros voluntarios proyecta que la gratificaci\u00f3n extraordinaria por egreso para esos 950 agentes<\/strong> representar\u00eda alrededor de<strong> $45.900 millones.<\/strong><\/p>\n<div class=\"ln-banner-container --caja3_mob\">\n<div id=\"caja3_mob\" class=\"ln-banner\" data-slot-group=\"nota\" data-device=\"mobile\" data-subscription=\"false\" data-ad-unit-path=\"\/133919216\/campo_mobile\/Nota\/caja3_mob\" data-targeting='{\"sitio\":\"lanacion\",\"seccion\":\"nota\"}' data-without-hide=\"true\" data-size=\"[[320,100],[300,250],[1,1],[300,450],[360,270]]\" data-sizemap=\"[]\" data-prebid-enabled=\"true\"><\/div>\n<\/div>\n<div class=\"ln-banner-container --middle_2_tab\">\n<div id=\"middle_2_tab\" class=\"ln-banner\" data-slot-group=\"nota\" data-device=\"tablet\" data-subscription=\"false\" data-ad-unit-path=\"\/133919216\/campo_tablet\/Nota\/middle_2_tab\" data-targeting='{\"sitio\":\"lanacion\",\"seccion\":\"nota\"}' data-without-hide=\"true\" data-size=\"[[728,90],[640,480],[468,60],[1,1]]\" data-sizemap=\"[]\" data-prebid-enabled=\"true\"><\/div>\n<\/div>\n<p class=\"com-paragraph   --s\">\u201cRespecto del <strong>c\u00e1lculo de la antig\u00fcedad el proyecto prev\u00e9 que el tiempo de desempe\u00f1o como becario no ser\u00e1 computable a los efectos de la determinaci\u00f3n de la gratificaci\u00f3n prevista en el R\u00e9gimen impulsado.<\/strong> De igual modo, no ser\u00e1 computable el tiempo de servicio en las categor\u00edas comprendidas en la Ley N\u00b0 25.164 y el Convenio Colectivo de Trabajo General para la Administraci\u00f3n P\u00fablica Nacional que hubiera sido previamente indemnizado por un retiro voluntario anterior u otra desvinculaci\u00f3n que hubiera dado lugar al pago de una indemnizaci\u00f3n o compensaci\u00f3n econ\u00f3mica por extinci\u00f3n del v\u00ednculo&#8221;, se\u00f1ala el informe.<\/p>\n<p class=\"com-paragraph   --s\">En ese contexto, una versi\u00f3n que circula entre pasillos indica que el <strong>INTA<\/strong>, a trav\u00e9s de la <strong>Fundaci\u00f3n ArgenINTA,<\/strong> podr\u00eda abonar la diferencia correspondiente a esos a\u00f1os no computados, aunque hasta el momento <strong>no hay confirmaciones oficiales sobre su implementaci\u00f3n. Una fuente se\u00f1al\u00f3 que no se ha tratado.<\/strong><\/p>\n<p class=\"com-paragraph   --s\"><strong>El pago se realizar\u00eda en una \u00fanica cuota dentro de los 30 d\u00edas posteriores<\/strong> <strong>al cese,<\/strong> mientras que la adhesi\u00f3n implicar\u00e1<strong> la desvinculaci\u00f3n del organismo desde el 15 de junio de 2026<\/strong> y la imposibilidad de reingresar al sector p\u00fablico nacional por un per\u00edodo de cinco a\u00f1os. Quienes tengan hijos con beneficio de guarder\u00eda y maternal, mantendr\u00e1n el derecho de accesibilidad a dichos establecimientos hasta la finalizaci\u00f3n del ciclo lectivo del corriente a\u00f1o.<\/p>\n<div class=\"ln-banner-container --caja4_mob\">\n<div id=\"caja4_mob\" class=\"ln-banner\" data-slot-group=\"nota\" data-device=\"mobile\" data-subscription=\"false\" data-ad-unit-path=\"\/133919216\/campo_mobile\/Nota\/caja4_mob\" data-targeting='{\"sitio\":\"lanacion\",\"seccion\":\"nota\"}' data-without-hide=\"true\" data-size=\"[[320,100],[300,250],[1,1]]\" data-sizemap=\"[]\" data-prebid-enabled=\"true\"><\/div>\n<\/div>\n<div class=\"content-media\">\n<section role=\"button\" class=\"mod-media   \">\n<figure role=\"button\" tabindex=\"0\" class=\"mod-figure \">\n<div class=\"placeholder \">\n<div class=\"com-image\"><picture><source media=\"(min-width: 768px)\" srcset=\"https:\/\/resizer.glanacion.com\/resizer\/v2\/una-manifestacion-en-las-afueras-del-inta-en-FW672BMMYBDDZAMDS3RGS4IMVE.jpg?auth=46a7365879d8cf50e68500985856d49c8cf4b51b0a8e052c2f144aeaecbf7cec&amp;width=780&amp;height=585&amp;quality=70&amp;smart=true\"><\/source><img class=\"image com-image flex --cover\" decoding=\"async\" fetchpriority=\"low\" loading=\"lazy\" src=\"https:\/\/resizer.glanacion.com\/resizer\/v2\/una-manifestacion-en-las-afueras-del-inta-en-FW672BMMYBDDZAMDS3RGS4IMVE.jpg?auth=46a7365879d8cf50e68500985856d49c8cf4b51b0a8e052c2f144aeaecbf7cec&amp;width=420&amp;height=315&amp;quality=70&amp;smart=true\" width=\"1280\" alt=\"Una manifestaci\u00f3n en las afueras del INTA en rechazo por la reestructuraci\u00f3n y recortes \" height=\"960\"><\/picture><\/div>\n<\/div><figcaption class=\"mod-figcaption\"><span class=\"com-text --caption --twoxs\">Una manifestaci\u00f3n en las afueras del INTA en rechazo por la reestructuraci\u00f3n y recortes <\/span><span class=\"com-text --credit --twoxs\">ATE<\/span><\/figcaption><\/figure>\n<\/section>\n<\/div>\n<p class=\"com-paragraph   --s\">Por otra parte, indicaron que el r\u00e9gimen se inscribe en una estrategia oficial orientada a la renovaci\u00f3n del capital humano y a <strong>la adecuaci\u00f3n de la estructura del INTA a nuevas demandas tecnol\u00f3gicas y territoriales,<\/strong> en l\u00ednea con los cambios que el organismo viene atravesando en los \u00faltimos meses. <\/p>\n<div class=\"ln-banner-container --caja6_mob\">\n<div id=\"caja6_mob\" class=\"ln-banner\" data-slot-group=\"nota\" data-device=\"mobile\" data-subscription=\"false\" data-ad-unit-path=\"\/133919216\/campo_mobile\/Nota\/caja6_mob\" data-targeting='{\"sitio\":\"lanacion\",\"seccion\":\"nota\"}' data-without-hide=\"true\" data-size=\"[[300,250],[230,50],[300,450],[1,1],[320,100]]\" data-sizemap=\"[]\" data-prebid-enabled=\"true\"><\/div>\n<\/div>\n<p class=\"com-paragraph   --s\">Desde el entorno laboral aclararon a este medio que<strong> \u201cla adhesi\u00f3n al r\u00e9gimen depender\u00e1 de las condiciones finales que se definan\u201d,<\/strong> <strong>y que, en caso de \u201cno resultar conveniente, el personal podr\u00eda optar por no adherir\u201d.<\/strong><\/p>\n<p class=\"com-paragraph   --s\">Como antecedente, contaron que<strong> el \u00faltimo retiro voluntario aplicado en el organismo, dos a\u00f1os atr\u00e1s, s\u00ed contempl\u00f3 la antig\u00fcedad total<\/strong> \u2014incluyendo per\u00edodos en modalidades no permanentes\u2014, un punto que vuelve a escena en la previa de la reuni\u00f3n del <strong>Consejo Directivo<\/strong>, integrado por representantes del sector p\u00fablico, entidades del agro y universidades.<\/p>\n<div class=\"ln-banner-container --caja7_mob\">\n<div id=\"caja7_mob\" class=\"ln-banner\" data-slot-group=\"nota\" data-device=\"mobile\" data-subscription=\"true\" data-ad-unit-path=\"\/133919216\/campo_mobile\/Nota\/caja7_mob\" data-targeting='{\"sitio\":\"lanacion\",\"seccion\":\"nota\"}' data-without-hide=\"true\" data-size=\"[[300,250],[320,50],[300,450],[1,1],[320,100]]\" data-sizemap=\"[]\" data-prebid-enabled=\"true\"><\/div>\n<\/div>\n<p class=\"com-paragraph   --s\">En los gremios indicaron que el retiro voluntario <strong>\u201cconfigura un despido encubierto\u201d<\/strong> y que <strong>\u201capunta a desmantelar el INTA\u201d;<\/strong> no obstante, se\u00f1alaron que, de concretarse la medida, buscar\u00e1n que las condiciones sean<strong> \u201clo m\u00e1s beneficiosas posible\u201d <\/strong>para los trabajadores<\/p>\n<div data-fusion-lazy-id=\"f0f2aQl9N0Nc5yq\"><\/div>\n<div data-fusion-lazy-id=\"f0fGQeo7N0Nc5He\"><\/div>\n<div class=\"ln-banner-container --caja5_mob\">\n<div id=\"caja5_mob\" class=\"ln-banner\" data-slot-group=\"nota\" data-device=\"mobile\" data-subscription=\"false\" data-ad-unit-path=\"\/133919216\/campo_mobile\/Nota\/caja5_mob\" data-targeting='{\"sitio\":\"lanacion\",\"seccion\":\"nota\"}' data-without-hide=\"true\" data-size='[[320,100],[300,250],[1,1],[\" fluid\"]]' data-sizemap=\"[]\" data-prebid-enabled=\"true\"><\/div>\n<\/div>\n<div data-fusion-lazy-id=\"f0fSc0ngN0Nc5KL\">\n<div><\/div>\n<\/div>\n<div class=\"ln-banner-container --middle_3_dsk\">\n<div id=\"middle_3_dsk\" class=\"ln-banner\" data-slot-group=\"nota\" data-device=\"desktop\" data-subscription=\"true\" data-ad-unit-path=\"\/133919216\/campo_desktop\/Nota\/middle_3_dsk\" data-targeting='{\"sitio\":\"lanacion\",\"seccion\":\"nota\"}' data-without-hide=\"true\" data-size=\"[[1,1],[728,90],[640,360],[728,360]]\" data-sizemap=\"[]\" data-prebid-enabled=\"true\"><\/div>\n<\/div>\n<\/div>\n","protected":false},"excerpt":{"rendered":"<p>Despu\u00e9s de dos meses de idas y vueltas, el Gobierno tiene estimado el monto que destinar\u00e1 del presupuesto para avanzar con el nuevo r\u00e9gimen de retiros voluntarios en el Instituto Nacional de Tecnolog\u00eda Agropecuaria (INTA), en el marco del proceso de reestructuraci\u00f3n que atraviesa el organismo y a la espera de una definici\u00f3n clave del [&hellip;]<\/p>\n","protected":false},"author":1,"featured_media":8481,"comment_status":"open","ping_status":"open","sticky":false,"template":"","format":"standard","meta":{"footnotes":""},"categories":[1],"tags":[],"class_list":["post-8480","post","type-post","status-publish","format-standard","has-post-thumbnail","hentry","category-uncategorized"],"_links":{"self":[{"href":"https:\/\/cliente1.publisher.highstack.com.ar\/index.php?rest_route=\/wp\/v2\/posts\/8480","targetHints":{"allow":["GET"]}}],"collection":[{"href":"https:\/\/cliente1.publisher.highstack.com.ar\/index.php?rest_route=\/wp\/v2\/posts"}],"about":[{"href":"https:\/\/cliente1.publisher.highstack.com.ar\/index.php?rest_route=\/wp\/v2\/types\/post"}],"author":[{"embeddable":true,"href":"https:\/\/cliente1.publisher.highstack.com.ar\/index.php?rest_route=\/wp\/v2\/users\/1"}],"replies":[{"embeddable":true,"href":"https:\/\/cliente1.publisher.highstack.com.ar\/index.php?rest_route=%2Fwp%2Fv2%2Fcomments&post=8480"}],"version-history":[{"count":0,"href":"https:\/\/cliente1.publisher.highstack.com.ar\/index.php?rest_route=\/wp\/v2\/posts\/8480\/revisions"}],"wp:featuredmedia":[{"embeddable":true,"href":"https:\/\/cliente1.publisher.highstack.com.ar\/index.php?rest_route=\/wp\/v2\/media\/8481"}],"wp:attachment":[{"href":"https:\/\/cliente1.publisher.highstack.com.ar\/index.php?rest_route=%2Fwp%2Fv2%2Fmedia&parent=8480"}],"wp:term":[{"taxonomy":"category","embeddable":true,"href":"https:\/\/cliente1.publisher.highstack.com.ar\/index.php?rest_route=%2Fwp%2Fv2%2Fcategories&post=8480"},{"taxonomy":"post_tag","embeddable":true,"href":"https:\/\/cliente1.publisher.highstack.com.ar\/index.php?rest_route=%2Fwp%2Fv2%2Ftags&post=8480"}],"curies":[{"name":"wp","href":"https:\/\/api.w.org\/{rel}","templated":true}]}}