{"id":8474,"date":"2026-04-29T12:15:12","date_gmt":"2026-04-29T15:15:12","guid":{"rendered":"https:\/\/cliente1.publisher.highstack.com.ar\/?p=8474"},"modified":"2026-04-29T12:15:12","modified_gmt":"2026-04-29T15:15:12","slug":"caso-libra-adorni-nego-que-existiera-un-contrato-con-hayden-davis-y-defendio-su-accionaren-su-informe-escrito-a-los-diputados-el-jefe-de-gabinete-destaco-la-investigacion-interna-realizada-y-asegu","status":"publish","type":"post","link":"https:\/\/cliente1.publisher.highstack.com.ar\/?p=8474","title":{"rendered":"Caso $Libra: Adorni neg\u00f3 que existiera un contrato con Hayden Davis y defendi\u00f3 su accionarEn su informe escrito a los diputados, el jefe de Gabinete destac\u00f3 la investigaci\u00f3n interna realizada y  asegur\u00f3 que colabor\u00f3 con la Justicia"},"content":{"rendered":"<div class=\"visual__image image-initial-width\"><picture><source srcset=\"https:\/\/www.infobae.com\/resizer\/v2\/5C542QYVHZE4TDQLPJJTPDCCVQ.png?auth=841b8ff7c17cfaea6542350df21651016bb3dcfa3b376ea587ceca3167ce7798&amp;smart=true&amp;width=992&amp;height=558&amp;quality=85\" media=\"(min-width: 1000px)\"><\/source><source srcset=\"https:\/\/www.infobae.com\/resizer\/v2\/5C542QYVHZE4TDQLPJJTPDCCVQ.png?auth=841b8ff7c17cfaea6542350df21651016bb3dcfa3b376ea587ceca3167ce7798&amp;smart=true&amp;width=768&amp;height=432&amp;quality=85\" media=\"(min-width: 768px)\"><\/source><source srcset=\"https:\/\/www.infobae.com\/resizer\/v2\/5C542QYVHZE4TDQLPJJTPDCCVQ.png?auth=841b8ff7c17cfaea6542350df21651016bb3dcfa3b376ea587ceca3167ce7798&amp;smart=true&amp;width=577&amp;height=325&amp;quality=85\" media=\"(min-width: 580px)\"><\/source><source srcset=\"https:\/\/www.infobae.com\/resizer\/v2\/5C542QYVHZE4TDQLPJJTPDCCVQ.png?auth=841b8ff7c17cfaea6542350df21651016bb3dcfa3b376ea587ceca3167ce7798&amp;smart=true&amp;width=420&amp;height=236&amp;quality=85\" media=\"(min-width: 350px)\"><\/source><source srcset=\"https:\/\/www.infobae.com\/resizer\/v2\/5C542QYVHZE4TDQLPJJTPDCCVQ.png?auth=841b8ff7c17cfaea6542350df21651016bb3dcfa3b376ea587ceca3167ce7798&amp;smart=true&amp;width=350&amp;height=197&amp;quality=85\" media=\"(min-width: 80px)\"><\/source><img alt=\"Milei y Mauricio Novelli\" class=\"global-image\" decoding=\"async\" fetchpriority=\"high\" height=\"1038\" loading=\"eager\" src=\"https:\/\/www.infobae.com\/resizer\/v2\/5C542QYVHZE4TDQLPJJTPDCCVQ.png?auth=841b8ff7c17cfaea6542350df21651016bb3dcfa3b376ea587ceca3167ce7798&amp;smart=true&amp;width=350&amp;height=197&amp;quality=85\" width=\"1845\"><\/picture><\/div>\n<p class=\"paragraph\">El Jefe de Gabinete neg\u00f3 que exista un contrato entre el presidente <b>Javier Milei<\/b> y el empresario norteamericano de criptomonedas <b>Hayden Mark Davis<\/b> y descalific\u00f3 esa informaci\u00f3n al se\u00f1alar que \u201c<b>proviene exclusivamente de filtraciones period\u00edsticas<\/b>\u201d referidas al caso $Libra. <\/p>\n<p class=\"paragraph\">As\u00ed lo afirm\u00f3 en una de las respuestas incluidas en su informe a la C\u00e1mara de Diputados, que incluy\u00f3 m\u00e1s de 2.151 preguntas de los legisladores, que originalmente eran m\u00e1s de 4.000 y fueron agrupadas por tema. \u201cNo hay constancias de ning\u00fan instrumento de esa naturaleza\u201d, precis\u00f3 en relaci\u00f3n a un documento hallado en el tel\u00e9fono de <b>Mauricio Novelli<\/b>, un lobbista cercano a Milei que actu\u00f3 como intermediario entre Davis y el Presidente, que daba cuenta de <b>presunto pago de USD 5 millones<\/b> vinculados al fallido cripto activo, que dej\u00f3 un tendal de damnificados pocas horas despu\u00e9s de su lanzamiento el 14 de febrero de 2025.<\/p>\n<div class=\"inline ad-wrapper dfpAd ad-inline ad-text ad-component-container\" style=\"--ad-shell-height:250px;--ad-shell-width:300px\" data-ad-wrapper=\"arcad\" data-ad-type=\"inline\" data-ad-slot=\"infobae\/politica\/nota\/inline\" data-ad-container=\"dfp\" data-ad-slot-name=\"infobae\/politica\/nota\/inline\">\n<p class=\"ad-shell-label\">PUBLICIDAD<\/p>\n<div id=\"infobae\/politica\/nota\/inline\" class=\"infobae\/politica\/nota\/inline arcad ad-slot-node ad-slot-node--boxed\" data-ad-slot-id=\"infobae\/politica\/nota\/inline\"><\/div>\n<\/div>\n<p class=\"paragraph\">Adorni tambi\u00e9n descalific\u00f3 la informaci\u00f3n surgida de <b>mensajes y audios del celular de Novelli<\/b>, cuyo secuestro dispuso la Justicia, al considerar que \u201c<b>su autenticidad, integridad y contexto no fueron verificados<\/b>\u201d. <\/p>\n<p class=\"paragraph\">El Poder Ejecutivo Nacional no puede ni debe responder en base a material de origen incierto agregado a una causa judicial en tr\u00e1mite\u201d, sostuvo Adorni en relaci\u00f3n a <b>comunicaciones entre funcionarios y personas relacionadas al lanzamiento de $LIBRA, especialmente los d\u00edas 14, 15 y 16 de febrero<\/b>. Especific\u00f3 que la Jefatura sostuvo que no dispone de \u201cinformaci\u00f3n institucional al respecto\u201d y remiti\u00f3 toda indagaci\u00f3n al proceso judicial en curso. <\/p>\n<div class=\"inline_2 ad-wrapper dfpAd ad-inline ad-text ad-component-container\" style=\"--ad-shell-height:250px;--ad-shell-width:300px\" data-ad-wrapper=\"arcad\" data-ad-type=\"inline_2\" data-ad-slot=\"infobae\/politica\/nota\/inline_2\" data-ad-container=\"dfp\" data-ad-slot-name=\"infobae\/politica\/nota\/inline_2\">\n<p class=\"ad-shell-label\">PUBLICIDAD<\/p>\n<div id=\"infobae\/politica\/nota\/inline_2\" class=\"infobae\/politica\/nota\/inline_2 arcad ad-slot-node ad-slot-node--boxed\" data-ad-slot-id=\"infobae\/politica\/nota\/inline_2\"><\/div>\n<\/div>\n<p class=\"paragraph\">El jefe de Gabinete asegur\u00f3 que la difusi\u00f3n de documentos oficiales o detalles procesales por parte del Poder Ejecutivo podr\u00eda poner en riesgo la investigaci\u00f3n y los derechos de los implicados. Defendi\u00f3 el accionar del Gobierno en la investigaci\u00f3n interna realizada, y destac\u00f3 la colaboraci\u00f3n con la Justicia.<\/p>\n<p class=\"paragraph\">El caso $LIBRA concentr\u00f3 75 preguntas de los diputados opositores, fundamentalmente de la <b>Coalici\u00f3n C\u00edvica<\/b>, en las que se requer\u00edan precisiones sobre el rol del Presidente y de la secretaria General de la Presidencia, <b>Karina Milei<\/b>, y tambi\u00e9n cercana a Novelli; del asesor <b>Santiago Caputo<\/b>, y del propio Adorni, en ese momento vocero presidencial.<\/p>\n<div class=\"ad_1 ad-wrapper dfpAd ad-1-al-6 ad-text ad-component-container\" style=\"--ad-shell-height:250px;--ad-shell-width:300px\" data-ad-wrapper=\"arcad\" data-ad-type=\"ad_1\" data-ad-slot=\"infobae\/politica\/nota\/ad_1\" data-ad-container=\"dfp\" data-ad-slot-name=\"infobae\/politica\/nota\/ad_1\">\n<p class=\"ad-shell-label\">PUBLICIDAD<\/p>\n<div id=\"infobae\/politica\/nota\/ad_1\" class=\"infobae\/politica\/nota\/ad_1 arcad ad-slot-node ad-slot-node--boxed\" data-ad-slot-id=\"infobae\/politica\/nota\/ad_1\"><\/div>\n<\/div>\n<div class=\"visual__image\"><picture><source srcset=\"https:\/\/www.infobae.com\/resizer\/v2\/LIYY77PDVVDG5CJKNZ7B5L23AU.png?auth=e57b86c943b8fb3e0e00a1bd151566d482a6777fcfac122d8ac285f69d523724&amp;smart=true&amp;width=992&amp;height=770&amp;quality=85\" media=\"(min-width: 1000px)\"><\/source><source srcset=\"https:\/\/www.infobae.com\/resizer\/v2\/LIYY77PDVVDG5CJKNZ7B5L23AU.png?auth=e57b86c943b8fb3e0e00a1bd151566d482a6777fcfac122d8ac285f69d523724&amp;smart=true&amp;width=768&amp;height=596&amp;quality=85\" media=\"(min-width: 768px)\"><\/source><source srcset=\"https:\/\/www.infobae.com\/resizer\/v2\/LIYY77PDVVDG5CJKNZ7B5L23AU.png?auth=e57b86c943b8fb3e0e00a1bd151566d482a6777fcfac122d8ac285f69d523724&amp;smart=true&amp;width=577&amp;height=448&amp;quality=85\" media=\"(min-width: 580px)\"><\/source><source srcset=\"https:\/\/www.infobae.com\/resizer\/v2\/LIYY77PDVVDG5CJKNZ7B5L23AU.png?auth=e57b86c943b8fb3e0e00a1bd151566d482a6777fcfac122d8ac285f69d523724&amp;smart=true&amp;width=420&amp;height=326&amp;quality=85\" media=\"(min-width: 350px)\"><\/source><source srcset=\"https:\/\/www.infobae.com\/resizer\/v2\/LIYY77PDVVDG5CJKNZ7B5L23AU.png?auth=e57b86c943b8fb3e0e00a1bd151566d482a6777fcfac122d8ac285f69d523724&amp;smart=true&amp;width=350&amp;height=272&amp;quality=85\" media=\"(min-width: 80px)\"><\/source><img alt=\"Imagen LIYY77PDVVDG5CJKNZ7B5L23AU\" class=\"global-image\" decoding=\"async\" fetchpriority=\"low\" height=\"1038\" loading=\"lazy\" src=\"https:\/\/www.infobae.com\/resizer\/v2\/LIYY77PDVVDG5CJKNZ7B5L23AU.png?auth=e57b86c943b8fb3e0e00a1bd151566d482a6777fcfac122d8ac285f69d523724&amp;smart=true&amp;width=350&amp;height=272&amp;quality=85\" width=\"1338\"><\/picture><\/div>\n<p class=\"paragraph\">El hoy jefe de Gabinete se escud\u00f3 en dar m\u00e1s precisiones sobre el caso, al afirmar que toda informaci\u00f3n relativa al cripto activo se encuentra \u201c<b>bajo reserva judicial<\/b>\u201d, al haber una causa en la Justicia Federal, cuya investigaci\u00f3n est\u00e1 a cargo del fiscal <b>Eduardo Taiano.<\/b><\/p>\n<p class=\"paragraph\">En ese sentido, subray\u00f3 en el informe que \u201cel Poder Ejecutivo Nacional <b>no ha obstruido ni entorpecido en modo alguno la labor de los \u00f3rganos judiciales<\/b>, sino que ha actuado en todo momento dentro del marco de sus competencias institucionales y con pleno respeto por la independencia del Poder Judicial\u201d. <\/p>\n<div class=\"ad_2 ad-wrapper dfpAd ad-1-al-6 ad-text ad-component-container\" style=\"--ad-shell-height:250px;--ad-shell-width:300px\" data-ad-wrapper=\"arcad\" data-ad-type=\"ad_2\" data-ad-slot=\"infobae\/politica\/nota\/ad_2\" data-ad-container=\"dfp\" data-ad-slot-name=\"infobae\/politica\/nota\/ad_2\">\n<p class=\"ad-shell-label\">PUBLICIDAD<\/p>\n<div id=\"infobae\/politica\/nota\/ad_2\" class=\"infobae\/politica\/nota\/ad_2 arcad ad-slot-node ad-slot-node--boxed\" data-ad-slot-id=\"infobae\/politica\/nota\/ad_2\"><\/div>\n<\/div>\n<p class=\"paragraph\">El funcionario record\u00f3 que el Decreto 114\/25 orden\u00f3 una pesquisa administrativa a cargo de la <b>Oficina Anticorrupci\u00f3n<\/b> y la creaci\u00f3n de la <b>Unidad de Tareas de Investigaci\u00f3n<\/b>, bajo la \u00f3rbita del<b> Ministerio de Justicia<\/b>, en ese momento a cargo de <b>Mariano C\u00faneo Libarona.<\/b><\/p>\n<p class=\"paragraph\">Seg\u00fan la respuesta a la Pregunta 3 del informe de casi 2.000 p\u00e1ginas, la OA inici\u00f3 actuaciones el 18 de febrero de 2025 y remiti\u00f3 sus resultados a la fiscal\u00eda el 28 de abril. El informe de la UTI se mantuvo en reserva &#8211; afirm\u00f3 el jefe de Gabinete &#8211; para \u201cgarantizar su inalterabilidad y prevenir su revelaci\u00f3n o divulgaci\u00f3n no autorizada\u201d. Esa investigaci\u00f3n estuvo a cargo de <b>Mar\u00eda Florencia Zicarelli<\/b>, y lleg\u00f3 a la conclusi\u00f3n de que <b>Milei \u201cno infringi\u00f3 la ley\u201d.<\/b><\/p>\n<div class=\"ad_3 ad-wrapper dfpAd ad-1-al-6 ad-text ad-component-container\" style=\"--ad-shell-height:250px;--ad-shell-width:300px\" data-ad-wrapper=\"arcad\" data-ad-type=\"ad_3\" data-ad-slot=\"infobae\/politica\/nota\/ad_3\" data-ad-container=\"dfp\" data-ad-slot-name=\"infobae\/politica\/nota\/ad_3\">\n<p class=\"ad-shell-label\">PUBLICIDAD<\/p>\n<div id=\"infobae\/politica\/nota\/ad_3\" class=\"infobae\/politica\/nota\/ad_3 arcad ad-slot-node ad-slot-node--boxed\" data-ad-slot-id=\"infobae\/politica\/nota\/ad_3\"><\/div>\n<\/div>\n<div class=\"visual__image\"><picture><source srcset=\"https:\/\/www.infobae.com\/resizer\/v2\/IWQFSVS6VZCV7NLQQY6EPW5LPQ.png?auth=2f184fe82c9eb822077bb807e57a72a279469a31c103382cd7f18a4af9abf0ad&amp;smart=true&amp;width=992&amp;height=1091&amp;quality=85\" media=\"(min-width: 1000px)\"><\/source><source srcset=\"https:\/\/www.infobae.com\/resizer\/v2\/IWQFSVS6VZCV7NLQQY6EPW5LPQ.png?auth=2f184fe82c9eb822077bb807e57a72a279469a31c103382cd7f18a4af9abf0ad&amp;smart=true&amp;width=768&amp;height=844&amp;quality=85\" media=\"(min-width: 768px)\"><\/source><source srcset=\"https:\/\/www.infobae.com\/resizer\/v2\/IWQFSVS6VZCV7NLQQY6EPW5LPQ.png?auth=2f184fe82c9eb822077bb807e57a72a279469a31c103382cd7f18a4af9abf0ad&amp;smart=true&amp;width=577&amp;height=634&amp;quality=85\" media=\"(min-width: 580px)\"><\/source><source srcset=\"https:\/\/www.infobae.com\/resizer\/v2\/IWQFSVS6VZCV7NLQQY6EPW5LPQ.png?auth=2f184fe82c9eb822077bb807e57a72a279469a31c103382cd7f18a4af9abf0ad&amp;smart=true&amp;width=420&amp;height=462&amp;quality=85\" media=\"(min-width: 350px)\"><\/source><source srcset=\"https:\/\/www.infobae.com\/resizer\/v2\/IWQFSVS6VZCV7NLQQY6EPW5LPQ.png?auth=2f184fe82c9eb822077bb807e57a72a279469a31c103382cd7f18a4af9abf0ad&amp;smart=true&amp;width=350&amp;height=385&amp;quality=85\" media=\"(min-width: 80px)\"><\/source><img alt=\"Imagen IWQFSVS6VZCV7NLQQY6EPW5LPQ\" class=\"global-image\" decoding=\"async\" fetchpriority=\"low\" height=\"1682\" loading=\"lazy\" src=\"https:\/\/www.infobae.com\/resizer\/v2\/IWQFSVS6VZCV7NLQQY6EPW5LPQ.png?auth=2f184fe82c9eb822077bb807e57a72a279469a31c103382cd7f18a4af9abf0ad&amp;smart=true&amp;width=350&amp;height=385&amp;quality=85\" width=\"1530\"><\/picture><\/div>\n<p class=\"paragraph\">En paralelo, la Gerencia de Inspecciones e Investigaciones de la <b>Comisi\u00f3n Nacional de Valores<\/b> abri\u00f3 el Expediente N.\u00ba 36\/2025 el 17 de febrero, donde investig\u00f3 la actuaci\u00f3n de empresas y personas f\u00edsicas relacionadas al caso, entre ellas, <b>Kelsier Ventures<\/b> y Davis. <\/p>\n<p class=\"paragraph\">Seg\u00fan la Jefatura, \u201cdicho expediente fue archivado con fecha 16 de abril de 2025, una vez agotada la investigaci\u00f3n conforme lo dictaminado por la Subgerencia de An\u00e1lisis y la Gerencia de Inspecciones e Investigaciones\u201d.<\/p>\n<div class=\"ad_4 ad-wrapper dfpAd ad-1-al-6 ad-text ad-component-container\" style=\"--ad-shell-height:250px;--ad-shell-width:300px\" data-ad-wrapper=\"arcad\" data-ad-type=\"ad_4\" data-ad-slot=\"infobae\/politica\/nota\/ad_4\" data-ad-container=\"dfp\" data-ad-slot-name=\"infobae\/politica\/nota\/ad_4\">\n<p class=\"ad-shell-label\">PUBLICIDAD<\/p>\n<div id=\"infobae\/politica\/nota\/ad_4\" class=\"infobae\/politica\/nota\/ad_4 arcad ad-slot-node ad-slot-node--boxed\" data-ad-slot-id=\"infobae\/politica\/nota\/ad_4\"><\/div>\n<\/div>\n<p class=\"paragraph\">Adorni <b>rechaz\u00f3 toda injerencia para frenar o limitar los requerimientos judiciales. <\/b>Expresamente, \u201cel Poder Ejecutivo Nacional ha actuado con la celeridad y la responsabilidad institucional que las circunstancias exig\u00edan\u201d, se indic\u00f3 en el apartado de consideraciones finales. <\/p>\n<p class=\"paragraph\">Respecto a la preservaci\u00f3n de pruebas, Adorni respondi\u00f3 que no existe en la Administraci\u00f3n P\u00fablica \u201cninguna constancia institucional sobre la supuesta destrucci\u00f3n de evidencia\u201d por parte de los empresarios se\u00f1alados ni del ex asesor de la CNV, <b>Sergio Daniel Morales<\/b>. Y reiter\u00f3 que toda conducta sobre ocultamiento o eliminaci\u00f3n de evidencias constituye materia exclusiva de la jurisdicci\u00f3n judicial y el Ministerio P\u00fablico Fiscal.<\/p>\n<div class=\"ad_5 ad-wrapper dfpAd ad-1-al-6 ad-text ad-component-container\" style=\"--ad-shell-height:250px;--ad-shell-width:300px\" data-ad-wrapper=\"arcad\" data-ad-type=\"ad_5\" data-ad-slot=\"infobae\/politica\/nota\/ad_5\" data-ad-container=\"dfp\" data-ad-slot-name=\"infobae\/politica\/nota\/ad_5\">\n<p class=\"ad-shell-label\">PUBLICIDAD<\/p>\n<div id=\"infobae\/politica\/nota\/ad_5\" class=\"infobae\/politica\/nota\/ad_5 arcad ad-slot-node ad-slot-node--boxed\" data-ad-slot-id=\"infobae\/politica\/nota\/ad_5\"><\/div>\n<\/div>\n<p class=\"paragraph\">Frente a las preguntas realizadas por los legisladores sobre <b>posibles pagos, cripto activos o compensaciones a funcionarios<\/b> \u2014incluido el Presidente o la Secretar\u00eda General\u2014 la respuesta fue categ\u00f3rica: \u201cEn los registros y documentos de la Administraci\u00f3n P\u00fablica Nacional no existe informaci\u00f3n que acredite tales extremos\u201d.<\/p>\n<p class=\"paragraph\">Finalmente, en cuanto a las reuniones en Casa Rosada de Milei, Karina Milei u otros funcionarios con empresarios y lobbistas vinculadas al caso Libra, sostuvo que fueron registradas por la Secretar\u00eda General de la Presidencia y publicadas seg\u00fan la Ley de Acceso a la Informaci\u00f3n P\u00fablica, cumpliendo con la normativa de transparencia.<\/p>\n<div class=\"ad_6 ad-wrapper dfpAd ad-1-al-6 ad-text ad-component-container\" style=\"--ad-shell-height:250px;--ad-shell-width:300px\" data-ad-wrapper=\"arcad\" data-ad-type=\"ad_6\" data-ad-slot=\"infobae\/politica\/nota\/ad_6\" data-ad-container=\"dfp\" data-ad-slot-name=\"infobae\/politica\/nota\/ad_6\">\n<p class=\"ad-shell-label\">PUBLICIDAD<\/p>\n<div id=\"infobae\/politica\/nota\/ad_6\" class=\"infobae\/politica\/nota\/ad_6 arcad ad-slot-node ad-slot-node--boxed\" data-ad-slot-id=\"infobae\/politica\/nota\/ad_6\"><\/div>\n<\/div>\n","protected":false},"excerpt":{"rendered":"<p>El Jefe de Gabinete neg\u00f3 que exista un contrato entre el presidente Javier Milei y el empresario norteamericano de criptomonedas Hayden Mark Davis y descalific\u00f3 esa informaci\u00f3n al se\u00f1alar que \u201cproviene exclusivamente de filtraciones period\u00edsticas\u201d referidas al caso $Libra. As\u00ed lo afirm\u00f3 en una de las respuestas incluidas en su informe a la C\u00e1mara de [&hellip;]<\/p>\n","protected":false},"author":1,"featured_media":8475,"comment_status":"open","ping_status":"open","sticky":false,"template":"","format":"standard","meta":{"footnotes":""},"categories":[1],"tags":[],"class_list":["post-8474","post","type-post","status-publish","format-standard","has-post-thumbnail","hentry","category-uncategorized"],"_links":{"self":[{"href":"https:\/\/cliente1.publisher.highstack.com.ar\/index.php?rest_route=\/wp\/v2\/posts\/8474","targetHints":{"allow":["GET"]}}],"collection":[{"href":"https:\/\/cliente1.publisher.highstack.com.ar\/index.php?rest_route=\/wp\/v2\/posts"}],"about":[{"href":"https:\/\/cliente1.publisher.highstack.com.ar\/index.php?rest_route=\/wp\/v2\/types\/post"}],"author":[{"embeddable":true,"href":"https:\/\/cliente1.publisher.highstack.com.ar\/index.php?rest_route=\/wp\/v2\/users\/1"}],"replies":[{"embeddable":true,"href":"https:\/\/cliente1.publisher.highstack.com.ar\/index.php?rest_route=%2Fwp%2Fv2%2Fcomments&post=8474"}],"version-history":[{"count":0,"href":"https:\/\/cliente1.publisher.highstack.com.ar\/index.php?rest_route=\/wp\/v2\/posts\/8474\/revisions"}],"wp:featuredmedia":[{"embeddable":true,"href":"https:\/\/cliente1.publisher.highstack.com.ar\/index.php?rest_route=\/wp\/v2\/media\/8475"}],"wp:attachment":[{"href":"https:\/\/cliente1.publisher.highstack.com.ar\/index.php?rest_route=%2Fwp%2Fv2%2Fmedia&parent=8474"}],"wp:term":[{"taxonomy":"category","embeddable":true,"href":"https:\/\/cliente1.publisher.highstack.com.ar\/index.php?rest_route=%2Fwp%2Fv2%2Fcategories&post=8474"},{"taxonomy":"post_tag","embeddable":true,"href":"https:\/\/cliente1.publisher.highstack.com.ar\/index.php?rest_route=%2Fwp%2Fv2%2Ftags&post=8474"}],"curies":[{"name":"wp","href":"https:\/\/api.w.org\/{rel}","templated":true}]}}