{"id":8462,"date":"2026-04-29T10:28:30","date_gmt":"2026-04-29T13:28:30","guid":{"rendered":"https:\/\/cliente1.publisher.highstack.com.ar\/?p=8462"},"modified":"2026-04-29T10:28:30","modified_gmt":"2026-04-29T13:28:30","slug":"manuel-adorni-en-diputados-como-es-el-sistema-de-pulseras-y-el-operativo-de-seguridad-adentro-del-congreso","status":"publish","type":"post","link":"https:\/\/cliente1.publisher.highstack.com.ar\/?p=8462","title":{"rendered":"Manuel Adorni en Diputados: c\u00f3mo es el sistema de pulseras y el operativo de seguridad adentro del Congreso"},"content":{"rendered":"<p><\/p>\n<div id=\"\">\n<p id=\"p-1777466535014-68405\" data-start=\"413\" data-end=\"1034\"> Con m\u00e1s de <strong>2.000 preguntas<\/strong> enviadas por los legisladores y la posible <strong>presencia de Javier y Karina Milei<\/strong> en los palcos, el operativo de seguridad incluye <strong>controles estrictos de acceso<\/strong>, un sistema especial de <strong>acreditaciones mediante pulseras <\/strong>y un amplio despliegue policial tanto dentro como fuera del recinto.<\/p>\n<\/div>\n<div id=\"\">\n<h2 id=\"p-1777465998500-14770\">Exposici\u00f3n de Manuel Adorni en Diputados<\/h2>\n<p id=\"p-1777466512728-99940\">La presentaci\u00f3n de Manuel Adorni llega con un retraso de 10 d\u00edas y ya gener\u00f3 consecuencias judiciales. Los abogados Jos\u00e9 Lucas Magioncalda y Juan Mart\u00edn Fazio impulsaron una denuncia por <strong data-start=\"3524\" data-end=\"3578\">\u201cincumplimiento de deberes de funcionario p\u00fablico\u201d<\/strong>, al cuestionar su ausencia en el Congreso durante marzo.<\/p>\n<p id=\"p-1777466457283-91861\" data-start=\"1086\" data-end=\"1527\">Por otro lado, su presentaci\u00f3n ante la C\u00e1mara de Diputados est\u00e1 estructurada bajo el formato habitual de informes de gesti\u00f3n, aunque con <strong>particularidades<\/strong> <strong>que la vuelven excepcional.<\/strong><\/p>\n<p id=\"p-1777466683871-27338\" data-start=\"1086\" data-end=\"1527\">En primer lugar, el funcionario contar\u00e1 con un <strong>bloque inicial de aproximadamente una<\/strong> <strong>hora <\/strong>para exponer los principales lineamientos de la administraci\u00f3n nacional, con foco en medidas econ\u00f3micas, pol\u00edticas de ajuste y gesti\u00f3n estatal.<\/p>\n<p id=\"p-1777466457283-31489\" data-start=\"1892\" data-end=\"2248\">Luego, comenzar\u00e1 la <strong>ronda de preguntas<\/strong>, y el dato que marca la diferencia es el volumen de estas. <strong>Se seleccionaron 2.000 de los 19 bloques parlamentarios <\/strong>que integran la C\u00e1mara.<\/p>\n<p id=\"p-1777466843034-5080\" class=\"\"><strong>Cada espacio tendr\u00e1 un tiempo para preguntar de 5 minutos<\/strong> que aumentar\u00e1 proporcionalmente seg\u00fan su representaci\u00f3n. Se prev\u00e9 una <strong>primera tanda de 9 bloques <\/strong>que durar\u00e1 50 minutos. Despu\u00e9s, Adorni responder\u00e1 de corrido en <strong>20 minutos<\/strong>.<\/p>\n<div contenteditable=\"false\" class=\"embed_cont type_imagen\" id=\"8209184-Libre-548244910_wrap\">\n<p>DIPUTADOS LEY DE GLACIARES <span onclick=\"parent.parent.TinyMCETdcuerpo.preview_embed('8209184-Libre-548244910')\" class=\"embed_colapse less\" id=\"8209184-Libre-548244910_colapse\"\/>  <span onclick=\"parent.parent.TinyMCETdcuerpo.delete_embed('8209184-Libre-548244910')\" class=\"embed_delete less\" id=\"8209184-Libre-548244910_delete\"\/><\/p>\n<div id=\"8209184-Libre-548244910_content\" class=\"embed_content\"><img alt=\"\" title=\"\" width=\"692\" height=\"460\" id=\"8209184-Libre-548244910_embed\" crossorigin=\"anonymous\" fetchpriority=\"high\" decode=\"async\"\/><\/div>\n<\/p><\/div>\n<p id=\"p-1777466843034-43383\" class=\"\">M\u00e1s tarde, ir\u00e1n las consultas de Innovaci\u00f3n Federal (11 minutos), Unidos (20) y Fuerzas del Cambio (20), con sus respectivos 20 minutos de respuestas, y <strong>finalizar\u00e1 Uni\u00f3n por la Patria<\/strong> con una ronda de casi<strong> 70 minutos<\/strong> de preguntas. Tras la respuesta final del funcionario, <strong>La Libertad Avanza har\u00e1 el cierre<\/strong>.<\/p>\n<p id=\"p-1777466457283-11306\" data-start=\"2250\" data-end=\"2567\">Entre los temas centrales que se pondr\u00e1n sobre la mesa aparecen los cuestionamientos sobre su evoluci\u00f3n patrimonial, la <strong>compra de propiedades<\/strong> y sus <strong>viajes recientes<\/strong> a Nueva York y Punta del Este. Adem\u00e1s, la oposici\u00f3n buscar\u00e1 concentrar las preguntas en causas judiciales en curso, lo que anticipa un clima de alta confrontaci\u00f3n.<\/p>\n<p id=\"p-1777467001390-18733\" data-start=\"2250\" data-end=\"2567\"><strong>\u201cYa tuvimos la experiencia de Francos en el Senado, no puede pasar lo mismo&#8221;<\/strong>, se\u00f1al\u00f3 un diputado opositor citado por \u00c1mbito Financiero, y agreg\u00f3: \u201cLa intenci\u00f3n es <strong>organizarnos con el fin de que Adorni tenga que responder todos los cuestionamientos<\/strong>. Para eso no hay que entrar en el juego de las provocaciones que seguro van a plantear los libertarios en el recinto con el fin de pudrirla. No tenemos que ser &#8216;cabeza de tacho&#8217; y tener una buena estrategia conjunta\u201d.<\/p>\n<p id=\"p-1777467057997-11919\" class=\"\">Por su parte, fuentes al tanto de los preparativos aseguraron a TN que Adorni llevar\u00e1 adelante una estrategia defensiva frente a los cuestionamientos de la oposici\u00f3n:<strong> \u201cAnte cada pregunta, va a redoblar la apuesta\u201d.<\/strong><\/p>\n<p id=\"p-1777467057997-34938\" class=\"\">Ese posicionamiento <strong>permite anticipar cruces<\/strong>, aunque desde la mesa pol\u00edtica aclararon que <strong>\u201cno es la idea\u201d <\/strong>que la presentaci\u00f3n se torne muy conflictiva.<\/p>\n<div contenteditable=\"false\" class=\"embed_cont type_imagen\" id=\"8217658-Libre-614776895_wrap\">\n<p>Adorni expone en el Congreso <span onclick=\"parent.parent.TinyMCETdcuerpo.preview_embed('8217658-Libre-614776895')\" class=\"embed_colapse less\" id=\"8217658-Libre-614776895_colapse\"\/>  <span onclick=\"parent.parent.TinyMCETdcuerpo.delete_embed('8217658-Libre-614776895')\" class=\"embed_delete less\" id=\"8217658-Libre-614776895_delete\"\/><\/p>\n<div id=\"8217658-Libre-614776895_content\" class=\"embed_content\"><img data-td-src-property=\"https:\/\/media.ambito.com\/p\/140513e4da28e03f5e93b099ab3c2c23\/adjuntos\/239\/imagenes\/043\/335\/0043335303\/adorni-expone-el-congreso.jpg?2026-04-29-08-45-58\" alt=\"\" title=\"\" width=\"730\" height=\"410\" id=\"8217658-Libre-614776895_embed\"\/><\/div>\n<\/p><\/div>\n<h2 id=\"p-1777465998500-48628\">C\u00f3mo es el sistema de pulseras que implementan<\/h2>\n<p id=\"p-1777467106044-92088\" data-start=\"2625\" data-end=\"2917\">Para ordenar el ingreso y la circulaci\u00f3n dentro del Congreso, se implement\u00f3 un <strong>sistema de acreditaci\u00f3n<\/strong> mediante <strong>pulseras diferenciadas<\/strong>. Este mecanismo permite identificar r\u00e1pidamente los distintos niveles de acceso y evitar desbordes en una jornada con alta concurrencia pol\u00edtica y medi\u00e1tica.<\/p>\n<p id=\"p-1777467106044-38111\" data-start=\"2919\" data-end=\"3200\">En total, se establecieron <strong>8 categor\u00edas<\/strong>, cada una asociada a sectores espec\u00edficos del edificio, seg\u00fan la publicaci\u00f3n del periodista <strong>Nacho Gir\u00f3n<\/strong> en <strong>X<\/strong>.<\/p>\n<p id=\"p-1777467106044-96364\" data-start=\"3202\" data-end=\"3520\">Entre las que son para los invitados, se destaca una <strong>dorada que permite el acceso a &#8220;Galer\u00eda Reservada&#8221;<\/strong> (Primer Piso), destinada al presidente<strong> Javier Milei<\/strong>, quien podr\u00eda ir en los palcos junto a otros integrantes del gabinete.<\/p>\n<div contenteditable=\"false\" class=\"embed_cont type_freetext\" rel=\"freetext\" id=\"embed7130_wrap\" data-provider=\"Twitter\">\n<p>Embed &#8211; <span onclick=\"parent.parent.TinyMCETdcuerpo.preview_embed('embed7130')\" class=\"embed_colapse less\" id=\"embed7130_colapse\"\/><span onclick=\"parent.parent.TinyMCETdcuerpo.delete_embed('embed7130')\" class=\"embed_delete less\" id=\"embed7130_delete\"\/><\/p>\n<div id=\"embed7130_content\" class=\"embed_content\">\n<div id=\"embed7130_embed\">\n<blockquote data-td-script-src=\"https:\/\/platform.twitter.com\/widgets.js\" class=\"twitter-tweet\">\n<p id=\"p-1777467363077-36341\" dir=\"ltr\" lang=\"es\"> Manuel Adorni se juega este mi\u00e9rcoles un pleno en el Congreso. Toda La Libertad Avanza est\u00e1 a disposici\u00f3n de este informe de gesti\u00f3n. Y hasta hay dirigentes atentos para movilizar militancia.<\/p>\n<p>\u00a1AH! Hay 8 pulseras distintas para acceder a distintas zonas de Diputados. La dorada,\u2026 <a href=\"https:\/\/t.co\/BbDm57t8uA\">pic.twitter.com\/BbDm57t8uA<\/a><\/p>\n<p> \u2014 Nacho Gir\u00f3n (@nachogiron) <a href=\"https:\/\/twitter.com\/nachogiron\/status\/2049276638777544918?ref_src=twsrc%5Etfw\">April 28, 2026<\/a><\/p><\/blockquote>\n<\/div><\/div>\n<\/p><\/div>\n<p id=\"p-1777467369345-12755\">El detalle:<\/p>\n<ul id=\"p-1777467533883-68553\">\n<li id=\"p-1777467374892-75265\"><strong>Invitados:<\/strong> pulsera dorada (acceso a Galer\u00eda Reservada &#8211; Primer Piso) y violeta (Primera Bandeja &#8211; Segundo Piso)<\/li>\n<li id=\"p-1777467422541-33254\"><strong>Ingresos: <\/strong>pulsera blanca (acceso a Bandeja y Pasos Perdidos)<\/li>\n<li id=\"p-1777467440024-11671\"><strong>Prensa: <\/strong>pulsera amarilla (Galer\u00eda Reservada y Pasos Perdidos) y roja (Pasos Perdidos)<\/li>\n<li id=\"p-1777467467419-6374\"><strong>Jefatura de Gabinete:<\/strong> pulsera celeste (acceso total a Bastonero, Sal\u00f3n de Honor, Recinto, Delia Parodi), gris (Delia Parodi y Recinto) y fucsia (Delia Parodi).<\/li>\n<\/ul>\n<h2 id=\"p-1777467546757-26619\">Operativo de seguridad en la exposici\u00f3n de Adorni<\/h2>\n<p id=\"p-1777467565266-99812\" data-start=\"3890\" data-end=\"4215\">La presentaci\u00f3n de Manuel Adorni motiv\u00f3 un amplio<strong> operativo de seguridad<\/strong> coordinado por fuerzas federales, con presencia tanto dentro del Congreso como en sus inmediaciones. El despliegue incluye <strong>controles de acceso<\/strong>, <strong>vallados externos<\/strong>, y monitoreo permanente de la actividad en el edificio.<\/p>\n<p id=\"p-1777467565266-71750\" data-start=\"4217\" data-end=\"4531\">En el interior, el objetivo principal es garantizar el normal desarrollo de la sesi\u00f3n, <strong>evitando interrupciones o incidentes<\/strong>. Para eso, se reforzaron los controles en los ingresos, se limitaron las circulaciones y se asignaron <strong>sectores espec\u00edficos para cada grupo acreditado<\/strong>.<\/p>\n<p id=\"p-1777467565266-30997\" data-start=\"4823\" data-end=\"5013\">El operativo tambi\u00e9n contempla la <strong>prevenci\u00f3n de manifestaciones<\/strong> afuera del establecimiento, en un escenario donde suelen concentrarse protestas.<\/p>\n<div contenteditable=\"false\" class=\"embed_cont type_imagen\" id=\"8203613-Libre-1270108918_wrap\">\n<p>congreso <span onclick=\"parent.parent.TinyMCETdcuerpo.preview_embed('8203613-Libre-1270108918')\" class=\"embed_colapse less\" id=\"8203613-Libre-1270108918_colapse\"\/>  <span onclick=\"parent.parent.TinyMCETdcuerpo.delete_embed('8203613-Libre-1270108918')\" class=\"embed_delete less\" id=\"8203613-Libre-1270108918_delete\"\/><\/p>\n<div id=\"8203613-Libre-1270108918_content\" class=\"embed_content\"><img data-td-src-property=\"https:\/\/media.ambito.com\/p\/71fc13a6eb0cefaf8df3cd7f91dbce9f\/adjuntos\/239\/imagenes\/043\/258\/0043258379\/congreso.jpg?2026-03-25-14-17-24\" alt=\"\" title=\"\" width=\"730\" height=\"410\" id=\"8203613-Libre-1270108918_embed\"\/><\/div>\n<\/p><\/div>\n<h2 id=\"p-1777465998500-42943\">Cortes de calle fuera del Congreso<\/h2>\n<p id=\"p-1777467649342-58570\" data-start=\"5059\" data-end=\"5385\">El despliegue de seguridad impacta en la circulaci\u00f3n en la zona del Congreso, donde se implementaron <strong>cortes totales y parciales desde las primeras horas del d\u00eda<\/strong>. Las restricciones afectan arterias clave del centro porte\u00f1o y generan complicaciones tanto para veh\u00edculos particulares como para el transporte p\u00fablico.<\/p>\n<p id=\"p-1777467649342-50079\" data-start=\"5387\" data-end=\"5688\">Entre los puntos m\u00e1s afectados se encuentran las intersecciones de <strong>Avenida Rivadavia y Callao<\/strong>, <strong>Entre R\u00edos y Alsina<\/strong>, y <strong>Combate de los Pozos<\/strong>, donde se instalaron vallados que limitan el paso. Tambi\u00e9n hay restricciones sobre <strong>Hip\u00f3lito Yrigoyen<\/strong> y desv\u00edos en avenidas cercanas como <strong>Belgrano e Independencia<\/strong>.<\/p>\n<p id=\"p-1777467649342-9820\" data-start=\"5690\" data-end=\"5918\">El impacto se siente especialmente en el transporte p\u00fablico. Varias l\u00edneas de colectivos modificaron sus recorridos y dejaron de detenerse sobre Entre R\u00edos, lo que obliga a los pasajeros a reorganizar sus traslados.<\/p>\n<p id=\"p-1777467700856-50701\" class=\"\">Adem\u00e1s, se dispusieron accesos espec\u00edficos para el personal autorizado:<\/p>\n<ul id=\"p-1777467700856-82104\" class=\"\">\n<li id=\"p-1777467700856-37988\" class=\"\"><strong>Riobamba y Bartolom\u00e9 Mitre:<\/strong> ingreso y egreso peatonal y cocheras<\/li>\n<li id=\"p-1777467700856-47212\" class=\"\"><strong>Sarand\u00ed e Hip\u00f3lito Yrigoyen:<\/strong> salida peatonal<\/li>\n<\/ul>\n<p id=\"p-1777467649342-34569\" data-start=\"5920\" data-end=\"6248\" data-is-last-node=\"\" data-is-only-node=\"\">Ante este panorama, las autoridades recomiendan evitar la zona durante la jornada y optar por v\u00edas alternativas, como la <strong>Avenida 9 de Julio<\/strong>, que absorbe gran parte del tr\u00e1nsito desviado.<\/p>\n<\/p><\/div>\n<p><script>\n!function(f,b,e,v,n,t,s)\n{if(f.fbq)return;n=f.fbq=function(){n.callMethod?\nn.callMethod.apply(n,arguments):n.queue.push(arguments)};\nif(!f._fbq)f._fbq=n;n.push=n;n.loaded=!0;n.version='2.0';\nn.queue=[];t=b.createElement(e);t.async=!0;\nt.src=v;s=b.getElementsByTagName(e)[0];\ns.parentNode.insertBefore(t,s)}(window,document,'script',\n'\nfbq('init', '2047048335588113');\nfbq('track', 'PageView');\n<\/script><\/p>\n","protected":false},"excerpt":{"rendered":"<p>Con m\u00e1s de 2.000 preguntas enviadas por los legisladores y la posible presencia de Javier y Karina Milei en los palcos, el operativo de seguridad incluye controles estrictos de acceso, un sistema especial de acreditaciones mediante pulseras y un amplio despliegue policial tanto dentro como fuera del recinto. Exposici\u00f3n de Manuel Adorni en Diputados La [&hellip;]<\/p>\n","protected":false},"author":1,"featured_media":8463,"comment_status":"open","ping_status":"open","sticky":false,"template":"","format":"standard","meta":{"footnotes":""},"categories":[1],"tags":[4],"class_list":["post-8462","post","type-post","status-publish","format-standard","has-post-thumbnail","hentry","category-uncategorized","tag-entre-rios"],"_links":{"self":[{"href":"https:\/\/cliente1.publisher.highstack.com.ar\/index.php?rest_route=\/wp\/v2\/posts\/8462","targetHints":{"allow":["GET"]}}],"collection":[{"href":"https:\/\/cliente1.publisher.highstack.com.ar\/index.php?rest_route=\/wp\/v2\/posts"}],"about":[{"href":"https:\/\/cliente1.publisher.highstack.com.ar\/index.php?rest_route=\/wp\/v2\/types\/post"}],"author":[{"embeddable":true,"href":"https:\/\/cliente1.publisher.highstack.com.ar\/index.php?rest_route=\/wp\/v2\/users\/1"}],"replies":[{"embeddable":true,"href":"https:\/\/cliente1.publisher.highstack.com.ar\/index.php?rest_route=%2Fwp%2Fv2%2Fcomments&post=8462"}],"version-history":[{"count":1,"href":"https:\/\/cliente1.publisher.highstack.com.ar\/index.php?rest_route=\/wp\/v2\/posts\/8462\/revisions"}],"predecessor-version":[{"id":8464,"href":"https:\/\/cliente1.publisher.highstack.com.ar\/index.php?rest_route=\/wp\/v2\/posts\/8462\/revisions\/8464"}],"wp:featuredmedia":[{"embeddable":true,"href":"https:\/\/cliente1.publisher.highstack.com.ar\/index.php?rest_route=\/wp\/v2\/media\/8463"}],"wp:attachment":[{"href":"https:\/\/cliente1.publisher.highstack.com.ar\/index.php?rest_route=%2Fwp%2Fv2%2Fmedia&parent=8462"}],"wp:term":[{"taxonomy":"category","embeddable":true,"href":"https:\/\/cliente1.publisher.highstack.com.ar\/index.php?rest_route=%2Fwp%2Fv2%2Fcategories&post=8462"},{"taxonomy":"post_tag","embeddable":true,"href":"https:\/\/cliente1.publisher.highstack.com.ar\/index.php?rest_route=%2Fwp%2Fv2%2Ftags&post=8462"}],"curies":[{"name":"wp","href":"https:\/\/api.w.org\/{rel}","templated":true}]}}