{"id":8460,"date":"2026-04-29T10:17:10","date_gmt":"2026-04-29T13:17:10","guid":{"rendered":"https:\/\/cliente1.publisher.highstack.com.ar\/?p=8460"},"modified":"2026-04-29T10:17:10","modified_gmt":"2026-04-29T13:17:10","slug":"nos-barrio-el-campo-desolacion-miedo-a-perderlo-todo-por-el-agua-y-bronca-de-los-productores-en-el-norte-de-santa-fe","status":"publish","type":"post","link":"https:\/\/cliente1.publisher.highstack.com.ar\/?p=8460","title":{"rendered":"\u201cNos barri\u00f3 el campo\u201d: desolaci\u00f3n, miedo a perderlo todo por el agua y bronca de los productores en el norte de Santa Fe"},"content":{"rendered":"<div class=\"col-12\">\n<p class=\"com-paragraph   --s\"><strong>\u201cLa situaci\u00f3n es ca\u00f3tica\u201d.<\/strong> As\u00ed describe <strong>H\u00e9ctor Fa\u00edn<\/strong> lo que ocurre en su campo, en <strong>Villa Minetti,<\/strong> en el departamento de 9 de Julio, en el norte de <strong>Santa Fe,<\/strong> donde tiene unas 70.000 hect\u00e1reas afectadas, con sectores donde el agua llega hasta un metro de altura. Sin poder entrar con las m\u00e1quinas para cosechar el ma\u00edz y la soja, dice que hoy no hay forma de avanzar y que cada d\u00eda que pasa la situaci\u00f3n empeora y las p\u00e9rdidas se agrandan. <strong>Hace tres a\u00f1os el norte de Santa Fe hab\u00eda enfrentado una dura sequ\u00eda.<\/strong><\/p>\n<div class=\"ln-banner-container --caja1_mob\">\n<div id=\"caja1_mob\" class=\"ln-banner\" data-slot-group=\"nota\" data-device=\"mobile\" data-subscription=\"false\" data-ad-unit-path=\"\/133919216\/campo_mobile\/Nota\/caja1_mob\" data-targeting='{\"sitio\":\"lanacion\",\"seccion\":\"nota\"}' data-without-hide=\"true\" data-size=\"[[320,100],[300,250],[1,1],[300,450],[320,450]]\" data-sizemap=\"[]\" data-prebid-enabled=\"true\"><\/div>\n<\/div>\n<p class=\"com-paragraph   --s\">Lo que ocurre all\u00ed no es un caso aislado. En buena parte del norte de Santa Fe, las lluvias de los \u00faltimos meses dejaron un cuadro similar. <strong>En apenas cuatro meses cay\u00f3 pr\u00e1cticamente lo que suele llover en todo un a\u00f1o, con m\u00e1s de 1000 mil\u00edmetros acumulados y episodios de 200 o 300 mil\u00edmetros en pocos d\u00edas.<\/strong> Con los suelos saturados y sin capacidad de absorber m\u00e1s agua, hoy hay campos completamente anegados y las cosechadoras directamente no pueden entrar a los lotes, lo que deja cultivos listos sin levantar y, en muchos casos, con riesgo de perderse. A eso se suman caminos intransitables que complican cualquier intento de mover la producci\u00f3n, en una campa\u00f1a que se deteriora d\u00eda a d\u00eda. <\/p>\n<div id=\"fusion-static-enter:scriptJwVideoNote\" style=\"display:none\" data-fusion-component=\"scriptJwVideoNote\"><\/div>\n<p><script defer src=\"https:\/\/www.lanacion.com.ar\/pf\/resources\/js\/LN\/scriptJwVideoNote.min.js?d=1999\"><\/script><\/p>\n<div id=\"fusion-static-exit:scriptJwVideoNote\" style=\"display:none\" data-fusion-component=\"scriptJwVideoNote\"><\/div>\n<div id=\"fusion-static-enter:Bx8OsW6D\" style=\"display:none\" data-fusion-component=\"Bx8OsW6D\"><\/div>\n<div class=\"content-media cursor-pointer container-center-100\">\n<section class=\"media-container relative ratio-16-9 mod-media pb-32\">\n<figure class=\"mod-video\">\n<div class=\"video-player bg-black ratio-16-9\" data-has-jwplayer=\"true\" data-video-id-jw=\"Bx8OsW6D\" data-config='{\"title\":\"Camino convertido en r\u00edo y un tractor que intenta avanzar donde ya no hay paso\",\"mediaId\":\"Bx8OsW6D\",\"playerId\":\"ih0086X3\",\"playlist\":[{\"mediaid\":\"Bx8OsW6D\",\"sources\":[{\"file\":\"https:\/\/cdn.jwplayer.com\/manifests\/Bx8OsW6D.m3u8\",\"type\":\"application\/vnd.apple.mpegurl\"},{\"bitrate\":502541,\"file\":\"https:\/\/cdn.jwplayer.com\/videos\/Bx8OsW6D-kTExGaWf.mp4\",\"filesize\":1758894,\"framerate\":30,\"height\":180,\"label\":\"180p\",\"type\":\"video\/mp4\",\"width\":320},{\"bitrate\":722460,\"file\":\"https:\/\/cdn.jwplayer.com\/videos\/Bx8OsW6D-K8B0kybS.mp4\",\"filesize\":2528611,\"framerate\":30,\"height\":270,\"label\":\"270p\",\"type\":\"video\/mp4\",\"width\":480},{\"bitrate\":115408,\"file\":\"https:\/\/cdn.jwplayer.com\/videos\/Bx8OsW6D-hz5z2Tv4.m4a\",\"filesize\":403928,\"label\":\"AAC Audio\",\"type\":\"audio\/mp4\"},{\"bitrate\":934594,\"file\":\"https:\/\/cdn.jwplayer.com\/videos\/Bx8OsW6D-FnZGUVnC.mp4\",\"filesize\":3271081,\"framerate\":30,\"height\":360,\"label\":\"360p\",\"type\":\"video\/mp4\",\"width\":640}]}],\"hasAutoplay\":false,\"autostart\":true,\"tagsUrl\":\"https:\/\/pubads.g.doubleclick.net\/gampad\/ads?slotname=\/133919216\/la_nacion_video\/nota\/preroll&amp;sz=640x480|400x300&amp;ciu_szs=300x250&amp;unviewed_position_start=1&amp;output=vast&amp;impl=s&amp;env=vp&amp;gdfp_req=1&amp;ad_rule=0&amp;vad_type=linear&amp;vpos=preroll&amp;cust_params=tags_nuevos%3Dte_actualidad%2Cte_clima%2Cte_santa_fe%2Cte_comunidad_de_negocios%2Cte_inundaciones%2Cca_campo%2Cca_economia%2Cau_pilar_vazquez%2CVIGT67NDYNAZXPL7S5P6X34IOU&amp;pod=3&amp;ppos=1&amp;lip=true&amp;min_ad_duration=0&amp;max_ad_duration=30000&amp;vrid=6256&amp;url=https%3A%2F%2Fwww.lanacion.com.ar%2Feconomia%2Fcampo%2Fnos-barrio-el-campo-desolacion-miedo-a-perderlo-todo-por-el-agua-y-bronca-de-los-productores-en-el-nid29042026%2F%3Fvariant%3DA&amp;description_url=https%3A%2F%2Fwww.lanacion.com.ar%2Feconomia%2Fcampo%2Fnos-barrio-el-campo-desolacion-miedo-a-perderlo-todo-por-el-agua-y-bronca-de-los-productores-en-el-nid29042026%2F%3Fvariant%3DA&amp;video_doc_id=short_onecue&amp;cmsid=496&amp;kfa=0&amp;tfcd=0&amp;correlator=1777468617378\",\"arcSite\":\"la-nacion-ar\",\"duration\":\"28000\"}'>\n<div id=\"facade-Bx8OsW6D\" class=\"content-facade-jw relative bg-black ratio-16-9\">\n<div id=\"button-play\" class=\"absolute flex w-100 h-100 jc-center ai-center z-15\"><svg width=\"64\" height=\"64\" viewbox=\"0 0 64 64\" fill=\"none\" xmlns=\"http:\/\/www.w3.org\/2000\/svg\" class=\"relative z-15\"><g opacity=\"0.65\"><rect width=\"64\" height=\"64\" rx=\"32\" fill=\"#1C1C1F\"><\/rect><path d=\"M41.8347 32.5547L27.7027 41.976C27.6023 42.0428 27.4857 42.0811 27.3652 42.0869C27.2448 42.0927 27.125 42.0656 27.0187 42.0087C26.9124 41.9518 26.8235 41.8671 26.7615 41.7637C26.6995 41.6602 26.6667 41.5419 26.6667 41.4213V22.5787C26.6667 22.4581 26.6995 22.3398 26.7615 22.2363C26.8235 22.1329 26.9124 22.0482 27.0187 21.9913C27.125 21.9344 27.2448 21.9074 27.3652 21.9131C27.4857 21.9189 27.6023 21.9572 27.7027 22.024L41.8347 31.4453C41.926 31.5062 42.0009 31.5887 42.0526 31.6855C42.1044 31.7822 42.1315 31.8903 42.1315 32C42.1315 32.1098 42.1044 32.2178 42.0526 32.3146C42.0009 32.4113 41.926 32.4938 41.8347 32.5547V32.5547Z\" fill=\"#FEFEFE\"><\/path><\/g><\/svg><\/div>\n<picture><source media=\"(max-width: 767px)\" srcset=\"https:\/\/resizer.glanacion.com\/resizer\/v2\/https%3A%2F%2Fcdn.jwplayer.com%2Fv2%2Fmedia%2FBx8OsW6D%2Fposter.jpg%3Fwidth%3D720?auth=13ec3f1484f2d895829658ea0740b64c6ab412d71f9b055175246361cb6fba85&amp;width=480&amp;quality=70&amp;smart=false\"><\/source><img class=\"image com-image flex --cover\" decoding=\"async\" fetchpriority=\"low\" loading=\"lazy\" src=\"https:\/\/resizer.glanacion.com\/resizer\/v2\/https%3A%2F%2Fcdn.jwplayer.com%2Fv2%2Fmedia%2FBx8OsW6D%2Fposter.jpg%3Fwidth%3D720?auth=13ec3f1484f2d895829658ea0740b64c6ab412d71f9b055175246361cb6fba85&amp;width=720&amp;quality=70&amp;smart=false\" alt=\"Camino convertido en r\u00edo y un tractor que intenta avanzar donde ya no hay paso\"><\/picture><\/div>\n<div id=\"Bx8OsW6D\"><\/div>\n<\/div><figcaption class=\"border border-1 border-bottom border-light-300 relative px-16 py-8 min-h-36 w-100_md px-0_l mb-8 bg-white\"><span class=\"text ln-text text-16 block\">Camino convertido en r\u00edo y un tractor que intenta avanzar donde ya no hay paso<\/span><\/figcaption><\/figure>\n<p><script type=\"application\/ld+json\">{\n  \"@context\": \"https:\/\/schema.org\",\n  \"@type\": \"VideoObject\",\n  \"name\": \"LA NACION - Noticia\",\n  \"description\": \"Video publicado el 28\/04\/2026 por LA NACION\",\n  \"thumbnailUrl\": [\n    \"https:\/\/resizer.glanacion.com\/resizer\/v2\/https%3A%2F%2Fcdn.jwplayer.com%2Fv2%2Fmedia%2FBx8OsW6D%2Fposter.jpg%3Fwidth%3D720?auth=13ec3f1484f2d895829658ea0740b64c6ab412d71f9b055175246361cb6fba85&width=720&quality=70&smart=false\"\n  ],\n  \"uploadDate\": \"2026-04-28T20:44:47Z\",\n  \"embedUrl\": \"https:\/\/cdn.jwplayer.com\/videos\/Bx8OsW6D-kTExGaWf.mp4\",\n  \"duration\": \"PT0M28S\"\n}<\/script><\/section>\n<\/div>\n<div id=\"fusion-static-exit:Bx8OsW6D\" style=\"display:none\" data-fusion-component=\"Bx8OsW6D\"><\/div>\n<p class=\"com-paragraph   --s\">En su campo, Fa\u00edn ten\u00eda soja y ma\u00edz listos para arrancar la cosecha. \u201cHoy est\u00e1bamos por iniciar, pero no se puede\u201d, se\u00f1ala. <strong>La soja es el cultivo m\u00e1s comprometido.<\/strong> \u201cYa estaban en el comienzo de cosecha, no s\u00e9 cu\u00e1nto pueden aguantar\u201d, agrega. Con el paso de los d\u00edas, la situaci\u00f3n se agrava: <strong>\u201cD\u00eda a d\u00eda se va degradando la calidad\u201d<\/strong>, afirma. <\/p>\n<p class=\"com-paragraph   --s\">En lo que va del a\u00f1o, en su zona ya cayeron unos 1035 mil\u00edmetros, cerca de un 40% m\u00e1s de lo que suele llover en todo un a\u00f1o. <strong>\u201cEs una locura, algo hist\u00f3rico\u201d<\/strong>, dice. Pero el problema no es solo cu\u00e1nto llovi\u00f3, sino que el agua no se va. <strong>\u201cEst\u00e1 todo tan saturado que no drena\u201d<\/strong>, explica. En una regi\u00f3n plana, sin pendientes, el escurrimiento es muy lento: <strong>\u201cEl agua se va muy despacio\u201d<\/strong>, agrega. <\/p>\n<div class=\"ln-banner-container --caja2_mob\">\n<div id=\"caja2_mob\" class=\"ln-banner\" data-slot-group=\"nota\" data-device=\"mobile\" data-subscription=\"true\" data-ad-unit-path=\"\/133919216\/campo_mobile\/Nota\/caja2_mob\" data-targeting='{\"sitio\":\"lanacion\",\"seccion\":\"nota\"}' data-without-hide=\"true\" data-size=\"[[320,100],[300,250],[300,450],[1,1],[360,270],[320,180]]\" data-sizemap=\"[]\" data-prebid-enabled=\"true\"><\/div>\n<\/div>\n<p class=\"com-paragraph   --s\">A pocos kil\u00f3metros, el productor y asesor Am\u00edlcar Martel describe la misma situaci\u00f3n en su campo. Tiene unas 200 hect\u00e1reas de soja que trabaja junto a su padre, completamente bajo el agua, con niveles que van de 30 a 50 cent\u00edmetros. <strong>\u201cEst\u00e1 todo bajo el agua\u201d<\/strong>, resume. <\/p>\n<div class=\"ln-banner-container --middle_2_dsk\">\n<div id=\"middle_2_dsk\" class=\"ln-banner\" data-slot-group=\"nota\" data-device=\"desktop\" data-subscription=\"true\" data-ad-unit-path=\"\/133919216\/campo_desktop\/Nota\/middle_2_dsk\" data-targeting='{\"sitio\":\"lanacion\",\"seccion\":\"nota\"}' data-without-hide=\"true\" data-size=\"[[1,1],[728,90]]\" data-sizemap=\"[]\" data-prebid-enabled=\"true\"><\/div>\n<\/div>\n<p class=\"com-paragraph   --s\">El productor no ve se\u00f1ales de que la situaci\u00f3n vaya a mejorar. Incluso las partes m\u00e1s altas de los campos, que suelen quedar a resguardo, tambi\u00e9n terminaron anegadas. <strong>\u201cEl monte, que es lo m\u00e1s alto, tambi\u00e9n se tap\u00f3\u201d<\/strong>, se\u00f1ala. <\/p>\n<div class=\"ln-banner-container --caja3_mob\">\n<div id=\"caja3_mob\" class=\"ln-banner\" data-slot-group=\"nota\" data-device=\"mobile\" data-subscription=\"false\" data-ad-unit-path=\"\/133919216\/campo_mobile\/Nota\/caja3_mob\" data-targeting='{\"sitio\":\"lanacion\",\"seccion\":\"nota\"}' data-without-hide=\"true\" data-size=\"[[320,100],[300,250],[1,1],[300,450],[360,270]]\" data-sizemap=\"[]\" data-prebid-enabled=\"true\"><\/div>\n<\/div>\n<div class=\"ln-banner-container --middle_2_tab\">\n<div id=\"middle_2_tab\" class=\"ln-banner\" data-slot-group=\"nota\" data-device=\"tablet\" data-subscription=\"false\" data-ad-unit-path=\"\/133919216\/campo_tablet\/Nota\/middle_2_tab\" data-targeting='{\"sitio\":\"lanacion\",\"seccion\":\"nota\"}' data-without-hide=\"true\" data-size=\"[[728,90],[640,480],[468,60],[1,1]]\" data-sizemap=\"[]\" data-prebid-enabled=\"true\"><\/div>\n<\/div>\n<p class=\"com-paragraph   --s\">El impacto alcanza no solo a los cultivos, sino tambi\u00e9n a la ganader\u00eda. <strong>\u201cTen\u00edamos animales engordando y no tienen lugar donde parar ni dormir. Se tuvieron que largar en el campo a buscar refugio\u201d<\/strong>, cuenta. Eso implica p\u00e9rdidas directas: <strong>\u201cSe van a perder los kilos que estaban haciendo\u201d<\/strong>. <\/p>\n<div id=\"fusion-static-enter:scriptJwVideoNote\" style=\"display:none\" data-fusion-component=\"scriptJwVideoNote\"><\/div>\n<p><script defer src=\"https:\/\/www.lanacion.com.ar\/pf\/resources\/js\/LN\/scriptJwVideoNote.min.js?d=1999\"><\/script><\/p>\n<div id=\"fusion-static-exit:scriptJwVideoNote\" style=\"display:none\" data-fusion-component=\"scriptJwVideoNote\"><\/div>\n<div id=\"fusion-static-enter:XzEJnA2k\" style=\"display:none\" data-fusion-component=\"XzEJnA2k\"><\/div>\n<div class=\"content-media cursor-pointer container-center-100\">\n<section class=\"media-container relative ratio-16-9 mod-media pb-32\">\n<figure class=\"mod-video\">\n<div class=\"video-player bg-black ratio-16-9\" data-has-jwplayer=\"true\" data-video-id-jw=\"XzEJnA2k\" data-config='{\"title\":\"El avance del agua obliga a mover la hacienda en medio de campos anegados\",\"mediaId\":\"XzEJnA2k\",\"playerId\":\"ih0086X3\",\"playlist\":[{\"mediaid\":\"XzEJnA2k\",\"sources\":[{\"file\":\"https:\/\/cdn.jwplayer.com\/manifests\/XzEJnA2k.m3u8\",\"type\":\"application\/vnd.apple.mpegurl\"},{\"bitrate\":474269,\"file\":\"https:\/\/cdn.jwplayer.com\/videos\/XzEJnA2k-kTExGaWf.mp4\",\"filesize\":2312063,\"framerate\":30,\"height\":318,\"label\":\"180p\",\"type\":\"video\/mp4\",\"width\":180},{\"bitrate\":756820,\"file\":\"https:\/\/cdn.jwplayer.com\/videos\/XzEJnA2k-K8B0kybS.mp4\",\"filesize\":3689498,\"framerate\":30,\"height\":478,\"label\":\"270p\",\"type\":\"video\/mp4\",\"width\":270},{\"bitrate\":115006,\"file\":\"https:\/\/cdn.jwplayer.com\/videos\/XzEJnA2k-hz5z2Tv4.m4a\",\"filesize\":560655,\"label\":\"AAC Audio\",\"type\":\"audio\/mp4\"},{\"bitrate\":1021694,\"file\":\"https:\/\/cdn.jwplayer.com\/videos\/XzEJnA2k-FnZGUVnC.mp4\",\"filesize\":4980761,\"framerate\":30,\"height\":638,\"label\":\"360p\",\"type\":\"video\/mp4\",\"width\":360}]}],\"hasAutoplay\":false,\"autostart\":true,\"tagsUrl\":\"https:\/\/pubads.g.doubleclick.net\/gampad\/ads?slotname=\/133919216\/la_nacion_video\/nota\/preroll&amp;sz=640x480|400x300&amp;ciu_szs=300x250&amp;unviewed_position_start=1&amp;output=vast&amp;impl=s&amp;env=vp&amp;gdfp_req=1&amp;ad_rule=0&amp;vad_type=linear&amp;vpos=preroll&amp;cust_params=tags_nuevos%3Dte_actualidad%2Cte_clima%2Cte_santa_fe%2Cte_comunidad_de_negocios%2Cte_inundaciones%2Cca_campo%2Cca_economia%2Cau_pilar_vazquez%2CVIGT67NDYNAZXPL7S5P6X34IOU&amp;pod=3&amp;ppos=1&amp;lip=true&amp;min_ad_duration=0&amp;max_ad_duration=30000&amp;vrid=6256&amp;url=https%3A%2F%2Fwww.lanacion.com.ar%2Feconomia%2Fcampo%2Fnos-barrio-el-campo-desolacion-miedo-a-perderlo-todo-por-el-agua-y-bronca-de-los-productores-en-el-nid29042026%2F%3Fvariant%3DA&amp;description_url=https%3A%2F%2Fwww.lanacion.com.ar%2Feconomia%2Fcampo%2Fnos-barrio-el-campo-desolacion-miedo-a-perderlo-todo-por-el-agua-y-bronca-de-los-productores-en-el-nid29042026%2F%3Fvariant%3DA&amp;video_doc_id=short_onecue&amp;cmsid=496&amp;kfa=0&amp;tfcd=0&amp;correlator=1777468617378\",\"arcSite\":\"la-nacion-ar\",\"duration\":\"39000\"}'>\n<div id=\"facade-XzEJnA2k\" class=\"content-facade-jw relative bg-black ratio-16-9\">\n<div id=\"button-play\" class=\"absolute flex w-100 h-100 jc-center ai-center z-15\"><svg width=\"64\" height=\"64\" viewbox=\"0 0 64 64\" fill=\"none\" xmlns=\"http:\/\/www.w3.org\/2000\/svg\" class=\"relative z-15\"><g opacity=\"0.65\"><rect width=\"64\" height=\"64\" rx=\"32\" fill=\"#1C1C1F\"><\/rect><path d=\"M41.8347 32.5547L27.7027 41.976C27.6023 42.0428 27.4857 42.0811 27.3652 42.0869C27.2448 42.0927 27.125 42.0656 27.0187 42.0087C26.9124 41.9518 26.8235 41.8671 26.7615 41.7637C26.6995 41.6602 26.6667 41.5419 26.6667 41.4213V22.5787C26.6667 22.4581 26.6995 22.3398 26.7615 22.2363C26.8235 22.1329 26.9124 22.0482 27.0187 21.9913C27.125 21.9344 27.2448 21.9074 27.3652 21.9131C27.4857 21.9189 27.6023 21.9572 27.7027 22.024L41.8347 31.4453C41.926 31.5062 42.0009 31.5887 42.0526 31.6855C42.1044 31.7822 42.1315 31.8903 42.1315 32C42.1315 32.1098 42.1044 32.2178 42.0526 32.3146C42.0009 32.4113 41.926 32.4938 41.8347 32.5547V32.5547Z\" fill=\"#FEFEFE\"><\/path><\/g><\/svg><\/div>\n<picture><source media=\"(max-width: 767px)\" srcset=\"https:\/\/resizer.glanacion.com\/resizer\/v2\/https%3A%2F%2Fcdn.jwplayer.com%2Fv2%2Fmedia%2FXzEJnA2k%2Fposter.jpg%3Fwidth%3D720?auth=c7c690e81fcf92a97d585643120999114397fb230f932ce4f7d1a7f79e235aad&amp;width=480&amp;quality=70&amp;smart=false\"><\/source><img class=\"image com-image flex --cover\" decoding=\"async\" fetchpriority=\"low\" loading=\"lazy\" src=\"https:\/\/resizer.glanacion.com\/resizer\/v2\/https%3A%2F%2Fcdn.jwplayer.com%2Fv2%2Fmedia%2FXzEJnA2k%2Fposter.jpg%3Fwidth%3D720?auth=c7c690e81fcf92a97d585643120999114397fb230f932ce4f7d1a7f79e235aad&amp;width=720&amp;quality=70&amp;smart=false\" alt=\"El avance del agua obliga a mover la hacienda en medio de campos anegados\"><\/picture><\/div>\n<div id=\"XzEJnA2k\"><\/div>\n<\/div><figcaption class=\"border border-1 border-bottom border-light-300 relative px-16 py-8 min-h-36 w-100_md px-0_l mb-8 bg-white\"><span class=\"text ln-text text-16 block\">El avance del agua obliga a mover la hacienda en medio de campos anegados<\/span><\/figcaption><\/figure>\n<p><script type=\"application\/ld+json\">{\n  \"@context\": \"https:\/\/schema.org\",\n  \"@type\": \"VideoObject\",\n  \"name\": \"LA NACION - Noticia\",\n  \"description\": \"Video publicado el 28\/04\/2026 por LA NACION\",\n  \"thumbnailUrl\": [\n    \"https:\/\/resizer.glanacion.com\/resizer\/v2\/https%3A%2F%2Fcdn.jwplayer.com%2Fv2%2Fmedia%2FXzEJnA2k%2Fposter.jpg%3Fwidth%3D720?auth=c7c690e81fcf92a97d585643120999114397fb230f932ce4f7d1a7f79e235aad&width=720&quality=70&smart=false\"\n  ],\n  \"uploadDate\": \"2026-04-28T20:44:43Z\",\n  \"embedUrl\": \"https:\/\/cdn.jwplayer.com\/videos\/XzEJnA2k-kTExGaWf.mp4\",\n  \"duration\": \"PT0M39S\"\n}<\/script><\/section>\n<\/div>\n<div id=\"fusion-static-exit:XzEJnA2k\" style=\"display:none\" data-fusion-component=\"XzEJnA2k\"><\/div>\n<p class=\"com-paragraph   --s\">A eso se suma la p\u00e9rdida de insumos. <strong>\u201cTen\u00edamos urea almacenada para usar en trigo. Se llen\u00f3 de agua y no sirve m\u00e1s. A nosotros nos barri\u00f3 el campo\u201d<\/strong>, describe. <\/p>\n<p class=\"com-paragraph   --s\">Como asesor, trabaja unas 9000 hect\u00e1reas en la zona y advierte que el problema es generalizado. <strong>\u201cLa mayor\u00eda est\u00e1 con agua\u201d<\/strong>, se\u00f1ala. La zona m\u00e1s afectada, explic\u00f3, se extiende desde Villa Minetti hacia el norte, en direcci\u00f3n a Santiago del Estero. <\/p>\n<div class=\"ln-banner-container --caja4_mob\">\n<div id=\"caja4_mob\" class=\"ln-banner\" data-slot-group=\"nota\" data-device=\"mobile\" data-subscription=\"false\" data-ad-unit-path=\"\/133919216\/campo_mobile\/Nota\/caja4_mob\" data-targeting='{\"sitio\":\"lanacion\",\"seccion\":\"nota\"}' data-without-hide=\"true\" data-size=\"[[320,100],[300,250],[1,1]]\" data-sizemap=\"[]\" data-prebid-enabled=\"true\"><\/div>\n<\/div>\n<p class=\"com-paragraph   --s\">Adem\u00e1s del impacto productivo, remarca las dificultades para trabajar y moverse. <strong>\u201cLos caminos son r\u00edos\u201d<\/strong>, grafic\u00f3. El agua pasa por arriba de las trazas y las termina rompiendo, lo que deja a muchos campos aislados. Incluso si se pudiera cosechar, en muchos casos no habr\u00eda forma de sacar la producci\u00f3n. <strong>\u201cVa a quedar en el campo porque no hay camino\u201d<\/strong>, advierte. <\/p>\n<p class=\"com-paragraph   --s\">En ese contexto, el productor advierte sobre un problema que, dice, se repite hace a\u00f1os y vuelve a quedar expuesto con estas lluvias, que es la falta de infraestructura. Indica que se trata de una zona muy productiva, pero sin obras que permitan evacuar el agua ni asegurar la conectividad. <strong>\u201cNo tenemos ni un camino alto\u201d<\/strong>, afirma. Y agrega que, sin inversiones en obras, este tipo de situaciones <strong>\u201cse va a seguir repitiendo\u201d<\/strong>. <\/p>\n<div class=\"ln-banner-container --caja6_mob\">\n<div id=\"caja6_mob\" class=\"ln-banner\" data-slot-group=\"nota\" data-device=\"mobile\" data-subscription=\"false\" data-ad-unit-path=\"\/133919216\/campo_mobile\/Nota\/caja6_mob\" data-targeting='{\"sitio\":\"lanacion\",\"seccion\":\"nota\"}' data-without-hide=\"true\" data-size=\"[[300,250],[230,50],[300,450],[1,1],[320,100]]\" data-sizemap=\"[]\" data-prebid-enabled=\"true\"><\/div>\n<\/div>\n<h2 class=\"com-title --font-primary --xl --font-extra\">Situaci\u00f3n<\/h2>\n<p class=\"com-paragraph   --s\">En el departamento Vera, el cuadro es similar. En los \u00faltimos d\u00edas se registraron lluvias de entre 200 y 350 mil\u00edmetros, que terminaron de saturar la cuenca de los bajos y volvieron a complicar a gran parte de la regi\u00f3n. <\/p>\n<p class=\"com-paragraph   --s\">El presidente de la Sociedad Rural local, Sebasti\u00e1n Volkart, advierte que lo que ocurre ya no puede leerse como un evento aislado. <strong>\u201cDeja de ser un fen\u00f3meno extraordinario y pasa a ser algo estructural y recurrente\u201d<\/strong>, se\u00f1ala. En ese contexto, remarca que cada episodio de lluvias intensas expone las mismas falencias: falta de obras, caminos en mal estado y problemas de conectividad. <\/p>\n<div class=\"ln-banner-container --caja7_mob\">\n<div id=\"caja7_mob\" class=\"ln-banner\" data-slot-group=\"nota\" data-device=\"mobile\" data-subscription=\"true\" data-ad-unit-path=\"\/133919216\/campo_mobile\/Nota\/caja7_mob\" data-targeting='{\"sitio\":\"lanacion\",\"seccion\":\"nota\"}' data-without-hide=\"true\" data-size=\"[[300,250],[320,50],[300,450],[1,1],[320,100]]\" data-sizemap=\"[]\" data-prebid-enabled=\"true\"><\/div>\n<\/div>\n<div id=\"fusion-static-enter:scriptJwVideoNote\" style=\"display:none\" data-fusion-component=\"scriptJwVideoNote\"><\/div>\n<p><script defer src=\"https:\/\/www.lanacion.com.ar\/pf\/resources\/js\/LN\/scriptJwVideoNote.min.js?d=1999\"><\/script><\/p>\n<div id=\"fusion-static-exit:scriptJwVideoNote\" style=\"display:none\" data-fusion-component=\"scriptJwVideoNote\"><\/div>\n<div id=\"fusion-static-enter:beKYCReO\" style=\"display:none\" data-fusion-component=\"beKYCReO\"><\/div>\n<div class=\"content-media cursor-pointer container-center-100\">\n<section class=\"media-container relative ratio-16-9 mod-media pb-32\">\n<figure class=\"mod-video\">\n<div class=\"video-player bg-black ratio-16-9\" data-has-jwplayer=\"true\" data-video-id-jw=\"beKYCReO\" data-config='{\"title\":\"Lotes de soja completamente inundados y sin posibilidad de entrar a cosechar\",\"mediaId\":\"beKYCReO\",\"playerId\":\"ih0086X3\",\"playlist\":[{\"mediaid\":\"beKYCReO\",\"sources\":[{\"file\":\"https:\/\/cdn.jwplayer.com\/manifests\/beKYCReO.m3u8\",\"type\":\"application\/vnd.apple.mpegurl\"},{\"bitrate\":556743,\"file\":\"https:\/\/cdn.jwplayer.com\/videos\/beKYCReO-kTExGaWf.mp4\",\"filesize\":835115,\"framerate\":30,\"height\":318,\"label\":\"180p\",\"type\":\"video\/mp4\",\"width\":180},{\"bitrate\":764891,\"file\":\"https:\/\/cdn.jwplayer.com\/videos\/beKYCReO-K8B0kybS.mp4\",\"filesize\":1147337,\"framerate\":30,\"height\":478,\"label\":\"270p\",\"type\":\"video\/mp4\",\"width\":270},{\"bitrate\":123914,\"file\":\"https:\/\/cdn.jwplayer.com\/videos\/beKYCReO-hz5z2Tv4.m4a\",\"filesize\":170383,\"label\":\"AAC Audio\",\"type\":\"audio\/mp4\"},{\"bitrate\":1024774,\"file\":\"https:\/\/cdn.jwplayer.com\/videos\/beKYCReO-FnZGUVnC.mp4\",\"filesize\":1537161,\"framerate\":30,\"height\":638,\"label\":\"360p\",\"type\":\"video\/mp4\",\"width\":360}]}],\"hasAutoplay\":false,\"autostart\":true,\"tagsUrl\":\"https:\/\/pubads.g.doubleclick.net\/gampad\/ads?slotname=\/133919216\/la_nacion_video\/nota\/preroll&amp;sz=640x480|400x300&amp;ciu_szs=300x250&amp;unviewed_position_start=1&amp;output=vast&amp;impl=s&amp;env=vp&amp;gdfp_req=1&amp;ad_rule=0&amp;vad_type=linear&amp;vpos=preroll&amp;cust_params=tags_nuevos%3Dte_actualidad%2Cte_clima%2Cte_santa_fe%2Cte_comunidad_de_negocios%2Cte_inundaciones%2Cca_campo%2Cca_economia%2Cau_pilar_vazquez%2CVIGT67NDYNAZXPL7S5P6X34IOU&amp;pod=3&amp;ppos=1&amp;lip=true&amp;min_ad_duration=0&amp;max_ad_duration=30000&amp;vrid=6256&amp;url=https%3A%2F%2Fwww.lanacion.com.ar%2Feconomia%2Fcampo%2Fnos-barrio-el-campo-desolacion-miedo-a-perderlo-todo-por-el-agua-y-bronca-de-los-productores-en-el-nid29042026%2F%3Fvariant%3DA&amp;description_url=https%3A%2F%2Fwww.lanacion.com.ar%2Feconomia%2Fcampo%2Fnos-barrio-el-campo-desolacion-miedo-a-perderlo-todo-por-el-agua-y-bronca-de-los-productores-en-el-nid29042026%2F%3Fvariant%3DA&amp;video_doc_id=short_onecue&amp;cmsid=496&amp;kfa=0&amp;tfcd=0&amp;correlator=1777468617379\",\"arcSite\":\"la-nacion-ar\",\"duration\":\"11000\"}'>\n<div id=\"facade-beKYCReO\" class=\"content-facade-jw relative bg-black ratio-16-9\">\n<div id=\"button-play\" class=\"absolute flex w-100 h-100 jc-center ai-center z-15\"><svg width=\"64\" height=\"64\" viewbox=\"0 0 64 64\" fill=\"none\" xmlns=\"http:\/\/www.w3.org\/2000\/svg\" class=\"relative z-15\"><g opacity=\"0.65\"><rect width=\"64\" height=\"64\" rx=\"32\" fill=\"#1C1C1F\"><\/rect><path d=\"M41.8347 32.5547L27.7027 41.976C27.6023 42.0428 27.4857 42.0811 27.3652 42.0869C27.2448 42.0927 27.125 42.0656 27.0187 42.0087C26.9124 41.9518 26.8235 41.8671 26.7615 41.7637C26.6995 41.6602 26.6667 41.5419 26.6667 41.4213V22.5787C26.6667 22.4581 26.6995 22.3398 26.7615 22.2363C26.8235 22.1329 26.9124 22.0482 27.0187 21.9913C27.125 21.9344 27.2448 21.9074 27.3652 21.9131C27.4857 21.9189 27.6023 21.9572 27.7027 22.024L41.8347 31.4453C41.926 31.5062 42.0009 31.5887 42.0526 31.6855C42.1044 31.7822 42.1315 31.8903 42.1315 32C42.1315 32.1098 42.1044 32.2178 42.0526 32.3146C42.0009 32.4113 41.926 32.4938 41.8347 32.5547V32.5547Z\" fill=\"#FEFEFE\"><\/path><\/g><\/svg><\/div>\n<picture><source media=\"(max-width: 767px)\" srcset=\"https:\/\/resizer.glanacion.com\/resizer\/v2\/https%3A%2F%2Fcdn.jwplayer.com%2Fv2%2Fmedia%2FbeKYCReO%2Fposter.jpg%3Fwidth%3D720?auth=ea454e36ff012c15d5dc64f62f667bed27f04fcdabfa1978073bf377a98d072a&amp;width=480&amp;quality=70&amp;smart=false\"><\/source><img class=\"image com-image flex --cover\" decoding=\"async\" fetchpriority=\"low\" loading=\"lazy\" src=\"https:\/\/resizer.glanacion.com\/resizer\/v2\/https%3A%2F%2Fcdn.jwplayer.com%2Fv2%2Fmedia%2FbeKYCReO%2Fposter.jpg%3Fwidth%3D720?auth=ea454e36ff012c15d5dc64f62f667bed27f04fcdabfa1978073bf377a98d072a&amp;width=720&amp;quality=70&amp;smart=false\" alt=\"Lotes de soja completamente inundados y sin posibilidad de entrar a cosechar\"><\/picture><\/div>\n<div id=\"beKYCReO\"><\/div>\n<\/div><figcaption class=\"border border-1 border-bottom border-light-300 relative px-16 py-8 min-h-36 w-100_md px-0_l mb-8 bg-white\"><span class=\"text ln-text text-16 block\">Lotes de soja completamente inundados y sin posibilidad de entrar a cosechar<\/span><\/figcaption><\/figure>\n<p><script type=\"application\/ld+json\">{\n  \"@context\": \"https:\/\/schema.org\",\n  \"@type\": \"VideoObject\",\n  \"name\": \"LA NACION - Noticia\",\n  \"description\": \"Video publicado el 28\/04\/2026 por LA NACION\",\n  \"thumbnailUrl\": [\n    \"https:\/\/resizer.glanacion.com\/resizer\/v2\/https%3A%2F%2Fcdn.jwplayer.com%2Fv2%2Fmedia%2FbeKYCReO%2Fposter.jpg%3Fwidth%3D720?auth=ea454e36ff012c15d5dc64f62f667bed27f04fcdabfa1978073bf377a98d072a&width=720&quality=70&smart=false\"\n  ],\n  \"uploadDate\": \"2026-04-28T20:44:44Z\",\n  \"embedUrl\": \"https:\/\/cdn.jwplayer.com\/videos\/beKYCReO-kTExGaWf.mp4\",\n  \"duration\": \"PT0M11S\"\n}<\/script><\/section>\n<\/div>\n<div id=\"fusion-static-exit:beKYCReO\" style=\"display:none\" data-fusion-component=\"beKYCReO\"><\/div>\n<p class=\"com-paragraph   --s\">Seg\u00fan describe, muchos productores se ven obligados a trasladar hacienda durante kil\u00f3metros, alquilar campos a cualquier precio o vender animales de forma forzada. <strong>\u201cCada cosa que pasa complica al productor\u201d<\/strong>, resume. A eso se suman los problemas para avanzar con la vacunaci\u00f3n antiaftosa en los distritos m\u00e1s afectados, donde incluso se analiza una pr\u00f3rroga. <\/p>\n<div class=\"content-media\">\n<section role=\"button\" class=\"mod-media   \">\n<figure role=\"button\" tabindex=\"0\" class=\"mod-figure \">\n<div class=\"placeholder \">\n<div class=\"com-image\"><picture><source media=\"(min-width: 768px)\" srcset=\"https:\/\/resizer.glanacion.com\/resizer\/v2\/campos-completamente-anegados-en-algunos-sectores-XI65S6RXWZFWHANGTJQEPJQTDY.jpeg?auth=400516bc19af84218e8c8aba27f434b174392946ef97ebf545a5bac5672e417c&amp;width=780&amp;height=585&amp;quality=70&amp;smart=true\"><\/source><img class=\"image com-image flex --cover\" decoding=\"async\" fetchpriority=\"low\" loading=\"lazy\" src=\"https:\/\/resizer.glanacion.com\/resizer\/v2\/campos-completamente-anegados-en-algunos-sectores-XI65S6RXWZFWHANGTJQEPJQTDY.jpeg?auth=400516bc19af84218e8c8aba27f434b174392946ef97ebf545a5bac5672e417c&amp;width=420&amp;height=315&amp;quality=70&amp;smart=true\" width=\"1280\" alt=\"Campos completamente anegados en algunos sectores el agua supera el medio metro y no permite el ingreso de maquinaria\" height=\"960\"><\/picture><\/div>\n<\/div><figcaption class=\"mod-figcaption\"><span class=\"com-text --caption --twoxs\">Campos completamente anegados en algunos sectores el agua supera el medio metro y no permite el ingreso de maquinaria<\/span><\/figcaption><\/figure>\n<\/section>\n<\/div>\n<div class=\"ln-banner-container --caja8_mob\">\n<div id=\"caja8_mob\" class=\"ln-banner\" data-slot-group=\"nota\" data-device=\"mobile\" data-subscription=\"true\" data-ad-unit-path=\"\/133919216\/campo_mobile\/Nota\/caja8_mob\" data-targeting='{\"sitio\":\"lanacion\",\"seccion\":\"nota\"}' data-without-hide=\"true\" data-size=\"[[300,250],[320,50],[300,450],[1,1],[320,100]]\" data-sizemap=\"[]\" data-prebid-enabled=\"true\"><\/div>\n<\/div>\n<p class=\"com-paragraph   --s\">Ante esta situaci\u00f3n, la Sociedad Rural de Vera difundi\u00f3 un documento dirigido a las autoridades provinciales en el que plante\u00f3 que la situaci\u00f3n actual <strong>\u201cno responde a un fen\u00f3meno extraordinario, sino a una problem\u00e1tica estructural, hist\u00f3rica y recurrente\u201d<\/strong>, agravada por la falta de mantenimiento de canales, el deterioro de la red vial rural y la insuficiente infraestructura h\u00eddrica. <\/p>\n<p class=\"com-paragraph   --s\">En ese marco, la entidad reclam\u00f3 medidas concretas, entre ellas mejoras en la red vial, obras h\u00eddricas, alivio fiscal, acceso a financiamiento y la agilizaci\u00f3n de los tr\u00e1mites para acceder a la emergencia. Tambi\u00e9n pidi\u00f3 medidas de corto plazo, como la flexibilizaci\u00f3n de requisitos para el traslado de hacienda y la implementaci\u00f3n de corrales temporarios para peque\u00f1os productores. <\/p>\n<div class=\"ln-banner-container --caja9_mob\">\n<div id=\"caja9_mob\" class=\"ln-banner\" data-slot-group=\"nota\" data-device=\"mobile\" data-subscription=\"true\" data-ad-unit-path=\"\/133919216\/campo_mobile\/Nota\/caja9_mob\" data-targeting='{\"sitio\":\"lanacion\",\"seccion\":\"nota\"}' data-without-hide=\"true\" data-size=\"[[300,250],[320,50],[300,450],[1,1],[320,100]]\" data-sizemap=\"[]\" data-prebid-enabled=\"true\"><\/div>\n<\/div>\n<p class=\"com-paragraph   --s\"><strong>\u201cEl Departamento Vera, con m\u00e1s de 22.300 km\u00b2, requiere decisiones pol\u00edticas firmes, acciones inmediatas y planificaci\u00f3n a largo plazo\u201d<\/strong>, se\u00f1alaron<\/p>\n<div data-fusion-lazy-id=\"f0f2aQl9N0Nc5yq\"><\/div>\n<div data-fusion-lazy-id=\"f0fGQeo7N0Nc5He\"><\/div>\n<div class=\"ln-banner-container --caja5_mob\">\n<div id=\"caja5_mob\" class=\"ln-banner\" data-slot-group=\"nota\" data-device=\"mobile\" data-subscription=\"false\" data-ad-unit-path=\"\/133919216\/campo_mobile\/Nota\/caja5_mob\" data-targeting='{\"sitio\":\"lanacion\",\"seccion\":\"nota\"}' data-without-hide=\"true\" data-size='[[320,100],[300,250],[1,1],[\" fluid\"]]' data-sizemap=\"[]\" data-prebid-enabled=\"true\"><\/div>\n<\/div>\n<div data-fusion-lazy-id=\"f0fSc0ngN0Nc5KL\">\n<div><\/div>\n<\/div>\n<div class=\"ln-banner-container --middle_3_dsk\">\n<div id=\"middle_3_dsk\" class=\"ln-banner\" data-slot-group=\"nota\" data-device=\"desktop\" data-subscription=\"true\" data-ad-unit-path=\"\/133919216\/campo_desktop\/Nota\/middle_3_dsk\" data-targeting='{\"sitio\":\"lanacion\",\"seccion\":\"nota\"}' data-without-hide=\"true\" data-size=\"[[1,1],[728,90],[640,360],[728,360]]\" data-sizemap=\"[]\" data-prebid-enabled=\"true\"><\/div>\n<\/div>\n<\/div>\n","protected":false},"excerpt":{"rendered":"<p>\u201cLa situaci\u00f3n es ca\u00f3tica\u201d. As\u00ed describe H\u00e9ctor Fa\u00edn lo que ocurre en su campo, en Villa Minetti, en el departamento de 9 de Julio, en el norte de Santa Fe, donde tiene unas 70.000 hect\u00e1reas afectadas, con sectores donde el agua llega hasta un metro de altura. Sin poder entrar con las m\u00e1quinas para cosechar [&hellip;]<\/p>\n","protected":false},"author":1,"featured_media":8461,"comment_status":"open","ping_status":"open","sticky":false,"template":"","format":"standard","meta":{"footnotes":""},"categories":[1],"tags":[],"class_list":["post-8460","post","type-post","status-publish","format-standard","has-post-thumbnail","hentry","category-uncategorized"],"_links":{"self":[{"href":"https:\/\/cliente1.publisher.highstack.com.ar\/index.php?rest_route=\/wp\/v2\/posts\/8460","targetHints":{"allow":["GET"]}}],"collection":[{"href":"https:\/\/cliente1.publisher.highstack.com.ar\/index.php?rest_route=\/wp\/v2\/posts"}],"about":[{"href":"https:\/\/cliente1.publisher.highstack.com.ar\/index.php?rest_route=\/wp\/v2\/types\/post"}],"author":[{"embeddable":true,"href":"https:\/\/cliente1.publisher.highstack.com.ar\/index.php?rest_route=\/wp\/v2\/users\/1"}],"replies":[{"embeddable":true,"href":"https:\/\/cliente1.publisher.highstack.com.ar\/index.php?rest_route=%2Fwp%2Fv2%2Fcomments&post=8460"}],"version-history":[{"count":0,"href":"https:\/\/cliente1.publisher.highstack.com.ar\/index.php?rest_route=\/wp\/v2\/posts\/8460\/revisions"}],"wp:featuredmedia":[{"embeddable":true,"href":"https:\/\/cliente1.publisher.highstack.com.ar\/index.php?rest_route=\/wp\/v2\/media\/8461"}],"wp:attachment":[{"href":"https:\/\/cliente1.publisher.highstack.com.ar\/index.php?rest_route=%2Fwp%2Fv2%2Fmedia&parent=8460"}],"wp:term":[{"taxonomy":"category","embeddable":true,"href":"https:\/\/cliente1.publisher.highstack.com.ar\/index.php?rest_route=%2Fwp%2Fv2%2Fcategories&post=8460"},{"taxonomy":"post_tag","embeddable":true,"href":"https:\/\/cliente1.publisher.highstack.com.ar\/index.php?rest_route=%2Fwp%2Fv2%2Ftags&post=8460"}],"curies":[{"name":"wp","href":"https:\/\/api.w.org\/{rel}","templated":true}]}}