{"id":8450,"date":"2026-04-29T07:23:12","date_gmt":"2026-04-29T10:23:12","guid":{"rendered":"https:\/\/cliente1.publisher.highstack.com.ar\/?p=8450"},"modified":"2026-04-29T07:23:12","modified_gmt":"2026-04-29T10:23:12","slug":"se-lanza-un-nuevo-espacio-peronista-discuten-el-discurso-k-y-dicen-que-estan-a-favor-del-superavit-y-la-baja-de-retenciones","status":"publish","type":"post","link":"https:\/\/cliente1.publisher.highstack.com.ar\/?p=8450","title":{"rendered":"Se lanza un nuevo espacio peronista: discuten el discurso K y dicen que est\u00e1n a favor del super\u00e1vit y la baja de retenciones"},"content":{"rendered":"<p> <br \/>\n<\/p>\n<div id=\"element-body-0\">\n<p>En medio de las pujas internas y los reacomodamientos de cara al pr\u00f3ximo proceso electoral, un grupo de diputados, intendentes y dirigentes del peronismo lanzar\u00e1n este viernes un nuevo espacio para discutir el posicionamiento, ejes discursivos y m\u00e1s adelante intentar incidir en la estrategia y las definiciones, con el prop\u00f3sito de<strong> tomar distancia de la disputa entre Axel Kicillof y Cristina Kirchner<\/strong> que acapara la atenci\u00f3n y plantear<strong> consignas a contramano de las predominantes <\/strong>en los \u00faltimos a\u00f1os.<\/p>\n<\/div>\n<div id=\"element-body-1\">\n<p><strong>\u201cEl peronismo debate para ser alternativa nacional\u201d<\/strong>, eligieron como lema de la convocatoria para el 1\u00b0 de mayo, en Parque Norte, motorizada por los diputados Victoria Tolosa Paz, Guillermo Michel y Emir F\u00e9lix, Juan Manuel Olmos -titular de la AGN y referente del PJ porte\u00f1o- y Federico Ach\u00e1val (intendente de Pilar), y a la que tambi\u00e9n fogonearon por redes sociales otros legisladores como Juan Pablo Luque, Kelly Olmos y Marcelo Lewandoski. La presentaci\u00f3n tendr\u00e1 formato de plenario, con mesas tem\u00e1ticas (Econom\u00eda con inclusi\u00f3n, Trabajo y producci\u00f3n y Desarrollo federal sostenible), y esperan unos mil asistentes.<\/p>\n<\/div>\n<div id=\"element-body-2\">\n<p><strong>\u201cEn el peronismo en a\u00f1os pares peleamos y en los de elecciones si acordamos y nos juntamos podemos ganar. Pero en este caso creemos que con la unidad no alcanza, hay que dar una discusi\u00f3n sobre a d\u00f3nde queremos ir<\/strong>\u201d, argumentaron en la previa, y adelantaron algunos ejes que generar\u00e1n discusi\u00f3n. \u201cLa idea es salir de la interna bonaerense y visibilizar las miradas del interior, con una agenda vinculada a lo industrial, lo productivo, que tenemos para exponer\u201d.<\/p>\n<\/div>\n<div id=\"element-body-3\">\n<p>Olmos y Tolosa Paz fueron funcionarios del fallido gobierno de Alberto Fern\u00e1ndez, lo mismo que Michel, cercano a Sergio Massa. Con el objetivo de renovar el discurso, e intentar revertir el rechazo de una porci\u00f3n del electorado antikirchnerista, decidieron proponer un giro en cuestiones como la ponderaci\u00f3n del orden macroecon\u00f3mico o abrir la posibilidad de bajar las retenciones para potenciar las exportaciones.<\/p>\n<\/div>\n<div id=\"element-body-4\">\n<p><strong>\u201cEstamos de acuerdo con una econom\u00eda saneada, con super\u00e1vit. Queremos el super\u00e1vit de N\u00e9stor, a partir de la mayor recaudaci\u00f3n por crecimiento, y no el de Milei que lo consigue porque no paga nada\u201d<\/strong>, tomaron el mantra del oficialismo m\u00e1s all\u00e1 de la diferenciaci\u00f3n. \u201cVemos necesidad de discutir todos los temas: retenciones, energ\u00eda, miner\u00eda, c\u00f3mo agregar valor. <strong>Sin generaci\u00f3n de riqueza no vamos a salir<\/strong>\u201d, completaron.<\/p>\n<\/div>\n<div id=\"element-body-6\">\n<p>En Parque Norte no habr\u00e1 gobernadores ni otros referentes con aspiraciones de disputar la presidencia para priorizar la discusi\u00f3n program\u00e1tica sobre la puja de las candidaturas, seg\u00fan adujeron. <strong>Para evitar suspicacias, les avisaron a Cristina y M\u00e1ximo Kirchner, a Axel Kicillof y a otros mandatarios provinciales como Ricardo Quintela, a Sergio U\u00f1ac y a Gerardo Zamora.<\/strong> A Massa no hizo falta, ya estaba al tanto.<\/p>\n<\/div>\n<div id=\"element-body-7\">\n<p><strong>\u201cEsto no es contra nadie\u201d<\/strong>, insistieron los armadores, partidarios de resistir la eliminaci\u00f3n de las PASO que procurar\u00e1 concretar el Gobierno para usar la herramienta en una eventual competencia entre sectores del peronismo y afines con posiciones distintas. Como ejemplo de un exponente de miradas en algunos aspectos contrapuestas se\u00f1alaron a Juan Grabois, aunque las desavenencias tambi\u00e9n podr\u00edan plantearse con Kicillof, a quien consideraron todav\u00eda ligado al kirchnerismo -pese a la feroz interna con Cristina y M\u00e1ximo- para buena parte del electorado del interior al que se proponen interpelar.<\/p>\n<\/div>\n<div id=\"element-body-8\">\n<p>Entre los asistentes este viernes estar\u00e1n los triunviros cegetistas Jorge Sol\u00e1 y Cristian Jer\u00f3nimo, legisladores e intendentes bonaerenses y de otras provincias, entre ellos una delegaci\u00f3n de cordobeses del espacio de Mart\u00edn Llaryora y Juan Schiaretti. Entre los prop\u00f3sitos del armado estar\u00e1 la posible ampliaci\u00f3n a sectores del peronismo alejados de Uni\u00f3n por la Patria -con Miguel Pichetto presentaron proyectos en conjunto en el Congreso- y a otros partidos. El plan incluir\u00e1 llevar los plenarios a otros distritos.<\/p>\n<\/div>\n","protected":false},"excerpt":{"rendered":"<p>En medio de las pujas internas y los reacomodamientos de cara al pr\u00f3ximo proceso electoral, un grupo de diputados, intendentes y dirigentes del peronismo lanzar\u00e1n este viernes un nuevo espacio para discutir el posicionamiento, ejes discursivos y m\u00e1s adelante intentar incidir en la estrategia y las definiciones, con el prop\u00f3sito de tomar distancia de la [&hellip;]<\/p>\n","protected":false},"author":1,"featured_media":8451,"comment_status":"open","ping_status":"open","sticky":false,"template":"","format":"standard","meta":{"footnotes":""},"categories":[1],"tags":[2],"class_list":["post-8450","post","type-post","status-publish","format-standard","has-post-thumbnail","hentry","category-uncategorized","tag-guillermo-michel"],"_links":{"self":[{"href":"https:\/\/cliente1.publisher.highstack.com.ar\/index.php?rest_route=\/wp\/v2\/posts\/8450","targetHints":{"allow":["GET"]}}],"collection":[{"href":"https:\/\/cliente1.publisher.highstack.com.ar\/index.php?rest_route=\/wp\/v2\/posts"}],"about":[{"href":"https:\/\/cliente1.publisher.highstack.com.ar\/index.php?rest_route=\/wp\/v2\/types\/post"}],"author":[{"embeddable":true,"href":"https:\/\/cliente1.publisher.highstack.com.ar\/index.php?rest_route=\/wp\/v2\/users\/1"}],"replies":[{"embeddable":true,"href":"https:\/\/cliente1.publisher.highstack.com.ar\/index.php?rest_route=%2Fwp%2Fv2%2Fcomments&post=8450"}],"version-history":[{"count":0,"href":"https:\/\/cliente1.publisher.highstack.com.ar\/index.php?rest_route=\/wp\/v2\/posts\/8450\/revisions"}],"wp:featuredmedia":[{"embeddable":true,"href":"https:\/\/cliente1.publisher.highstack.com.ar\/index.php?rest_route=\/wp\/v2\/media\/8451"}],"wp:attachment":[{"href":"https:\/\/cliente1.publisher.highstack.com.ar\/index.php?rest_route=%2Fwp%2Fv2%2Fmedia&parent=8450"}],"wp:term":[{"taxonomy":"category","embeddable":true,"href":"https:\/\/cliente1.publisher.highstack.com.ar\/index.php?rest_route=%2Fwp%2Fv2%2Fcategories&post=8450"},{"taxonomy":"post_tag","embeddable":true,"href":"https:\/\/cliente1.publisher.highstack.com.ar\/index.php?rest_route=%2Fwp%2Fv2%2Ftags&post=8450"}],"curies":[{"name":"wp","href":"https:\/\/api.w.org\/{rel}","templated":true}]}}