{"id":8444,"date":"2026-04-29T05:40:02","date_gmt":"2026-04-29T08:40:02","guid":{"rendered":"https:\/\/cliente1.publisher.highstack.com.ar\/?p=8444"},"modified":"2026-04-29T05:40:02","modified_gmt":"2026-04-29T08:40:02","slug":"el-nuevo-lider-de-hungria-realizara-su-primera-visita-oficial-a-los-jefes-de-la-ue-en-bruselas-tras-su-victoria-en-las-eleccionesel-nuevo-primer-ministro-peter-magyar-busca-inaugurar-una-etapa-de-co","status":"publish","type":"post","link":"https:\/\/cliente1.publisher.highstack.com.ar\/?p=8444","title":{"rendered":"El nuevo l\u00edder de Hungr\u00eda realizar\u00e1 su primera visita oficial a los jefes de la UE en Bruselas tras su victoria en las eleccionesEl nuevo primer ministro, Peter Magyar, busca inaugurar una etapa de cooperaci\u00f3n con las instituciones europeas, que podr\u00eda comenzar con la liberaci\u00f3n de miles de millones de euros en fondos destinados a Budapest"},"content":{"rendered":"<div class=\"visual__image image-initial-width\"><picture><source srcset=\"https:\/\/www.infobae.com\/resizer\/v2\/YE5BZ4QSOVH35MZJKY6TVCVXJ4.JPG?auth=7f3539ab1597059a8788588a529bbd1e73da012fd987b53b2e2ac2f3a76332d1&amp;smart=true&amp;width=992&amp;height=665&amp;quality=85\" media=\"(min-width: 1000px)\"><\/source><source srcset=\"https:\/\/www.infobae.com\/resizer\/v2\/YE5BZ4QSOVH35MZJKY6TVCVXJ4.JPG?auth=7f3539ab1597059a8788588a529bbd1e73da012fd987b53b2e2ac2f3a76332d1&amp;smart=true&amp;width=768&amp;height=515&amp;quality=85\" media=\"(min-width: 768px)\"><\/source><source srcset=\"https:\/\/www.infobae.com\/resizer\/v2\/YE5BZ4QSOVH35MZJKY6TVCVXJ4.JPG?auth=7f3539ab1597059a8788588a529bbd1e73da012fd987b53b2e2ac2f3a76332d1&amp;smart=true&amp;width=577&amp;height=387&amp;quality=85\" media=\"(min-width: 580px)\"><\/source><source srcset=\"https:\/\/www.infobae.com\/resizer\/v2\/YE5BZ4QSOVH35MZJKY6TVCVXJ4.JPG?auth=7f3539ab1597059a8788588a529bbd1e73da012fd987b53b2e2ac2f3a76332d1&amp;smart=true&amp;width=420&amp;height=282&amp;quality=85\" media=\"(min-width: 350px)\"><\/source><source srcset=\"https:\/\/www.infobae.com\/resizer\/v2\/YE5BZ4QSOVH35MZJKY6TVCVXJ4.JPG?auth=7f3539ab1597059a8788588a529bbd1e73da012fd987b53b2e2ac2f3a76332d1&amp;smart=true&amp;width=350&amp;height=235&amp;quality=85\" media=\"(min-width: 80px)\"><\/source><\/picture><\/div>\n<p class=\"paragraph\"><b>Peter Magyar<\/b>, recientemente electo nuevo primer ministro de <b>Hungr\u00eda<\/b>, ser\u00e1 protagonista este mi\u00e9rcoles en su primera visita oficial a los jefes de la <b>Uni\u00f3n Europea<\/b> en Bruselas tras su victoria en los comicios nacionales, con el objetivo de dejar atr\u00e1s el extenso periodo del nacionalista <b>Viktor Orb\u00e1n, <\/b>de m\u00e1s de 15 a\u00f1os al mando del pa\u00eds.<\/p>\n<p class=\"paragraph\">El nuevo l\u00edder busca inaugurar una etapa de cooperaci\u00f3n con las instituciones europeas, que podr\u00eda comenzar con la liberaci\u00f3n de miles de millones de euros en fondos destinados a Budapest.<\/p>\n<div class=\"inline ad-wrapper dfpAd ad-inline ad-text ad-component-container\" style=\"--ad-shell-height:250px;--ad-shell-width:300px\" data-ad-wrapper=\"arcad\" data-ad-type=\"inline\" data-ad-slot=\"infobae\/america\/mundo\/nota\/inline\" data-ad-container=\"dfp\" data-ad-slot-name=\"infobae\/america\/mundo\/nota\/inline\">\n<p class=\"ad-shell-label\">PUBLICIDAD<\/p>\n<div id=\"infobae\/america\/mundo\/nota\/inline\" class=\"infobae\/america\/mundo\/nota\/inline arcad ad-slot-node ad-slot-node--boxed\" data-ad-slot-id=\"infobae\/america\/mundo\/nota\/inline\"><\/div>\n<\/div>\n<p class=\"paragraph\">La presidenta de la Comisi\u00f3n Europea, <b>Ursula von der Leyen<\/b>, celebr\u00f3 el triunfo de Magyar y afirm\u00f3 que su llegada hace que el bloque sea \u201cm\u00e1s fuerte y m\u00e1s unido\u201d. Los dirigentes de la UE destacaron que la victoria del conservador pone fin a los 16 a\u00f1os de un gobierno h\u00fangaro aliado de Mosc\u00fa y cr\u00edtico constante de Bruselas.<\/p>\n<p class=\"paragraph\">Aunque Magyar asumir\u00e1 el cargo el pr\u00f3ximo mes, su equipo ya mantuvo dos rondas de conversaciones con altos funcionarios europeos para reintegrar a Hungr\u00eda al n\u00facleo del bloque, tras a\u00f1os de disputas que paralizaron iniciativas clave, entre ellas el rechazo a desembolsos para Ucrania, que se defiende de la invasi\u00f3n rusa. \u201cNunca hab\u00edamos visto tal nivel de compromiso por parte de un gobierno que ni siquiera ha asumido el cargo\u201d, se\u00f1al\u00f3 a la agencia AFP el eurodiputado <b>Daniel Freund<\/b>.<\/p>\n<div class=\"inline_2 ad-wrapper dfpAd ad-inline ad-text ad-component-container\" style=\"--ad-shell-height:250px;--ad-shell-width:300px\" data-ad-wrapper=\"arcad\" data-ad-type=\"inline_2\" data-ad-slot=\"infobae\/america\/mundo\/nota\/inline_2\" data-ad-container=\"dfp\" data-ad-slot-name=\"infobae\/america\/mundo\/nota\/inline_2\">\n<p class=\"ad-shell-label\">PUBLICIDAD<\/p>\n<div id=\"infobae\/america\/mundo\/nota\/inline_2\" class=\"infobae\/america\/mundo\/nota\/inline_2 arcad ad-slot-node ad-slot-node--boxed\" data-ad-slot-id=\"infobae\/america\/mundo\/nota\/inline_2\"><\/div>\n<\/div>\n<p class=\"paragraph\">Durante la jornada, Magyar se reunir\u00e1 con von der Leyen y con el presidente del Consejo Europeo, <b>Antonio Costa<\/b>, en un esfuerzo por avanzar en la agenda de reformas que Bruselas exige. El nuevo gobierno h\u00fangaro busca lograr la liberaci\u00f3n de unos <b>18.000 millones de euros<\/b> en fondos congelados durante la gesti\u00f3n de Orb\u00e1n debido a preocupaciones sobre el estado de derecho.<\/p>\n<div class=\"visual__image\"><picture><source srcset=\"https:\/\/www.infobae.com\/resizer\/v2\/MF3TGEH6IRGARIECYQZI3V65VM.JPG?auth=2f69700151b890271610877c3e971d3544fcce9da7a2a2f12e97bf55fd40854f&amp;smart=true&amp;width=992&amp;height=661&amp;quality=85\" media=\"(min-width: 1000px)\"><\/source><source srcset=\"https:\/\/www.infobae.com\/resizer\/v2\/MF3TGEH6IRGARIECYQZI3V65VM.JPG?auth=2f69700151b890271610877c3e971d3544fcce9da7a2a2f12e97bf55fd40854f&amp;smart=true&amp;width=768&amp;height=512&amp;quality=85\" media=\"(min-width: 768px)\"><\/source><source srcset=\"https:\/\/www.infobae.com\/resizer\/v2\/MF3TGEH6IRGARIECYQZI3V65VM.JPG?auth=2f69700151b890271610877c3e971d3544fcce9da7a2a2f12e97bf55fd40854f&amp;smart=true&amp;width=577&amp;height=385&amp;quality=85\" media=\"(min-width: 580px)\"><\/source><source srcset=\"https:\/\/www.infobae.com\/resizer\/v2\/MF3TGEH6IRGARIECYQZI3V65VM.JPG?auth=2f69700151b890271610877c3e971d3544fcce9da7a2a2f12e97bf55fd40854f&amp;smart=true&amp;width=420&amp;height=280&amp;quality=85\" media=\"(min-width: 350px)\"><\/source><source srcset=\"https:\/\/www.infobae.com\/resizer\/v2\/MF3TGEH6IRGARIECYQZI3V65VM.JPG?auth=2f69700151b890271610877c3e971d3544fcce9da7a2a2f12e97bf55fd40854f&amp;smart=true&amp;width=350&amp;height=233&amp;quality=85\" media=\"(min-width: 80px)\"><\/source><img alt=\"La presidenta de la Comisi\u00f3n Europea, Ursula von der Leyen, habla durante la rueda de prensa de apertura de la reuni\u00f3n del comit\u00e9 ejecutivo del grupo parlamentario CDU\/CSU en Berl\u00edn, Alemania. 27 de abril de 2026 (REUTERS\/Annegret Hilse)\" class=\"global-image\" decoding=\"async\" fetchpriority=\"low\" height=\"3333\" loading=\"lazy\" src=\"https:\/\/www.infobae.com\/resizer\/v2\/MF3TGEH6IRGARIECYQZI3V65VM.JPG?auth=2f69700151b890271610877c3e971d3544fcce9da7a2a2f12e97bf55fd40854f&amp;smart=true&amp;width=350&amp;height=233&amp;quality=85\" width=\"5000\"><\/picture><\/div>\n<p class=\"paragraph\"> Magyar subray\u00f3 la urgencia de las reformas, ya que Hungr\u00eda dispone hasta finales de agosto para concretarlas y as\u00ed asegurar otros <b>10.000 millones de euros<\/b> en fondos de recuperaci\u00f3n, cuyo plazo expira en esa fecha.<\/p>\n<div class=\"ad_1 ad-wrapper dfpAd ad-1-al-6 ad-text ad-component-container\" style=\"--ad-shell-height:250px;--ad-shell-width:300px\" data-ad-wrapper=\"arcad\" data-ad-type=\"ad_1\" data-ad-slot=\"infobae\/america\/mundo\/nota\/ad_1\" data-ad-container=\"dfp\" data-ad-slot-name=\"infobae\/america\/mundo\/nota\/ad_1\">\n<p class=\"ad-shell-label\">PUBLICIDAD<\/p>\n<div id=\"infobae\/america\/mundo\/nota\/ad_1\" class=\"infobae\/america\/mundo\/nota\/ad_1 arcad ad-slot-node ad-slot-node--boxed\" data-ad-slot-id=\"infobae\/america\/mundo\/nota\/ad_1\"><\/div>\n<\/div>\n<p class=\"paragraph\">Funcionarios de la UE consideran que la supermayor\u00eda parlamentaria obtenida por Magyar facilitar\u00e1 la aprobaci\u00f3n de las leyes necesarias. \u201c<b>Queremos colaborar de forma muy estructurada y espec\u00edfica con el nuevo gobierno h\u00fangaro<\/b> para asegurarnos de que, en la fase m\u00e1s temprana posible, se tomen todas las medidas necesarias\u201d, declar\u00f3 el portavoz comunitario Olof Gill.<\/p>\n<p class=\"paragraph\">Entre las primeras medidas que Bruselas podr\u00eda aprobar figura un pr\u00e9stamo preferencial de <b>16.000 millones de euros<\/b> para defensa, bloqueado durante el enfrentamiento con Orb\u00e1n antes de las elecciones.<\/p>\n<div class=\"ad_2 ad-wrapper dfpAd ad-1-al-6 ad-text ad-component-container\" style=\"--ad-shell-height:250px;--ad-shell-width:300px\" data-ad-wrapper=\"arcad\" data-ad-type=\"ad_2\" data-ad-slot=\"infobae\/america\/mundo\/nota\/ad_2\" data-ad-container=\"dfp\" data-ad-slot-name=\"infobae\/america\/mundo\/nota\/ad_2\">\n<p class=\"ad-shell-label\">PUBLICIDAD<\/p>\n<div id=\"infobae\/america\/mundo\/nota\/ad_2\" class=\"infobae\/america\/mundo\/nota\/ad_2 arcad ad-slot-node ad-slot-node--boxed\" data-ad-slot-id=\"infobae\/america\/mundo\/nota\/ad_2\"><\/div>\n<\/div>\n<p class=\"paragraph\"><b>Mientras Bruselas define las reformas que exige a Hungr\u00eda, los l\u00edderes de la Uni\u00f3n Europea tambi\u00e9n plantean un nuevo enfoque respecto a Ucrania<\/b>. La derrota de Viktor Orb\u00e1n ya permiti\u00f3 destrabar algunos de los principales puntos de conflicto en el bloque. La semana pasada, la UE aprob\u00f3 un pr\u00e9stamo considerable para Ucrania y un nuevo paquete de sanciones contra Rusia, medidas que Hungr\u00eda hab\u00eda bloqueado durante meses bajo el anterior gobierno.<\/p>\n<div class=\"visual__image\"><picture><source srcset=\"https:\/\/www.infobae.com\/resizer\/v2\/ULT5PQTORJG2VG7HJ2C2JIJCTI.jpg?auth=c51a67244eb382c7a72ab2fd23f2f18f33b094c68c26b63bee20f8f21a53b078&amp;smart=true&amp;width=992&amp;height=661&amp;quality=85\" media=\"(min-width: 1000px)\"><\/source><source srcset=\"https:\/\/www.infobae.com\/resizer\/v2\/ULT5PQTORJG2VG7HJ2C2JIJCTI.jpg?auth=c51a67244eb382c7a72ab2fd23f2f18f33b094c68c26b63bee20f8f21a53b078&amp;smart=true&amp;width=768&amp;height=512&amp;quality=85\" media=\"(min-width: 768px)\"><\/source><source srcset=\"https:\/\/www.infobae.com\/resizer\/v2\/ULT5PQTORJG2VG7HJ2C2JIJCTI.jpg?auth=c51a67244eb382c7a72ab2fd23f2f18f33b094c68c26b63bee20f8f21a53b078&amp;smart=true&amp;width=577&amp;height=385&amp;quality=85\" media=\"(min-width: 580px)\"><\/source><source srcset=\"https:\/\/www.infobae.com\/resizer\/v2\/ULT5PQTORJG2VG7HJ2C2JIJCTI.jpg?auth=c51a67244eb382c7a72ab2fd23f2f18f33b094c68c26b63bee20f8f21a53b078&amp;smart=true&amp;width=420&amp;height=280&amp;quality=85\" media=\"(min-width: 350px)\"><\/source><source srcset=\"https:\/\/www.infobae.com\/resizer\/v2\/ULT5PQTORJG2VG7HJ2C2JIJCTI.jpg?auth=c51a67244eb382c7a72ab2fd23f2f18f33b094c68c26b63bee20f8f21a53b078&amp;smart=true&amp;width=350&amp;height=233&amp;quality=85\" media=\"(min-width: 80px)\"><\/source><img alt=\"El presidente de Rusia, Vladimir Putin, junto al primer ministro h\u00fangaro, Viktor Orb\u00e1n (Europa Press\/Archivo)\" class=\"global-image\" decoding=\"async\" fetchpriority=\"low\" height=\"1280\" loading=\"lazy\" src=\"https:\/\/www.infobae.com\/resizer\/v2\/ULT5PQTORJG2VG7HJ2C2JIJCTI.jpg?auth=c51a67244eb382c7a72ab2fd23f2f18f33b094c68c26b63bee20f8f21a53b078&amp;smart=true&amp;width=350&amp;height=233&amp;quality=85\" width=\"1920\"><\/picture><\/div>\n<p class=\"paragraph\">Ahora, los socios europeos esperan que <b>Peter Magyar<\/b> libere los fondos de la UE destinados a armar a Ucrania, que llevan a\u00f1os retenidos, y que <b>retire el veto h\u00fangaro que impide a Kiev avanzar en su proceso de adhesi\u00f3n al bloque<\/b>. Los funcionarios comunitarios sostienen que Ucrania merece progresar, aunque reconocen que las principales potencias de la UE no tienen intenci\u00f3n de acelerar una integraci\u00f3n completa en el corto plazo.<\/p>\n<div class=\"ad_3 ad-wrapper dfpAd ad-1-al-6 ad-text ad-component-container\" style=\"--ad-shell-height:250px;--ad-shell-width:300px\" data-ad-wrapper=\"arcad\" data-ad-type=\"ad_3\" data-ad-slot=\"infobae\/america\/mundo\/nota\/ad_3\" data-ad-container=\"dfp\" data-ad-slot-name=\"infobae\/america\/mundo\/nota\/ad_3\">\n<p class=\"ad-shell-label\">PUBLICIDAD<\/p>\n<div id=\"infobae\/america\/mundo\/nota\/ad_3\" class=\"infobae\/america\/mundo\/nota\/ad_3 arcad ad-slot-node ad-slot-node--boxed\" data-ad-slot-id=\"infobae\/america\/mundo\/nota\/ad_3\"><\/div>\n<\/div>\n<p class=\"paragraph\">En Bruselas, conf\u00edan en que Magyar, quien trabaj\u00f3 bajo la \u00f3rbita de Orb\u00e1n antes de distanciarse, marque el inicio de una nueva etapa en las relaciones entre Hungr\u00eda y la UE. Sin embargo, las autoridades insisten en la necesidad de observar hechos concretos antes de celebrar cambios profundos. \u201cPor ahora, habr\u00e1 que esperar y ver\u201d, resumi\u00f3 un diplom\u00e1tico de la UE bajo anonimato, y agreg\u00f3 que esa percepci\u00f3n podr\u00eda modificarse si se confirman las se\u00f1ales positivas enviadas por el nuevo gobierno h\u00fangaro.<\/p>\n<p class=\"paragraph\"><i>(Con informaci\u00f3n de AFP)<\/i><\/p>\n<div class=\"ad_4 ad-wrapper dfpAd ad-1-al-6 ad-text ad-component-container\" style=\"--ad-shell-height:250px;--ad-shell-width:300px\" data-ad-wrapper=\"arcad\" data-ad-type=\"ad_4\" data-ad-slot=\"infobae\/america\/mundo\/nota\/ad_4\" data-ad-container=\"dfp\" data-ad-slot-name=\"infobae\/america\/mundo\/nota\/ad_4\">\n<p class=\"ad-shell-label\">PUBLICIDAD<\/p>\n<div id=\"infobae\/america\/mundo\/nota\/ad_4\" class=\"infobae\/america\/mundo\/nota\/ad_4 arcad ad-slot-node ad-slot-node--boxed\" data-ad-slot-id=\"infobae\/america\/mundo\/nota\/ad_4\"><\/div>\n<\/div>\n","protected":false},"excerpt":{"rendered":"<p>Peter Magyar, recientemente electo nuevo primer ministro de Hungr\u00eda, ser\u00e1 protagonista este mi\u00e9rcoles en su primera visita oficial a los jefes de la Uni\u00f3n Europea en Bruselas tras su victoria en los comicios nacionales, con el objetivo de dejar atr\u00e1s el extenso periodo del nacionalista Viktor Orb\u00e1n, de m\u00e1s de 15 a\u00f1os al mando del [&hellip;]<\/p>\n","protected":false},"author":1,"featured_media":8445,"comment_status":"open","ping_status":"open","sticky":false,"template":"","format":"standard","meta":{"footnotes":""},"categories":[1],"tags":[],"class_list":["post-8444","post","type-post","status-publish","format-standard","has-post-thumbnail","hentry","category-uncategorized"],"_links":{"self":[{"href":"https:\/\/cliente1.publisher.highstack.com.ar\/index.php?rest_route=\/wp\/v2\/posts\/8444","targetHints":{"allow":["GET"]}}],"collection":[{"href":"https:\/\/cliente1.publisher.highstack.com.ar\/index.php?rest_route=\/wp\/v2\/posts"}],"about":[{"href":"https:\/\/cliente1.publisher.highstack.com.ar\/index.php?rest_route=\/wp\/v2\/types\/post"}],"author":[{"embeddable":true,"href":"https:\/\/cliente1.publisher.highstack.com.ar\/index.php?rest_route=\/wp\/v2\/users\/1"}],"replies":[{"embeddable":true,"href":"https:\/\/cliente1.publisher.highstack.com.ar\/index.php?rest_route=%2Fwp%2Fv2%2Fcomments&post=8444"}],"version-history":[{"count":0,"href":"https:\/\/cliente1.publisher.highstack.com.ar\/index.php?rest_route=\/wp\/v2\/posts\/8444\/revisions"}],"wp:featuredmedia":[{"embeddable":true,"href":"https:\/\/cliente1.publisher.highstack.com.ar\/index.php?rest_route=\/wp\/v2\/media\/8445"}],"wp:attachment":[{"href":"https:\/\/cliente1.publisher.highstack.com.ar\/index.php?rest_route=%2Fwp%2Fv2%2Fmedia&parent=8444"}],"wp:term":[{"taxonomy":"category","embeddable":true,"href":"https:\/\/cliente1.publisher.highstack.com.ar\/index.php?rest_route=%2Fwp%2Fv2%2Fcategories&post=8444"},{"taxonomy":"post_tag","embeddable":true,"href":"https:\/\/cliente1.publisher.highstack.com.ar\/index.php?rest_route=%2Fwp%2Fv2%2Ftags&post=8444"}],"curies":[{"name":"wp","href":"https:\/\/api.w.org\/{rel}","templated":true}]}}