{"id":8442,"date":"2026-04-29T05:33:15","date_gmt":"2026-04-29T08:33:15","guid":{"rendered":"https:\/\/cliente1.publisher.highstack.com.ar\/?p=8442"},"modified":"2026-04-29T05:33:15","modified_gmt":"2026-04-29T08:33:15","slug":"el-senado-debate-sobre-salud-mental-y-busca-cerrar-ascensos-diplomaticos-y-un-acuerdo-con-fondos-buitrelibertarios-modificaron-la-agenda-matutina-para-ir-a-bancar-al-jefe-de-gabinete","status":"publish","type":"post","link":"https:\/\/cliente1.publisher.highstack.com.ar\/?p=8442","title":{"rendered":"El Senado debate sobre salud mental y busca cerrar ascensos diplom\u00e1ticos y un acuerdo con fondos buitreLibertarios modificaron la agenda matutina para ir a \u201cbancar\u201d al jefe de Gabinete, Manuel Adorni, quien dar\u00e1 un informe de gesti\u00f3n en Diputados. Ayer, en la C\u00e1mara alta no pudieron conformarse cuatro bicamerales"},"content":{"rendered":"<div class=\"visual__image image-initial-width\"><picture><source srcset=\"https:\/\/www.infobae.com\/resizer\/v2\/AD2CXN3FQVF2LMO7X3IRABTXAY.jpeg?auth=a156635034202903dfee0a6bf1e98a3e2217ae72471b9864b422be57e8834ade&amp;smart=true&amp;width=992&amp;height=741&amp;quality=85\" media=\"(min-width: 1000px)\"><\/source><source srcset=\"https:\/\/www.infobae.com\/resizer\/v2\/AD2CXN3FQVF2LMO7X3IRABTXAY.jpeg?auth=a156635034202903dfee0a6bf1e98a3e2217ae72471b9864b422be57e8834ade&amp;smart=true&amp;width=768&amp;height=573&amp;quality=85\" media=\"(min-width: 768px)\"><\/source><source srcset=\"https:\/\/www.infobae.com\/resizer\/v2\/AD2CXN3FQVF2LMO7X3IRABTXAY.jpeg?auth=a156635034202903dfee0a6bf1e98a3e2217ae72471b9864b422be57e8834ade&amp;smart=true&amp;width=577&amp;height=431&amp;quality=85\" media=\"(min-width: 580px)\"><\/source><source srcset=\"https:\/\/www.infobae.com\/resizer\/v2\/AD2CXN3FQVF2LMO7X3IRABTXAY.jpeg?auth=a156635034202903dfee0a6bf1e98a3e2217ae72471b9864b422be57e8834ade&amp;smart=true&amp;width=420&amp;height=314&amp;quality=85\" media=\"(min-width: 350px)\"><\/source><source srcset=\"https:\/\/www.infobae.com\/resizer\/v2\/AD2CXN3FQVF2LMO7X3IRABTXAY.jpeg?auth=a156635034202903dfee0a6bf1e98a3e2217ae72471b9864b422be57e8834ade&amp;smart=true&amp;width=350&amp;height=261&amp;quality=85\" media=\"(min-width: 80px)\"><\/source><img alt=\"reuni\u00f3n Luis Caputo, Patricia Bullrich y senadores aliados por acuerdo con fondos buitres\" class=\"global-image\" decoding=\"async\" fetchpriority=\"high\" height=\"896\" loading=\"eager\" src=\"https:\/\/www.infobae.com\/resizer\/v2\/AD2CXN3FQVF2LMO7X3IRABTXAY.jpeg?auth=a156635034202903dfee0a6bf1e98a3e2217ae72471b9864b422be57e8834ade&amp;smart=true&amp;width=350&amp;height=261&amp;quality=85\" width=\"1200\"><\/picture><\/div>\n<p class=\"paragraph\">Tras modificar la agenda matutina para que senadores libertarios vayan a \u201cbancar\u201d a Diputados el informe de gesti\u00f3n que dar\u00e1 all\u00ed el jefe de Gabinete, <b>Manuel Adorni<\/b>, <b>el oficialismo de la C\u00e1mara alta intentar\u00e1 avanzar<\/b>, desde las 13, <b>con los demorados ascensos diplom\u00e1ticos de 2024 y 2025<\/b>. Luego, <b>en dos plenarios distintos<\/b> -15 y 16.30-, se debatir\u00e1 un acuerdo con fondos buitre y se comenzar\u00e1n a analizar cambios sobre la normativa de salud mental.<\/p>\n<p class=\"paragraph\">Las actividades parecen depender de repentinas volteretas, a esta altura, de casi todos los bloques. Por caso, de las cuatro reuniones para conformar comisiones bicamerales previstas para ayer, una se suspendi\u00f3 el lunes y, las tres restantes, a horas de consumarse. Desde un par de despachos deslizaron, por lo bajo, sobre nuevas pinceladas de nombres.<\/p>\n<div class=\"inline ad-wrapper dfpAd ad-inline ad-text ad-component-container\" style=\"--ad-shell-height:250px;--ad-shell-width:300px\" data-ad-wrapper=\"arcad\" data-ad-type=\"inline\" data-ad-slot=\"infobae\/politica\/nota\/inline\" data-ad-container=\"dfp\" data-ad-slot-name=\"infobae\/politica\/nota\/inline\">\n<p class=\"ad-shell-label\">PUBLICIDAD<\/p>\n<div id=\"infobae\/politica\/nota\/inline\" class=\"infobae\/politica\/nota\/inline arcad ad-slot-node ad-slot-node--boxed\" data-ad-slot-id=\"infobae\/politica\/nota\/inline\"><\/div>\n<\/div>\n<h2 class=\"text-align-left vertical-align-top line-height-100 header headline-class-h2 headline\" id=\"diplomaticos\">Diplom\u00e1ticos<\/h2>\n<p class=\"paragraph\">La prolongada siesta para ascensos en Canciller\u00eda se revisar\u00e1n en la comisi\u00f3n de Acuerdos, que comanda el mile\u00edsta riojano <b>Juan Carlos Pagotto<\/b>. Esto ya se cay\u00f3 en varias ocasiones y el Ministerio de Relaciones Exteriores se convirti\u00f3 en un hervidero.<\/p>\n<p class=\"paragraph\">El evento se desarrollar\u00e1 en medio de acusaciones sobre generosos gui\u00f1os a personas \u201ccercanas\u201d al kirchnerismo, supuestas influencias de diplom\u00e1ticos sobre senadores para frenar o retocar listas, y algunas bancadas que mienten por default para no atarse al embrollo que ayudaron a generar.<\/p>\n<div class=\"inline_2 ad-wrapper dfpAd ad-inline ad-text ad-component-container\" style=\"--ad-shell-height:250px;--ad-shell-width:300px\" data-ad-wrapper=\"arcad\" data-ad-type=\"inline_2\" data-ad-slot=\"infobae\/politica\/nota\/inline_2\" data-ad-container=\"dfp\" data-ad-slot-name=\"infobae\/politica\/nota\/inline_2\">\n<p class=\"ad-shell-label\">PUBLICIDAD<\/p>\n<div id=\"infobae\/politica\/nota\/inline_2\" class=\"infobae\/politica\/nota\/inline_2 arcad ad-slot-node ad-slot-node--boxed\" data-ad-slot-id=\"infobae\/politica\/nota\/inline_2\"><\/div>\n<\/div>\n<p class=\"paragraph\">Por fuera de las simp\u00e1ticas operaciones, lo m\u00e1s importante a mirar de todo esto es, siempre, los espacios pol\u00edticos que se mantuvieron en silencio. Lo mismo corre para pliegos judiciales. En las pr\u00f3ximas horas, algunas subas de categor\u00eda quedar\u00edan relegadas, aunque el resto de ambas listas terminar\u00eda con respectivos dict\u00e1menes de mayor\u00eda.<\/p>\n<div class=\"visual__image\"><picture><source srcset=\"https:\/\/www.infobae.com\/resizer\/v2\/TAPMSKZZLJHNXPXYGSEN7BIUCI.JPG?auth=6947f0e146323ab409debd83ee4480532e687bc8d3b585ae41375285453f760e&amp;smart=true&amp;width=992&amp;height=661&amp;quality=85\" media=\"(min-width: 1000px)\"><\/source><source srcset=\"https:\/\/www.infobae.com\/resizer\/v2\/TAPMSKZZLJHNXPXYGSEN7BIUCI.JPG?auth=6947f0e146323ab409debd83ee4480532e687bc8d3b585ae41375285453f760e&amp;smart=true&amp;width=768&amp;height=512&amp;quality=85\" media=\"(min-width: 768px)\"><\/source><source srcset=\"https:\/\/www.infobae.com\/resizer\/v2\/TAPMSKZZLJHNXPXYGSEN7BIUCI.JPG?auth=6947f0e146323ab409debd83ee4480532e687bc8d3b585ae41375285453f760e&amp;smart=true&amp;width=577&amp;height=385&amp;quality=85\" media=\"(min-width: 580px)\"><\/source><source srcset=\"https:\/\/www.infobae.com\/resizer\/v2\/TAPMSKZZLJHNXPXYGSEN7BIUCI.JPG?auth=6947f0e146323ab409debd83ee4480532e687bc8d3b585ae41375285453f760e&amp;smart=true&amp;width=420&amp;height=280&amp;quality=85\" media=\"(min-width: 350px)\"><\/source><source srcset=\"https:\/\/www.infobae.com\/resizer\/v2\/TAPMSKZZLJHNXPXYGSEN7BIUCI.JPG?auth=6947f0e146323ab409debd83ee4480532e687bc8d3b585ae41375285453f760e&amp;smart=true&amp;width=350&amp;height=233&amp;quality=85\" media=\"(min-width: 80px)\"><\/source><img alt=\"Senado - Comision de Acuerdos\" class=\"global-image\" decoding=\"async\" fetchpriority=\"low\" height=\"2000\" loading=\"lazy\" src=\"https:\/\/www.infobae.com\/resizer\/v2\/TAPMSKZZLJHNXPXYGSEN7BIUCI.JPG?auth=6947f0e146323ab409debd83ee4480532e687bc8d3b585ae41375285453f760e&amp;smart=true&amp;width=350&amp;height=233&amp;quality=85\" width=\"3000\"><\/picture><\/div>\n<h2 class=\"text-align-left vertical-align-top line-height-100 header headline-class-h2 headline\" id=\"fondos-buitre\">Fondos buitre<\/h2>\n<p class=\"paragraph\">Las comisiones de Presupuesto y Hacienda; y de Econom\u00eda Nacional e Inversi\u00f3n del Senado debatir\u00e1n un <a rel=\"noopener noreferrer\" href=\"https:\/\/www.infobae.com\/politica\/2026\/04\/28\/el-senado-activa-un-plenario-para-validar-un-acuerdo-con-fondos-buitre-por-usd-171-millones\/\" target=\"_blank\" title=\"https:\/\/www.infobae.com\/politica\/2026\/04\/28\/el-senado-activa-un-plenario-para-validar-un-acuerdo-con-fondos-buitre-por-usd-171-millones\/\"><b>acuerdo entre el pa\u00eds y fondos buitre que implicar\u00eda un pago total de u$s 171 millones<\/b><\/a>. Lo <b>curioso del proyecto <\/b>en cuesti\u00f3n es que, en el propio mensaje del Ejecutivo, se habla del <b>30 de abril como fecha l\u00edmite para que no se retome el litigio \u201cbajo condiciones financieras significativamente m\u00e1s gravosas\u201d<\/b>.<\/p>\n<div class=\"ad_1 ad-wrapper dfpAd ad-1-al-6 ad-text ad-component-container\" style=\"--ad-shell-height:250px;--ad-shell-width:300px\" data-ad-wrapper=\"arcad\" data-ad-type=\"ad_1\" data-ad-slot=\"infobae\/politica\/nota\/ad_1\" data-ad-container=\"dfp\" data-ad-slot-name=\"infobae\/politica\/nota\/ad_1\">\n<p class=\"ad-shell-label\">PUBLICIDAD<\/p>\n<div id=\"infobae\/politica\/nota\/ad_1\" class=\"infobae\/politica\/nota\/ad_1 arcad ad-slot-node ad-slot-node--boxed\" data-ad-slot-id=\"infobae\/politica\/nota\/ad_1\"><\/div>\n<\/div>\n<p class=\"paragraph\">Ayer, oficialismo y dialoguistas mantuvieron un c\u00f3nclave con el ministro de Econom\u00eda, <b>Luis Caputo<\/b>, para indagar sobre el tema.<b> Sobre el plazo del 30 de abril, qued\u00f3 la impresi\u00f3n entre los participantes de que el mismo no ser\u00eda \u201ctaxativo\u201d<\/b>, aunque se sugiri\u00f3 que bien vendr\u00eda firmar dictamen esta tarde como gesto.<\/p>\n<p class=\"paragraph\">Por otra parte,<b> todos entendieron la necesidad de cerrar los espinosos problemas econ\u00f3micos y legales que tuvo el pa\u00eds en relaci\u00f3n con esto, aunque los aliados recordaron tambi\u00e9n las varias dificultades del primer trimestre en el plano local, tras m\u00e1s de dos a\u00f1os de ajuste<\/b>. Caputo dio explicaciones similares a las que suele ofrecer en medios y reafirm\u00f3 que, en el actual trimestre, habr\u00e1 un repunte. Esto tambi\u00e9n equivaldr\u00eda a reactivar obras que, en los \u00faltimos meses, se paralizaron casi de manera total.<\/p>\n<div class=\"ad_2 ad-wrapper dfpAd ad-1-al-6 ad-text ad-component-container\" style=\"--ad-shell-height:250px;--ad-shell-width:300px\" data-ad-wrapper=\"arcad\" data-ad-type=\"ad_2\" data-ad-slot=\"infobae\/politica\/nota\/ad_2\" data-ad-container=\"dfp\" data-ad-slot-name=\"infobae\/politica\/nota\/ad_2\">\n<p class=\"ad-shell-label\">PUBLICIDAD<\/p>\n<div id=\"infobae\/politica\/nota\/ad_2\" class=\"infobae\/politica\/nota\/ad_2 arcad ad-slot-node ad-slot-node--boxed\" data-ad-slot-id=\"infobae\/politica\/nota\/ad_2\"><\/div>\n<\/div>\n<p class=\"paragraph\">Adem\u00e1s, dos asistentes confiaron a<b> Infobae<\/b>, tras una consulta del peronista disidente <b>Carlos Esp\u00ednola<\/b> (Corrientes), que<b> el Gobierno considerar\u00eda la viabilidad de devoluci\u00f3n ya no en cuatro meses, sino en seis u ocho, de los adelantos de coparticipaci\u00f3n que la Casa Rosada otorg\u00f3 a un pu\u00f1ado de distritos<\/b>. Otros \u00edtems con indicios de respuesta de \u201cnormalizaci\u00f3n\u201d apuntaron hacia el PAMI y discapacidad.<\/p>\n<h2 class=\"text-align-left vertical-align-top line-height-100 header headline-class-h2 headline\" id=\"salud-mental\">Salud mental<\/h2>\n<p class=\"paragraph\">La ley del Ejecutivo tendr\u00e1 su puntapi\u00e9 en las comisiones de Salud; y de Legislaci\u00f3n General, desde las 16.30. Tras la presentaci\u00f3n del articulado, <b>se estima que la oposici\u00f3n de todo color reclamar\u00e1 una amplia gama de invitados<\/b>, por lo que la discusi\u00f3n seguir\u00e1 en las pr\u00f3ximas semanas. El texto, que tiene como objetivo<b> mejorar la capacidad de respuesta ante situaciones hoy sin suficiente amparo<\/b>, se sumar\u00e1 a otros que ya hacen fila y se le acumulan a la C\u00e1mara alta.<\/p>\n<div class=\"ad_3 ad-wrapper dfpAd ad-1-al-6 ad-text ad-component-container\" style=\"--ad-shell-height:250px;--ad-shell-width:300px\" data-ad-wrapper=\"arcad\" data-ad-type=\"ad_3\" data-ad-slot=\"infobae\/politica\/nota\/ad_3\" data-ad-container=\"dfp\" data-ad-slot-name=\"infobae\/politica\/nota\/ad_3\">\n<p class=\"ad-shell-label\">PUBLICIDAD<\/p>\n<div id=\"infobae\/politica\/nota\/ad_3\" class=\"infobae\/politica\/nota\/ad_3 arcad ad-slot-node ad-slot-node--boxed\" data-ad-slot-id=\"infobae\/politica\/nota\/ad_3\"><\/div>\n<\/div>\n","protected":false},"excerpt":{"rendered":"<p>Tras modificar la agenda matutina para que senadores libertarios vayan a \u201cbancar\u201d a Diputados el informe de gesti\u00f3n que dar\u00e1 all\u00ed el jefe de Gabinete, Manuel Adorni, el oficialismo de la C\u00e1mara alta intentar\u00e1 avanzar, desde las 13, con los demorados ascensos diplom\u00e1ticos de 2024 y 2025. Luego, en dos plenarios distintos -15 y 16.30-, [&hellip;]<\/p>\n","protected":false},"author":1,"featured_media":8443,"comment_status":"open","ping_status":"open","sticky":false,"template":"","format":"standard","meta":{"footnotes":""},"categories":[1],"tags":[],"class_list":["post-8442","post","type-post","status-publish","format-standard","has-post-thumbnail","hentry","category-uncategorized"],"_links":{"self":[{"href":"https:\/\/cliente1.publisher.highstack.com.ar\/index.php?rest_route=\/wp\/v2\/posts\/8442","targetHints":{"allow":["GET"]}}],"collection":[{"href":"https:\/\/cliente1.publisher.highstack.com.ar\/index.php?rest_route=\/wp\/v2\/posts"}],"about":[{"href":"https:\/\/cliente1.publisher.highstack.com.ar\/index.php?rest_route=\/wp\/v2\/types\/post"}],"author":[{"embeddable":true,"href":"https:\/\/cliente1.publisher.highstack.com.ar\/index.php?rest_route=\/wp\/v2\/users\/1"}],"replies":[{"embeddable":true,"href":"https:\/\/cliente1.publisher.highstack.com.ar\/index.php?rest_route=%2Fwp%2Fv2%2Fcomments&post=8442"}],"version-history":[{"count":0,"href":"https:\/\/cliente1.publisher.highstack.com.ar\/index.php?rest_route=\/wp\/v2\/posts\/8442\/revisions"}],"wp:featuredmedia":[{"embeddable":true,"href":"https:\/\/cliente1.publisher.highstack.com.ar\/index.php?rest_route=\/wp\/v2\/media\/8443"}],"wp:attachment":[{"href":"https:\/\/cliente1.publisher.highstack.com.ar\/index.php?rest_route=%2Fwp%2Fv2%2Fmedia&parent=8442"}],"wp:term":[{"taxonomy":"category","embeddable":true,"href":"https:\/\/cliente1.publisher.highstack.com.ar\/index.php?rest_route=%2Fwp%2Fv2%2Fcategories&post=8442"},{"taxonomy":"post_tag","embeddable":true,"href":"https:\/\/cliente1.publisher.highstack.com.ar\/index.php?rest_route=%2Fwp%2Fv2%2Ftags&post=8442"}],"curies":[{"name":"wp","href":"https:\/\/api.w.org\/{rel}","templated":true}]}}