{"id":8440,"date":"2026-04-29T05:30:04","date_gmt":"2026-04-29T08:30:04","guid":{"rendered":"https:\/\/cliente1.publisher.highstack.com.ar\/?p=8440"},"modified":"2026-04-29T05:30:04","modified_gmt":"2026-04-29T08:30:04","slug":"gualeguaychu-balearon-a-un-joven-de-17-anos-y-hubo-allanamientos-por-tentativa-de-homicidio","status":"publish","type":"post","link":"https:\/\/cliente1.publisher.highstack.com.ar\/?p=8440","title":{"rendered":"Gualeguaych\u00fa: balearon a un joven de 17 a\u00f1os y hubo allanamientos por tentativa de homicidio"},"content":{"rendered":"<p><\/p>\n<div>\n<p>Un violento episodio ocurrido en Gualeguaych\u00fa dej\u00f3 como saldo a un joven de 17 a\u00f1os gravemente herido de bala y una intensa investigaci\u00f3n policial en marcha por tentativa de homicidio.  <\/p>\n<p><!-- is a <br \/>--><\/p>\n<p><!-- is a object --><br \/>\n<!-- embed start --><!-- embed end --><br \/>\n<!-- end object --><\/p>\n<p>\u00a0<\/p>\n<p><!-- is a <br \/>--><\/p>\n<p>El hecho se origin\u00f3 tras un conflicto previo en las inmediaciones de un local bailable, que deriv\u00f3 en una pelea generalizada en la v\u00eda p\u00fablica. Seg\u00fan las primeras reconstrucciones, la v\u00edctima se retir\u00f3 caminando del lugar, mientras que los presuntos agresores se desplazaban en un veh\u00edculo. Minutos despu\u00e9s, en la intersecci\u00f3n de calles 10 de Junio y Quijano, el adolescente fue atacado a tiros.  <\/p>\n<p><!-- is a <br \/>--><\/p>\n<p><!-- is a object --><br \/>\n<!-- embed start --><\/p>\n<figure class=\"embed\">\n<p>    <img decoding=\"async\" src=\"https:\/\/elonce-media.elonce.com\/fotos\/2026\/04\/25\/e_1777163887_58943.webp\" loading=\"lazy\" width=\"600\" height=\"400\" alt=\"Cr\u00e9ditos: Jefatura Departamental Gualeguaych\u00fa\"\/><figcaption>\n            <span>Cr\u00e9ditos: Jefatura Departamental Gualeguaych\u00fa<\/span><br \/>\n        <\/figcaption><\/figure>\n<p><!-- embed end --><br \/>\n<!-- end object --><\/p>\n<p>\u00a0<\/p>\n<p><!-- is a <br \/>--><\/p>\n<p>El joven recibi\u00f3 tres disparos en la zona de la pelvis, la ingle y la pierna derecha, por lo que debi\u00f3 ser trasladado de urgencia a un hospital local, donde fue intervenido quir\u00fargicamente. Presentaba lesiones de gravedad, entre ellas una fractura de tibia, aunque se encuentra fuera de peligro. En la escena del ataque, la Polic\u00eda secuestr\u00f3 ocho vainas servidas calibre .380.  <\/p>\n<p><!-- is a <br \/>--><\/p>\n<p><!-- is a object --><br \/>\n<!-- embed start --><!-- embed end --><br \/>\n<!-- end object --><\/p>\n<p>\u00a0<\/p>\n<p><!-- is a <br \/>--><\/p>\n<p>La causa qued\u00f3 en manos de la fiscal\u00eda a cargo del Jorge Guti\u00e9rrez, y avanz\u00f3 r\u00e1pidamente con la identificaci\u00f3n de los presuntos autores, lo que deriv\u00f3 en m\u00faltiples allanamientos simult\u00e1neos en distintos puntos de la ciudad.  <\/p>\n<p><!-- is a <br \/>--><\/p>\n<p><!-- is a object --><br \/>\n<!-- embed start --><!-- embed end --><br \/>\n<!-- end object --><\/p>\n<p><!-- is a object --><\/p>\n<h3>Detalles de los allanamientos<\/h3>\n<p><!-- end object --><\/p>\n<p>Uno de los procedimientos se realiz\u00f3 en el barrio Toto Irigoyen, donde si bien no se logr\u00f3 dar con los elementos buscados en la causa principal, se incautaron drogas, dinero en efectivo y tel\u00e9fonos celulares. En ese contexto, un hombre de 22 a\u00f1os fue detenido y una mujer de 39 a\u00f1os fue identificada, inici\u00e1ndose una causa paralela por tenencia de estupefacientes con fines de comercializaci\u00f3n.  <\/p>\n<p><!-- is a <br \/>--><\/p>\n<p><!-- is a object --><br \/>\n<!-- embed start --><!-- embed end --><br \/>\n<!-- end object --><\/p>\n<p>\u00a0<\/p>\n<p><!-- is a <br \/>--><\/p>\n<p>En tanto, en el barrio Los Espinillos, personal de investigaciones logr\u00f3 secuestrar un autom\u00f3vil Fiat Palio que ser\u00eda clave para el esclarecimiento del ataque. Por \u00faltimo, en un allanamiento realizado en la zona de calles Primera Junta y Federaci\u00f3n, se incaut\u00f3 un cartucho calibre .32.  <\/p>\n<p><!-- is a <br \/>--><\/p>\n<p><!-- is a object --><br \/>\n<!-- embed start --><\/p>\n<figure class=\"embed\">\n<p>    <img decoding=\"async\" src=\"https:\/\/elonce-media.elonce.com\/fotos\/2026\/04\/25\/e_1777163951_33357.webp\" loading=\"lazy\" width=\"600\" height=\"400\" alt=\"Cr\u00e9ditos: Jefatura Departamental Gualeguaych\u00fa\"\/><figcaption>\n            <span>Cr\u00e9ditos: Jefatura Departamental Gualeguaych\u00fa<\/span><br \/>\n        <\/figcaption><\/figure>\n<p><!-- embed end --><br \/>\n<!-- end object --><\/p>\n<p>\u00a0<\/p>\n<p><!-- is a <br \/>--><\/p>\n<p>La investigaci\u00f3n contin\u00faa en curso, con el objetivo de detener a los restantes implicados y esclarecer completamente el hecho.  <\/p>\n<p><!-- is a <br \/>--><\/p>\n<p><!-- is a object --><br \/>\n<!-- embed start --><!-- embed end --><br \/>\n<!-- end object --><\/p><\/div>\n","protected":false},"excerpt":{"rendered":"<p>Un violento episodio ocurrido en Gualeguaych\u00fa dej\u00f3 como saldo a un joven de 17 a\u00f1os gravemente herido de bala y una intensa investigaci\u00f3n policial en marcha por tentativa de homicidio. \u00a0 El hecho se origin\u00f3 tras un conflicto previo en las inmediaciones de un local bailable, que deriv\u00f3 en una pelea generalizada en la v\u00eda [&hellip;]<\/p>\n","protected":false},"author":1,"featured_media":8441,"comment_status":"open","ping_status":"open","sticky":false,"template":"","format":"standard","meta":{"footnotes":""},"categories":[1],"tags":[],"class_list":["post-8440","post","type-post","status-publish","format-standard","has-post-thumbnail","hentry","category-uncategorized"],"_links":{"self":[{"href":"https:\/\/cliente1.publisher.highstack.com.ar\/index.php?rest_route=\/wp\/v2\/posts\/8440","targetHints":{"allow":["GET"]}}],"collection":[{"href":"https:\/\/cliente1.publisher.highstack.com.ar\/index.php?rest_route=\/wp\/v2\/posts"}],"about":[{"href":"https:\/\/cliente1.publisher.highstack.com.ar\/index.php?rest_route=\/wp\/v2\/types\/post"}],"author":[{"embeddable":true,"href":"https:\/\/cliente1.publisher.highstack.com.ar\/index.php?rest_route=\/wp\/v2\/users\/1"}],"replies":[{"embeddable":true,"href":"https:\/\/cliente1.publisher.highstack.com.ar\/index.php?rest_route=%2Fwp%2Fv2%2Fcomments&post=8440"}],"version-history":[{"count":0,"href":"https:\/\/cliente1.publisher.highstack.com.ar\/index.php?rest_route=\/wp\/v2\/posts\/8440\/revisions"}],"wp:featuredmedia":[{"embeddable":true,"href":"https:\/\/cliente1.publisher.highstack.com.ar\/index.php?rest_route=\/wp\/v2\/media\/8441"}],"wp:attachment":[{"href":"https:\/\/cliente1.publisher.highstack.com.ar\/index.php?rest_route=%2Fwp%2Fv2%2Fmedia&parent=8440"}],"wp:term":[{"taxonomy":"category","embeddable":true,"href":"https:\/\/cliente1.publisher.highstack.com.ar\/index.php?rest_route=%2Fwp%2Fv2%2Fcategories&post=8440"},{"taxonomy":"post_tag","embeddable":true,"href":"https:\/\/cliente1.publisher.highstack.com.ar\/index.php?rest_route=%2Fwp%2Fv2%2Ftags&post=8440"}],"curies":[{"name":"wp","href":"https:\/\/api.w.org\/{rel}","templated":true}]}}