{"id":8436,"date":"2026-04-29T03:50:03","date_gmt":"2026-04-29T06:50:03","guid":{"rendered":"https:\/\/cliente1.publisher.highstack.com.ar\/?p=8436"},"modified":"2026-04-29T03:50:03","modified_gmt":"2026-04-29T06:50:03","slug":"aprehendieron-a-un-joven-armado-que-intento-fugarse-e-ingresar-a-una-vivienda","status":"publish","type":"post","link":"https:\/\/cliente1.publisher.highstack.com.ar\/?p=8436","title":{"rendered":"Aprehendieron a un joven armado que intent\u00f3 fugarse e ingresar a una vivienda"},"content":{"rendered":"<p><\/p>\n<div>\n<p>Un joven detenido por portaci\u00f3n ilegal de arma de fuego y resistencia a la autoridad fue el resultado de un procedimiento policial realizado este domingo en Paran\u00e1, en la zona de calles La Cautiva y \u00d1andubay. El hecho ocurri\u00f3 cuando personal de la Guardia Especial intent\u00f3 identificar a un sujeto de 23 a\u00f1os que circulaba por el lugar. <\/p>\n<p><!-- is a <br \/>--><\/p>\n<p>\u00a0<\/p>\n<p><!-- is a <br \/>--><\/p>\n<p>Seg\u00fan informaron fuentes policiales, al momento de realizarle un palpado preventivo, los efectivos advirtieron que el joven ten\u00eda entre sus prendas un arma de fuego. Ante esta situaci\u00f3n, el individuo se dio a la fuga, lo que dio inicio a una persecuci\u00f3n a pie por parte del personal policial. <\/p>\n<p><!-- is a <br \/>--><\/p>\n<p><!-- is a object --><br \/>\n<!-- embed start --><!-- embed end --><br \/>\n<!-- end object --><\/p>\n<p><!-- is a object --><\/p>\n<h3>Persecuci\u00f3n y detenci\u00f3n<\/h3>\n<p><!-- end object --><\/p>\n<p>\u00a0<\/p>\n<p><!-- is a <br \/>--><\/p>\n<p>Los uniformados lograron mantener contacto visual durante toda la huida, que culmin\u00f3 cuando el joven ingres\u00f3 a una vivienda ubicada en calle La Cautiva al 1000, propiedad de su abuelo. En ese contexto, el sospechoso arroj\u00f3 el arma de fuego en la zona del p\u00f3rtico antes de ingresar al inmueble. <\/p>\n<p><!-- is a <br \/>--><\/p>\n<p><!-- is a object --><br \/>\n<!-- embed start --><\/p>\n<figure class=\"embed\">\n<p>    <img decoding=\"async\" src=\"https:\/\/elonce-media.elonce.com\/fotos\/2026\/04\/26\/e_1777204303_29253.webp\" loading=\"lazy\" width=\"600\" height=\"400\" alt=\"Detenido en Paran\u00e1 (foto Polic\u00eda de Entre R\u00edos)\"\/><figcaption>\n            <span>Detenido en Paran\u00e1 (foto Polic\u00eda de Entre R\u00edos)<\/span><br \/>\n        <\/figcaption><\/figure>\n<p><!-- embed end --><br \/>\n<!-- end object --><\/p>\n<p>Posteriormente, el individuo se dirigi\u00f3 hacia una habitaci\u00f3n en la parte trasera de la vivienda, donde finalmente fue alcanzado por los efectivos. All\u00ed, se resisti\u00f3 a la detenci\u00f3n, por lo que los agentes utilizaron \u201cla fuerza m\u00ednima e indispensable\u201d para lograr su aprehensi\u00f3n, de acuerdo a lo consignado en el parte oficial. <\/p>\n<p><!-- is a <br \/>--><\/p>\n<p><!-- is a object --><br \/>\n<!-- embed start --><!-- embed end --><br \/>\n<!-- end object --><\/p>\n<p><!-- is a object --><\/p>\n<h3>Secuestro de arma y disposici\u00f3n judicial<\/h3>\n<p><!-- end object --><\/p>\n<p>\u00a0<\/p>\n<p><!-- is a <br \/>--><\/p>\n<p>Durante el procedimiento se procedi\u00f3 al secuestro de un arma de fuego marca Browning calibre .25 (6.35), que conten\u00eda un cartucho en rec\u00e1mara. Adem\u00e1s, se incautaron dos cargadores -uno con cinco cartuchos y otro con seis- y un cartucho calibre .38 corto. <\/p>\n<p><!-- is a <br \/>--><\/p>\n<p>\u00a0<\/p>\n<p><!-- is a <br \/>--><\/p>\n<p>La fiscal interviniente, Dra. Clarisa Aielo, dispuso el traslado del detenido a sede judicial, donde qued\u00f3 imputado por los delitos de portaci\u00f3n ilegal de arma de fuego y resistencia a la autoridad. <\/p>\n<p><!-- is a <br \/>--><\/p>\n<p>\u00a0<\/p>\n<p><!-- is a <br \/>--><\/p>\n<p>Desde la fuerza indicaron que el joven fue examinado por el m\u00e9dico de turno y posteriormente alojado en la Alcaid\u00eda Contravencional, previo paso por la divisi\u00f3n policial de Antecedentes.<\/p>\n<\/p><\/div>\n","protected":false},"excerpt":{"rendered":"<p>Un joven detenido por portaci\u00f3n ilegal de arma de fuego y resistencia a la autoridad fue el resultado de un procedimiento policial realizado este domingo en Paran\u00e1, en la zona de calles La Cautiva y \u00d1andubay. El hecho ocurri\u00f3 cuando personal de la Guardia Especial intent\u00f3 identificar a un sujeto de 23 a\u00f1os que circulaba [&hellip;]<\/p>\n","protected":false},"author":1,"featured_media":8437,"comment_status":"open","ping_status":"open","sticky":false,"template":"","format":"standard","meta":{"footnotes":""},"categories":[1],"tags":[],"class_list":["post-8436","post","type-post","status-publish","format-standard","has-post-thumbnail","hentry","category-uncategorized"],"_links":{"self":[{"href":"https:\/\/cliente1.publisher.highstack.com.ar\/index.php?rest_route=\/wp\/v2\/posts\/8436","targetHints":{"allow":["GET"]}}],"collection":[{"href":"https:\/\/cliente1.publisher.highstack.com.ar\/index.php?rest_route=\/wp\/v2\/posts"}],"about":[{"href":"https:\/\/cliente1.publisher.highstack.com.ar\/index.php?rest_route=\/wp\/v2\/types\/post"}],"author":[{"embeddable":true,"href":"https:\/\/cliente1.publisher.highstack.com.ar\/index.php?rest_route=\/wp\/v2\/users\/1"}],"replies":[{"embeddable":true,"href":"https:\/\/cliente1.publisher.highstack.com.ar\/index.php?rest_route=%2Fwp%2Fv2%2Fcomments&post=8436"}],"version-history":[{"count":0,"href":"https:\/\/cliente1.publisher.highstack.com.ar\/index.php?rest_route=\/wp\/v2\/posts\/8436\/revisions"}],"wp:featuredmedia":[{"embeddable":true,"href":"https:\/\/cliente1.publisher.highstack.com.ar\/index.php?rest_route=\/wp\/v2\/media\/8437"}],"wp:attachment":[{"href":"https:\/\/cliente1.publisher.highstack.com.ar\/index.php?rest_route=%2Fwp%2Fv2%2Fmedia&parent=8436"}],"wp:term":[{"taxonomy":"category","embeddable":true,"href":"https:\/\/cliente1.publisher.highstack.com.ar\/index.php?rest_route=%2Fwp%2Fv2%2Fcategories&post=8436"},{"taxonomy":"post_tag","embeddable":true,"href":"https:\/\/cliente1.publisher.highstack.com.ar\/index.php?rest_route=%2Fwp%2Fv2%2Ftags&post=8436"}],"curies":[{"name":"wp","href":"https:\/\/api.w.org\/{rel}","templated":true}]}}