{"id":8432,"date":"2026-04-29T02:16:30","date_gmt":"2026-04-29T05:16:30","guid":{"rendered":"https:\/\/cliente1.publisher.highstack.com.ar\/?p=8432"},"modified":"2026-04-29T02:16:30","modified_gmt":"2026-04-29T05:16:30","slug":"el-gobierno-pagara-en-mayo-el-salario-social-complementario-tal-como-ordeno-la-justiciala-decision-judicial-obliga-a-la-administracion-nacional-a-mantener-los-pagos-a-beneficiarios-del-ex-programa-po","status":"publish","type":"post","link":"https:\/\/cliente1.publisher.highstack.com.ar\/?p=8432","title":{"rendered":"El Gobierno pagar\u00e1 en mayo el Salario Social Complementario, tal como orden\u00f3 la JusticiaLa decisi\u00f3n judicial obliga a la administraci\u00f3n nacional a mantener los pagos a beneficiarios del ex programa Potenciar Trabajo. Son unos 72 mil millones de pesos. El Ministerio de Capital Humano ya apel\u00f3 el fallo"},"content":{"rendered":"<div class=\"visual__image image-initial-width\"><picture><source srcset=\"https:\/\/www.infobae.com\/resizer\/v2\/3YGRUBJZDFFLVECMWWF6TMI66E.jpg?auth=a1782a14242cee94f3a92475487bcd0c6d123bc9b291e5d9ccf3c73497f3a77d&amp;smart=true&amp;width=992&amp;height=661&amp;quality=85\" media=\"(min-width: 1000px)\"><\/source><source srcset=\"https:\/\/www.infobae.com\/resizer\/v2\/3YGRUBJZDFFLVECMWWF6TMI66E.jpg?auth=a1782a14242cee94f3a92475487bcd0c6d123bc9b291e5d9ccf3c73497f3a77d&amp;smart=true&amp;width=768&amp;height=512&amp;quality=85\" media=\"(min-width: 768px)\"><\/source><source srcset=\"https:\/\/www.infobae.com\/resizer\/v2\/3YGRUBJZDFFLVECMWWF6TMI66E.jpg?auth=a1782a14242cee94f3a92475487bcd0c6d123bc9b291e5d9ccf3c73497f3a77d&amp;smart=true&amp;width=577&amp;height=385&amp;quality=85\" media=\"(min-width: 580px)\"><\/source><source srcset=\"https:\/\/www.infobae.com\/resizer\/v2\/3YGRUBJZDFFLVECMWWF6TMI66E.jpg?auth=a1782a14242cee94f3a92475487bcd0c6d123bc9b291e5d9ccf3c73497f3a77d&amp;smart=true&amp;width=420&amp;height=280&amp;quality=85\" media=\"(min-width: 350px)\"><\/source><source srcset=\"https:\/\/www.infobae.com\/resizer\/v2\/3YGRUBJZDFFLVECMWWF6TMI66E.jpg?auth=a1782a14242cee94f3a92475487bcd0c6d123bc9b291e5d9ccf3c73497f3a77d&amp;smart=true&amp;width=350&amp;height=233&amp;quality=85\" media=\"(min-width: 80px)\"><\/source><img alt=\"En detalle, 1.012.357 titulares pasaron al Programa Volver al Trabajo \" class=\"global-image\" decoding=\"async\" fetchpriority=\"high\" height=\"1280\" loading=\"eager\" src=\"https:\/\/www.infobae.com\/resizer\/v2\/3YGRUBJZDFFLVECMWWF6TMI66E.jpg?auth=a1782a14242cee94f3a92475487bcd0c6d123bc9b291e5d9ccf3c73497f3a77d&amp;smart=true&amp;width=350&amp;height=233&amp;quality=85\" width=\"1920\"><\/picture><\/div>\n<p class=\"paragraph\">El gobierno de la La Libertad Avanza afrontar\u00e1 el pago de <b>$72.384.624.000<\/b> correspondiente al <a rel=\"noopener noreferrer\" href=\"https:\/\/www.infobae.com\/tag\/volver-al-trabajo\/\" target=\"_blank\" title=\"https:\/\/www.infobae.com\/tag\/volver-al-trabajo\/\"><b>Programa Volver al Trabajo<\/b><\/a>, que se abonar\u00e1 los primeros d\u00edas de mayo, a partir de una orden judicial que obliga a sostener este esquema de asistencia social suspendido en su reformulaci\u00f3n. La medida fue dictada el 21 de abril de 2026 por el juez federal de Campana, <b>Adri\u00e1n Gonz\u00e1lez Charvay<\/b>, quien instruy\u00f3 al <b>Ministerio de Capital Humano<\/b> a mantener vigentes las transferencias econ\u00f3micas a los beneficiarios del programa hasta que se dicte sentencia definitiva sobre su continuidad dado que la cartera a cargo de <b>Sandra Pettovello<\/b> apel\u00f3 la medida, tal como anticip\u00f3 <b>Infobae<\/b>.<\/p>\n<p class=\"paragraph\">El impacto inmediato de la resoluci\u00f3n se refleja en la magnitud de los fondos: el pago comprende a <b>m\u00e1s de un mill\u00f3n de personas<\/b> transferidas desde el anterior esquema <b>\u201cPotenciar Trabajo\u201d<\/b>, seg\u00fan consta en la Resoluci\u00f3n de la Secretar\u00eda de Trabajo, Empleo y Seguridad Social. <\/p>\n<div class=\"inline ad-wrapper dfpAd ad-inline ad-text ad-component-container\" style=\"--ad-shell-height:250px;--ad-shell-width:300px\" data-ad-wrapper=\"arcad\" data-ad-type=\"inline\" data-ad-slot=\"infobae\/politica\/nota\/inline\" data-ad-container=\"dfp\" data-ad-slot-name=\"infobae\/politica\/nota\/inline\">\n<p class=\"ad-shell-label\">PUBLICIDAD<\/p>\n<div id=\"infobae\/politica\/nota\/inline\" class=\"infobae\/politica\/nota\/inline arcad ad-slot-node ad-slot-node--boxed\" data-ad-slot-id=\"infobae\/politica\/nota\/inline\"><\/div>\n<\/div>\n<p class=\"paragraph\">En detalle, <b>1.012.357 titulares<\/b> pasaron al Programa <b>Volver al Trabajo<\/b> y otros <b>260.911<\/b> fueron transferidos al <b>Programa de Acompa\u00f1amiento Social<\/b>, ambos bajo la \u00f3rbita del <b>Ministerio de Capital Humano<\/b>. La advirti\u00f3 en un comunicado que la medida judicial impide, por el momento, aplicar las pol\u00edticas de capacitaci\u00f3n laboral y la extensi\u00f3n de la doble jornada escolar en contextos vulnerables.<\/p>\n<p class=\"paragraph\">La resoluci\u00f3n judicial dentro del expediente colectivo \u201cLEDESMA, ANDREA LILIANA Y OTROS c\/ ESTADO NACIONAL &#8211; MINISTERIO DE CAPITAL HUMANO s\/AMPARO COLECTIVO\u201d llev\u00f3 a la administraci\u00f3n de <b>Javier Milei<\/b> a autorizar el pago directo a los beneficiarios mediante el <b>Banco de la Naci\u00f3n Argentina.<\/b><\/p>\n<div class=\"inline_2 ad-wrapper dfpAd ad-inline ad-text ad-component-container\" style=\"--ad-shell-height:250px;--ad-shell-width:300px\" data-ad-wrapper=\"arcad\" data-ad-type=\"inline_2\" data-ad-slot=\"infobae\/politica\/nota\/inline_2\" data-ad-container=\"dfp\" data-ad-slot-name=\"infobae\/politica\/nota\/inline_2\">\n<p class=\"ad-shell-label\">PUBLICIDAD<\/p>\n<div id=\"infobae\/politica\/nota\/inline_2\" class=\"infobae\/politica\/nota\/inline_2 arcad ad-slot-node ad-slot-node--boxed\" data-ad-slot-id=\"infobae\/politica\/nota\/inline_2\"><\/div>\n<\/div>\n<div class=\"visual__image\"><picture><source srcset=\"https:\/\/www.infobae.com\/resizer\/v2\/KD2QZZU3LVFALPLD2QLLZV5HRQ.jpg?auth=b49cfe75bdca7e5bf024e301c4183b14cf21785b9dfca61cda2edbbd8f937df2&amp;smart=true&amp;width=992&amp;height=858&amp;quality=85\" media=\"(min-width: 1000px)\"><\/source><source srcset=\"https:\/\/www.infobae.com\/resizer\/v2\/KD2QZZU3LVFALPLD2QLLZV5HRQ.jpg?auth=b49cfe75bdca7e5bf024e301c4183b14cf21785b9dfca61cda2edbbd8f937df2&amp;smart=true&amp;width=768&amp;height=664&amp;quality=85\" media=\"(min-width: 768px)\"><\/source><source srcset=\"https:\/\/www.infobae.com\/resizer\/v2\/KD2QZZU3LVFALPLD2QLLZV5HRQ.jpg?auth=b49cfe75bdca7e5bf024e301c4183b14cf21785b9dfca61cda2edbbd8f937df2&amp;smart=true&amp;width=577&amp;height=499&amp;quality=85\" media=\"(min-width: 580px)\"><\/source><source srcset=\"https:\/\/www.infobae.com\/resizer\/v2\/KD2QZZU3LVFALPLD2QLLZV5HRQ.jpg?auth=b49cfe75bdca7e5bf024e301c4183b14cf21785b9dfca61cda2edbbd8f937df2&amp;smart=true&amp;width=420&amp;height=363&amp;quality=85\" media=\"(min-width: 350px)\"><\/source><source srcset=\"https:\/\/www.infobae.com\/resizer\/v2\/KD2QZZU3LVFALPLD2QLLZV5HRQ.jpg?auth=b49cfe75bdca7e5bf024e301c4183b14cf21785b9dfca61cda2edbbd8f937df2&amp;smart=true&amp;width=350&amp;height=303&amp;quality=85\" media=\"(min-width: 80px)\"><\/source><img alt=\"Documento oficial impreso en espa\u00f1ol con texto detallando una resoluci\u00f3n. Un p\u00e1rrafo est\u00e1 resaltado, mencionando el Programa Volver al Trabajo y una cifra monetaria\" class=\"global-image\" decoding=\"async\" fetchpriority=\"low\" height=\"934\" loading=\"lazy\" src=\"https:\/\/www.infobae.com\/resizer\/v2\/KD2QZZU3LVFALPLD2QLLZV5HRQ.jpg?auth=b49cfe75bdca7e5bf024e301c4183b14cf21785b9dfca61cda2edbbd8f937df2&amp;smart=true&amp;width=350&amp;height=303&amp;quality=85\" width=\"1080\"><\/picture><\/div>\n<p class=\"paragraph\">Este medio ya hab\u00eda informado que el ministerio a cargo de Pettovello no hab\u00eda puesto en dudas el pago del beneficio social. <b>\u201cVamos a acatar lo que diga la Justicia, como hacemos siempre, aunque no estemos de acuerdo\u201d, <\/b>sostuvieron las fuentes oficiales.<\/p>\n<p class=\"paragraph\">Esta postura implica acatar la orden judicial y al mismo tiempo promover una apelaci\u00f3n para revertir la cautelar, que bloquea el redireccionamiento presupuestario de estos fondos.<\/p>\n<div class=\"ad_1 ad-wrapper dfpAd ad-1-al-6 ad-text ad-component-container\" style=\"--ad-shell-height:250px;--ad-shell-width:300px\" data-ad-wrapper=\"arcad\" data-ad-type=\"ad_1\" data-ad-slot=\"infobae\/politica\/nota\/ad_1\" data-ad-container=\"dfp\" data-ad-slot-name=\"infobae\/politica\/nota\/ad_1\">\n<p class=\"ad-shell-label\">PUBLICIDAD<\/p>\n<div id=\"infobae\/politica\/nota\/ad_1\" class=\"infobae\/politica\/nota\/ad_1 arcad ad-slot-node ad-slot-node--boxed\" data-ad-slot-id=\"infobae\/politica\/nota\/ad_1\"><\/div>\n<\/div>\n<p class=\"paragraph\">El conflicto se origin\u00f3 en el proceso de transformaci\u00f3n de los programas de asistencia. El <b>Programa Volver al Trabajo<\/b> fue creado en febrero de 2024 para reemplazar la modalidad de inclusi\u00f3n laboral anterior y, seg\u00fan el Poder Ejecutivo, su objetivo era <b>fortalecer la capacitaci\u00f3n y la inserci\u00f3n en empleos formales<\/b>. La medida cautelar interrumpe este proceso, consolidando el esquema de transferencia directa sin contraprestaciones, seg\u00fan detallaron los funcionarios consultados por <b>Infobae<\/b>. <\/p>\n<div class=\"visual__image\"><picture><source srcset=\"https:\/\/www.infobae.com\/resizer\/v2\/NA37DHVJHNESDENILOUIJGIFPU.jpg?auth=eab2bef01e0b1de21d3efefee3b1a832320469b63e2539fd5a0bc5d75265e758&amp;smart=true&amp;width=992&amp;height=558&amp;quality=85\" media=\"(min-width: 1000px)\"><\/source><source srcset=\"https:\/\/www.infobae.com\/resizer\/v2\/NA37DHVJHNESDENILOUIJGIFPU.jpg?auth=eab2bef01e0b1de21d3efefee3b1a832320469b63e2539fd5a0bc5d75265e758&amp;smart=true&amp;width=768&amp;height=432&amp;quality=85\" media=\"(min-width: 768px)\"><\/source><source srcset=\"https:\/\/www.infobae.com\/resizer\/v2\/NA37DHVJHNESDENILOUIJGIFPU.jpg?auth=eab2bef01e0b1de21d3efefee3b1a832320469b63e2539fd5a0bc5d75265e758&amp;smart=true&amp;width=577&amp;height=325&amp;quality=85\" media=\"(min-width: 580px)\"><\/source><source srcset=\"https:\/\/www.infobae.com\/resizer\/v2\/NA37DHVJHNESDENILOUIJGIFPU.jpg?auth=eab2bef01e0b1de21d3efefee3b1a832320469b63e2539fd5a0bc5d75265e758&amp;smart=true&amp;width=420&amp;height=236&amp;quality=85\" media=\"(min-width: 350px)\"><\/source><source srcset=\"https:\/\/www.infobae.com\/resizer\/v2\/NA37DHVJHNESDENILOUIJGIFPU.jpg?auth=eab2bef01e0b1de21d3efefee3b1a832320469b63e2539fd5a0bc5d75265e758&amp;smart=true&amp;width=350&amp;height=197&amp;quality=85\" media=\"(min-width: 80px)\"><\/source><img alt=\"La ministra de Capital Humano, Sandra Pettovello, confirm\u00f3 los cambios en los planes sociales\" class=\"global-image\" decoding=\"async\" fetchpriority=\"low\" height=\"1080\" loading=\"lazy\" src=\"https:\/\/www.infobae.com\/resizer\/v2\/NA37DHVJHNESDENILOUIJGIFPU.jpg?auth=eab2bef01e0b1de21d3efefee3b1a832320469b63e2539fd5a0bc5d75265e758&amp;smart=true&amp;width=350&amp;height=197&amp;quality=85\" width=\"1920\"><\/picture><\/div>\n<p class=\"paragraph\">La descripci\u00f3n oficial fue tajante: <b>\u201cEsto es la perpetuidad del asistencialismo\u201d<\/b>, en referencia a la obligaci\u00f3n de mantener el modelo previo, considerado un obst\u00e1culo respecto al objetivo de reemplazar los planes sociales por pol\u00edticas activas de empleo y educaci\u00f3n. <\/p>\n<div class=\"ad_2 ad-wrapper dfpAd ad-1-al-6 ad-text ad-component-container\" style=\"--ad-shell-height:250px;--ad-shell-width:300px\" data-ad-wrapper=\"arcad\" data-ad-type=\"ad_2\" data-ad-slot=\"infobae\/politica\/nota\/ad_2\" data-ad-container=\"dfp\" data-ad-slot-name=\"infobae\/politica\/nota\/ad_2\">\n<p class=\"ad-shell-label\">PUBLICIDAD<\/p>\n<div id=\"infobae\/politica\/nota\/ad_2\" class=\"infobae\/politica\/nota\/ad_2 arcad ad-slot-node ad-slot-node--boxed\" data-ad-slot-id=\"infobae\/politica\/nota\/ad_2\"><\/div>\n<\/div>\n<p class=\"paragraph\">El diagn\u00f3stico de la administraci\u00f3n de La Libertad Avanza apunta a que la continuidad de estos programas <b>\u201ccristaliza la pobreza\u201d<\/b>, lo que impide una transici\u00f3n hacia mecanismos de intervenci\u00f3n estructurales y de largo plazo, como la extensi\u00f3n de escolaridad gratuita y los vouchers de formaci\u00f3n profesional.<\/p>\n<p class=\"paragraph\">La gesti\u00f3n de<b> <\/b>Pettovello promueve una reingenier\u00eda del sistema: reasignar partidas para implementar vouchers de capacitaci\u00f3n laboral en articulaci\u00f3n con centros formativos provinciales y financiar la doble escolaridad en escuelas de contextos vulnerables. <\/p>\n<div class=\"ad_3 ad-wrapper dfpAd ad-1-al-6 ad-text ad-component-container\" style=\"--ad-shell-height:250px;--ad-shell-width:300px\" data-ad-wrapper=\"arcad\" data-ad-type=\"ad_3\" data-ad-slot=\"infobae\/politica\/nota\/ad_3\" data-ad-container=\"dfp\" data-ad-slot-name=\"infobae\/politica\/nota\/ad_3\">\n<p class=\"ad-shell-label\">PUBLICIDAD<\/p>\n<div id=\"infobae\/politica\/nota\/ad_3\" class=\"infobae\/politica\/nota\/ad_3 arcad ad-slot-node ad-slot-node--boxed\" data-ad-slot-id=\"infobae\/politica\/nota\/ad_3\"><\/div>\n<\/div>\n<p class=\"paragraph\">A trav\u00e9s de un comunicado oficial emitido la semana pasada, el<b> Ministerio de Capital Humano<\/b> inform\u00f3 que, a ra\u00edz del fallo que hac\u00eda lugar al recurso de amparo impulsado por organizaciones sociales enroladas en la <b>Uni\u00f3n Trabajadores de la Econom\u00eda Popular (UTEP)<\/b> , ambas pol\u00edticas \u201c<b>no podr\u00e1n llevarse a cabo\u201d, al menos hasta que se resuelva el litigio.<\/b><\/p>\n<div class=\"visual__image\"><picture><source srcset=\"https:\/\/www.infobae.com\/resizer\/v2\/J2NN5VNMJBC7DAL6UHVLKE3KUU.jpg?auth=1fb35597cedb3fdb7ce6287419fb8d5238e39e9bb31cd637fa42c9b150d6fe36&amp;smart=true&amp;width=992&amp;height=558&amp;quality=85\" media=\"(min-width: 1000px)\"><\/source><source srcset=\"https:\/\/www.infobae.com\/resizer\/v2\/J2NN5VNMJBC7DAL6UHVLKE3KUU.jpg?auth=1fb35597cedb3fdb7ce6287419fb8d5238e39e9bb31cd637fa42c9b150d6fe36&amp;smart=true&amp;width=768&amp;height=432&amp;quality=85\" media=\"(min-width: 768px)\"><\/source><source srcset=\"https:\/\/www.infobae.com\/resizer\/v2\/J2NN5VNMJBC7DAL6UHVLKE3KUU.jpg?auth=1fb35597cedb3fdb7ce6287419fb8d5238e39e9bb31cd637fa42c9b150d6fe36&amp;smart=true&amp;width=577&amp;height=325&amp;quality=85\" media=\"(min-width: 580px)\"><\/source><source srcset=\"https:\/\/www.infobae.com\/resizer\/v2\/J2NN5VNMJBC7DAL6UHVLKE3KUU.jpg?auth=1fb35597cedb3fdb7ce6287419fb8d5238e39e9bb31cd637fa42c9b150d6fe36&amp;smart=true&amp;width=420&amp;height=236&amp;quality=85\" media=\"(min-width: 350px)\"><\/source><source srcset=\"https:\/\/www.infobae.com\/resizer\/v2\/J2NN5VNMJBC7DAL6UHVLKE3KUU.jpg?auth=1fb35597cedb3fdb7ce6287419fb8d5238e39e9bb31cd637fa42c9b150d6fe36&amp;smart=true&amp;width=350&amp;height=197&amp;quality=85\" media=\"(min-width: 80px)\"><\/source><img alt=\"UTEP marcha Potenciar Trabajo\" class=\"global-image\" decoding=\"async\" fetchpriority=\"low\" height=\"1049\" loading=\"lazy\" src=\"https:\/\/www.infobae.com\/resizer\/v2\/J2NN5VNMJBC7DAL6UHVLKE3KUU.jpg?auth=1fb35597cedb3fdb7ce6287419fb8d5238e39e9bb31cd637fa42c9b150d6fe36&amp;smart=true&amp;width=350&amp;height=197&amp;quality=85\" width=\"1864\"><\/picture><\/div>\n<p class=\"paragraph\">La medida, dictada por el juez <b>Adri\u00e1n Gonz\u00e1lez Charvay<\/b>, obliga al Estado nacional a <b>mantener activas las transferencias econ\u00f3micas del Programa Volver al Trabajo<\/b>, que beneficia a m\u00e1s de <b>900 mil personas <\/b>con un ingreso mensual de <b>$78.000<\/b> y bloqueando temporalmente el uso de esos recursos en las nuevas pol\u00edticas de capacitaci\u00f3n y educaci\u00f3n que se hab\u00edan proyectado. <\/p>\n<div class=\"ad_4 ad-wrapper dfpAd ad-1-al-6 ad-text ad-component-container\" style=\"--ad-shell-height:250px;--ad-shell-width:300px\" data-ad-wrapper=\"arcad\" data-ad-type=\"ad_4\" data-ad-slot=\"infobae\/politica\/nota\/ad_4\" data-ad-container=\"dfp\" data-ad-slot-name=\"infobae\/politica\/nota\/ad_4\">\n<p class=\"ad-shell-label\">PUBLICIDAD<\/p>\n<div id=\"infobae\/politica\/nota\/ad_4\" class=\"infobae\/politica\/nota\/ad_4 arcad ad-slot-node ad-slot-node--boxed\" data-ad-slot-id=\"infobae\/politica\/nota\/ad_4\"><\/div>\n<\/div>\n<p class=\"paragraph\">Con la apelaci\u00f3n realizada por los abogados de Capital Humano las autoridades buscan de revertir la medida y recuperar autonom\u00eda en la asignaci\u00f3n de partidas presupuestarias para pol\u00edticas sociales. En su momento, desde los despachos oficiales interpretaron que el Poder Judicial <b>\u201ctermina haciendo pol\u00edtica p\u00fablica y nos dice c\u00f3mo asignar los recursos\u201d.<\/b><\/p>\n<p class=\"paragraph\">En la segunda foja de la resoluci\u00f3n de Capital Humano, dejaron constancia de lo siguiente: \u201cSin perjuicio de la interposici\u00f3n de los recursos judiciales correspondientes por parte de esta Secretar\u00eda de Trabajo, Empleo y Seguridad Social, dependiente del Ministerio de Capital Huamno, corresponde <b>efectuar las gestiones tendientes al cumplimiento de la manda judicial conforme el ordenamiento jur\u00eddico vigente, disponiendo el pago de la prestaci\u00f3n econ\u00f3mica prevista en el Programa Volver al Trabajo (VAT), y sin que ello comporte una modificaci\u00f3n del marco normativo vigente&#8221;.<\/b><\/p>\n<div class=\"ad_5 ad-wrapper dfpAd ad-1-al-6 ad-text ad-component-container\" style=\"--ad-shell-height:250px;--ad-shell-width:300px\" data-ad-wrapper=\"arcad\" data-ad-type=\"ad_5\" data-ad-slot=\"infobae\/politica\/nota\/ad_5\" data-ad-container=\"dfp\" data-ad-slot-name=\"infobae\/politica\/nota\/ad_5\">\n<p class=\"ad-shell-label\">PUBLICIDAD<\/p>\n<div id=\"infobae\/politica\/nota\/ad_5\" class=\"infobae\/politica\/nota\/ad_5 arcad ad-slot-node ad-slot-node--boxed\" data-ad-slot-id=\"infobae\/politica\/nota\/ad_5\"><\/div>\n<\/div>\n<p class=\"paragraph\">Desde la perspectiva oficial, la indefinici\u00f3n judicial ante la apelaci\u00f3n genera incertidumbre y frena transformaciones consideradas prioritarias por la Casa Rosada.<\/p>\n<p class=\"paragraph\">Para el Poder Ejecutivo nacional, el conflicto supera el debate sobre un programa espec\u00edfico, abriendo la discusi\u00f3n sobre el modelo de pol\u00edtica social en el pa\u00eds: la disyuntiva entre la asistencia monetaria directa y mecanismos estructurales como la formaci\u00f3n laboral y la intervenci\u00f3n educativa.<\/p>\n<div class=\"ad_6 ad-wrapper dfpAd ad-1-al-6 ad-text ad-component-container\" style=\"--ad-shell-height:250px;--ad-shell-width:300px\" data-ad-wrapper=\"arcad\" data-ad-type=\"ad_6\" data-ad-slot=\"infobae\/politica\/nota\/ad_6\" data-ad-container=\"dfp\" data-ad-slot-name=\"infobae\/politica\/nota\/ad_6\">\n<p class=\"ad-shell-label\">PUBLICIDAD<\/p>\n<div id=\"infobae\/politica\/nota\/ad_6\" class=\"infobae\/politica\/nota\/ad_6 arcad ad-slot-node ad-slot-node--boxed\" data-ad-slot-id=\"infobae\/politica\/nota\/ad_6\"><\/div>\n<\/div>\n<p class=\"paragraph\">Los fondos destinados ser\u00e1n imputados a la <b>Jurisdicci\u00f3n 88, Subjurisdicci\u00f3n 03 &#8211; Secretar\u00eda de Trabajo, Empleo y Seguridad Social<\/b>, bajo la partida de \u201cAyudas Sociales a Personas\u201d, con financiamiento del <b>Tesoro Nacional<\/b>, seg\u00fan formaliza la resoluci\u00f3n administrativa que ejecuta la orden judicial.<\/p>\n","protected":false},"excerpt":{"rendered":"<p>El gobierno de la La Libertad Avanza afrontar\u00e1 el pago de $72.384.624.000 correspondiente al Programa Volver al Trabajo, que se abonar\u00e1 los primeros d\u00edas de mayo, a partir de una orden judicial que obliga a sostener este esquema de asistencia social suspendido en su reformulaci\u00f3n. La medida fue dictada el 21 de abril de 2026 [&hellip;]<\/p>\n","protected":false},"author":1,"featured_media":8433,"comment_status":"open","ping_status":"open","sticky":false,"template":"","format":"standard","meta":{"footnotes":""},"categories":[1],"tags":[],"class_list":["post-8432","post","type-post","status-publish","format-standard","has-post-thumbnail","hentry","category-uncategorized"],"_links":{"self":[{"href":"https:\/\/cliente1.publisher.highstack.com.ar\/index.php?rest_route=\/wp\/v2\/posts\/8432","targetHints":{"allow":["GET"]}}],"collection":[{"href":"https:\/\/cliente1.publisher.highstack.com.ar\/index.php?rest_route=\/wp\/v2\/posts"}],"about":[{"href":"https:\/\/cliente1.publisher.highstack.com.ar\/index.php?rest_route=\/wp\/v2\/types\/post"}],"author":[{"embeddable":true,"href":"https:\/\/cliente1.publisher.highstack.com.ar\/index.php?rest_route=\/wp\/v2\/users\/1"}],"replies":[{"embeddable":true,"href":"https:\/\/cliente1.publisher.highstack.com.ar\/index.php?rest_route=%2Fwp%2Fv2%2Fcomments&post=8432"}],"version-history":[{"count":0,"href":"https:\/\/cliente1.publisher.highstack.com.ar\/index.php?rest_route=\/wp\/v2\/posts\/8432\/revisions"}],"wp:featuredmedia":[{"embeddable":true,"href":"https:\/\/cliente1.publisher.highstack.com.ar\/index.php?rest_route=\/wp\/v2\/media\/8433"}],"wp:attachment":[{"href":"https:\/\/cliente1.publisher.highstack.com.ar\/index.php?rest_route=%2Fwp%2Fv2%2Fmedia&parent=8432"}],"wp:term":[{"taxonomy":"category","embeddable":true,"href":"https:\/\/cliente1.publisher.highstack.com.ar\/index.php?rest_route=%2Fwp%2Fv2%2Fcategories&post=8432"},{"taxonomy":"post_tag","embeddable":true,"href":"https:\/\/cliente1.publisher.highstack.com.ar\/index.php?rest_route=%2Fwp%2Fv2%2Ftags&post=8432"}],"curies":[{"name":"wp","href":"https:\/\/api.w.org\/{rel}","templated":true}]}}