{"id":8430,"date":"2026-04-29T02:12:54","date_gmt":"2026-04-29T05:12:54","guid":{"rendered":"https:\/\/cliente1.publisher.highstack.com.ar\/?p=8430"},"modified":"2026-04-29T02:12:54","modified_gmt":"2026-04-29T05:12:54","slug":"detuvieron-a-sospechoso-por-forzar-a-una-mujer-a-subir-a-un-auto-tenia-una-replica-de-pistola","status":"publish","type":"post","link":"https:\/\/cliente1.publisher.highstack.com.ar\/?p=8430","title":{"rendered":"Detuvieron a sospechoso por forzar a una mujer a subir a un auto: ten\u00eda una r\u00e9plica de pistola"},"content":{"rendered":"<p><\/p>\n<div>\n<p>Un hombre fue detenido este domingo en Gualeguaych\u00fa tras una denuncia que indicaba que una mujer habr\u00eda sido obligada a subir a un veh\u00edculo bajo amenaza. El hecho fue caratulado como presunta privaci\u00f3n ileg\u00edtima de la libertad, luego de un operativo policial iniciado por personal de comisar\u00eda novena a partir de una alerta del Comando Radioel\u00e9ctrico. <\/p>\n<p><!-- is a <br \/>--><\/p>\n<p>\u00a0<\/p>\n<p><!-- is a <br \/>--><\/p>\n<p>Seg\u00fan informaron fuentes policiales, el alerta indicaba la presencia de un autom\u00f3vil Audi A3 negro, sin dominio colocado, cuyos ocupantes habr\u00edan trasladado por la fuerza a una mujer en inmediaciones del puerto de Gualeguaych\u00fa. A partir de esta informaci\u00f3n, personal de comisar\u00eda novena inici\u00f3 un rastrillaje en la zona. <\/p>\n<p><!-- is a <br \/>--><\/p>\n<p><!-- is a object --><br \/>\n<!-- embed start --><\/p>\n<figure class=\"embed\">\n<p>    <img decoding=\"async\" src=\"https:\/\/elonce-media.elonce.com\/fotos\/2026\/04\/26\/e_1777203170_70430.webp\" loading=\"lazy\" width=\"600\" height=\"400\" alt=\"Detenido en Gualeguaych\u00fa (foto Polic\u00eda de Entre R\u00edos)\"\/><figcaption>\n            <span>Detenido en Gualeguaych\u00fa (foto Polic\u00eda de Entre R\u00edos)<\/span><br \/>\n        <\/figcaption><\/figure>\n<p><!-- embed end --><br \/>\n<!-- end object --><\/p>\n<p>Minutos despu\u00e9s, efectivos que patrullaban el barrio Zuppichini localizaron el veh\u00edculo se\u00f1alado, estacionado sobre calle Almeida casi Colombo. A pocos metros, observaron a una pareja discutiendo, por lo que procedieron a intervenir de inmediato. <\/p>\n<p><!-- is a <br \/>--><\/p>\n<p><!-- is a object --><\/p>\n<h3> <\/h3>\n<p><!-- end object --><\/p>\n<p><!-- is a object --><\/p>\n<h3>Aprehensi\u00f3n y secuestro<\/h3>\n<p><!-- end object --><\/p>\n<p>\u00a0<\/p>\n<p><!-- is a <br \/>--><\/p>\n<p>En el lugar, los uniformados redujeron al hombre y realizaron un palpado de seguridad, constatando que llevaba en el bolsillo de su bermuda una r\u00e9plica de arma de fuego de color negro, confeccionada en pl\u00e1stico. <\/p>\n<p><!-- is a <br \/>--><\/p>\n<p>\u00a0<\/p>\n<p><!-- is a <br \/>--><\/p>\n<p>Ante esta situaci\u00f3n, se dio intervenci\u00f3n a la Fiscal\u00eda de G\u00e9nero, a cargo de la doctora Alejandra Montiel, quien dispuso la aprehensi\u00f3n del individuo en el marco de la causa. <\/p>\n<p><!-- is a <br \/>--><\/p>\n<p>\u00a0<\/p>\n<p><!-- is a <br \/>--><\/p>\n<p>El detenido qued\u00f3 a disposici\u00f3n de la Justicia, mientras se contin\u00faan las actuaciones para esclarecer las circunstancias del hecho y determinar responsabilidades. <\/p>\n<p><!-- is a <br \/>--><\/p>\n<p>\u00a0<\/p>\n<p><!-- is a <br \/>--><\/p>\n<p><!-- is a object --><\/p>\n<h3>M\u00e1s noticias<\/h3>\n<p><!-- end object --><\/p>\n<p><!-- is a object --><br \/>\n<!-- embed start --><!-- embed end --><br \/>\n<!-- end object --><\/p>\n<p><!-- is a object --><br \/>\n<!-- embed start --><!-- embed end --><br \/>\n<!-- end object --><\/p>\n<p><!-- is a object --><br \/>\n<!-- embed start --><!-- embed end --><br \/>\n<!-- end object --><\/p>\n<p><!-- is a object --><br \/>\n<!-- embed start --><!-- embed end --><br \/>\n<!-- end object --><\/p>\n<p><!-- is a object --><br \/>\n<!-- embed start --><!-- embed end --><br \/>\n<!-- end object --><\/p>\n<p><!-- is a object --><br \/>\n<!-- embed start --><!-- embed end --><br \/>\n<!-- end object --><\/p>\n<p><!-- is a object --><br \/>\n<!-- embed start --><!-- embed end --><br \/>\n<!-- end object --><\/p>\n<p><!-- is a object --><br \/>\n<!-- embed start --><!-- embed end --><br \/>\n<!-- end object --><\/p><\/div>\n","protected":false},"excerpt":{"rendered":"<p>Un hombre fue detenido este domingo en Gualeguaych\u00fa tras una denuncia que indicaba que una mujer habr\u00eda sido obligada a subir a un veh\u00edculo bajo amenaza. El hecho fue caratulado como presunta privaci\u00f3n ileg\u00edtima de la libertad, luego de un operativo policial iniciado por personal de comisar\u00eda novena a partir de una alerta del Comando [&hellip;]<\/p>\n","protected":false},"author":1,"featured_media":8431,"comment_status":"open","ping_status":"open","sticky":false,"template":"","format":"standard","meta":{"footnotes":""},"categories":[1],"tags":[],"class_list":["post-8430","post","type-post","status-publish","format-standard","has-post-thumbnail","hentry","category-uncategorized"],"_links":{"self":[{"href":"https:\/\/cliente1.publisher.highstack.com.ar\/index.php?rest_route=\/wp\/v2\/posts\/8430","targetHints":{"allow":["GET"]}}],"collection":[{"href":"https:\/\/cliente1.publisher.highstack.com.ar\/index.php?rest_route=\/wp\/v2\/posts"}],"about":[{"href":"https:\/\/cliente1.publisher.highstack.com.ar\/index.php?rest_route=\/wp\/v2\/types\/post"}],"author":[{"embeddable":true,"href":"https:\/\/cliente1.publisher.highstack.com.ar\/index.php?rest_route=\/wp\/v2\/users\/1"}],"replies":[{"embeddable":true,"href":"https:\/\/cliente1.publisher.highstack.com.ar\/index.php?rest_route=%2Fwp%2Fv2%2Fcomments&post=8430"}],"version-history":[{"count":0,"href":"https:\/\/cliente1.publisher.highstack.com.ar\/index.php?rest_route=\/wp\/v2\/posts\/8430\/revisions"}],"wp:featuredmedia":[{"embeddable":true,"href":"https:\/\/cliente1.publisher.highstack.com.ar\/index.php?rest_route=\/wp\/v2\/media\/8431"}],"wp:attachment":[{"href":"https:\/\/cliente1.publisher.highstack.com.ar\/index.php?rest_route=%2Fwp%2Fv2%2Fmedia&parent=8430"}],"wp:term":[{"taxonomy":"category","embeddable":true,"href":"https:\/\/cliente1.publisher.highstack.com.ar\/index.php?rest_route=%2Fwp%2Fv2%2Fcategories&post=8430"},{"taxonomy":"post_tag","embeddable":true,"href":"https:\/\/cliente1.publisher.highstack.com.ar\/index.php?rest_route=%2Fwp%2Fv2%2Ftags&post=8430"}],"curies":[{"name":"wp","href":"https:\/\/api.w.org\/{rel}","templated":true}]}}