{"id":8428,"date":"2026-04-29T00:34:04","date_gmt":"2026-04-29T03:34:04","guid":{"rendered":"https:\/\/cliente1.publisher.highstack.com.ar\/?p=8428"},"modified":"2026-04-29T00:34:04","modified_gmt":"2026-04-29T03:34:04","slug":"mataron-a-estudiante-universitario-durante-un-asalto-cuando-regresaba-de-la-facultad","status":"publish","type":"post","link":"https:\/\/cliente1.publisher.highstack.com.ar\/?p=8428","title":{"rendered":"Mataron a estudiante universitario durante un asalto cuando regresaba de la facultad"},"content":{"rendered":"<p><\/p>\n<div>\n<p>Un joven de 21 a\u00f1os fue asesinado durante un violento asalto cuando regresaba de la facultad en Lomas de Zamora, en Buenos Aires. La v\u00edctima, identificada como Agust\u00edn Rivero, fue interceptada por delincuentes que se desplazaban en un veh\u00edculo y recibi\u00f3 un disparo a quemarropa, a pesar de no haberse resistido. <\/p>\n<p><!-- is a <br \/>--><\/p>\n<p>\u00a0<\/p>\n<p><!-- is a <br \/>--><\/p>\n<p>El hecho ocurri\u00f3 el viernes a las 19.20 en la intersecci\u00f3n de las calles Dinamarca y Erickson, en la localidad de San Jos\u00e9. Im\u00e1genes registradas por c\u00e1maras de seguridad mostraron que el joven caminaba por la calle cuando un autom\u00f3vil se detuvo frente a \u00e9l y descendi\u00f3 uno de los asaltantes armado. <\/p>\n<p><!-- is a <br \/>--><\/p>\n<p><!-- is a object --><\/p>\n<h3> <\/h3>\n<p><!-- end object --><\/p>\n<p>\u00a0<\/p>\n<p><!-- is a <br \/>--><\/p>\n<p><!-- is a object --><\/p>\n<h3>El ataque durante el robo<\/h3>\n<p><!-- end object --><\/p>\n<p>\u00a0<\/p>\n<p><!-- is a <br \/>--><\/p>\n<p>Seg\u00fan se observ\u00f3 en los videos, el agresor apunt\u00f3 directamente al joven, quien reaccion\u00f3 de inmediato y dej\u00f3 su mochila en el suelo. Sin embargo, el delincuente le exigi\u00f3 el tel\u00e9fono celular y, mientras la v\u00edctima intentaba alejarse, le dispar\u00f3 en el abdomen. <\/p>\n<p><!-- is a <br \/>--><\/p>\n<blockquote class=\"twitter-tweet\" data-media-max-width=\"560\">\n<p lang=\"es\" dir=\"ltr\"><a href=\"https:\/\/twitter.com\/hashtag\/IMPOTENCIA?src=hash&amp;ref_src=twsrc%5Etfw\">#IMPOTENCIA<\/a>. <\/p>\n<p><!-- is a <br \/>--><\/p>\n<p>\u00a0<\/p>\n<p><!-- is a <br \/>--><\/p>\n<p>MATAN A JOVEN DE 21 A\u00d1OS PARA ROBARLE EL CELULAR <\/p>\n<p><!-- is a <br \/>--><\/p>\n<p>\u00a0<\/p>\n<p><!-- is a <br \/>--><\/p>\n<p>Un nuevo hecho de inseguridad sacude a Argentina. El joven Agust\u00edn Rivero, de 21 a\u00f1os, fue asesinado de un disparo mientras regresaba de la facultad en la localidad de Lomas de Zamora. <a href=\"https:\/\/t.co\/k3KPMHYz0o\">pic.twitter.com\/k3KPMHYz0o<\/a><\/p>\n<p>\u2014 Gilberto (@Gilbert1835230) <a href=\"https:\/\/twitter.com\/Gilbert1835230\/status\/2048280315286716478?ref_src=twsrc%5Etfw\">April 26, 2026<\/a><\/p><\/blockquote>\n<p> <!-- end code -->Tras el ataque, el asaltante volvi\u00f3 al veh\u00edculo y escap\u00f3 del lugar. El joven, herido, intent\u00f3 correr y fue asistido por una mujer que se encontraba en la zona. Ambos se dirigieron a una vivienda cercana, donde ingresaron para solicitar ayuda, public\u00f3 <i>La Naci\u00f3n.<\/i> <!-- is a <br \/>--><\/p>\n<p><!-- is a object --><\/p>\n<h3> <\/h3>\n<p><!-- end object --><\/p>\n<p>\u00a0<\/p>\n<p><!-- is a <br \/>--><\/p>\n<p><!-- is a object --><\/p>\n<h3>Investigaci\u00f3n y raid delictivo<\/h3>\n<p><!-- end object --><\/p>\n<p>\u00a0<\/p>\n<p><!-- is a <br \/>--><\/p>\n<p>La investigaci\u00f3n policial determin\u00f3 que el homicidio form\u00f3 parte de un raid delictivo. En las horas previas, los delincuentes hab\u00edan robado un autom\u00f3vil Volkswagen Voyage en Lan\u00fas y posteriormente una Renault Kangoo. <\/p>\n<p><!-- is a <br \/>--><\/p>\n<p>\u00a0<\/p>\n<p><!-- is a <br \/>--><\/p>\n<p>Los investigadores trabajaron en el an\u00e1lisis de las c\u00e1maras de seguridad y en la recolecci\u00f3n de pruebas para identificar a los responsables del crimen. <\/p>\n<p><!-- is a <br \/>--><\/p>\n<p><!-- is a object --><\/p>\n<h3> <\/h3>\n<p><!-- end object --><\/p>\n<p>\u00a0<\/p>\n<p><!-- is a <br \/>--><\/p>\n<p><!-- is a object --><\/p>\n<h3>Testimonios de familiares y allegados<\/h3>\n<p><!-- end object --><\/p>\n<p>\u00a0<\/p>\n<p><!-- is a <br \/>--><\/p>\n<p>El hecho gener\u00f3 conmoci\u00f3n entre familiares y amigos de la v\u00edctima. Un amigo cercano, identificado como Thiago, relat\u00f3: \u201cLo vi hace una semana en un cumplea\u00f1os de un amigo. Me llam\u00f3 su pap\u00e1 y no lo pod\u00eda creer. Lo peor es entrar a la casa de \u00e9l y ver que no est\u00e1\u201d. <\/p>\n<p><!-- is a <br \/>--><\/p>\n<p>\u00a0<\/p>\n<p><!-- is a <br \/>--><\/p>\n<p>Tambi\u00e9n se\u00f1al\u00f3 que el joven estudiaba y ten\u00eda proyectos a futuro: \u201cTen\u00edamos un mont\u00f3n de sue\u00f1os. Hac\u00edamos chistes de armar un emprendimiento entre nosotros. Era un plan a futuro\u201d. <\/p>\n<p><!-- is a <br \/>--><\/p>\n<p><!-- is a object --><\/p>\n<h3> <\/h3>\n<p><!-- end object --><\/p>\n<p>\u00a0<\/p>\n<p><!-- is a <br \/>--><\/p>\n<p><!-- is a object --><\/p>\n<h3>Reclamos de vecinos por seguridad<\/h3>\n<p><!-- end object --><\/p>\n<p>\u00a0<\/p>\n<p><!-- is a <br \/>--><\/p>\n<p>Vecinos de la zona expresaron su preocupaci\u00f3n por la inseguridad. Uno de ellos sostuvo: \u201cSe est\u00e1 viviendo mal. Y viene de mal en peor\u201d. Otro agreg\u00f3: \u201cEsto se volvi\u00f3 tierra de nadie\u201d. <\/p>\n<p><!-- is a <br \/>--><\/p>\n<p>\u00a0<\/p>\n<p><!-- is a <br \/>--><\/p>\n<p>Una vecina indic\u00f3 que el padre del joven lo esperaba al momento del hecho: \u201cEstaba a unos metros de \u00e9l para llegar a la casa. El mismo pap\u00e1 tuvo que socorrerlo con otros vecinos. La ambulancia nunca lleg\u00f3\u201d. <\/p>\n<p><!-- is a <br \/>--><\/p>\n<p>\u00a0<\/p>\n<p><!-- is a <br \/>--><\/p>\n<p>Otros residentes reclamaron mayor presencia policial y medidas de seguridad en el barrio. \u201cQueremos que la polic\u00eda venga y ponga un patrullero. No podemos caminar porque nos roban\u201d, manifestaron.<\/p>\n<\/p><\/div>\n<p><script async src=\"\/\/platform.twitter.com\/widgets.js\" charset=\"utf-8\"><\/script><\/p>\n","protected":false},"excerpt":{"rendered":"<p>Un joven de 21 a\u00f1os fue asesinado durante un violento asalto cuando regresaba de la facultad en Lomas de Zamora, en Buenos Aires. La v\u00edctima, identificada como Agust\u00edn Rivero, fue interceptada por delincuentes que se desplazaban en un veh\u00edculo y recibi\u00f3 un disparo a quemarropa, a pesar de no haberse resistido. \u00a0 El hecho ocurri\u00f3 [&hellip;]<\/p>\n","protected":false},"author":1,"featured_media":8429,"comment_status":"open","ping_status":"open","sticky":false,"template":"","format":"standard","meta":{"footnotes":""},"categories":[1],"tags":[],"class_list":["post-8428","post","type-post","status-publish","format-standard","has-post-thumbnail","hentry","category-uncategorized"],"_links":{"self":[{"href":"https:\/\/cliente1.publisher.highstack.com.ar\/index.php?rest_route=\/wp\/v2\/posts\/8428","targetHints":{"allow":["GET"]}}],"collection":[{"href":"https:\/\/cliente1.publisher.highstack.com.ar\/index.php?rest_route=\/wp\/v2\/posts"}],"about":[{"href":"https:\/\/cliente1.publisher.highstack.com.ar\/index.php?rest_route=\/wp\/v2\/types\/post"}],"author":[{"embeddable":true,"href":"https:\/\/cliente1.publisher.highstack.com.ar\/index.php?rest_route=\/wp\/v2\/users\/1"}],"replies":[{"embeddable":true,"href":"https:\/\/cliente1.publisher.highstack.com.ar\/index.php?rest_route=%2Fwp%2Fv2%2Fcomments&post=8428"}],"version-history":[{"count":0,"href":"https:\/\/cliente1.publisher.highstack.com.ar\/index.php?rest_route=\/wp\/v2\/posts\/8428\/revisions"}],"wp:featuredmedia":[{"embeddable":true,"href":"https:\/\/cliente1.publisher.highstack.com.ar\/index.php?rest_route=\/wp\/v2\/media\/8429"}],"wp:attachment":[{"href":"https:\/\/cliente1.publisher.highstack.com.ar\/index.php?rest_route=%2Fwp%2Fv2%2Fmedia&parent=8428"}],"wp:term":[{"taxonomy":"category","embeddable":true,"href":"https:\/\/cliente1.publisher.highstack.com.ar\/index.php?rest_route=%2Fwp%2Fv2%2Fcategories&post=8428"},{"taxonomy":"post_tag","embeddable":true,"href":"https:\/\/cliente1.publisher.highstack.com.ar\/index.php?rest_route=%2Fwp%2Fv2%2Ftags&post=8428"}],"curies":[{"name":"wp","href":"https:\/\/api.w.org\/{rel}","templated":true}]}}