{"id":8422,"date":"2026-04-28T23:01:30","date_gmt":"2026-04-29T02:01:30","guid":{"rendered":"https:\/\/cliente1.publisher.highstack.com.ar\/?p=8422"},"modified":"2026-04-28T23:01:30","modified_gmt":"2026-04-29T02:01:30","slug":"milei-dijo-que-europa-esta-al-borde-del-exterminio-por-promover-el-ingreso-de-extranjerosel-presidente-participo-de-un-debate-junto-al-economista-juan-carlos-de-pablo-titulado-key","status":"publish","type":"post","link":"https:\/\/cliente1.publisher.highstack.com.ar\/?p=8422","title":{"rendered":"Milei dijo que Europa &quot;est\u00e1 al borde del exterminio&quot; por promover el ingreso de extranjerosEl Presidente particip\u00f3 de un debate junto al economista Juan Carlos De Pablo titulado \u201cKeynes y la Teor\u00eda General\u201d en el Palacio Libertad. All\u00ed trajo a colaci\u00f3n las consecuencias que, dijo, sufren los pa\u00edses europeos por la inmigraci\u00f3n de otras culturas"},"content":{"rendered":"<div class=\"jwplayer-ctn\"><script src=\"https:\/\/census-web.scorecardresearch.com\/plugins\/streaming-jwplayer\/v2\/current.js\"><\/script><\/p>\n<div>\n<div id=\"BX6FKEXP6RHKDH2T5J4UNP2CDY-custom_embed0\"><\/div>\n<\/div><figcaption class=\"jwplayer-figcaption\">El Presidente particip\u00f3 de una charla junto al economista Juan Carlos de Pablo y cuestion\u00f3 las pol\u00edticas migratorias de algunos pa\u00edses europeos<\/figcaption><\/div>\n<p class=\"paragraph\">El <b>presidente Javier Milei<\/b> protagoniz\u00f3 una encendida intervenci\u00f3n durante un debate acad\u00e9mico sobre la obra de <b>John Maynard Keynes<\/b>, en el Palacio Libertad, ante la presencia de funcionarios del gabinete. El eje de la conversaci\u00f3n gir\u00f3 en torno a la influencia del economista brit\u00e1nico en la teor\u00eda macroecon\u00f3mica, pero incluy\u00f3 durante un pasaje una reflexi\u00f3n sobre los desaf\u00edos actuales de Europa vinculados a la inmigraci\u00f3n. Milei dej\u00f3 all\u00ed una afirmaci\u00f3n afirmaci\u00f3n contundente: \u201cAs\u00ed est\u00e1 Europa, al borde del exterminio\u201d, al evaluar las pol\u00edticas migratorias del continente.<\/p>\n<p class=\"paragraph\">El evento, titulado \u201cKeynes y la Teor\u00eda General\u201d, reuni\u00f3 a Milei y al economista <b>Juan Carlos de Pablo<\/b> para discutir la vigencia de las ideas keynesianas a la luz de los problemas econ\u00f3micos contempor\u00e1neos. La charla, que se extendi\u00f3 por una hora y media, fue seguida con atenci\u00f3n por miembros del Gobierno, quienes escucharon las cr\u00edticas de Milei tanto a la obra \u201cTeor\u00eda General de la Ocupaci\u00f3n, el Inter\u00e9s y el Dinero\u201d.<\/p>\n<div class=\"inline ad-wrapper dfpAd ad-inline ad-text ad-component-container\" style=\"--ad-shell-height:250px;--ad-shell-width:300px\" data-ad-wrapper=\"arcad\" data-ad-type=\"inline\" data-ad-slot=\"infobae\/politica\/nota\/inline\" data-ad-container=\"dfp\" data-ad-slot-name=\"infobae\/politica\/nota\/inline\">\n<p class=\"ad-shell-label\">PUBLICIDAD<\/p>\n<div id=\"infobae\/politica\/nota\/inline\" class=\"infobae\/politica\/nota\/inline arcad ad-slot-node ad-slot-node--boxed\" data-ad-slot-id=\"infobae\/politica\/nota\/inline\"><\/div>\n<\/div>\n<p class=\"paragraph\">Durante el intercambio, De Pablo contextualiz\u00f3 la importancia de no analizar el pasado con la mirada del presente. Explic\u00f3 que antes de la d\u00e9cada del treinta, las naciones centrales resolv\u00edan los d\u00e9ficits de mano de obra incentivando la inmigraci\u00f3n. Sin embargo, tras la crisis de 1930, cada Estado debi\u00f3 afrontar sus propios problemas de desempleo, lo que, seg\u00fan el economista, tuvo consecuencias pol\u00edticas de largo alcance. Minutos despu\u00e9s Milei retom\u00f3 esta reflexi\u00f3n y la enlaz\u00f3 con la situaci\u00f3n actual de Europa, donde, seg\u00fan su visi\u00f3n, la crisis de los sistemas previsionales y una agenda ambientalista llevaron a pol\u00edticas migratorias que hoy generan tensiones profundas.<\/p>\n<div class=\"visual__image\"><picture><source srcset=\"https:\/\/www.infobae.com\/resizer\/v2\/4JJ4OZ3QURDZ7JKQMGA5LUIZKM.jpg?auth=c96863a00f9333fd92a5295633412c9bb3979746cf14e0def04a3b76e303c292&amp;smart=true&amp;width=992&amp;height=558&amp;quality=85\" media=\"(min-width: 1000px)\"><\/source><source srcset=\"https:\/\/www.infobae.com\/resizer\/v2\/4JJ4OZ3QURDZ7JKQMGA5LUIZKM.jpg?auth=c96863a00f9333fd92a5295633412c9bb3979746cf14e0def04a3b76e303c292&amp;smart=true&amp;width=768&amp;height=432&amp;quality=85\" media=\"(min-width: 768px)\"><\/source><source srcset=\"https:\/\/www.infobae.com\/resizer\/v2\/4JJ4OZ3QURDZ7JKQMGA5LUIZKM.jpg?auth=c96863a00f9333fd92a5295633412c9bb3979746cf14e0def04a3b76e303c292&amp;smart=true&amp;width=577&amp;height=325&amp;quality=85\" media=\"(min-width: 580px)\"><\/source><source srcset=\"https:\/\/www.infobae.com\/resizer\/v2\/4JJ4OZ3QURDZ7JKQMGA5LUIZKM.jpg?auth=c96863a00f9333fd92a5295633412c9bb3979746cf14e0def04a3b76e303c292&amp;smart=true&amp;width=420&amp;height=236&amp;quality=85\" media=\"(min-width: 350px)\"><\/source><source srcset=\"https:\/\/www.infobae.com\/resizer\/v2\/4JJ4OZ3QURDZ7JKQMGA5LUIZKM.jpg?auth=c96863a00f9333fd92a5295633412c9bb3979746cf14e0def04a3b76e303c292&amp;smart=true&amp;width=350&amp;height=197&amp;quality=85\" media=\"(min-width: 80px)\"><\/source><img alt=\"Javier Milei expone sobre econom\u00eda en el Palacio Libertad\" class=\"global-image\" decoding=\"async\" fetchpriority=\"low\" height=\"1080\" loading=\"lazy\" src=\"https:\/\/www.infobae.com\/resizer\/v2\/4JJ4OZ3QURDZ7JKQMGA5LUIZKM.jpg?auth=c96863a00f9333fd92a5295633412c9bb3979746cf14e0def04a3b76e303c292&amp;smart=true&amp;width=350&amp;height=197&amp;quality=85\" width=\"1920\"><\/picture><\/div>\n<p class=\"paragraph\">En ese marco, el presidente sostuvo: \u201c<b>F\u00edjense que el quilombo que tiene Europa hoy es porque ten\u00eda quebrado el sistema previsional y lo que hicieron, mientras propon\u00edan la agenda verde asesinando a ni\u00f1os inocentes por nacer, al mismo tiempo promov\u00edan el ingreso de extranjeros.<\/b> Entonces, frente a esa cagada que se mandaron entre mezcla de ecologistas y dem\u00e1s, que ahora se ven los problemas claros, lo quisieron arreglar importando gente. <b>As\u00ed est\u00e1 Europa al borde del exterminio<\/b>\u201d.<\/p>\n<div class=\"inline_2 ad-wrapper dfpAd ad-inline ad-text ad-component-container\" style=\"--ad-shell-height:250px;--ad-shell-width:300px\" data-ad-wrapper=\"arcad\" data-ad-type=\"inline_2\" data-ad-slot=\"infobae\/politica\/nota\/inline_2\" data-ad-container=\"dfp\" data-ad-slot-name=\"infobae\/politica\/nota\/inline_2\">\n<p class=\"ad-shell-label\">PUBLICIDAD<\/p>\n<div id=\"infobae\/politica\/nota\/inline_2\" class=\"infobae\/politica\/nota\/inline_2 arcad ad-slot-node ad-slot-node--boxed\" data-ad-slot-id=\"infobae\/politica\/nota\/inline_2\"><\/div>\n<\/div>\n<p class=\"paragraph\">La intervenci\u00f3n de Milei fue recibida con atenci\u00f3n en el auditorio, donde tambi\u00e9n abundaron referencias al contexto hist\u00f3rico y econ\u00f3mico. <\/p>\n<p class=\"paragraph\">Durante la charla, Milei tambi\u00e9n abord\u00f3 aspectos t\u00e9cnicos de la obra de Keynes y critic\u00f3 los fundamentos de su teor\u00eda. Declar\u00f3 haber le\u00eddo cinco veces \u201cTeor\u00eda General de la Ocupaci\u00f3n, el Inter\u00e9s y el Dinero\u201d y escrito un libro propio titulado \u201cDesenmascarando la mentira keynesiana\u201d. Seg\u00fan el presidente, la obra del economista brit\u00e1nico es \u201ccompleja, de alguien que cambiaba de opini\u00f3n de manera bastante frecuente\u201d y recomend\u00f3 cautela a quienes se aproximan a su pensamiento. \u201cEra un genio, pero un genio del mal\u201d, expres\u00f3 Milei, remarcando que el verdadero motor de la obra keynesiana fue el problema del desempleo.<\/p>\n<div class=\"ad_1 ad-wrapper dfpAd ad-1-al-6 ad-text ad-component-container\" style=\"--ad-shell-height:250px;--ad-shell-width:300px\" data-ad-wrapper=\"arcad\" data-ad-type=\"ad_1\" data-ad-slot=\"infobae\/politica\/nota\/ad_1\" data-ad-container=\"dfp\" data-ad-slot-name=\"infobae\/politica\/nota\/ad_1\">\n<p class=\"ad-shell-label\">PUBLICIDAD<\/p>\n<div id=\"infobae\/politica\/nota\/ad_1\" class=\"infobae\/politica\/nota\/ad_1 arcad ad-slot-node ad-slot-node--boxed\" data-ad-slot-id=\"infobae\/politica\/nota\/ad_1\"><\/div>\n<\/div>\n<p class=\"paragraph\">En relaci\u00f3n a la teor\u00eda de la tasa de inter\u00e9s, Milei cuestion\u00f3 los postulados de Keynes, a los que calific\u00f3 como \u201caberrantes\u201d. Explic\u00f3 que, previo a la influencia keynesiana, el mercado coordinaba ahorro e inversi\u00f3n en funci\u00f3n de precios relativos entre bienes presentes y futuros. Para el presidente, ignorar el rol de la tasa de inter\u00e9s en la coordinaci\u00f3n intertemporal es un error que ha permeado los an\u00e1lisis econ\u00f3micos recientes.<\/p>\n<div class=\"visual__image\"><picture><source srcset=\"https:\/\/www.infobae.com\/resizer\/v2\/VTXKYLKJNVEYPDRORU4IHYEE7Y.jpg?auth=fe538e1310790974961b67f7bcb868bc7594d6b4c846b9c88897b3e9844ccf10&amp;smart=true&amp;width=992&amp;height=521&amp;quality=85\" media=\"(min-width: 1000px)\"><\/source><source srcset=\"https:\/\/www.infobae.com\/resizer\/v2\/VTXKYLKJNVEYPDRORU4IHYEE7Y.jpg?auth=fe538e1310790974961b67f7bcb868bc7594d6b4c846b9c88897b3e9844ccf10&amp;smart=true&amp;width=768&amp;height=403&amp;quality=85\" media=\"(min-width: 768px)\"><\/source><source srcset=\"https:\/\/www.infobae.com\/resizer\/v2\/VTXKYLKJNVEYPDRORU4IHYEE7Y.jpg?auth=fe538e1310790974961b67f7bcb868bc7594d6b4c846b9c88897b3e9844ccf10&amp;smart=true&amp;width=577&amp;height=303&amp;quality=85\" media=\"(min-width: 580px)\"><\/source><source srcset=\"https:\/\/www.infobae.com\/resizer\/v2\/VTXKYLKJNVEYPDRORU4IHYEE7Y.jpg?auth=fe538e1310790974961b67f7bcb868bc7594d6b4c846b9c88897b3e9844ccf10&amp;smart=true&amp;width=420&amp;height=221&amp;quality=85\" media=\"(min-width: 350px)\"><\/source><source srcset=\"https:\/\/www.infobae.com\/resizer\/v2\/VTXKYLKJNVEYPDRORU4IHYEE7Y.jpg?auth=fe538e1310790974961b67f7bcb868bc7594d6b4c846b9c88897b3e9844ccf10&amp;smart=true&amp;width=350&amp;height=184&amp;quality=85\" media=\"(min-width: 80px)\"><\/source><img alt=\"John Maynard Keynes\" class=\"global-image\" decoding=\"async\" fetchpriority=\"low\" height=\"630\" loading=\"lazy\" src=\"https:\/\/www.infobae.com\/resizer\/v2\/VTXKYLKJNVEYPDRORU4IHYEE7Y.jpg?auth=fe538e1310790974961b67f7bcb868bc7594d6b4c846b9c88897b3e9844ccf10&amp;smart=true&amp;width=350&amp;height=184&amp;quality=85\" width=\"1200\"><\/picture><\/div>\n<p class=\"paragraph\">El debate entre Milei y De Pablo se centr\u00f3 en la historicidad de la teor\u00eda macroecon\u00f3mica y la interpretaci\u00f3n de las crisis econ\u00f3micas pasadas. Ambos coincidieron en la importancia de entender el contexto en el que surgieron las ideas keynesianas, aunque sus an\u00e1lisis difirieron respecto a las consecuencias actuales. Milei insisti\u00f3 en que las soluciones propuestas por Keynes, lejos de resolver los problemas de desempleo, han generado distorsiones que a\u00fan afectan a las econom\u00edas contempor\u00e1neas.<\/p>\n<div class=\"ad_2 ad-wrapper dfpAd ad-1-al-6 ad-text ad-component-container\" style=\"--ad-shell-height:250px;--ad-shell-width:300px\" data-ad-wrapper=\"arcad\" data-ad-type=\"ad_2\" data-ad-slot=\"infobae\/politica\/nota\/ad_2\" data-ad-container=\"dfp\" data-ad-slot-name=\"infobae\/politica\/nota\/ad_2\">\n<p class=\"ad-shell-label\">PUBLICIDAD<\/p>\n<div id=\"infobae\/politica\/nota\/ad_2\" class=\"infobae\/politica\/nota\/ad_2 arcad ad-slot-node ad-slot-node--boxed\" data-ad-slot-id=\"infobae\/politica\/nota\/ad_2\"><\/div>\n<\/div>\n<p class=\"paragraph\">De esta manera, la intervenci\u00f3n presidencial en el Palacio Libertad dej\u00f3 planteada una fuerte cr\u00edtica a la gesti\u00f3n europea de la inmigraci\u00f3n y su impacto en la estructura social, al tiempo que cuestion\u00f3 la vigencia de los postulados keynesianos en la econom\u00eda global.<\/p>\n","protected":false},"excerpt":{"rendered":"<p>El Presidente particip\u00f3 de una charla junto al economista Juan Carlos de Pablo y cuestion\u00f3 las pol\u00edticas migratorias de algunos pa\u00edses europeos El presidente Javier Milei protagoniz\u00f3 una encendida intervenci\u00f3n durante un debate acad\u00e9mico sobre la obra de John Maynard Keynes, en el Palacio Libertad, ante la presencia de funcionarios del gabinete. El eje de [&hellip;]<\/p>\n","protected":false},"author":1,"featured_media":8423,"comment_status":"open","ping_status":"open","sticky":false,"template":"","format":"standard","meta":{"footnotes":""},"categories":[1],"tags":[],"class_list":["post-8422","post","type-post","status-publish","format-standard","has-post-thumbnail","hentry","category-uncategorized"],"_links":{"self":[{"href":"https:\/\/cliente1.publisher.highstack.com.ar\/index.php?rest_route=\/wp\/v2\/posts\/8422","targetHints":{"allow":["GET"]}}],"collection":[{"href":"https:\/\/cliente1.publisher.highstack.com.ar\/index.php?rest_route=\/wp\/v2\/posts"}],"about":[{"href":"https:\/\/cliente1.publisher.highstack.com.ar\/index.php?rest_route=\/wp\/v2\/types\/post"}],"author":[{"embeddable":true,"href":"https:\/\/cliente1.publisher.highstack.com.ar\/index.php?rest_route=\/wp\/v2\/users\/1"}],"replies":[{"embeddable":true,"href":"https:\/\/cliente1.publisher.highstack.com.ar\/index.php?rest_route=%2Fwp%2Fv2%2Fcomments&post=8422"}],"version-history":[{"count":0,"href":"https:\/\/cliente1.publisher.highstack.com.ar\/index.php?rest_route=\/wp\/v2\/posts\/8422\/revisions"}],"wp:featuredmedia":[{"embeddable":true,"href":"https:\/\/cliente1.publisher.highstack.com.ar\/index.php?rest_route=\/wp\/v2\/media\/8423"}],"wp:attachment":[{"href":"https:\/\/cliente1.publisher.highstack.com.ar\/index.php?rest_route=%2Fwp%2Fv2%2Fmedia&parent=8422"}],"wp:term":[{"taxonomy":"category","embeddable":true,"href":"https:\/\/cliente1.publisher.highstack.com.ar\/index.php?rest_route=%2Fwp%2Fv2%2Fcategories&post=8422"},{"taxonomy":"post_tag","embeddable":true,"href":"https:\/\/cliente1.publisher.highstack.com.ar\/index.php?rest_route=%2Fwp%2Fv2%2Ftags&post=8422"}],"curies":[{"name":"wp","href":"https:\/\/api.w.org\/{rel}","templated":true}]}}