{"id":8409,"date":"2026-04-28T20:11:46","date_gmt":"2026-04-28T23:11:46","guid":{"rendered":"https:\/\/cliente1.publisher.highstack.com.ar\/?p=8409"},"modified":"2026-04-28T20:11:46","modified_gmt":"2026-04-28T23:11:46","slug":"el-peronismo-federal-se-reune-en-parque-norte-de-cara-a-las-elecciones-2027","status":"publish","type":"post","link":"https:\/\/cliente1.publisher.highstack.com.ar\/?p=8409","title":{"rendered":"El peronismo federal se re\u00fane en Parque Norte de cara a las elecciones 2027"},"content":{"rendered":"<div id=\"article-post\">\n<header class=\"article-info-wrapper\">\n<p>  <span class=\"category theme cat-\">Pol\u00edtica<\/span>  <span class=\"category pipe\"> | <\/span><\/p>\n<p><time datetime=\"2026-04-28T20:21:00.000Z\"> 28 de abril de 2026 <span class=\"hour\"><br \/>\n                         &#8211; 17:04<br \/>\n                    <\/span><\/time>  <\/p>\n<\/header><\/div>\n<div id=\"article-post\">\n<div class=\"interiorCopete\">\n<p id=\"p-1777406503973-19141\" class=\"ignore-parser\">Sin referentes del kirchnerismo, de Axel Kicillof y del Frente Reovador, mil dirigentes de distintos puntos del pa\u00eds comienzan a definir una estrategia com\u00fan.<\/p>\n<\/div>\n<div class=\"cuerpo\" data-twitter-link=\"https:\/\/twitter.com\/intent\/tweet?url=https:\/\/www.diariopopular.com.ar\/c897704&amp;via=poopulardiario&amp;related=Popular&amp;text=\">\n<p id=\"p-1777406509180-5117\">De cara a las elecciones presidenciales de 2027, unos mil dirigentes del<strong> peronismo federal <\/strong>se reunir\u00e1n este viernes 1 de mayo en Parque Norte, en la Ciudad de Buenos Aires, para planificar una estrategia. La convocatoria tiene una impronta federal, ya que se plantean los organizadores ir \u201cde la periferia al centro\u201d.<\/p>\n<\/div><\/div>\n<div id=\"article-post\">\n<div class=\"cuerpo\" data-twitter-link=\"#TWEMBEDLINK#\">\n<p id=\"p-1777406509180-20973\">De esta forma, promueven darle mayor importancia a lo territorial; a los intendentes y a los PJ de las provincias para evitar la interna entre <strong>La C\u00e1mpora y el Movimiento Derecho al Futuro de Axel Kicillof<\/strong> que se desarrolla en el AMBA.<\/p>\n<\/div><\/div>\n<div id=\"article-post\">\n<div class=\"cuerpo\" data-twitter-link=\"#TWEMBEDLINK#\">\n<p id=\"p-1777406509180-90038\"><strong> Guillermo Michel<\/strong>, diputado nacional por la provincia de Entre R\u00edos, se manifest\u00f3 en las redes sociales en las v\u00edsperas del c\u00f3nclave en Parque Norte.<\/p>\n<\/div><\/div>\n<div id=\"article-post\">\n<div class=\"cuerpo\" data-twitter-link=\"#TWEMBEDLINK#\">\n<p id=\"p-1777406509180-6050\">\u201cEl peronismo siempre fue protagonista de los procesos de reconstrucci\u00f3n econ\u00f3mica y social de la Argentina, despu\u00e9s de los gobiernos que han pensado un pa\u00eds para pocos perjudicando la vida de millones de argentinos. Hoy m\u00e1s que nunca tenemos el deber de aportar en la construcci\u00f3n de una alternativa nacional\u201d, escribi\u00f3.<\/p>\n<\/div><\/div>\n<div id=\"article-post\">\n<div class=\"cuerpo\" data-twitter-link=\"#TWEMBEDLINK#\">\n<p id=\"p-1777406509180-60586\">Bajo la premisa<strong> \u201cPRIMERO LAS IDEAS\u201d,<\/strong> sum\u00f3: \u201cDesde abajo, con impronta federal y apertura real: un espacio de debate sobre las ideas que puedan ser el punto de partida de una alternativa nacional que recupere la representaci\u00f3n de las mayor\u00edas\u201d.<\/p>\n<div contenteditable=\"false\" class=\"embed_cont type_freetext\" rel=\"freetext\" id=\"embed6094_wrap\" data-provider=\"Twitter\">\n<p>Embed &#8211; https:\/\/publish.x.com\/oembed?url=https:\/\/x.com\/MichelGuilleOK\/status\/2048796677578891685?ref_src=twsrc%5Etfw%7Ctwcamp%5Etweetembed%7Ctwterm%5E2048796677578891685%7Ctwgr%5Ea812489e32a70d67c2d5be840781c387c40369b6%7Ctwcon%5Es1_&amp;ref_url=https%3A%2F%2Fwww.ambito.com%2Fpolitica%2Fsin-presidenciables-el-pj-federal-se-reune-parque-norte-avanzar-el-armado-2027-n6271630&amp;partner=&amp;hide_thread=false<span onclick=\"parent.parent.TinyMCETdcuerpo.preview_embed('embed6094')\" class=\"embed_colapse less\" id=\"embed6094_colapse\"><\/span><span onclick=\"parent.parent.TinyMCETdcuerpo.delete_embed('embed6094')\" class=\"embed_delete less\" id=\"embed6094_delete\"><\/span><\/p>\n<div id=\"embed6094_content\" class=\"embed_content\">\n<div id=\"embed6094_embed\">\n<blockquote class=\"twitter-tweet\">\n<p id=\"p-1777406537859-32915\" dir=\"ltr\" lang=\"es\" xml:lang=\"es\"> El peronismo siempre fue protagonista de los procesos de reconstrucci\u00f3n econ\u00f3mica y social de la Argentina, despu\u00e9s de los gobiernos que han pensado un pa\u00eds para pocos perjudicando la vida de millones de argentinos. <\/p>\n<p>Hoy m\u00e1s que nunca tenemos el deber de aportar en la\u2026 <a href=\"https:\/\/t.co\/FngXVuFrq2\">pic.twitter.com\/FngXVuFrq2<\/a><\/p>\n<p> \u2014 Guillermo Michel (@MichelGuilleOK) <a href=\"https:\/\/twitter.com\/MichelGuilleOK\/status\/2048796677578891685?ref_src=twsrc%5Etfw\">April 27, 2026<\/a><\/p><\/blockquote><\/div>\n<\/p><\/div>\n<\/p><\/div>\n<h2 id=\"p-1777407055107-28195\">Grandes ausentes en el encuentro del peronismo federal<\/h2>\n<p id=\"p-1777406509180-89639\">Son parte de la iniciativa los diputados nacionales <strong>Victoria Tolosa Paz (Buenos Aires), Guillermo Michel (Entre R\u00edos) y Emir F\u00e9lix (Mendoza), el intendente de Pilar Federico Achaval<\/strong>, el titular de la AGN y apoderado del PJ Juan Manuel Olmos, el senador nacional Marcelo Lewandowski (Santa Fe), el intendente de R\u00edo Grande Mart\u00edn P\u00e9rez, entre otros.<\/p>\n<p id=\"p-1777406509180-9312\">El dato m\u00e1s llamativo es que se evit\u00f3 convocar a todos aquellos que \u201cexpresaron sus deseos de ser candidatos o ya se inclinaron por alguno\u201d.<\/p>\n<p id=\"p-1777406509180-5905\">De esta forma, no estar\u00e1n referentes del kirchnerismo, ni de <strong>Axel Kicillof. <\/strong>Adem\u00e1s, no llamaron al Frente Renovador a este encuentro.<\/p>\n<p id=\"p-1777406509180-44486\">Tampoco estar\u00e1n el sanjuanino Sergio U\u00f1ac, el santiague\u00f1o Gerardo Zamora ni el riojano Ricardo Quintela. \u201cYa nos comunicamos con ellos para expresarles por qu\u00e9 era preferible que no est\u00e9n el viernes: queremos discutir ideas y que no se interprete que estamos impulsando a un candidato\u201d, expresaron.<\/p>\n<\/p><\/div>\n<\/div>\n<p><script async src=\"\/\/platform.twitter.com\/widgets.js\" charset=\"utf-8\"><\/script><script async defer crossorigin=\"anonymous\" src=\"https:\/\/connect.facebook.net\/es_ES\/sdk.js\"><\/script><script>(function(d, s, id) {\n      var js, fjs = d.getElementsByTagName(s)[0];\n      if (d.getElementById(id)) return;\n      js = d.createElement(s); js.id = id;\n      js.src = \"\/\/connect.facebook.net\/en_GB\/sdk.js#xfbml=1&version=v2.8\";\n      fjs.parentNode.insertBefore(js, fjs);\n    }(document, 'script', 'facebook-jssdk'));<\/script><br \/><\/p>\n","protected":false},"excerpt":{"rendered":"<p> Sin referentes del kirchnerismo, de Axel Kicillof y del Frente Reovador, mil dirigentes de distintos puntos del pa\u00eds comienzan a definir una estrategia com\u00fan.<\/p>\n","protected":false},"author":1,"featured_media":8411,"comment_status":"open","ping_status":"open","sticky":false,"template":"","format":"standard","meta":{"footnotes":""},"categories":[1],"tags":[4,2],"class_list":["post-8409","post","type-post","status-publish","format-standard","has-post-thumbnail","hentry","category-uncategorized","tag-entre-rios","tag-guillermo-michel"],"_links":{"self":[{"href":"https:\/\/cliente1.publisher.highstack.com.ar\/index.php?rest_route=\/wp\/v2\/posts\/8409","targetHints":{"allow":["GET"]}}],"collection":[{"href":"https:\/\/cliente1.publisher.highstack.com.ar\/index.php?rest_route=\/wp\/v2\/posts"}],"about":[{"href":"https:\/\/cliente1.publisher.highstack.com.ar\/index.php?rest_route=\/wp\/v2\/types\/post"}],"author":[{"embeddable":true,"href":"https:\/\/cliente1.publisher.highstack.com.ar\/index.php?rest_route=\/wp\/v2\/users\/1"}],"replies":[{"embeddable":true,"href":"https:\/\/cliente1.publisher.highstack.com.ar\/index.php?rest_route=%2Fwp%2Fv2%2Fcomments&post=8409"}],"version-history":[{"count":1,"href":"https:\/\/cliente1.publisher.highstack.com.ar\/index.php?rest_route=\/wp\/v2\/posts\/8409\/revisions"}],"predecessor-version":[{"id":8410,"href":"https:\/\/cliente1.publisher.highstack.com.ar\/index.php?rest_route=\/wp\/v2\/posts\/8409\/revisions\/8410"}],"wp:featuredmedia":[{"embeddable":true,"href":"https:\/\/cliente1.publisher.highstack.com.ar\/index.php?rest_route=\/wp\/v2\/media\/8411"}],"wp:attachment":[{"href":"https:\/\/cliente1.publisher.highstack.com.ar\/index.php?rest_route=%2Fwp%2Fv2%2Fmedia&parent=8409"}],"wp:term":[{"taxonomy":"category","embeddable":true,"href":"https:\/\/cliente1.publisher.highstack.com.ar\/index.php?rest_route=%2Fwp%2Fv2%2Fcategories&post=8409"},{"taxonomy":"post_tag","embeddable":true,"href":"https:\/\/cliente1.publisher.highstack.com.ar\/index.php?rest_route=%2Fwp%2Fv2%2Ftags&post=8409"}],"curies":[{"name":"wp","href":"https:\/\/api.w.org\/{rel}","templated":true}]}}