{"id":8407,"date":"2026-04-28T20:02:05","date_gmt":"2026-04-28T23:02:05","guid":{"rendered":"https:\/\/cliente1.publisher.highstack.com.ar\/?p=8407"},"modified":"2026-04-28T20:02:05","modified_gmt":"2026-04-28T23:02:05","slug":"fernando-marull-explico-como-la-ruptura-de-emiratos-arabes-unidos-con-la-opep-impacta-en-el-precio-de-la-nafta-en-argentinaen-dialogo-con-infobae-al-regreso-el-economista-analizo-el-efecto-global-de","status":"publish","type":"post","link":"https:\/\/cliente1.publisher.highstack.com.ar\/?p=8407","title":{"rendered":"Fernando Marull explic\u00f3 c\u00f3mo la ruptura de Emiratos \u00c1rabes Unidos con la OPEP impacta en el precio de la nafta en ArgentinaEn di\u00e1logo con Infobae al Regreso, el economista analiz\u00f3 el efecto global de la decisi\u00f3n de Emiratos \u00c1rabes Unidos y explic\u00f3 por qu\u00e9 los argentinos pagan hoy valores internacionales en los combustiblesPor Nicol\u00e1s Sturtz"},"content":{"rendered":"<div class=\"jwplayer-ctn\"><script src=\"https:\/\/census-web.scorecardresearch.com\/plugins\/streaming-jwplayer\/v2\/current.js\"><\/script><\/p>\n<div>\n<div id=\"VBULGG762RBZFJ2OKDFYETMISQ-custom_embed0\"><\/div>\n<\/div><figcaption class=\"jwplayer-figcaption\">Los argentinos pagan actualmente precios internacionales por la nafta, seg\u00fan destaca el economista Fernando Marull<\/figcaption><\/div>\n<p class=\"paragraph\">En una entrevista exclusiva en <a href=\"https:\/\/www.infobae.com\/tag\/infobae-al-regreso\/\" target=\"_blank\" rel=\"noreferrer\" title=\"https:\/\/www.infobae.com\/tag\/infobae-al-regreso\/\"><b>Infobae al Regreso<\/b><\/a>, el economista Fernando Marull analiz\u00f3 <a href=\"https:\/\/www.infobae.com\/america\/mundo\/2026\/04\/28\/por-que-emiratos-arabes-unidos-se-retira-de-la-opep-como-parte-de-una-estrategia-mas-amplia-de-autonomia\/\" target=\"_blank\" rel=\"noreferrer\" title=\"https:\/\/www.infobae.com\/america\/mundo\/2026\/04\/28\/por-que-emiratos-arabes-unidos-se-retira-de-la-opep-como-parte-de-una-estrategia-mas-amplia-de-autonomia\/\"><b>la decisi\u00f3n de Emiratos \u00c1rabes Unidos de abandonar la OPEP<\/b><\/a> y anticip\u00f3 que ese cambio puede influir en los precios internacionales del petr\u00f3leo, en un contexto global tensionado por el bloqueo del <a href=\"https:\/\/www.infobae.com\/tag\/estrecho-de-ormuz\/\" target=\"_blank\" rel=\"noreferrer\" title=\"https:\/\/www.infobae.com\/tag\/estrecho-de-ormuz\/\"><b>estrecho de Ormuz<\/b><\/a>.<\/p>\n<p class=\"paragraph\">En una charla con el equipo de Infobae al Regreso, integrado por Gonzalo Aziz, Diego Iglesias, Malena de los R\u00edos, Mat\u00edas Barber\u00eda y Mica Mendelevich, la noticia fue presentada como <b>un \u201csacud\u00f3n\u201d para la regi\u00f3n petrolera<\/b>. El panel subray\u00f3 que Emiratos \u00c1rabes Unidos, tercer productor del c\u00e1rtel, opt\u00f3 por irse tras a\u00f1os de tensiones internas por las cuotas de producci\u00f3n y con el trasfondo del bloqueo mar\u00edtimo en Ormuz, un punto clave para el flujo global de crudo.<\/p>\n<div class=\"inline ad-wrapper dfpAd ad-inline ad-text ad-component-container\" style=\"--ad-shell-height:250px;--ad-shell-width:300px\" data-ad-wrapper=\"arcad\" data-ad-type=\"inline\" data-ad-slot=\"infobae\/economia\/nota\/inline\" data-ad-container=\"dfp\" data-ad-slot-name=\"infobae\/economia\/nota\/inline\">\n<p class=\"ad-shell-label\">PUBLICIDAD<\/p>\n<div id=\"infobae\/economia\/nota\/inline\" class=\"infobae\/economia\/nota\/inline arcad ad-slot-node ad-slot-node--boxed\" data-ad-slot-id=\"infobae\/economia\/nota\/inline\"><\/div>\n<\/div>\n<div class=\"streaming-feed streaming-feed-powerup\">\n<p class=\"streaming-feed-title\">Nueva Programaci\u00f3n<\/p>\n<div class=\"streaming-feed-slider\"><svg class=\"prev-arrow prev-slider-sf-22342176-41d1-4a41-bbb9-3c2f506eea66\" viewbox=\"0 0 50 50\" xmlns=\"http:\/\/www.w3.org\/2000\/svg\"><g transform=\"translate(.159 .327)\"><circle cx=\"25\" cy=\"25\" r=\"25\" fill=\"#fff\" style=\"isolation:isolate;opacity:0.89\"><\/circle><path d=\"M28.09 13.71a1.426 1.426 0 0 1 .96 2.48l-9.55 8.78 9.55 8.78c.58.53.62 1.44.09 2.02-.54.58-1.44.62-2.02.09l-10.69-9.83c-.29-.27-.46-.65-.46-1.05s.17-.78.46-1.05l10.69-9.83c.27-.25.62-.38.97-.38Z\" fill=\"#3b3b3b\"><\/path><\/g><\/svg><\/p>\n<div class=\"swiper\">\n<div class=\"swiper-wrapper\">\n<div class=\"swiper-slide streaming-feed-slide\"><a class=\"streaming-feed-card\" href=\"https:\/\/www.youtube.com\/@Infobae\" target=\"_blank\" rel=\"noopener noreferrer\"><img alt=\"streaming-image\" class=\"streaming-feed-card-image\" decoding=\"auto\" fetchpriority=\"low\" loading=\"lazy\" src=\"https:\/\/www.infobae.com\/resizer\/v2\/YDYIWXRF4FEVVNHPOA7LF3YDXA.png?auth=3f092edca7a56a9b6ec277bcecc898433dbaed898d5824790bccc739588cd7c8\"><\/p>\n<div class=\"streaming-feed-card-content\">\n<p class=\"streaming-feed-card-title\">INFOBAE AL AMANECER<\/p>\n<p class=\"streaming-feed-card-description\">Infobae En Vivo inicia su jornada con una primera edici\u00f3n informativa pensada para arrancar el d\u00eda bien informado. Un espacio \u00e1gil y plural, con las noticias clave de la ma\u00f1ana, an\u00e1lisis temprano y contexto para anticipar la agenda del d\u00eda.<\/p>\n<p class=\"streaming-feed-card-schedule\">De Lun a Vie 10 a 12 hs<\/p>\n<\/div>\n<p><\/a><\/div>\n<div class=\"swiper-slide streaming-feed-slide\"><a class=\"streaming-feed-card\" href=\"https:\/\/www.youtube.com\/@Infobae\" target=\"_blank\" rel=\"noopener noreferrer\"><img alt=\"streaming-image\" class=\"streaming-feed-card-image\" decoding=\"auto\" fetchpriority=\"low\" loading=\"lazy\" src=\"https:\/\/www.infobae.com\/resizer\/v2\/J6FOZY4QKZHRRI4YGGQCG3WWPA.png?auth=a21d17528ba5cb775b32e68980de2cfc03021664949b235e2d678e2a27f192a7\"><\/p>\n<div class=\"streaming-feed-card-content\">\n<p class=\"streaming-feed-card-title\">INFOBAE A LAS NUEVE<\/p>\n<p class=\"streaming-feed-card-description\">La edici\u00f3n am abordar\u00e1 la informaci\u00f3n que define el d\u00eda, en un formato \u00e1gil que atrapa a la audiencia.<\/p>\n<p class=\"streaming-feed-card-schedule\">De Lun a Vie 12 a 15 hs<\/p>\n<\/div>\n<p><\/a><\/div>\n<div class=\"swiper-slide streaming-feed-slide\"><a class=\"streaming-feed-card\" href=\"https:\/\/www.youtube.com\/@Infobae\" target=\"_blank\" rel=\"noopener noreferrer\"><img alt=\"streaming-image\" class=\"streaming-feed-card-image\" decoding=\"auto\" fetchpriority=\"low\" loading=\"lazy\" src=\"https:\/\/www.infobae.com\/resizer\/v2\/7OCB73OBF5CCNGT4BSPIPOSKQE.png?auth=573ea9cf95fa2e04247a1d6e62a635b74b612e11246d5b9b4e4c40cd4996e691\"><\/p>\n<div class=\"streaming-feed-card-content\">\n<p class=\"streaming-feed-card-title\">INFOBAE AL MEDIOD\u00cdA<\/p>\n<p class=\"streaming-feed-card-description\">La edici\u00f3n del mediod\u00eda propone una mirada amplia de la actualidad, con contenidos diversos, foco internacional y el respaldo de las redacciones de Infobae en el mundo.<\/p>\n<p class=\"streaming-feed-card-schedule\">De Lun a Vie 15 a 18 hs<\/p>\n<\/div>\n<p><\/a><\/div>\n<div class=\"swiper-slide streaming-feed-slide\"><a class=\"streaming-feed-card\" href=\"https:\/\/www.youtube.com\/@Infobae\" target=\"_blank\" rel=\"noopener noreferrer\"><img alt=\"streaming-image\" class=\"streaming-feed-card-image\" decoding=\"auto\" fetchpriority=\"low\" loading=\"lazy\" src=\"https:\/\/www.infobae.com\/resizer\/v2\/UIRLFN4CTZBJ5OK7BHQHPOAQMI.png?auth=504d631b6dbc42d9a7efdb0ed2658616679575e57b56059b777e5b2e5a838c92\"><\/p>\n<div class=\"streaming-feed-card-content\">\n<p class=\"streaming-feed-card-title\">INFOBAE A LA TARDE<\/p>\n<p class=\"streaming-feed-card-description\">La edici\u00f3n de la tarde propone un espacio de an\u00e1lisis y debate sobre los temas que marcan la agenda del d\u00eda, con un enfoque din\u00e1mico, elocuente y profundo.<\/p>\n<p class=\"streaming-feed-card-schedule\">De Lun a Vie 18 a 21 hs<\/p>\n<\/div>\n<p><\/a><\/div>\n<div class=\"swiper-slide streaming-feed-slide\"><a class=\"streaming-feed-card in-stream\" href=\"https:\/\/www.youtube.com\/@Infobae\" target=\"_blank\" rel=\"noopener noreferrer\"><img alt=\"streaming-image\" class=\"streaming-feed-card-image\" decoding=\"auto\" fetchpriority=\"low\" loading=\"lazy\" src=\"https:\/\/www.infobae.com\/resizer\/v2\/74XNX45OL5GYXIQFH3EKCODQUI.png?auth=cf05033654359b754eed9c9742064e31ef7d5ddd15f6077e2d00af964476875e\"><\/p>\n<div class=\"streaming-feed-card-content\">\n<p class=\"streaming-feed-card-title\">INFOBAE AL REGRESO<\/p>\n<p class=\"streaming-feed-card-description\">La edici\u00f3n PM se centra en el an\u00e1lisis pol\u00edtico de la jornada, con contexto, debate y las claves de la agenda del d\u00eda siguiente.<\/p>\n<p class=\"streaming-feed-card-schedule\">De Lun a Vie 21 a 0 hs<\/p>\n<\/div>\n<p><\/a><\/div>\n<div class=\"swiper-slide streaming-feed-slide\"><a class=\"streaming-feed-card\" href=\"https:\/\/www.youtube.com\/@Infobae\" target=\"_blank\" rel=\"noopener noreferrer\"><img alt=\"streaming-image\" class=\"streaming-feed-card-image\" decoding=\"auto\" fetchpriority=\"low\" loading=\"lazy\" src=\"https:\/\/www.infobae.com\/resizer\/v2\/SNT34ZF4PFFZRPH4D5Q5HB6DBQ.png?auth=4df6862f4cc8b56ed2002f5d05755d47ea9da2668983c75e1466d803eda6239a\"><\/p>\n<div class=\"streaming-feed-card-content\">\n<p class=\"streaming-feed-card-title\">INFOBAE A LA NOCHE<\/p>\n<p class=\"streaming-feed-card-description\">A partir de las 21hs y hasta las 7am, inicia Infobae de Noche, una propuesta musical que completa la grilla y acompa\u00f1a a la audiencia.<\/p>\n<p class=\"streaming-feed-card-schedule\">De Lun a Dom 0 a 10 hs<\/p>\n<\/div>\n<p><\/a><\/div>\n<\/div>\n<\/div>\n<p><svg class=\"next-arrow next-slider-sf-22342176-41d1-4a41-bbb9-3c2f506eea66\" viewbox=\"0 0 50 50\" xmlns=\"http:\/\/www.w3.org\/2000\/svg\"><g transform=\"translate(.159 .327)\"><circle cx=\"25\" cy=\"25\" r=\"25\" fill=\"#fff\" style=\"isolation:isolate;opacity:0.89\"><\/circle><path d=\"M21.91 36.29a1.426 1.426 0 0 1-.96-2.48l9.55-8.78-9.55-8.78c-.58-.53-.62-1.44-.09-2.02.54-.58 1.44-.62 2.02-.09l10.69 9.83c.29.27.46.65.46 1.05s-.17.78-.46 1.05L22.88 35.9c-.27.25-.62.38-.97.38Z\" fill=\"#3b3b3b\"><\/path><\/g><\/svg><\/div>\n<\/div>\n<h2 class=\"text-align-left vertical-align-top line-height-100 header headline-class-h2 headline\" id=\"emiratos-arabes-unidos-desafia-a-la-opep-y-reconfigura-el-tablero-petrolero\">Emiratos \u00c1rabes Unidos desaf\u00eda a la OPEP y reconfigura el tablero petrolero<\/h2>\n<p class=\"paragraph\">Mat\u00edas Barber\u00eda explic\u00f3: \u201cEmiratos \u00c1rabes es el tercer productor del bloque de la OPEP. Es un c\u00e1rtel, un grupo de productores de petr\u00f3leo que se ponen de acuerdo entre ellos cu\u00e1nto producir y cu\u00e1nto sacar al mercado para calibrar los precios\u201d.<\/p>\n<div class=\"visual__image\"><picture><source srcset=\"https:\/\/www.infobae.com\/resizer\/v2\/GD5JDOYDKJBJJO777NCMKPY4LQ.jpg?auth=1365f343cb54b20c360e4e8916a527ad0f9d0922e2555ff8b55d5d527a9acd44&amp;smart=true&amp;width=992&amp;height=663&amp;quality=85\" media=\"(min-width: 1000px)\"><\/source><source srcset=\"https:\/\/www.infobae.com\/resizer\/v2\/GD5JDOYDKJBJJO777NCMKPY4LQ.jpg?auth=1365f343cb54b20c360e4e8916a527ad0f9d0922e2555ff8b55d5d527a9acd44&amp;smart=true&amp;width=768&amp;height=514&amp;quality=85\" media=\"(min-width: 768px)\"><\/source><source srcset=\"https:\/\/www.infobae.com\/resizer\/v2\/GD5JDOYDKJBJJO777NCMKPY4LQ.jpg?auth=1365f343cb54b20c360e4e8916a527ad0f9d0922e2555ff8b55d5d527a9acd44&amp;smart=true&amp;width=577&amp;height=386&amp;quality=85\" media=\"(min-width: 580px)\"><\/source><source srcset=\"https:\/\/www.infobae.com\/resizer\/v2\/GD5JDOYDKJBJJO777NCMKPY4LQ.jpg?auth=1365f343cb54b20c360e4e8916a527ad0f9d0922e2555ff8b55d5d527a9acd44&amp;smart=true&amp;width=420&amp;height=281&amp;quality=85\" media=\"(min-width: 350px)\"><\/source><source srcset=\"https:\/\/www.infobae.com\/resizer\/v2\/GD5JDOYDKJBJJO777NCMKPY4LQ.jpg?auth=1365f343cb54b20c360e4e8916a527ad0f9d0922e2555ff8b55d5d527a9acd44&amp;smart=true&amp;width=350&amp;height=234&amp;quality=85\" media=\"(min-width: 80px)\"><\/source><img alt=\"Emiratos \u00c1rabes Unidos abandona la OPEP y reconfigura el panorama global del petr\u00f3leo, impactando en los precios internacionales (Europa Press)\" class=\"global-image\" decoding=\"async\" fetchpriority=\"low\" height=\"1284\" loading=\"lazy\" src=\"https:\/\/www.infobae.com\/resizer\/v2\/GD5JDOYDKJBJJO777NCMKPY4LQ.jpg?auth=1365f343cb54b20c360e4e8916a527ad0f9d0922e2555ff8b55d5d527a9acd44&amp;smart=true&amp;width=350&amp;height=234&amp;quality=85\" width=\"1920\"><\/picture><\/div>\n<p class=\"paragraph\">Detall\u00f3 que la salida formal de Emiratos se produce luego de disputas por los l\u00edmites de producci\u00f3n: <b>\u201cYa no me garpa esto\u201d<\/b>, sintetiz\u00f3 sobre la postura del pa\u00eds \u00e1rabe. Arabia Saudita, principal potencia del grupo, rechaz\u00f3 aumentar las cuotas y eso precipit\u00f3 la ruptura.<\/p>\n<div class=\"inline_2 ad-wrapper dfpAd ad-inline ad-text ad-component-container\" style=\"--ad-shell-height:250px;--ad-shell-width:300px\" data-ad-wrapper=\"arcad\" data-ad-type=\"inline_2\" data-ad-slot=\"infobae\/economia\/nota\/inline_2\" data-ad-container=\"dfp\" data-ad-slot-name=\"infobae\/economia\/nota\/inline_2\">\n<p class=\"ad-shell-label\">PUBLICIDAD<\/p>\n<div id=\"infobae\/economia\/nota\/inline_2\" class=\"infobae\/economia\/nota\/inline_2 arcad ad-slot-node ad-slot-node--boxed\" data-ad-slot-id=\"infobae\/economia\/nota\/inline_2\"><\/div>\n<\/div>\n<p class=\"paragraph\">Seg\u00fan Barber\u00eda, la decisi\u00f3n impactar\u00e1 en el equilibrio global: <b>\u201cSi este gran productor se sale del c\u00e1rtel y empieza a aumentar su inyecci\u00f3n de petr\u00f3leo al mercado, puede impulsar para abajo los precios. Esto es un golazo para Trump, hoy por hoy, en este contexto\u201d<\/b>. Aunque aclar\u00f3: \u201cEl bloqueo del estrecho de Ormuz hace que esto, en lo inmediato, no vaya a tener efecto directo en los precios. Esto es para el despu\u00e9s, el postconflicto en Ir\u00e1n\u201d.<\/p>\n<h2 class=\"text-align-left vertical-align-top line-height-100 header headline-class-h2 headline\" id=\"el-efecto-ormuz-y-la-mirada-de-los-mercados-internacionales\">El efecto Ormuz y la mirada de los mercados internacionales<\/h2>\n<p class=\"paragraph\">El analista Fernando Marull aport\u00f3 su visi\u00f3n desde la econom\u00eda argentina: <b>\u201cEsto, como dec\u00eda reci\u00e9n el compa\u00f1ero, se va a ver posiblemente en el mediano plazo. Ahora estamos mirando el precio del petr\u00f3leo, el sube y baja que venimos teniendo hace dos meses\u201d<\/b>.<\/p>\n<div class=\"ad_1 ad-wrapper dfpAd ad-1-al-6 ad-text ad-component-container\" style=\"--ad-shell-height:250px;--ad-shell-width:300px\" data-ad-wrapper=\"arcad\" data-ad-type=\"ad_1\" data-ad-slot=\"infobae\/economia\/nota\/ad_1\" data-ad-container=\"dfp\" data-ad-slot-name=\"infobae\/economia\/nota\/ad_1\">\n<p class=\"ad-shell-label\">PUBLICIDAD<\/p>\n<div id=\"infobae\/economia\/nota\/ad_1\" class=\"infobae\/economia\/nota\/ad_1 arcad ad-slot-node ad-slot-node--boxed\" data-ad-slot-id=\"infobae\/economia\/nota\/ad_1\"><\/div>\n<\/div>\n<p class=\"paragraph\">Marull describi\u00f3 que los mercados financieros ya descuentan una posible salida de la guerra en la regi\u00f3n:<b> \u201cMe parece que el mercado, al menos por c\u00f3mo viene operando en las \u00faltimas semanas, es como que ya est\u00e1 descontado que la guerra se termina en breve\u201d<\/b>.<\/p>\n<div class=\"visual__image\"><picture><source srcset=\"https:\/\/www.infobae.com\/resizer\/v2\/NVICL5JX5ZEWNNKKWXUHJOVAFA.JPG?auth=bae573b13ff01888d1ee88268a20cd76eace6a6f9a58a3fa56315ea932f681bc&amp;smart=true&amp;width=992&amp;height=661&amp;quality=85\" media=\"(min-width: 1000px)\"><\/source><source srcset=\"https:\/\/www.infobae.com\/resizer\/v2\/NVICL5JX5ZEWNNKKWXUHJOVAFA.JPG?auth=bae573b13ff01888d1ee88268a20cd76eace6a6f9a58a3fa56315ea932f681bc&amp;smart=true&amp;width=768&amp;height=512&amp;quality=85\" media=\"(min-width: 768px)\"><\/source><source srcset=\"https:\/\/www.infobae.com\/resizer\/v2\/NVICL5JX5ZEWNNKKWXUHJOVAFA.JPG?auth=bae573b13ff01888d1ee88268a20cd76eace6a6f9a58a3fa56315ea932f681bc&amp;smart=true&amp;width=577&amp;height=384&amp;quality=85\" media=\"(min-width: 580px)\"><\/source><source srcset=\"https:\/\/www.infobae.com\/resizer\/v2\/NVICL5JX5ZEWNNKKWXUHJOVAFA.JPG?auth=bae573b13ff01888d1ee88268a20cd76eace6a6f9a58a3fa56315ea932f681bc&amp;smart=true&amp;width=420&amp;height=280&amp;quality=85\" media=\"(min-width: 350px)\"><\/source><source srcset=\"https:\/\/www.infobae.com\/resizer\/v2\/NVICL5JX5ZEWNNKKWXUHJOVAFA.JPG?auth=bae573b13ff01888d1ee88268a20cd76eace6a6f9a58a3fa56315ea932f681bc&amp;smart=true&amp;width=350&amp;height=233&amp;quality=85\" media=\"(min-width: 80px)\"><\/source><img alt=\"La decisi\u00f3n de Emiratos \u00c1rabes responde a a\u00f1os de tensiones sobre las cuotas de producci\u00f3n y al bloqueo del estrat\u00e9gico estrecho de Ormuz (REUTERS\/Dado Ruvic\/Ilustraci\u00f3n\/Archivo)\" class=\"global-image\" decoding=\"async\" fetchpriority=\"low\" height=\"533\" loading=\"lazy\" src=\"https:\/\/www.infobae.com\/resizer\/v2\/NVICL5JX5ZEWNNKKWXUHJOVAFA.JPG?auth=bae573b13ff01888d1ee88268a20cd76eace6a6f9a58a3fa56315ea932f681bc&amp;smart=true&amp;width=350&amp;height=233&amp;quality=85\" width=\"800\"><\/picture><\/div>\n<p class=\"paragraph\">Sobre el impacto en los precios internos, Marull puntualiz\u00f3: <b>\u201cLa nafta s\u00faper, que es la que uno est\u00e1 monitoreando, 2.100 pesos, para un barril de 100 d\u00f3lares est\u00e1 ok, pero en donde el barril empiece a bajar es como que qued\u00f3 un poco alta\u201d<\/b>.<\/p>\n<div class=\"ad_2 ad-wrapper dfpAd ad-1-al-6 ad-text ad-component-container\" style=\"--ad-shell-height:250px;--ad-shell-width:300px\" data-ad-wrapper=\"arcad\" data-ad-type=\"ad_2\" data-ad-slot=\"infobae\/economia\/nota\/ad_2\" data-ad-container=\"dfp\" data-ad-slot-name=\"infobae\/economia\/nota\/ad_2\">\n<p class=\"ad-shell-label\">PUBLICIDAD<\/p>\n<div id=\"infobae\/economia\/nota\/ad_2\" class=\"infobae\/economia\/nota\/ad_2 arcad ad-slot-node ad-slot-node--boxed\" data-ad-slot-id=\"infobae\/economia\/nota\/ad_2\"><\/div>\n<\/div>\n<p class=\"paragraph\">Se\u00f1al\u00f3 que, en este contexto, <b>\u201csi se descomprime la guerra, eventualmente, por ah\u00ed no a YPF que se comprometi\u00f3 a mantener la nafta tantos d\u00edas\u201d<\/b>, aunque el resto de las petroleras podr\u00edan modificar los precios.<\/p>\n<h2 class=\"text-align-left vertical-align-top line-height-100 header headline-class-h2 headline\" id=\"argentina-ante-los-precios-internacionales-y-el-desafio-de-la-energia-subsidiada\">Argentina ante los precios internacionales y el desaf\u00edo de la energ\u00eda subsidiada<\/h2>\n<p class=\"paragraph\">Consultado sobre la conveniencia de que existan precios internacionales para los combustibles, Marull fue tajante: <b>\u201cEs la primera vez en 25 a\u00f1os que pag\u00e1s el precio internacional. Y se fundieron todas las estaciones de servicio, se fundi\u00f3 el sector energ\u00e9tico\u201d<\/b>.<\/p>\n<div class=\"ad_3 ad-wrapper dfpAd ad-1-al-6 ad-text ad-component-container\" style=\"--ad-shell-height:250px;--ad-shell-width:300px\" data-ad-wrapper=\"arcad\" data-ad-type=\"ad_3\" data-ad-slot=\"infobae\/economia\/nota\/ad_3\" data-ad-container=\"dfp\" data-ad-slot-name=\"infobae\/economia\/nota\/ad_3\">\n<p class=\"ad-shell-label\">PUBLICIDAD<\/p>\n<div id=\"infobae\/economia\/nota\/ad_3\" class=\"infobae\/economia\/nota\/ad_3 arcad ad-slot-node ad-slot-node--boxed\" data-ad-slot-id=\"infobae\/economia\/nota\/ad_3\"><\/div>\n<\/div>\n<div class=\"visual__image\"><picture><source srcset=\"https:\/\/www.infobae.com\/resizer\/v2\/MPHX6GQEMBC33HE7ZSKNKDJXJ4.png?auth=54fba21e61586d3b19c91e34176fe544e41c9f682b1be73f86d52e88a28f2a06&amp;smart=true&amp;width=992&amp;height=518&amp;quality=85\" media=\"(min-width: 1000px)\"><\/source><source srcset=\"https:\/\/www.infobae.com\/resizer\/v2\/MPHX6GQEMBC33HE7ZSKNKDJXJ4.png?auth=54fba21e61586d3b19c91e34176fe544e41c9f682b1be73f86d52e88a28f2a06&amp;smart=true&amp;width=768&amp;height=401&amp;quality=85\" media=\"(min-width: 768px)\"><\/source><source srcset=\"https:\/\/www.infobae.com\/resizer\/v2\/MPHX6GQEMBC33HE7ZSKNKDJXJ4.png?auth=54fba21e61586d3b19c91e34176fe544e41c9f682b1be73f86d52e88a28f2a06&amp;smart=true&amp;width=577&amp;height=301&amp;quality=85\" media=\"(min-width: 580px)\"><\/source><source srcset=\"https:\/\/www.infobae.com\/resizer\/v2\/MPHX6GQEMBC33HE7ZSKNKDJXJ4.png?auth=54fba21e61586d3b19c91e34176fe544e41c9f682b1be73f86d52e88a28f2a06&amp;smart=true&amp;width=420&amp;height=219&amp;quality=85\" media=\"(min-width: 350px)\"><\/source><source srcset=\"https:\/\/www.infobae.com\/resizer\/v2\/MPHX6GQEMBC33HE7ZSKNKDJXJ4.png?auth=54fba21e61586d3b19c91e34176fe544e41c9f682b1be73f86d52e88a28f2a06&amp;smart=true&amp;width=350&amp;height=183&amp;quality=85\" media=\"(min-width: 80px)\"><\/source><img alt=\"Fernando Marull (Infobae en Vivo)\" class=\"global-image\" decoding=\"async\" fetchpriority=\"low\" height=\"536\" loading=\"lazy\" src=\"https:\/\/www.infobae.com\/resizer\/v2\/MPHX6GQEMBC33HE7ZSKNKDJXJ4.png?auth=54fba21e61586d3b19c91e34176fe544e41c9f682b1be73f86d52e88a28f2a06&amp;smart=true&amp;width=350&amp;height=183&amp;quality=85\" width=\"1027\"><\/picture><\/div>\n<p class=\"paragraph\">Relat\u00f3 la experiencia de las ciudades fronterizas: \u201cPonerle cepo a otro pa\u00eds que te ven\u00eda a arrasar las estaciones de servicio porque val\u00eda 30 centavos de d\u00f3lar&#8230; eso te llev\u00f3 a subsidios, de defender el bolsillo de los argentinos, y termin\u00e1bamos fundidos todos nosotros\u201d.<\/p>\n<p class=\"paragraph\">Frente al peso de la nafta en la inflaci\u00f3n, Marull precis\u00f3: <b>\u201cEn t\u00e9rminos de inflaci\u00f3n habr\u00e1 sido 0,3, 0,4 de inflaci\u00f3n de marzo. Porque lo que gastamos los argentinos en nafta es m\u00e1s o menos directamente el 3% de lo que gastamos mensualmente, el 3% de nuestros gastos\u201d<\/b>. Y agreg\u00f3: \u201cEs un tercio de lo que gastamos en carne, o en luz gastamos menos que en nafta. Porque la luz sigue muy subsidiada todav\u00eda\u201d.<\/p>\n<div class=\"ad_4 ad-wrapper dfpAd ad-1-al-6 ad-text ad-component-container\" style=\"--ad-shell-height:250px;--ad-shell-width:300px\" data-ad-wrapper=\"arcad\" data-ad-type=\"ad_4\" data-ad-slot=\"infobae\/economia\/nota\/ad_4\" data-ad-container=\"dfp\" data-ad-slot-name=\"infobae\/economia\/nota\/ad_4\">\n<p class=\"ad-shell-label\">PUBLICIDAD<\/p>\n<div id=\"infobae\/economia\/nota\/ad_4\" class=\"infobae\/economia\/nota\/ad_4 arcad ad-slot-node ad-slot-node--boxed\" data-ad-slot-id=\"infobae\/economia\/nota\/ad_4\"><\/div>\n<\/div>\n<p class=\"paragraph\">El economista concluy\u00f3 que la clave est\u00e1 en el gas: \u201cHoy est\u00e1 toda la matriz energ\u00e9tica usando un gas de tres d\u00f3lares y medio, cuando and\u00e1 a importar, los europeos est\u00e1n pagando veinte d\u00f3lares\u201d.<\/p>\n<p class=\"paragraph\">&#8212;<\/p>\n<div class=\"ad_5 ad-wrapper dfpAd ad-1-al-6 ad-text ad-component-container\" style=\"--ad-shell-height:250px;--ad-shell-width:300px\" data-ad-wrapper=\"arcad\" data-ad-type=\"ad_5\" data-ad-slot=\"infobae\/economia\/nota\/ad_5\" data-ad-container=\"dfp\" data-ad-slot-name=\"infobae\/economia\/nota\/ad_5\">\n<p class=\"ad-shell-label\">PUBLICIDAD<\/p>\n<div id=\"infobae\/economia\/nota\/ad_5\" class=\"infobae\/economia\/nota\/ad_5 arcad ad-slot-node ad-slot-node--boxed\" data-ad-slot-id=\"infobae\/economia\/nota\/ad_5\"><\/div>\n<\/div>\n<p class=\"paragraph\"><b>Infobae <\/b>te acompa\u00f1a cada d\u00eda en YouTube con entrevistas, an\u00e1lisis y la informaci\u00f3n m\u00e1s destacada, en un formato cercano y din\u00e1mico.<\/p>\n<p class=\"paragraph\">\u2022 De 7 a 9: <b>Infobae al Amanecer<\/b>: Nacho Giron, Luciana Rubinska y Bel\u00e9n Escobar.<\/p>\n<div class=\"ad_6 ad-wrapper dfpAd ad-1-al-6 ad-text ad-component-container\" style=\"--ad-shell-height:250px;--ad-shell-width:300px\" data-ad-wrapper=\"arcad\" data-ad-type=\"ad_6\" data-ad-slot=\"infobae\/economia\/nota\/ad_6\" data-ad-container=\"dfp\" data-ad-slot-name=\"infobae\/economia\/nota\/ad_6\">\n<p class=\"ad-shell-label\">PUBLICIDAD<\/p>\n<div id=\"infobae\/economia\/nota\/ad_6\" class=\"infobae\/economia\/nota\/ad_6 arcad ad-slot-node ad-slot-node--boxed\" data-ad-slot-id=\"infobae\/economia\/nota\/ad_6\"><\/div>\n<\/div>\n<p class=\"paragraph\">\u2022 De 9 a 12: <b>Infobae a las Nueve<\/b>: Gonzalo S\u00e1nchez, Tatiana Schapiro, Ram\u00f3n Indart y Cecilia Boufflet.<\/p>\n<p class=\"paragraph\">\u2022 De 12 a 15: <b>Infobae al Mediodia<\/b>: Maru Duffard, Andrei Serbin Pont, Jimena Grandinetti, Fede Mayol y Facundo Kablan.<\/p>\n<p class=\"paragraph\">\u2022 De 15 a 18: <b>Infobae a la Tarde<\/b>: Manu Jove, Maia Jastreblansky y Paula Guardia Bourdin; rotan en la semana Marcos Shaw, Lara L\u00f3pez Calvo y Tom\u00e1s Trap\u00e9<\/p>\n<p class=\"paragraph\">\u2022 De 18 a 21: <b>Infobae al Regreso<\/b>: Gonzalo Aziz, Diego Iglesias, Malena de los R\u00edos y Mat\u00edas Barber\u00eda; rotan en la semana Gustavo Lazzari, Mart\u00edn Tetaz y Mica Mendelevich<\/p>\n<p class=\"paragraph\">Seguinos en nuestro canal de <b>YouTube <\/b>@infobae.<\/p>\n","protected":false},"excerpt":{"rendered":"<p>Los argentinos pagan actualmente precios internacionales por la nafta, seg\u00fan destaca el economista Fernando Marull En una entrevista exclusiva en Infobae al Regreso, el economista Fernando Marull analiz\u00f3 la decisi\u00f3n de Emiratos \u00c1rabes Unidos de abandonar la OPEP y anticip\u00f3 que ese cambio puede influir en los precios internacionales del petr\u00f3leo, en un contexto global [&hellip;]<\/p>\n","protected":false},"author":1,"featured_media":8408,"comment_status":"open","ping_status":"open","sticky":false,"template":"","format":"standard","meta":{"footnotes":""},"categories":[1],"tags":[],"class_list":["post-8407","post","type-post","status-publish","format-standard","has-post-thumbnail","hentry","category-uncategorized"],"_links":{"self":[{"href":"https:\/\/cliente1.publisher.highstack.com.ar\/index.php?rest_route=\/wp\/v2\/posts\/8407","targetHints":{"allow":["GET"]}}],"collection":[{"href":"https:\/\/cliente1.publisher.highstack.com.ar\/index.php?rest_route=\/wp\/v2\/posts"}],"about":[{"href":"https:\/\/cliente1.publisher.highstack.com.ar\/index.php?rest_route=\/wp\/v2\/types\/post"}],"author":[{"embeddable":true,"href":"https:\/\/cliente1.publisher.highstack.com.ar\/index.php?rest_route=\/wp\/v2\/users\/1"}],"replies":[{"embeddable":true,"href":"https:\/\/cliente1.publisher.highstack.com.ar\/index.php?rest_route=%2Fwp%2Fv2%2Fcomments&post=8407"}],"version-history":[{"count":0,"href":"https:\/\/cliente1.publisher.highstack.com.ar\/index.php?rest_route=\/wp\/v2\/posts\/8407\/revisions"}],"wp:featuredmedia":[{"embeddable":true,"href":"https:\/\/cliente1.publisher.highstack.com.ar\/index.php?rest_route=\/wp\/v2\/media\/8408"}],"wp:attachment":[{"href":"https:\/\/cliente1.publisher.highstack.com.ar\/index.php?rest_route=%2Fwp%2Fv2%2Fmedia&parent=8407"}],"wp:term":[{"taxonomy":"category","embeddable":true,"href":"https:\/\/cliente1.publisher.highstack.com.ar\/index.php?rest_route=%2Fwp%2Fv2%2Fcategories&post=8407"},{"taxonomy":"post_tag","embeddable":true,"href":"https:\/\/cliente1.publisher.highstack.com.ar\/index.php?rest_route=%2Fwp%2Fv2%2Ftags&post=8407"}],"curies":[{"name":"wp","href":"https:\/\/api.w.org\/{rel}","templated":true}]}}