{"id":8403,"date":"2026-04-28T19:44:57","date_gmt":"2026-04-28T22:44:57","guid":{"rendered":"https:\/\/cliente1.publisher.highstack.com.ar\/?p=8403"},"modified":"2026-04-28T19:44:57","modified_gmt":"2026-04-28T22:44:57","slug":"va-a-estar-bueno-como-vive-manuel-adorni-las-ultimas-horas-antes-de-la-sesion-clave-en-diputadosel-jefe-de-gabinete-dice-estar-cansado-pero-preparado-para-hablar-en-la-camara-baja","status":"publish","type":"post","link":"https:\/\/cliente1.publisher.highstack.com.ar\/?p=8403","title":{"rendered":"\u201cVa a estar bueno\u201d: c\u00f3mo vive Manuel Adorni las \u00faltimas horas antes de la sesi\u00f3n clave en DiputadosEl jefe de Gabinete dice estar cansado, pero preparado para hablar en la C\u00e1mara baja. La estrategia que ide\u00f3 con la c\u00fapula del Gobierno y los \u00faltimos preparativos que hizo por estos d\u00edas"},"content":{"rendered":"<div class=\"visual__image image-initial-width\"><picture><source srcset=\"https:\/\/www.infobae.com\/resizer\/v2\/CHXREPFM6NCIXKNFQ4ERE5D26E.jpg?auth=e413331a97bfca5d8612c4f89c55aa5ec46f42f42d848e292f2e8a0132aff13b&amp;smart=true&amp;width=992&amp;height=661&amp;quality=85\" media=\"(min-width: 1000px)\"><\/source><source srcset=\"https:\/\/www.infobae.com\/resizer\/v2\/CHXREPFM6NCIXKNFQ4ERE5D26E.jpg?auth=e413331a97bfca5d8612c4f89c55aa5ec46f42f42d848e292f2e8a0132aff13b&amp;smart=true&amp;width=768&amp;height=512&amp;quality=85\" media=\"(min-width: 768px)\"><\/source><source srcset=\"https:\/\/www.infobae.com\/resizer\/v2\/CHXREPFM6NCIXKNFQ4ERE5D26E.jpg?auth=e413331a97bfca5d8612c4f89c55aa5ec46f42f42d848e292f2e8a0132aff13b&amp;smart=true&amp;width=577&amp;height=385&amp;quality=85\" media=\"(min-width: 580px)\"><\/source><source srcset=\"https:\/\/www.infobae.com\/resizer\/v2\/CHXREPFM6NCIXKNFQ4ERE5D26E.jpg?auth=e413331a97bfca5d8612c4f89c55aa5ec46f42f42d848e292f2e8a0132aff13b&amp;smart=true&amp;width=420&amp;height=280&amp;quality=85\" media=\"(min-width: 350px)\"><\/source><source srcset=\"https:\/\/www.infobae.com\/resizer\/v2\/CHXREPFM6NCIXKNFQ4ERE5D26E.jpg?auth=e413331a97bfca5d8612c4f89c55aa5ec46f42f42d848e292f2e8a0132aff13b&amp;smart=true&amp;width=350&amp;height=233&amp;quality=85\" media=\"(min-width: 80px)\"><\/source><img alt=\"Casa Rosada - Salida Adorni\" class=\"global-image\" decoding=\"async\" fetchpriority=\"high\" height=\"1280\" loading=\"eager\" src=\"https:\/\/www.infobae.com\/resizer\/v2\/CHXREPFM6NCIXKNFQ4ERE5D26E.jpg?auth=e413331a97bfca5d8612c4f89c55aa5ec46f42f42d848e292f2e8a0132aff13b&amp;smart=true&amp;width=350&amp;height=233&amp;quality=85\" width=\"1920\"><\/picture><\/div>\n<p class=\"paragraph\"><a rel=\"noopener noreferrer\" href=\"https:\/\/www.infobae.com\/politica\/2026\/04\/28\/cuando-habla-manuel-adorni-en-el-congreso-hora-transmision-en-vivo-y-que-se-sabe-sobre-el-informe-de-gestion-que-dara-el-jefe-de-gabinete\/\" target=\"_blank\" title=\"https:\/\/www.infobae.com\/politica\/2026\/04\/28\/cuando-habla-manuel-adorni-en-el-congreso-hora-transmision-en-vivo-y-que-se-sabe-sobre-el-informe-de-gestion-que-dara-el-jefe-de-gabinete\/\"><b>Manuel Adorni<\/b><\/a><b> est\u00e1 a horas de dar el primer Informe de Gesti\u00f3n<\/b> desde que es Jefe de Gabinete de Ministros. La sesi\u00f3n ya estaba establecida en el calendario meses antes, pero las casualidades de la vida hicieron que el funcionario no la pudiera cancelar ante los primeros reveses medi\u00e1ticos debido a que estas presentaciones tienen raigambre constitucional. As\u00ed, <b>ser\u00e1 un acontecimiento ineludible que lo someter\u00e1 al escrutinio p\u00fablico por primera vez <\/b>desde aquella conferencia de prensa en Casa Rosada realizada un mes atr\u00e1s.<\/p>\n<p class=\"paragraph\">El 29 de abril aparece en el calendario como una fecha clave desde el momento mismo en el que Adorni qued\u00f3 en el centro de la tormenta a partir de las diferentes revelaciones medi\u00e1ticas y judiciales. <b>Desde entonces se espera que hable en p\u00fablico, algo que evit\u00f3 por un largo tiempo<\/b>. <\/p>\n<div class=\"inline ad-wrapper dfpAd ad-inline ad-text ad-component-container\" style=\"--ad-shell-height:250px;--ad-shell-width:300px\" data-ad-wrapper=\"arcad\" data-ad-type=\"inline\" data-ad-slot=\"infobae\/politica\/nota\/inline\" data-ad-container=\"dfp\" data-ad-slot-name=\"infobae\/politica\/nota\/inline\">\n<p class=\"ad-shell-label\">PUBLICIDAD<\/p>\n<div id=\"infobae\/politica\/nota\/inline\" class=\"infobae\/politica\/nota\/inline arcad ad-slot-node ad-slot-node--boxed\" data-ad-slot-id=\"infobae\/politica\/nota\/inline\"><\/div>\n<\/div>\n<p class=\"paragraph\">Adorni le confes\u00f3 esta ma\u00f1ana a un interlocutor que sinti\u00f3 el rigor y el paso de estas semanas. De todas maneras, avisa que no est\u00e1 nervioso por la sesi\u00f3n de ma\u00f1ana. <b>\u201cEstoy cansado, pero no tengo nervios. Va a estar bueno lo de Diputados\u201d<\/b>, confiesa ante su fuero \u00edntimo.<\/p>\n<p class=\"paragraph\">La Jefatura de Gabinete envi\u00f3 este mismo maetes un archivo con las m\u00e1s de 2.100 respuestas sobre las consultas de los diputados nacionales, que son el resultante de un proceso de filtrado y aglomeraci\u00f3n de las 4.800 preguntas originales que se hab\u00edan hecho. Aquello fue comandado por los equipos t\u00e9cnicos que Adorni tiene en su \u00e1rea, quienes, a su vez, lo coordinaron con los dem\u00e1s ministerios y organismos estatales.<\/p>\n<div class=\"inline_2 ad-wrapper dfpAd ad-inline ad-text ad-component-container\" style=\"--ad-shell-height:250px;--ad-shell-width:300px\" data-ad-wrapper=\"arcad\" data-ad-type=\"inline_2\" data-ad-slot=\"infobae\/politica\/nota\/inline_2\" data-ad-container=\"dfp\" data-ad-slot-name=\"infobae\/politica\/nota\/inline_2\">\n<p class=\"ad-shell-label\">PUBLICIDAD<\/p>\n<div id=\"infobae\/politica\/nota\/inline_2\" class=\"infobae\/politica\/nota\/inline_2 arcad ad-slot-node ad-slot-node--boxed\" data-ad-slot-id=\"infobae\/politica\/nota\/inline_2\"><\/div>\n<\/div>\n<p class=\"paragraph\"><b>Hay respuestas relativas a la gesti\u00f3n, mas no sobre la situaci\u00f3n judicial o patrimonial del funcionario.<\/b> Esta misma filosof\u00eda se replicar\u00e1 ma\u00f1ana cuando los diputados de los diferentes bloques seguramente lo aborden sobre esa cuesti\u00f3n. \u201cVamos a tratar de hablar sobre cuestiones de gesti\u00f3n, solamente. <b>Lo dem\u00e1s se dir\u00e1 que es un tema judicializado<\/b>. No va a correr el riesgo de decir algo que despu\u00e9s pueda llegar a ser utilizado en su contra\u201d, comenta una figura del Gobierno que convers\u00f3 con Adorni por estos d\u00edas.<\/p>\n<div class=\"visual__image\"><picture><source srcset=\"https:\/\/www.infobae.com\/resizer\/v2\/A6OENKAF4FAJ7F2JBK7KQL6T4E.jpg?auth=392998cd32c475392772d68a163770e7f6729d46788e3302c8690fe8beaac0b3&amp;smart=true&amp;width=992&amp;height=671&amp;quality=85\" media=\"(min-width: 1000px)\"><\/source><source srcset=\"https:\/\/www.infobae.com\/resizer\/v2\/A6OENKAF4FAJ7F2JBK7KQL6T4E.jpg?auth=392998cd32c475392772d68a163770e7f6729d46788e3302c8690fe8beaac0b3&amp;smart=true&amp;width=768&amp;height=519&amp;quality=85\" media=\"(min-width: 768px)\"><\/source><source srcset=\"https:\/\/www.infobae.com\/resizer\/v2\/A6OENKAF4FAJ7F2JBK7KQL6T4E.jpg?auth=392998cd32c475392772d68a163770e7f6729d46788e3302c8690fe8beaac0b3&amp;smart=true&amp;width=577&amp;height=390&amp;quality=85\" media=\"(min-width: 580px)\"><\/source><source srcset=\"https:\/\/www.infobae.com\/resizer\/v2\/A6OENKAF4FAJ7F2JBK7KQL6T4E.jpg?auth=392998cd32c475392772d68a163770e7f6729d46788e3302c8690fe8beaac0b3&amp;smart=true&amp;width=420&amp;height=284&amp;quality=85\" media=\"(min-width: 350px)\"><\/source><source srcset=\"https:\/\/www.infobae.com\/resizer\/v2\/A6OENKAF4FAJ7F2JBK7KQL6T4E.jpg?auth=392998cd32c475392772d68a163770e7f6729d46788e3302c8690fe8beaac0b3&amp;smart=true&amp;width=350&amp;height=237&amp;quality=85\" media=\"(min-width: 80px)\"><\/source><img alt=\"Jura Diputados Nacionales electos en el Congreso 3 de diciembre 2025 - Manuel Adorni\" class=\"global-image\" decoding=\"async\" fetchpriority=\"low\" height=\"2028\" loading=\"lazy\" src=\"https:\/\/www.infobae.com\/resizer\/v2\/A6OENKAF4FAJ7F2JBK7KQL6T4E.jpg?auth=392998cd32c475392772d68a163770e7f6729d46788e3302c8690fe8beaac0b3&amp;smart=true&amp;width=350&amp;height=237&amp;quality=85\" width=\"3000\"><\/picture><\/div>\n<p class=\"paragraph\"><b>La sesi\u00f3n por el informe de gesti\u00f3n va a comenzar a las 10.30 horas de ma\u00f1ana<\/b>. Esta se dividir\u00e1 en tres partes: una <b>discurso inicial de Adorn<\/b>i, un extens\u00edsimo bloque de <b>preguntas y respuestas <\/b>entre los bloques opositores y Adorni; y un \u00faltimo apartado de <b>cierre <\/b>que ser\u00e1 hecho por el bloque de La Libertad Avanza.<\/p>\n<div class=\"ad_1 ad-wrapper dfpAd ad-1-al-6 ad-text ad-component-container\" style=\"--ad-shell-height:250px;--ad-shell-width:300px\" data-ad-wrapper=\"arcad\" data-ad-type=\"ad_1\" data-ad-slot=\"infobae\/politica\/nota\/ad_1\" data-ad-container=\"dfp\" data-ad-slot-name=\"infobae\/politica\/nota\/ad_1\">\n<p class=\"ad-shell-label\">PUBLICIDAD<\/p>\n<div id=\"infobae\/politica\/nota\/ad_1\" class=\"infobae\/politica\/nota\/ad_1 arcad ad-slot-node ad-slot-node--boxed\" data-ad-slot-id=\"infobae\/politica\/nota\/ad_1\"><\/div>\n<\/div>\n<p class=\"paragraph\"><b>Adorni ya ensay\u00f3 la primera parte de la sesi\u00f3n este lunes en el Congreso<\/b>. La parte del Palacio por la que transit\u00f3 estuvo bajo un estricto operativo de seguridad que se ocup\u00f3 de resguardar los movimientos del jefe de Gabinete sin ser grabado ni visto. <b>Practic\u00f3 algo m\u00e1s de media hora en el pleno del recinto y luego se reuni\u00f3 brevemente con Mart\u00edn Menem<\/b>, una de las figuras del Gobierno con las que m\u00e1s habl\u00f3 por estas semanas, ya que tendr\u00e1 la responsabilidad institucional de liderar una sesi\u00f3n que se prev\u00e9 ca\u00f3tica.<\/p>\n<p class=\"paragraph\">\u201c<b>Va a ser un discurso institucional de un poco m\u00e1s de una hora<\/b>. Se va a hacer foco en logros econ\u00f3micos y en la estabilidad macro. Tambi\u00e9n en las reformas que ya se hicieron y en las pendientes\u201d, avisan en su c\u00edrculo chico.<\/p>\n<div class=\"ad_2 ad-wrapper dfpAd ad-1-al-6 ad-text ad-component-container\" style=\"--ad-shell-height:250px;--ad-shell-width:300px\" data-ad-wrapper=\"arcad\" data-ad-type=\"ad_2\" data-ad-slot=\"infobae\/politica\/nota\/ad_2\" data-ad-container=\"dfp\" data-ad-slot-name=\"infobae\/politica\/nota\/ad_2\">\n<p class=\"ad-shell-label\">PUBLICIDAD<\/p>\n<div id=\"infobae\/politica\/nota\/ad_2\" class=\"infobae\/politica\/nota\/ad_2 arcad ad-slot-node ad-slot-node--boxed\" data-ad-slot-id=\"infobae\/politica\/nota\/ad_2\"><\/div>\n<\/div>\n<p class=\"paragraph\">Arriba en las gradas tendr\u00e1 un apoyo inusitado: estar\u00e1n presentes el presidente <b>Javier Milei<\/b>, la secretaria general de la Presidencia, <b>Karina Milei<\/b>; y<b> todos los ministros<\/b> y funcionarios de la c\u00fapula de la Casa Rosada. \u201cYo no recuerdo haber visto un despliegue as\u00ed en todas las d\u00e9cadas que llevo en el Congreso\u201d, confesaba un trabajador del recinto.<\/p>\n<p class=\"paragraph\">A esto se le sumar\u00e1 la b\u00fasqueda de una \u00e9pica y una fuerza de choque que<b> estar\u00e1 corporizada en la masa militante que ya est\u00e1 apalabrada para ocupar los palcos del hemiciclo<\/b>. Eso es algo que est\u00e1 confirmado, aunque es una inc\u00f3gnita si ir\u00e1n Las Fuerzas del Cielo: la c\u00e1mara baja es un territorio comandado por los Menem, con quienes el v\u00ednculo no es particularmente fluido.<\/p>\n<div class=\"ad_3 ad-wrapper dfpAd ad-1-al-6 ad-text ad-component-container\" style=\"--ad-shell-height:250px;--ad-shell-width:300px\" data-ad-wrapper=\"arcad\" data-ad-type=\"ad_3\" data-ad-slot=\"infobae\/politica\/nota\/ad_3\" data-ad-container=\"dfp\" data-ad-slot-name=\"infobae\/politica\/nota\/ad_3\">\n<p class=\"ad-shell-label\">PUBLICIDAD<\/p>\n<div id=\"infobae\/politica\/nota\/ad_3\" class=\"infobae\/politica\/nota\/ad_3 arcad ad-slot-node ad-slot-node--boxed\" data-ad-slot-id=\"infobae\/politica\/nota\/ad_3\"><\/div>\n<\/div>\n<p class=\"paragraph\">La semana pasada <b>Infobae<\/b> adelant\u00f3 que <b>Adorni tendr\u00e1 un as bajo la manga: hacer, si quiere, la \u201cgran Francos\u201d<\/b>. Es decir, abandonar el recinto si es que se siente agraviado por los diputados opositores. Es por ese motivo que los estrategas libertarios dejaron \u00faltimos en el cronograma de preguntas a quienes integran el bloque de Uni\u00f3n por la Patria. \u201cSi se pasan de vivos se quedan sin preguntar\u201d, avisa un colaborador libertario.<\/p>\n<div class=\"visual__image\"><picture><source srcset=\"https:\/\/www.infobae.com\/resizer\/v2\/B45OJA56MRH3XG4MMYHRDHSYKI.jpeg?auth=ae29cf5995640b50d83da16a010424ea828f2cf51ac22d017ba9694b66aff1b0&amp;smart=true&amp;width=992&amp;height=662&amp;quality=85\" media=\"(min-width: 1000px)\"><\/source><source srcset=\"https:\/\/www.infobae.com\/resizer\/v2\/B45OJA56MRH3XG4MMYHRDHSYKI.jpeg?auth=ae29cf5995640b50d83da16a010424ea828f2cf51ac22d017ba9694b66aff1b0&amp;smart=true&amp;width=768&amp;height=512&amp;quality=85\" media=\"(min-width: 768px)\"><\/source><source srcset=\"https:\/\/www.infobae.com\/resizer\/v2\/B45OJA56MRH3XG4MMYHRDHSYKI.jpeg?auth=ae29cf5995640b50d83da16a010424ea828f2cf51ac22d017ba9694b66aff1b0&amp;smart=true&amp;width=577&amp;height=385&amp;quality=85\" media=\"(min-width: 580px)\"><\/source><source srcset=\"https:\/\/www.infobae.com\/resizer\/v2\/B45OJA56MRH3XG4MMYHRDHSYKI.jpeg?auth=ae29cf5995640b50d83da16a010424ea828f2cf51ac22d017ba9694b66aff1b0&amp;smart=true&amp;width=420&amp;height=280&amp;quality=85\" media=\"(min-width: 350px)\"><\/source><source srcset=\"https:\/\/www.infobae.com\/resizer\/v2\/B45OJA56MRH3XG4MMYHRDHSYKI.jpeg?auth=ae29cf5995640b50d83da16a010424ea828f2cf51ac22d017ba9694b66aff1b0&amp;smart=true&amp;width=350&amp;height=234&amp;quality=85\" media=\"(min-width: 80px)\"><\/source><img alt=\"Imagen B45OJA56MRH3XG4MMYHRDHSYKI\" class=\"global-image\" decoding=\"async\" fetchpriority=\"low\" height=\"854\" loading=\"lazy\" src=\"https:\/\/www.infobae.com\/resizer\/v2\/B45OJA56MRH3XG4MMYHRDHSYKI.jpeg?auth=ae29cf5995640b50d83da16a010424ea828f2cf51ac22d017ba9694b66aff1b0&amp;smart=true&amp;width=350&amp;height=234&amp;quality=85\" width=\"1280\"><\/picture><\/div>\n<p class=\"paragraph\">Despu\u00e9s de hacer una pasada por el Congreso ayer por la ma\u00f1ana, Adorni fue a la Casa de Gobierno a reunirse con la mesa pol\u00edtica y repasar la agenda en materia legislativa. Se trat\u00f3 brevemente el asunto de la sesi\u00f3n: <b>les transmiti\u00f3 que estaba tranquilo y quedaron en que se ver\u00edan el mi\u00e9rcoles en Casa Rosada para partir juntos en caravana para el Congreso<\/b>.<\/p>\n<div class=\"ad_4 ad-wrapper dfpAd ad-1-al-6 ad-text ad-component-container\" style=\"--ad-shell-height:250px;--ad-shell-width:300px\" data-ad-wrapper=\"arcad\" data-ad-type=\"ad_4\" data-ad-slot=\"infobae\/politica\/nota\/ad_4\" data-ad-container=\"dfp\" data-ad-slot-name=\"infobae\/politica\/nota\/ad_4\">\n<p class=\"ad-shell-label\">PUBLICIDAD<\/p>\n<div id=\"infobae\/politica\/nota\/ad_4\" class=\"infobae\/politica\/nota\/ad_4 arcad ad-slot-node ad-slot-node--boxed\" data-ad-slot-id=\"infobae\/politica\/nota\/ad_4\"><\/div>\n<\/div>\n<p class=\"paragraph\">El ministro coordinador eligi\u00f3 tener un martes con una agenda m\u00e1s liviana. Se limit\u00f3 a tener a estar esta ma\u00f1ana en El Talar para hacer una quema de una incautaci\u00f3n masiva de drogas junto a la ministra de Seguridad, <b>Alejandra Monteoliva<\/b>, y luego cancel\u00f3 todo para tener unas \u00faltimas horas para repasar antes de la noche.<\/p>\n<p class=\"paragraph\">No es menor que el oficialismo se haya encargado de hacer todos estos preparativos antes de la sesi\u00f3n. Incluso, <b>Adorni ni siquiera sabe si ir\u00e1 a la actividad que Presidencia estar\u00eda preparando para que Milei aterrice en el portaaviones estadounidense USS Nimitz<\/b>. Lo \u201cestresa\u201d pensar en la posibilidad de que un avi\u00f3n baje en una superficie como esa, confiesa.<\/p>\n<div class=\"ad_5 ad-wrapper dfpAd ad-1-al-6 ad-text ad-component-container\" style=\"--ad-shell-height:250px;--ad-shell-width:300px\" data-ad-wrapper=\"arcad\" data-ad-type=\"ad_5\" data-ad-slot=\"infobae\/politica\/nota\/ad_5\" data-ad-container=\"dfp\" data-ad-slot-name=\"infobae\/politica\/nota\/ad_5\">\n<p class=\"ad-shell-label\">PUBLICIDAD<\/p>\n<div id=\"infobae\/politica\/nota\/ad_5\" class=\"infobae\/politica\/nota\/ad_5 arcad ad-slot-node ad-slot-node--boxed\" data-ad-slot-id=\"infobae\/politica\/nota\/ad_5\"><\/div>\n<\/div>\n<p class=\"paragraph\">\u201cAhora mismo solo est\u00e1 enfocado en que salga todo bien\u201d, marca una persona que conversa con Adorni pr\u00e1cticamente todos los d\u00edas. No son inocentes: saben que una mala performance no lo ayudar\u00eda a su sobrevida como funcionario. <b>Aunque hay matices seg\u00fan el funcionario al que se le consulte, los hermanos Milei son rotundos: no est\u00e1 en discusi\u00f3n su continuidad<\/b>. Pero primero debe producirse el show de ma\u00f1ana. \u201cCompren pochoclos\u201d, avis\u00f3 Mart\u00edn Menem semanas atr\u00e1s.<\/p>\n","protected":false},"excerpt":{"rendered":"<p>Manuel Adorni est\u00e1 a horas de dar el primer Informe de Gesti\u00f3n desde que es Jefe de Gabinete de Ministros. La sesi\u00f3n ya estaba establecida en el calendario meses antes, pero las casualidades de la vida hicieron que el funcionario no la pudiera cancelar ante los primeros reveses medi\u00e1ticos debido a que estas presentaciones tienen [&hellip;]<\/p>\n","protected":false},"author":1,"featured_media":8404,"comment_status":"open","ping_status":"open","sticky":false,"template":"","format":"standard","meta":{"footnotes":""},"categories":[1],"tags":[],"class_list":["post-8403","post","type-post","status-publish","format-standard","has-post-thumbnail","hentry","category-uncategorized"],"_links":{"self":[{"href":"https:\/\/cliente1.publisher.highstack.com.ar\/index.php?rest_route=\/wp\/v2\/posts\/8403","targetHints":{"allow":["GET"]}}],"collection":[{"href":"https:\/\/cliente1.publisher.highstack.com.ar\/index.php?rest_route=\/wp\/v2\/posts"}],"about":[{"href":"https:\/\/cliente1.publisher.highstack.com.ar\/index.php?rest_route=\/wp\/v2\/types\/post"}],"author":[{"embeddable":true,"href":"https:\/\/cliente1.publisher.highstack.com.ar\/index.php?rest_route=\/wp\/v2\/users\/1"}],"replies":[{"embeddable":true,"href":"https:\/\/cliente1.publisher.highstack.com.ar\/index.php?rest_route=%2Fwp%2Fv2%2Fcomments&post=8403"}],"version-history":[{"count":0,"href":"https:\/\/cliente1.publisher.highstack.com.ar\/index.php?rest_route=\/wp\/v2\/posts\/8403\/revisions"}],"wp:featuredmedia":[{"embeddable":true,"href":"https:\/\/cliente1.publisher.highstack.com.ar\/index.php?rest_route=\/wp\/v2\/media\/8404"}],"wp:attachment":[{"href":"https:\/\/cliente1.publisher.highstack.com.ar\/index.php?rest_route=%2Fwp%2Fv2%2Fmedia&parent=8403"}],"wp:term":[{"taxonomy":"category","embeddable":true,"href":"https:\/\/cliente1.publisher.highstack.com.ar\/index.php?rest_route=%2Fwp%2Fv2%2Fcategories&post=8403"},{"taxonomy":"post_tag","embeddable":true,"href":"https:\/\/cliente1.publisher.highstack.com.ar\/index.php?rest_route=%2Fwp%2Fv2%2Ftags&post=8403"}],"curies":[{"name":"wp","href":"https:\/\/api.w.org\/{rel}","templated":true}]}}