{"id":8393,"date":"2026-04-28T18:10:02","date_gmt":"2026-04-28T21:10:02","guid":{"rendered":"https:\/\/cliente1.publisher.highstack.com.ar\/?p=8393"},"modified":"2026-04-28T18:10:03","modified_gmt":"2026-04-28T21:10:03","slug":"el-peronismo-acelera-en-las-provincias-y-busca-ordenarse-frente-al-mal-momento-del-gobierno","status":"publish","type":"post","link":"https:\/\/cliente1.publisher.highstack.com.ar\/?p=8393","title":{"rendered":"El peronismo acelera en las provincias y busca ordenarse frente al mal momento del Gobierno"},"content":{"rendered":"<p><\/p>\n<div id=\"\">\n<p id=\"p-1777403854511-43628\">En ese marco, la estructuras del Partido Justicialista (PJ) se mueven. El viernes pasado, <strong>Axel Kicillof<\/strong> tom\u00f3 posesi\u00f3n del <strong>PJ bonaerense<\/strong>, acaso la marca m\u00e1s potente del peronismo en las provincias, y r\u00e1pidamente deline\u00f3 un objetivo central: <strong>modernizar el sello y ampliar la base de afiliados. <\/strong>Para eso, se lanzar\u00e1 una <strong>campa\u00f1a de afiliaci\u00f3n masiva<\/strong> y un programa de formaci\u00f3n pol\u00edtica. Llam\u00f3, adem\u00e1s, a &#8220;ponerse de acuerdo en puntos comunes&#8221;, una invitaci\u00f3n a ampliar entre la variedad de tribus que habitan el ecosistema celeste o que simplemente rechazan el libreto libertario.<\/p>\n<\/div>\n<div id=\"\">\n<p id=\"p-1777403854511-84996\">&#8220;Respecto de la formaci\u00f3n de un frente, a m\u00ed me da m\u00e1s o menos igual cu\u00e1l sea el nombre, la caracter\u00edstica, pero me parece que tiene que ser un frente. <strong>Llam\u00e9moslo como quieran: no lo llamemos anti-Milei, pero que se oponga a Milei&#8221;,<\/strong> coment\u00f3 en conferencia de prensa.<\/p>\n<\/div>\n<div id=\"\">\n<h2 id=\"p-1777403907721-85348\">Desembarcos en Santa Fe<\/h2>\n<p id=\"p-1777403854511-51688\">En vez de la tertulia bonaerense, Kirchner desembarc\u00f3 en <strong>Santa Fe<\/strong>, donde realiz\u00f3 una recorrida a la que concurrieron representantes de peso de las distintas tribus, adem\u00e1s de intendentes y jefes comunales. As\u00ed, por ejemplo, estuvieron el presidente del Frente Renovador (FR), <strong>Diego Giuliano<\/strong>; los diputados <strong>Germ\u00e1n Mart\u00ednez<\/strong>, <strong>Florencia Carignano<\/strong> y <strong>Agust\u00edn Rossi;<\/strong> <strong>Eduardo Toniolli<\/strong>, del Movimiento Evita; y la legisladora <strong>Alejandra Rodenas<\/strong>.<\/p>\n<p id=\"p-1777403854511-46451\">La jornada incluy\u00f3 visitas a Mar\u00eda Teresa y Rosario<strong\/> y culmin\u00f3 con una charla en un teatro de Villa General San Mart\u00edn.<\/p>\n<div contenteditable=\"false\" class=\"embed_cont type_freetext\" rel=\"freetext\" id=\"embed1974_wrap\" data-provider=\"Twitter\">\n<p>Embed &#8211; <span onclick=\"parent.parent.TinyMCETdcuerpo.preview_embed('embed1974')\" class=\"embed_colapse less\" id=\"embed1974_colapse\"\/><span onclick=\"parent.parent.TinyMCETdcuerpo.delete_embed('embed1974')\" class=\"embed_delete less\" id=\"embed1974_delete\"\/><\/p>\n<\/p><\/div>\n<p id=\"p-1777403854511-65603\">Las grandes ausencias fueron la del exgobernador <strong>Omar Perotti<\/strong> y del senador <strong>Marcelo Lewandowski<\/strong>, quien envi\u00f3 emisarios de su espacio. Precisamente, ambos mantuvieron un encuentro d\u00edas atr\u00e1s para afinar una estrategia com\u00fan. Exigen poder discutir abiertamente las listas de cara al 2027, &#8220;a diferencia lo que pas\u00f3 en 2025&#8221;. Cabe recordar que el peronismo santafesino tuvo una tortuosa selecci\u00f3n de candidaturas en 2025, con bajas, heridos y una intervenci\u00f3n directa de Cristina Kirchner.<\/p>\n<p id=\"p-1777403854511-15046\">La de M\u00e1ximo no fue la \u00fanica visita a &#8220;la bota&#8221;. <strong>Natalia de la Sota<\/strong> tambi\u00e9n pis\u00f3 territorio rosarino este fin de semana. Tras su ruptura con el cordobesismo, la diputada tiende puentes con otros sectores del ecosistema celeste. Semanas atr\u00e1s, se mostr\u00f3 en CABA con el legislador <strong>Leandro Santoro<\/strong>. Ahora, hizo lo propio con su colega <strong>Caren Tepp<\/strong>, de Ciudad Futura, adem\u00e1s de con Giuliano y el intendente de P\u00e9rez, <strong>Pablo Corsalini<\/strong>.<\/p>\n<p id=\"p-1777403854511-76258\">De la Sota desarroll\u00f3 actividades en TecnoLagos, el Polo Educativo para el Desarrollo y la Innovaci\u00f3n que funciona en el municipio de General Lagos, y tambi\u00e9n visit\u00f3 la Empresa P\u00fablica de Alimentos. Finaliz\u00f3 con un di\u00e1logo abierto con j\u00f3venes en el centro cultural &#8220;M\u00edstica&#8221;, convocado por el grupo generacional &#8220;\u00bfQu\u00e9 Te Pasa, Rosario?&#8221;. Participaron los intendentes <strong>Esteban Ferri<\/strong>, <strong>Laura Muzzi<\/strong>, <strong>Paula Serfelippe<\/strong>, <strong>Adri\u00e1n Biyovich<\/strong>, <strong>Fabi\u00e1n Ballori<\/strong>, <strong>Marco Strifezza<\/strong>, <strong>Juan Vignatti<\/strong> y <strong>Dario Baiocco<\/strong>; y los concejales <strong>Nicol\u00e1s Ram\u00edrez<\/strong> y <strong>Juan Acosta.<\/strong><\/p>\n<div contenteditable=\"false\" class=\"embed_cont type_imagen\" id=\"8217478-Libre-99291826_wrap\">\n<p> Natalia de la Sota santa Fe <span onclick=\"parent.parent.TinyMCETdcuerpo.preview_embed('8217478-Libre-99291826')\" class=\"embed_colapse less\" id=\"8217478-Libre-99291826_colapse\"> <\/span> <span onclick=\"parent.parent.TinyMCETdcuerpo.delete_embed('8217478-Libre-99291826')\" class=\"embed_delete less\" id=\"8217478-Libre-99291826_delete\"\/><\/p>\n<div id=\"8217478-Libre-99291826_content\" class=\"embed_content\"><img data-td-src-property=\"https:\/\/media.ambito.com\/p\/87fffe578c6bdf150d745c5e497d023f\/adjuntos\/239\/imagenes\/043\/334\/0043334055\/730x0\/smart\/natalia-la-sota-santa-fe.jpg\" alt=\"Natalia de la Sota estuvo en Santa Fe junto a distintos dirigentes del peronismo local.\" title=\"Natalia de la Sota estuvo en Santa Fe junto a distintos dirigentes del peronismo local.\" width=\"730\" height=\"undefined\" id=\"8217478-Libre-99291826_embed\"\/><\/div>\n<div class=\"embed_wrapper-cont\" id=\"p-1777404233536-37868\">\n<div id=\"8217478-Libre-99291826_epigrafe\" class=\"embed_epigrafe\">\n<p id=\"p-1777404257868-42245\">Natalia de la Sota estuvo en Santa Fe junto a distintos dirigentes del peronismo local.<\/p>\n<\/div><\/div>\n<\/p><\/div>\n<h2 id=\"p-1777403854511-37908\">Internas y ordenamientos<\/h2>\n<p id=\"p-1777403854511-1563\">En otras provincias, el peronismo tambi\u00e9n acelera con el objetivo de recuperar el terreno perdido. <strong>Santa Cruz<\/strong> es una de ellas. All\u00ed, durante un Congreso en Caleta Olivia, el <strong>PJ convoc\u00f3 a elecciones internas para el 16 agosto<\/strong>, en b\u00fasqueda de relanzar la estructura y cerrar filas para dar la batalla contra el gobernador <strong>Claudio Vidal<\/strong>. Se trata de uno de los pocos distritos donde la marca Fuerza Patria se impuso en los comicios legislativos del 2025. Es, tambi\u00e9n, una de las jurisdicciones m\u00e1s afectadas en la era Milei. Por ejemplo, lidera la ca\u00edda del empleo, con un derrumbe del 15,4% en poco m\u00e1s de dos a\u00f1os.<\/p>\n<p id=\"p-1777403854511-37551\">El intendente de R\u00edo Gallegos, <strong>Pablo Grasso<\/strong>, es uno de los principales abanderados para dar la batalla el a\u00f1o pr\u00f3ximo en el kil\u00f3metro cero del kirchnerismo. El justicialismo tambi\u00e9n decidi\u00f3 sancionar al diputado <strong>Jos\u00e9 Luis Garrido<\/strong> y la senadora <strong>Natalia Gadano<\/strong>, ambos alineados con Vidal. Precisamente, este fin de semana, Gadano ofici\u00f3 como anfitriona de la visita que la vicepresidente <strong>Victoria Villarruel<\/strong> realiz\u00f3 por tierras santacruce\u00f1as.<\/p>\n<div contenteditable=\"false\" class=\"embed_cont type_freetext\" rel=\"freetext\" id=\"embed3368_wrap\" data-provider=\"Instagram\">\n<p>Embed &#8211; Pablo Grasso on Instagram: &#8220;Un Partido al lado de los santacruce\u00f1os. Hoy la crisis la sufrimos todos los santacruce\u00f1os; desde el comerciante al trabajador, desde el empresario PYME al estudiante universitario, desde el trabajador de salud al petrolero que se qued\u00f3 sin trabajo, desde la trabajadora de casa particular que fue despedida al monotributista de &#8220;Pedidos Ya&#8221; que se qued\u00f3 sin obra social. M\u00e1s all\u00e1 de la reorganizaci\u00f3n interna es fundamental trabajar por un PJ que est\u00e9 al lado de la realidad de los santacruce\u00f1os, solidario con nuestros j\u00f3venes y nuestros abuelos, fraternal con los trabajadores, que discuta una salida a este abismo de pobreza y desocupaci\u00f3n al que nos han sometido. Para ello llamamos a unirnos sin personalismos, con la humildad militante que siempre nos caracteriz\u00f3 y sabiendo que est\u00e1 en nuestras manos la posibilidad de dar vuelta esta realidad con un Partido Justicialista al lado de las y los santacruce\u00f1os.&#8221;<span onclick=\"parent.parent.TinyMCETdcuerpo.preview_embed('embed3368')\" class=\"embed_colapse less\" id=\"embed3368_colapse\"\/><span onclick=\"parent.parent.TinyMCETdcuerpo.delete_embed('embed3368')\" class=\"embed_delete less\" id=\"embed3368_delete\"\/><\/p>\n<div id=\"embed3368_content\" class=\"embed_content\">\n<div id=\"embed3368_embed\">\n<blockquote data-td-script-src=\"https:\/\/platform.instagram.com\/en_US\/embeds.js\" class=\"instagram-media\" data-instgrm-captioned=\"\" data-instgrm-permalink=\"https:\/\/www.instagram.com\/p\/DXUvCSXiTP7\/?utm_source=ig_embed&amp;utm_campaign=loading\" data-instgrm-version=\"14\" style=\"background:#FFF;border:0;border-radius:3px;box-shadow:0 0 1px 0 rgba(0,0,0,.5),0 1px 10px 0 rgba(0,0,0,.15);margin:1px;max-width:658px;min-width:326px;padding:0;width:calc(100% - 2px);\">\n<div style=\"padding:16px;\" id=\"p-1777404481476-94733\">\n<div style=\"padding-top:8px;\" id=\"p-1777404481476-87769\">\n<p>View this post on Instagram<\/p>\n<\/div><\/div>\n<\/blockquote>\n<\/div><\/div>\n<\/p><\/div>\n<p id=\"p-1777403854511-78933\">M\u00e1s al norte, en <strong>Neuqu\u00e9n<\/strong>, el PJ reuni\u00f3 por primera vez a su Consejo Provincial desde las internas que consagraron a <strong>Juan Carlos Asaad, <\/strong>alcalde de Vista Alegre, a mediados de marzo. Asaad se hab\u00eda impuesto de manera apretada a <strong>Juan Domingo \u201cChule\u201d Linares<\/strong>, alfil del exsenador <strong>Oscar Parrilli<\/strong>, mano derecha de <strong>Cristina Kirchner<\/strong>. Para el peronismo neuquino la empresa no es f\u00e1cil, ya que deber\u00e1 desafiar al gobernador Rolando Figueroa, quien cuenta con un armado transversal, que incluye a dirigentes celestes.<\/p>\n<p id=\"p-1777403854511-23555\">En <strong>Misiones<\/strong>, el Partido Justicialista tuvo elecciones luego de 27 a\u00f1os y de una larga intervenci\u00f3n. La reyerta se sald\u00f3 con una derrota del kirchnerismo en manos de <strong>Christian Humada,<\/strong> hecho que est\u00e1 lejos de clausurar el fuego intestino entre sus tribus. Como trasfondo subyace el posicionamiento que la marca tiene tanto a nivel nacional como local, donde el cristinismo le espeta al espacio ser furg\u00f3n de cola del oficialismo que comanda <strong>Carlos Rovira<\/strong>, aliado central de Javier Milei en el Congreso.<\/p>\n<p id=\"p-1777403854512-6385\">De hecho, el diputado <strong>Alberto Arr\u00faa<\/strong>, alineado con Rovira, <strong>intent\u00f3 competir en la interna pero fue apartado. <\/strong>En cualquier caso, se trat\u00f3 de otra derrota en cadena para el Instituto Patria, luego de lo ocurri\u00f3 en la palestra neuquina. Cabe recordar que el sector que reporta a la expresidenta ven\u00eda de sufrir un rev\u00e9s judicial en Jujuy, donde un fallo anul\u00f3 la intervenci\u00f3n de Cristina en el partido, orden\u00f3 restituir a 300 afiliados y nombr\u00f3 a Ricardo Villada, cercano al gobernador de Salta, Gustavo S\u00e1enz.<\/p>\n<div contenteditable=\"false\" class=\"embed_cont type_freetext\" rel=\"freetext\" id=\"embed3982_wrap\" data-provider=\"Twitter\">\n<p>Embed &#8211; <span onclick=\"parent.parent.TinyMCETdcuerpo.preview_embed('embed3982')\" class=\"embed_colapse less\" id=\"embed3982_colapse\"\/><span onclick=\"parent.parent.TinyMCETdcuerpo.delete_embed('embed3982')\" class=\"embed_delete less\" id=\"embed3982_delete\"\/><\/p>\n<div id=\"embed3982_content\" class=\"embed_content\">\n<div id=\"embed3982_embed\">\n<blockquote data-td-script-src=\"https:\/\/platform.twitter.com\/widgets.js\" class=\"twitter-tweet\">\n<p id=\"p-1777405612298-13460\" dir=\"ltr\" lang=\"es\"> Me reuni con el diputado provincial y presidente del Partido Justicialista de Chubut, <a href=\"https:\/\/twitter.com\/FitaGustavo?ref_src=twsrc%5Etfw\">@FitaGustavo<\/a>, en un encuentro marcado por el di\u00e1logo, la construcci\u00f3n colectiva y la defensa de los valores hist\u00f3ricos del peronismo.<\/p>\n<p>En tiempos donde la Argentina necesita consensos y una\u2026 <a href=\"https:\/\/t.co\/XArGDbJ6fk\">pic.twitter.com\/XArGDbJ6fk<\/a><\/p>\n<p> \u2014 Ricardo Quintela (@QuintelaRicardo) <a href=\"https:\/\/twitter.com\/QuintelaRicardo\/status\/2049203209537790393?ref_src=twsrc%5Etfw\">April 28, 2026<\/a><\/p><\/blockquote>\n<\/div><\/div>\n<\/p><\/div>\n<p id=\"p-1777403854512-89855\">Tambi\u00e9n en territorio norte\u00f1o, el riojano <strong>Ricardo Quintela<\/strong> contin\u00faa trabajando en un armado federal. Este martes, recibi\u00f3 en la provincia a <strong>Gustavo Fita,<\/strong> titular del PJ de Chubut. &#8220;En tiempos donde la Argentina necesita consensos y una mirada profundamente federal, coincidimos en la importancia de fortalecer la unidad, generar acuerdos amplios y seguir construyendo una agenda pol\u00edtica que priorice a las familias, el trabajo y la justicia social en cada rinc\u00f3n del pa\u00eds&#8221;, destac\u00f3 el cacique en sus redes sociales.<\/p>\n<p id=\"p-1777403854512-49949\">Este viernes, como cont\u00f3 <strong>\u00c1mbito<\/strong>, habr\u00e1 una cumbre del peronismo no K en Parque Norte. All\u00ed llegar\u00e1n emisarios de todo el pa\u00eds, con la intenci\u00f3n de comenzar a moldear una alternativa con miras al 2027. La convocatoria corre por cuenta de los diputados <strong>Victoria Tolosa Paz<\/strong>, <strong>Guillermo Michel<\/strong> y <strong>Emir Felix<\/strong>, entre otros. Participar\u00e1n dirigentes de los cuatro puntos cardinales, incluyendo a intendentes del justicialismo cordob\u00e9s, siempre reacios a las aventuras nacionales. <\/p>\n<\/p><\/div>\n<p><script>\n!function(f,b,e,v,n,t,s)\n{if(f.fbq)return;n=f.fbq=function(){n.callMethod?\nn.callMethod.apply(n,arguments):n.queue.push(arguments)};\nif(!f._fbq)f._fbq=n;n.push=n;n.loaded=!0;n.version='2.0';\nn.queue=[];t=b.createElement(e);t.async=!0;\nt.src=v;s=b.getElementsByTagName(e)[0];\ns.parentNode.insertBefore(t,s)}(window,document,'script',\n'\nfbq('init', '2047048335588113');\nfbq('track', 'PageView');\n<\/script><script async src=\"\/\/www.instagram.com\/embed.js\"><\/script><\/p>\n","protected":false},"excerpt":{"rendered":"<p>En ese marco, la estructuras del Partido Justicialista (PJ) se mueven. El viernes pasado, Axel Kicillof tom\u00f3 posesi\u00f3n del PJ bonaerense, acaso la marca m\u00e1s potente del peronismo en las provincias, y r\u00e1pidamente deline\u00f3 un objetivo central: modernizar el sello y ampliar la base de afiliados. Para eso, se lanzar\u00e1 una campa\u00f1a de afiliaci\u00f3n masiva [&hellip;]<\/p>\n","protected":false},"author":1,"featured_media":8394,"comment_status":"open","ping_status":"open","sticky":false,"template":"","format":"standard","meta":{"footnotes":""},"categories":[1],"tags":[2],"class_list":["post-8393","post","type-post","status-publish","format-standard","has-post-thumbnail","hentry","category-uncategorized","tag-guillermo-michel"],"_links":{"self":[{"href":"https:\/\/cliente1.publisher.highstack.com.ar\/index.php?rest_route=\/wp\/v2\/posts\/8393","targetHints":{"allow":["GET"]}}],"collection":[{"href":"https:\/\/cliente1.publisher.highstack.com.ar\/index.php?rest_route=\/wp\/v2\/posts"}],"about":[{"href":"https:\/\/cliente1.publisher.highstack.com.ar\/index.php?rest_route=\/wp\/v2\/types\/post"}],"author":[{"embeddable":true,"href":"https:\/\/cliente1.publisher.highstack.com.ar\/index.php?rest_route=\/wp\/v2\/users\/1"}],"replies":[{"embeddable":true,"href":"https:\/\/cliente1.publisher.highstack.com.ar\/index.php?rest_route=%2Fwp%2Fv2%2Fcomments&post=8393"}],"version-history":[{"count":1,"href":"https:\/\/cliente1.publisher.highstack.com.ar\/index.php?rest_route=\/wp\/v2\/posts\/8393\/revisions"}],"predecessor-version":[{"id":8395,"href":"https:\/\/cliente1.publisher.highstack.com.ar\/index.php?rest_route=\/wp\/v2\/posts\/8393\/revisions\/8395"}],"wp:featuredmedia":[{"embeddable":true,"href":"https:\/\/cliente1.publisher.highstack.com.ar\/index.php?rest_route=\/wp\/v2\/media\/8394"}],"wp:attachment":[{"href":"https:\/\/cliente1.publisher.highstack.com.ar\/index.php?rest_route=%2Fwp%2Fv2%2Fmedia&parent=8393"}],"wp:term":[{"taxonomy":"category","embeddable":true,"href":"https:\/\/cliente1.publisher.highstack.com.ar\/index.php?rest_route=%2Fwp%2Fv2%2Fcategories&post=8393"},{"taxonomy":"post_tag","embeddable":true,"href":"https:\/\/cliente1.publisher.highstack.com.ar\/index.php?rest_route=%2Fwp%2Fv2%2Ftags&post=8393"}],"curies":[{"name":"wp","href":"https:\/\/api.w.org\/{rel}","templated":true}]}}