{"id":8380,"date":"2026-04-28T16:26:30","date_gmt":"2026-04-28T19:26:30","guid":{"rendered":"https:\/\/cliente1.publisher.highstack.com.ar\/?p=8380"},"modified":"2026-04-28T16:26:30","modified_gmt":"2026-04-28T19:26:30","slug":"otro-fallo-a-favor-del-gobierno-por-la-reforma-laboral-apartaron-a-la-justicia-del-trabajo-de-la-causa","status":"publish","type":"post","link":"https:\/\/cliente1.publisher.highstack.com.ar\/?p=8380","title":{"rendered":"Otro fallo a favor del Gobierno por la reforma laboral: apartaron a la Justicia del Trabajo de la causa"},"content":{"rendered":"<div class=\"visual__image image-initial-width\"><picture><source srcset=\"https:\/\/www.infobae.com\/resizer\/v2\/ASCERSBMOJBLBFFR6SDJOM4MUU.jpg?auth=0eef84a192946f4ee2ad651e21806cc2beb5cb54edfa39d20a63684a3aeb0eb5&amp;smart=true&amp;width=992&amp;height=660&amp;quality=85\" media=\"(min-width: 1000px)\"><\/source><source srcset=\"https:\/\/www.infobae.com\/resizer\/v2\/ASCERSBMOJBLBFFR6SDJOM4MUU.jpg?auth=0eef84a192946f4ee2ad651e21806cc2beb5cb54edfa39d20a63684a3aeb0eb5&amp;smart=true&amp;width=768&amp;height=511&amp;quality=85\" media=\"(min-width: 768px)\"><\/source><source srcset=\"https:\/\/www.infobae.com\/resizer\/v2\/ASCERSBMOJBLBFFR6SDJOM4MUU.jpg?auth=0eef84a192946f4ee2ad651e21806cc2beb5cb54edfa39d20a63684a3aeb0eb5&amp;smart=true&amp;width=577&amp;height=384&amp;quality=85\" media=\"(min-width: 580px)\"><\/source><source srcset=\"https:\/\/www.infobae.com\/resizer\/v2\/ASCERSBMOJBLBFFR6SDJOM4MUU.jpg?auth=0eef84a192946f4ee2ad651e21806cc2beb5cb54edfa39d20a63684a3aeb0eb5&amp;smart=true&amp;width=420&amp;height=279&amp;quality=85\" media=\"(min-width: 350px)\"><\/source><source srcset=\"https:\/\/www.infobae.com\/resizer\/v2\/ASCERSBMOJBLBFFR6SDJOM4MUU.jpg?auth=0eef84a192946f4ee2ad651e21806cc2beb5cb54edfa39d20a63684a3aeb0eb5&amp;smart=true&amp;width=350&amp;height=233&amp;quality=85\" media=\"(min-width: 80px)\"><\/source><img alt='Multitud de personas marchan en una calle con un estandarte azul y blanco de la CGT que dice \"EN DEFENSA DEL TRABAJO\", con el Congreso de fondo' class=\"global-image\" decoding=\"async\" fetchpriority=\"high\" height=\"1277\" loading=\"eager\" src=\"https:\/\/www.infobae.com\/resizer\/v2\/ASCERSBMOJBLBFFR6SDJOM4MUU.jpg?auth=0eef84a192946f4ee2ad651e21806cc2beb5cb54edfa39d20a63684a3aeb0eb5&amp;smart=true&amp;width=350&amp;height=233&amp;quality=85\" width=\"1920\"><\/picture><\/div>\n<p class=\"paragraph\">La estrategia judicial de la Confederaci\u00f3n General del Trabajo (CGT) para frenar la reforma laboral <b>sum\u00f3 este martes un nuevo rev\u00e9s<\/b>. La C\u00e1mara Nacional de Apelaciones en lo Contencioso Administrativo Federal <b>resolvi\u00f3 que la causa iniciada por la central obrera contra el Estado Nacional<\/b> por la constitucionalidad de la ley aprobada por el Congreso<b> deber\u00e1 tramitar en ese fuero y no en la Justicia Nacional del Trabajo<\/b>, seg\u00fan surge del fallo al que tuvo acceso <b>Infobae<\/b>.<\/p>\n<p class=\"paragraph\">La decisi\u00f3n fue firmada por los jueces<b> RogelioVincenti <\/b>y <b>Marcelo Daniel Duffy<\/b>, integrantes de la Sala IV, y represent\u00f3 otro fallo favorable para el Gobierno de Javier Milei en uno de los cap\u00edtulos m\u00e1s sensibles de su programa de reformas.<\/p>\n<div class=\"inline ad-wrapper dfpAd ad-inline ad-text ad-component-container\" style=\"--ad-shell-height:250px;--ad-shell-width:300px\" data-ad-wrapper=\"arcad\" data-ad-type=\"inline\" data-ad-slot=\"infobae\/politica\/nota\/inline\" data-ad-container=\"dfp\" data-ad-slot-name=\"infobae\/politica\/nota\/inline\">\n<p class=\"ad-shell-label\">PUBLICIDAD<\/p>\n<div id=\"infobae\/politica\/nota\/inline\" class=\"infobae\/politica\/nota\/inline arcad ad-slot-node ad-slot-node--boxed\" data-ad-slot-id=\"infobae\/politica\/nota\/inline\"><\/div>\n<\/div>\n<p class=\"paragraph\">En concreto, el tribunal confirm\u00f3 la competencia del Juzgado Nacional en lo Contencioso Administrativo Federal n.\u00ba 12, que hab\u00eda aceptado la inhibitoria promovida por el Estado Nacional, y orden\u00f3 que all\u00ed contin\u00fae la discusi\u00f3n de fondo sobre la validez de la norma cuestionada por la CGT.<\/p>\n<p class=\"paragraph\">El conflicto se abri\u00f3 cuando el Estado Nacional promovi\u00f3 una inhibitoria para que el expediente dejara de tramitar ante el Juzgado Nacional del Trabajo y pasara al fuero federal contencioso administrativo. La representaci\u00f3n oficial estuvo a cargo de la Secretar\u00eda de Trabajo, dependiente del Ministerio de Capital Humano que conduce <b>Sandra Pettovello<\/b>.<\/p>\n<div class=\"inline_2 ad-wrapper dfpAd ad-inline ad-text ad-component-container\" style=\"--ad-shell-height:250px;--ad-shell-width:300px\" data-ad-wrapper=\"arcad\" data-ad-type=\"inline_2\" data-ad-slot=\"infobae\/politica\/nota\/inline_2\" data-ad-container=\"dfp\" data-ad-slot-name=\"infobae\/politica\/nota\/inline_2\">\n<p class=\"ad-shell-label\">PUBLICIDAD<\/p>\n<div id=\"infobae\/politica\/nota\/inline_2\" class=\"infobae\/politica\/nota\/inline_2 arcad ad-slot-node ad-slot-node--boxed\" data-ad-slot-id=\"infobae\/politica\/nota\/inline_2\"><\/div>\n<\/div>\n<div class=\"visual__image\"><picture><source srcset=\"https:\/\/www.infobae.com\/resizer\/v2\/MY3SWZ2MNVDUNH734Y43DCURWE.jpeg?auth=26185021b7d196045c6ef2ec8ec8c2a69a1128c3f33c5a7075757f44ebe76bea&amp;smart=true&amp;width=992&amp;height=558&amp;quality=85\" media=\"(min-width: 1000px)\"><\/source><source srcset=\"https:\/\/www.infobae.com\/resizer\/v2\/MY3SWZ2MNVDUNH734Y43DCURWE.jpeg?auth=26185021b7d196045c6ef2ec8ec8c2a69a1128c3f33c5a7075757f44ebe76bea&amp;smart=true&amp;width=768&amp;height=432&amp;quality=85\" media=\"(min-width: 768px)\"><\/source><source srcset=\"https:\/\/www.infobae.com\/resizer\/v2\/MY3SWZ2MNVDUNH734Y43DCURWE.jpeg?auth=26185021b7d196045c6ef2ec8ec8c2a69a1128c3f33c5a7075757f44ebe76bea&amp;smart=true&amp;width=577&amp;height=325&amp;quality=85\" media=\"(min-width: 580px)\"><\/source><source srcset=\"https:\/\/www.infobae.com\/resizer\/v2\/MY3SWZ2MNVDUNH734Y43DCURWE.jpeg?auth=26185021b7d196045c6ef2ec8ec8c2a69a1128c3f33c5a7075757f44ebe76bea&amp;smart=true&amp;width=420&amp;height=236&amp;quality=85\" media=\"(min-width: 350px)\"><\/source><source srcset=\"https:\/\/www.infobae.com\/resizer\/v2\/MY3SWZ2MNVDUNH734Y43DCURWE.jpeg?auth=26185021b7d196045c6ef2ec8ec8c2a69a1128c3f33c5a7075757f44ebe76bea&amp;smart=true&amp;width=350&amp;height=197&amp;quality=85\" media=\"(min-width: 80px)\"><\/source><img alt=\"Sesi\u00f3n Senado - R\u00e9gimen Penal Juvenil - Reforma Laboral\" class=\"global-image\" decoding=\"async\" fetchpriority=\"low\" height=\"1080\" loading=\"lazy\" src=\"https:\/\/www.infobae.com\/resizer\/v2\/MY3SWZ2MNVDUNH734Y43DCURWE.jpeg?auth=26185021b7d196045c6ef2ec8ec8c2a69a1128c3f33c5a7075757f44ebe76bea&amp;smart=true&amp;width=350&amp;height=197&amp;quality=85\" width=\"1920\"><\/picture><\/div>\n<p class=\"paragraph\">Ese planteo hab\u00eda sido aceptado por la jueza federal interviniente, pero rechazado luego por el magistrado laboral. La C\u00e1mara respald\u00f3 la postura oficial y sostuvo que el conflicto no se limita a cuestiones laborales comunes, sino que tambi\u00e9n involucra materias federales relevantes, como la potestad del Congreso para asignar competencias judiciales, la organizaci\u00f3n de tribunales y distintos aspectos vinculados al funcionamiento estatal.<\/p>\n<p class=\"paragraph\">La resoluci\u00f3n se suma al fallo favorable que hab\u00eda obtenido la semana pasada la Casa Rosada en la disputa por la vigencia de la reforma laboral, <b>expediente en el que tuvo participaci\u00f3n el Ministerio de Justicia de la Naci\u00f3n, a cargo de Juan Bautista Mahiques.<\/b><\/p>\n<div class=\"ad_1 ad-wrapper dfpAd ad-1-al-6 ad-text ad-component-container\" style=\"--ad-shell-height:250px;--ad-shell-width:300px\" data-ad-wrapper=\"arcad\" data-ad-type=\"ad_1\" data-ad-slot=\"infobae\/politica\/nota\/ad_1\" data-ad-container=\"dfp\" data-ad-slot-name=\"infobae\/politica\/nota\/ad_1\">\n<p class=\"ad-shell-label\">PUBLICIDAD<\/p>\n<div id=\"infobae\/politica\/nota\/ad_1\" class=\"infobae\/politica\/nota\/ad_1 arcad ad-slot-node ad-slot-node--boxed\" data-ad-slot-id=\"infobae\/politica\/nota\/ad_1\"><\/div>\n<\/div>\n<p class=\"paragraph\">En uno de los pasajes m\u00e1s duros del nuevo pronunciamiento, los camaristas cuestionaron el tr\u00e1mite seguido por el juez laboral. Se\u00f1alaron que no pod\u00eda apartarse del procedimiento legal previsto para estos conflictos ni remitir por su cuenta las actuaciones a la C\u00e1mara Nacional del Trabajo.<\/p>\n<p class=\"paragraph\">Para los jueces, ese camino configur\u00f3 un <b>\u201cprocedimiento deformado\u201d <\/b>que gener\u00f3 un conflicto innecesario y atent\u00f3 contra la celeridad que exige un expediente de trascendencia institucional.<\/p>\n<div class=\"ad_2 ad-wrapper dfpAd ad-1-al-6 ad-text ad-component-container\" style=\"--ad-shell-height:250px;--ad-shell-width:300px\" data-ad-wrapper=\"arcad\" data-ad-type=\"ad_2\" data-ad-slot=\"infobae\/politica\/nota\/ad_2\" data-ad-container=\"dfp\" data-ad-slot-name=\"infobae\/politica\/nota\/ad_2\">\n<p class=\"ad-shell-label\">PUBLICIDAD<\/p>\n<div id=\"infobae\/politica\/nota\/ad_2\" class=\"infobae\/politica\/nota\/ad_2 arcad ad-slot-node ad-slot-node--boxed\" data-ad-slot-id=\"infobae\/politica\/nota\/ad_2\"><\/div>\n<\/div>\n<p class=\"paragraph\">La resoluci\u00f3n tambi\u00e9n ratific\u00f3 uno de los argumentos centrales del Gobierno: las leyes que modifican jurisdicci\u00f3n y competencia judicial son de orden p\u00fablico y se aplican de inmediato, incluso sobre causas en tr\u00e1mite, siempre que no se afecten actos procesales ya cumplidos.<\/p>\n<p class=\"paragraph\">Ese punto era central porque uno de los ejes del planteo sindical consist\u00eda en sostener que los cambios introducidos por la ley 27.802 sobre competencia judicial no pod\u00edan operar autom\u00e1ticamente. La C\u00e1mara rechaz\u00f3 esa interpretaci\u00f3n y record\u00f3 que no existe un derecho adquirido a ser juzgado por un determinado procedimiento.<\/p>\n<div class=\"ad_3 ad-wrapper dfpAd ad-1-al-6 ad-text ad-component-container\" style=\"--ad-shell-height:250px;--ad-shell-width:300px\" data-ad-wrapper=\"arcad\" data-ad-type=\"ad_3\" data-ad-slot=\"infobae\/politica\/nota\/ad_3\" data-ad-container=\"dfp\" data-ad-slot-name=\"infobae\/politica\/nota\/ad_3\">\n<p class=\"ad-shell-label\">PUBLICIDAD<\/p>\n<div id=\"infobae\/politica\/nota\/ad_3\" class=\"infobae\/politica\/nota\/ad_3 arcad ad-slot-node ad-slot-node--boxed\" data-ad-slot-id=\"infobae\/politica\/nota\/ad_3\"><\/div>\n<\/div>\n<div class=\"visual__image\"><picture><source srcset=\"https:\/\/www.infobae.com\/resizer\/v2\/BIULISPGOZBK7MAQJ2ZUFEMQYE.jpg?auth=7c0c86f728e151c1ff50139c83343feda813fd53839e4f8fa69f392736fe159d&amp;smart=true&amp;width=992&amp;height=982&amp;quality=85\" media=\"(min-width: 1000px)\"><\/source><source srcset=\"https:\/\/www.infobae.com\/resizer\/v2\/BIULISPGOZBK7MAQJ2ZUFEMQYE.jpg?auth=7c0c86f728e151c1ff50139c83343feda813fd53839e4f8fa69f392736fe159d&amp;smart=true&amp;width=768&amp;height=760&amp;quality=85\" media=\"(min-width: 768px)\"><\/source><source srcset=\"https:\/\/www.infobae.com\/resizer\/v2\/BIULISPGOZBK7MAQJ2ZUFEMQYE.jpg?auth=7c0c86f728e151c1ff50139c83343feda813fd53839e4f8fa69f392736fe159d&amp;smart=true&amp;width=577&amp;height=571&amp;quality=85\" media=\"(min-width: 580px)\"><\/source><source srcset=\"https:\/\/www.infobae.com\/resizer\/v2\/BIULISPGOZBK7MAQJ2ZUFEMQYE.jpg?auth=7c0c86f728e151c1ff50139c83343feda813fd53839e4f8fa69f392736fe159d&amp;smart=true&amp;width=420&amp;height=416&amp;quality=85\" media=\"(min-width: 350px)\"><\/source><source srcset=\"https:\/\/www.infobae.com\/resizer\/v2\/BIULISPGOZBK7MAQJ2ZUFEMQYE.jpg?auth=7c0c86f728e151c1ff50139c83343feda813fd53839e4f8fa69f392736fe159d&amp;smart=true&amp;width=350&amp;height=346&amp;quality=85\" media=\"(min-width: 80px)\"><\/source><img alt=\"Parte del fallo que favoreci\u00f3 al Gobierno\" class=\"global-image\" decoding=\"async\" fetchpriority=\"low\" height=\"862\" loading=\"lazy\" src=\"https:\/\/www.infobae.com\/resizer\/v2\/BIULISPGOZBK7MAQJ2ZUFEMQYE.jpg?auth=7c0c86f728e151c1ff50139c83343feda813fd53839e4f8fa69f392736fe159d&amp;smart=true&amp;width=350&amp;height=346&amp;quality=85\" width=\"871\"><\/picture><\/div>\n<p class=\"paragraph\">Adem\u00e1s, el tribunal sostuvo que dentro de la ley impugnada existen materias claramente federales, entre ellas disposiciones vinculadas con el Fondo de Asistencia Laboral, la participaci\u00f3n del Estado Nacional y la determinaci\u00f3n del fuero competente cuando el Estado es parte.<\/p>\n<p class=\"paragraph\">Tambi\u00e9n se\u00f1al\u00f3 que una futura sentencia sobre la reforma podr\u00eda impactar sobre personal de organismos p\u00fablicos nacionales alcanzados por reg\u00edmenes laborales espec\u00edficos.<\/p>\n<div class=\"ad_4 ad-wrapper dfpAd ad-1-al-6 ad-text ad-component-container\" style=\"--ad-shell-height:250px;--ad-shell-width:300px\" data-ad-wrapper=\"arcad\" data-ad-type=\"ad_4\" data-ad-slot=\"infobae\/politica\/nota\/ad_4\" data-ad-container=\"dfp\" data-ad-slot-name=\"infobae\/politica\/nota\/ad_4\">\n<p class=\"ad-shell-label\">PUBLICIDAD<\/p>\n<div id=\"infobae\/politica\/nota\/ad_4\" class=\"infobae\/politica\/nota\/ad_4 arcad ad-slot-node ad-slot-node--boxed\" data-ad-slot-id=\"infobae\/politica\/nota\/ad_4\"><\/div>\n<\/div>\n<p class=\"paragraph\">Para el Ejecutivo, la decisi\u00f3n conocida este martes reduce la posibilidad de que el litigio avance en un \u00e1mbito considerado m\u00e1s receptivo para los sindicatos y concentra la discusi\u00f3n en la Justicia Contencioso Administrativa Federal, donde suelen tramitar causas contra el Estado, seg\u00fan pudo saber <b>Infobae<\/b>.<\/p>\n<p class=\"paragraph\">La central obrera, en cambio, pierde otro terreno en su estrategia judicial. Primero vio quedar vigente la reforma mientras se sustancia la apelaci\u00f3n cautelar. Ahora tambi\u00e9n deber\u00e1 discutir el fondo del asunto fuera del \u00e1mbito natural de la Justicia del Trabajo.<\/p>\n<div class=\"ad_5 ad-wrapper dfpAd ad-1-al-6 ad-text ad-component-container\" style=\"--ad-shell-height:250px;--ad-shell-width:300px\" data-ad-wrapper=\"arcad\" data-ad-type=\"ad_5\" data-ad-slot=\"infobae\/politica\/nota\/ad_5\" data-ad-container=\"dfp\" data-ad-slot-name=\"infobae\/politica\/nota\/ad_5\">\n<p class=\"ad-shell-label\">PUBLICIDAD<\/p>\n<div id=\"infobae\/politica\/nota\/ad_5\" class=\"infobae\/politica\/nota\/ad_5 arcad ad-slot-node ad-slot-node--boxed\" data-ad-slot-id=\"infobae\/politica\/nota\/ad_5\"><\/div>\n<\/div>\n<p class=\"paragraph\">Con este fallo, el expediente regresar\u00e1 al Juzgado Contencioso Administrativo Federal n.\u00ba 12. All\u00ed continuar\u00e1 una pulseada judicial que sigue abierta, aunque por ahora acumula definiciones favorables para el Gobierno nacional.<\/p>\n","protected":false},"excerpt":{"rendered":"<p>La C\u00e1mara Contencioso Administrativa Federal resolvi\u00f3 que la demanda impulsada por la CGT debe tramitar en ese fuero y no en tribunales laborales. Tambi\u00e9n cuestion\u00f3 el procedimiento seguido por el juez que interven\u00eda en el expediente<\/p>\n","protected":false},"author":1,"featured_media":8382,"comment_status":"open","ping_status":"open","sticky":false,"template":"","format":"standard","meta":{"footnotes":""},"categories":[1],"tags":[],"class_list":["post-8380","post","type-post","status-publish","format-standard","has-post-thumbnail","hentry","category-uncategorized"],"_links":{"self":[{"href":"https:\/\/cliente1.publisher.highstack.com.ar\/index.php?rest_route=\/wp\/v2\/posts\/8380","targetHints":{"allow":["GET"]}}],"collection":[{"href":"https:\/\/cliente1.publisher.highstack.com.ar\/index.php?rest_route=\/wp\/v2\/posts"}],"about":[{"href":"https:\/\/cliente1.publisher.highstack.com.ar\/index.php?rest_route=\/wp\/v2\/types\/post"}],"author":[{"embeddable":true,"href":"https:\/\/cliente1.publisher.highstack.com.ar\/index.php?rest_route=\/wp\/v2\/users\/1"}],"replies":[{"embeddable":true,"href":"https:\/\/cliente1.publisher.highstack.com.ar\/index.php?rest_route=%2Fwp%2Fv2%2Fcomments&post=8380"}],"version-history":[{"count":1,"href":"https:\/\/cliente1.publisher.highstack.com.ar\/index.php?rest_route=\/wp\/v2\/posts\/8380\/revisions"}],"predecessor-version":[{"id":8381,"href":"https:\/\/cliente1.publisher.highstack.com.ar\/index.php?rest_route=\/wp\/v2\/posts\/8380\/revisions\/8381"}],"wp:featuredmedia":[{"embeddable":true,"href":"https:\/\/cliente1.publisher.highstack.com.ar\/index.php?rest_route=\/wp\/v2\/media\/8382"}],"wp:attachment":[{"href":"https:\/\/cliente1.publisher.highstack.com.ar\/index.php?rest_route=%2Fwp%2Fv2%2Fmedia&parent=8380"}],"wp:term":[{"taxonomy":"category","embeddable":true,"href":"https:\/\/cliente1.publisher.highstack.com.ar\/index.php?rest_route=%2Fwp%2Fv2%2Fcategories&post=8380"},{"taxonomy":"post_tag","embeddable":true,"href":"https:\/\/cliente1.publisher.highstack.com.ar\/index.php?rest_route=%2Fwp%2Fv2%2Ftags&post=8380"}],"curies":[{"name":"wp","href":"https:\/\/api.w.org\/{rel}","templated":true}]}}