{"id":8378,"date":"2026-04-28T16:23:10","date_gmt":"2026-04-28T19:23:10","guid":{"rendered":"https:\/\/cliente1.publisher.highstack.com.ar\/?p=8378"},"modified":"2026-04-28T16:23:10","modified_gmt":"2026-04-28T19:23:10","slug":"conmocion-en-santa-elena-por-el-joven-universitario-asesinado-por-delincuentes-en-buenos-aires","status":"publish","type":"post","link":"https:\/\/cliente1.publisher.highstack.com.ar\/?p=8378","title":{"rendered":"Conmoci\u00f3n en Santa Elena por el joven universitario asesinado por delincuentes en Buenos Aires"},"content":{"rendered":"<p><\/p>\n<div>\n<p>Este domingo se conoci\u00f3 la noticia del asesinato de un joven de 21 a\u00f1os durante un violento asalto cuando regresaba de la facultad en la localidad de San Jos\u00e9, partido de Lomas de Zamora, en Buenos Aires. Sin embargo, en las \u00faltimas horas trascendi\u00f3 que los padres de la v\u00edctima, identificada como <b>Agust\u00edn Rivero<\/b>, son oriundos de <b>Santa Elena<\/b>, Entre R\u00edos, seg\u00fan inform\u00f3 <i>La Sexta<\/i>.  <\/p>\n<p><!-- is a <br \/>--><\/p>\n<p><!-- is a object --><br \/>\n<!-- embed start --><!-- embed end --><br \/>\n<!-- end object --><\/p>\n<p>\u00a0<\/p>\n<p><!-- is a <br \/>--><\/p>\n<p>El hecho gener\u00f3 conmoci\u00f3n en la comunidad y r\u00e1pidamente los vecinos de la localidad entrerriana expresaron su pesar por el fallecimiento del estudiante.  <\/p>\n<p><!-- is a <br \/>--><\/p>\n<p><!-- is a object --><\/p>\n<p><!-- end object --><\/p>\n<p><!-- is a object --><\/p>\n<h3>C\u00f3mo ocurri\u00f3 el asesinato<\/h3>\n<p><!-- end object --><\/p>\n<p>\u00a0<\/p>\n<p><!-- is a <br \/>--><\/p>\n<p>El hecho ocurri\u00f3 el viernes a las 19.20 en la intersecci\u00f3n de las calles Dinamarca y Erickson, en la localidad de San Jos\u00e9. Im\u00e1genes registradas por c\u00e1maras de seguridad mostraron que el joven caminaba por la calle cuando un autom\u00f3vil se detuvo frente a \u00e9l y descendi\u00f3 uno de los asaltantes armado.  <\/p>\n<p><!-- is a <br \/>--><\/p>\n<p>\u00a0<\/p>\n<p><!-- is a <br \/>--><\/p>\n<p>El d\u00eda del crimen, Rivero volv\u00eda de la facultad cuando fue interceptado por un grupo de delincuentes que se movilizaban en un auto. En principio, Rivero fue abordado por uno de los asaltantes, quien le apunt\u00f3 con un arma y le extrajo la mochila sin que el entrerriano se resistiera.  <\/p>\n<p><!-- is a <br \/>--><\/p>\n<p><!-- is a object --><br \/>\n<!-- code --><\/p>\n<blockquote class=\"twitter-tweet\" data-media-max-width=\"560\">\n<p lang=\"es\" dir=\"ltr\"><a href=\"https:\/\/twitter.com\/hashtag\/IMPOTENCIA?src=hash&amp;ref_src=twsrc%5Etfw\">#IMPOTENCIA<\/a>. MATAN A JOVEN DE 21 A\u00d1OS PARA ROBARLE EL CELULAR Un nuevo hecho de inseguridad sacude a Argentina. El joven Agust\u00edn Rivero, de 21 a\u00f1os, fue asesinado de un disparo mientras regresaba de la facultad en la localidad de Lomas de Zamora. <a href=\"https:\/\/t.co\/k3KPMHYz0o\">pic.twitter.com\/k3KPMHYz0o<\/a><\/p>\n<p>\u2014 Gilberto (@Gilbert1835230) <a href=\"https:\/\/twitter.com\/Gilbert1835230\/status\/2048280315286716478?ref_src=twsrc%5Etfw\">April 26, 2026<\/a><\/p><\/blockquote>\n<p> <!-- end code --><br \/>\n<!-- end object --><\/p>\n<p>\u00a0<\/p>\n<p><!-- is a <br \/>--><\/p>\n<p>Sin embargo, el delincuente, de su misma edad, tambi\u00e9n le exigi\u00f3 el celular y, pese a que la v\u00edctima no se resisti\u00f3, le dispar\u00f3 a quemarropa en el abdomen. De acuerdo con la investigaci\u00f3n, <b>el crimen se dio en el marco de un raid delictivo<\/b> en el que los agresores hab\u00edan robado veh\u00edculos previamente.  <\/p>\n<p><!-- is a <br \/>--><\/p>\n<p>\u00a0<\/p>\n<p><!-- is a <br \/>--><\/p>\n<p>Rivero fue trasladado de urgencia, pero muri\u00f3 camino al hospital producto de la herida de bala. La Polic\u00eda detuvo a dos sospechosos y contin\u00faa la b\u00fasqueda de otros implicados.  <\/p>\n<p><!-- is a <br \/>--><\/p>\n<p>\u00a0<\/p>\n<p><!-- is a <br \/>--><\/p>\n<p><!-- is a object --><\/p>\n<h3>Qui\u00e9n era Agust\u00edn<\/h3>\n<p><!-- end object --><\/p>\n<p>\u00a0<\/p>\n<p><!-- is a <br \/>--><\/p>\n<p>Rivero estudiaba Administraci\u00f3n de Empresas y se formaba para ser Despachante de Aduanas. Un amigo cercano, identificado como Thiago, relat\u00f3: \u201cLo vi hace una semana en un cumplea\u00f1os de un amigo. Me llam\u00f3 su pap\u00e1 y no lo pod\u00eda creer. Lo peor es entrar a la casa de \u00e9l y ver que no est\u00e1\u201d.  <\/p>\n<p><!-- is a <br \/>--><\/p>\n<p><!-- is a object --><br \/>\n<!-- embed start --><!-- embed end --><br \/>\n<!-- end object --><\/p>\n<p>\u00a0<\/p>\n<p><!-- is a <br \/>--><\/p>\n<p>Tambi\u00e9n se\u00f1al\u00f3 que el joven estudiaba y ten\u00eda proyectos a futuro: \u201cTen\u00edamos un mont\u00f3n de sue\u00f1os. Hac\u00edamos chistes de armar un emprendimiento entre nosotros. Era un plan a futuro\u201d.  <\/p>\n<p><!-- is a <br \/>--><\/p>\n<p><!-- is a object --><br \/>\n<!-- embed start --><\/p>\n<figure class=\"embed\">\n<p>    <img decoding=\"async\" src=\"https:\/\/elonce-media.elonce.com\/fotos\/2026\/04\/26\/e_1777247017_64002.webp\" loading=\"lazy\" width=\"600\" height=\"400\" alt=\"\"\/><\/p>\n<\/figure>\n<p><!-- embed end --><br \/>\n<!-- end object --><\/p>\n<p><!-- is a object --><\/p>\n<h3>Reclamos de vecinos por seguridad<\/h3>\n<p><!-- end object --><\/p>\n<p>\u00a0<\/p>\n<p><!-- is a <br \/>--><\/p>\n<p>Vecinos de la zona expresaron su preocupaci\u00f3n por la inseguridad. Uno de ellos sostuvo: \u201cSe est\u00e1 viviendo mal. Y viene de mal en peor\u201d. Otro agreg\u00f3: \u201cEsto se volvi\u00f3 tierra de nadie\u201d.  <\/p>\n<p><!-- is a <br \/>--><\/p>\n<p><!-- is a object --><br \/>\n<!-- embed start --><!-- embed end --><br \/>\n<!-- end object --><\/p>\n<p>\u00a0<\/p>\n<p><!-- is a <br \/>--><\/p>\n<p>Una vecina indic\u00f3 que el padre del joven lo esperaba al momento del hecho: \u201cEstaba a unos metros de \u00e9l para llegar a la casa. El mismo pap\u00e1 tuvo que socorrerlo con otros vecinos. La ambulancia nunca lleg\u00f3\u201d.  <\/p>\n<p><!-- is a <br \/>--><\/p>\n<p>\u00a0<\/p>\n<p><!-- is a <br \/>--><\/p>\n<p>Otros residentes reclamaron mayor presencia policial y medidas de seguridad en el barrio. \u201cQueremos que la polic\u00eda venga y ponga un patrullero. No podemos caminar porque nos roban\u201d, manifestaron.  <\/p>\n<p><!-- is a <br \/>--><\/p>\n<p><!-- is a object --><br \/>\n<!-- embed start --><!-- embed end --><br \/>\n<!-- end object --><\/p><\/div>\n<p><script async src=\"\/\/platform.twitter.com\/widgets.js\" charset=\"utf-8\"><\/script><\/p>\n","protected":false},"excerpt":{"rendered":"<p>Este domingo se conoci\u00f3 la noticia del asesinato de un joven de 21 a\u00f1os durante un violento asalto cuando regresaba de la facultad en la localidad de San Jos\u00e9, partido de Lomas de Zamora, en Buenos Aires. Sin embargo, en las \u00faltimas horas trascendi\u00f3 que los padres de la v\u00edctima, identificada como Agust\u00edn Rivero, son [&hellip;]<\/p>\n","protected":false},"author":1,"featured_media":8379,"comment_status":"open","ping_status":"open","sticky":false,"template":"","format":"standard","meta":{"footnotes":""},"categories":[1],"tags":[],"class_list":["post-8378","post","type-post","status-publish","format-standard","has-post-thumbnail","hentry","category-uncategorized"],"_links":{"self":[{"href":"https:\/\/cliente1.publisher.highstack.com.ar\/index.php?rest_route=\/wp\/v2\/posts\/8378","targetHints":{"allow":["GET"]}}],"collection":[{"href":"https:\/\/cliente1.publisher.highstack.com.ar\/index.php?rest_route=\/wp\/v2\/posts"}],"about":[{"href":"https:\/\/cliente1.publisher.highstack.com.ar\/index.php?rest_route=\/wp\/v2\/types\/post"}],"author":[{"embeddable":true,"href":"https:\/\/cliente1.publisher.highstack.com.ar\/index.php?rest_route=\/wp\/v2\/users\/1"}],"replies":[{"embeddable":true,"href":"https:\/\/cliente1.publisher.highstack.com.ar\/index.php?rest_route=%2Fwp%2Fv2%2Fcomments&post=8378"}],"version-history":[{"count":0,"href":"https:\/\/cliente1.publisher.highstack.com.ar\/index.php?rest_route=\/wp\/v2\/posts\/8378\/revisions"}],"wp:featuredmedia":[{"embeddable":true,"href":"https:\/\/cliente1.publisher.highstack.com.ar\/index.php?rest_route=\/wp\/v2\/media\/8379"}],"wp:attachment":[{"href":"https:\/\/cliente1.publisher.highstack.com.ar\/index.php?rest_route=%2Fwp%2Fv2%2Fmedia&parent=8378"}],"wp:term":[{"taxonomy":"category","embeddable":true,"href":"https:\/\/cliente1.publisher.highstack.com.ar\/index.php?rest_route=%2Fwp%2Fv2%2Fcategories&post=8378"},{"taxonomy":"post_tag","embeddable":true,"href":"https:\/\/cliente1.publisher.highstack.com.ar\/index.php?rest_route=%2Fwp%2Fv2%2Ftags&post=8378"}],"curies":[{"name":"wp","href":"https:\/\/api.w.org\/{rel}","templated":true}]}}