{"id":8375,"date":"2026-04-28T16:19:58","date_gmt":"2026-04-28T19:19:58","guid":{"rendered":"https:\/\/cliente1.publisher.highstack.com.ar\/?p=8375"},"modified":"2026-04-28T16:19:59","modified_gmt":"2026-04-28T19:19:59","slug":"sin-presidenciables-el-pj-federal-se-reune-en-parque-norte-para-avanzar-en-el-armado-2027","status":"publish","type":"post","link":"https:\/\/cliente1.publisher.highstack.com.ar\/?p=8375","title":{"rendered":"Sin &#8220;presidenciables&#8221;, el PJ federal se re\u00fane en Parque Norte para avanzar en el armado 2027"},"content":{"rendered":"<div id=\"\">\n<p id=\"p-1777383233957-96539\">Con ese mar de fondo, unos mil dirigentes del peronismo se reunir\u00e1n<strong> este viernes 1 de mayo en Parque Norte<\/strong> para debatir l\u00edneas program\u00e1ticas. La convocatoria tiene un tinte federal, ya que se plantean los organizadores ir <strong>\u201cde la periferia al centro\u201d<\/strong>. Es decir, dar un mayor volumen a lo territorial; a los intendentes y a los PJ de las provincias para salir por arriba del laberinto que plantea la interminable<strong> interna entre La C\u00e1mpora y el Movimiento Derecho al Futuro de Axel Kicillof<\/strong>, una pulseada que, en la mirada de los convocantes, \u201ces una pelea del AMBA\u201d.<\/p>\n<\/div>\n<div id=\"\">\n<p id=\"p-1777383233957-42303\">\u201cLa convocatoria es federal y la intenci\u00f3n es abrir un debate impostergable en el peronismo: representamos la Argentina productiva, con orden macroecon\u00f3mico y justicia social o nos quedamos siendo solo un partido del AMBA con derrota segura en el balotaje\u201d, analizan.<\/p>\n<\/div>\n<div id=\"\">\n<div contenteditable=\"false\" class=\"embed_cont type_freetext\" rel=\"freetext\" id=\"embed8027_wrap\" data-provider=\"Twitter\">\n<p>Embed &#8211; <span onclick=\"parent.parent.TinyMCETdcuerpo.preview_embed('embed8027')\" class=\"embed_colapse less\" id=\"embed8027_colapse\"\/><span onclick=\"parent.parent.TinyMCETdcuerpo.delete_embed('embed8027')\" class=\"embed_delete less\" id=\"embed8027_delete\"\/><\/p>\n<div id=\"embed8027_content\" class=\"embed_content\">\n<div id=\"embed8027_embed\">\n<blockquote data-td-script-src=\"https:\/\/platform.twitter.com\/widgets.js\" class=\"twitter-tweet\">\n<p id=\"p-1777383340176-66065\" dir=\"ltr\" lang=\"es\"> El peronismo siempre fue protagonista de los procesos de reconstrucci\u00f3n econ\u00f3mica y social de la Argentina, despu\u00e9s de los gobiernos que han pensado un pa\u00eds para pocos perjudicando la vida de millones de argentinos. <\/p>\n<p>Hoy m\u00e1s que nunca tenemos el deber de aportar en la\u2026 <a href=\"https:\/\/t.co\/FngXVuFrq2\">pic.twitter.com\/FngXVuFrq2<\/a><\/p>\n<p> \u2014 Guillermo Michel (@MichelGuilleOK) <a href=\"https:\/\/twitter.com\/MichelGuilleOK\/status\/2048796677578891685?ref_src=twsrc%5Etfw\">April 27, 2026<\/a><\/p><\/blockquote>\n<\/div><\/div>\n<\/p><\/div>\n<\/p><\/div>\n<div id=\"\">\n<p id=\"p-1777383233957-36664\">El armado y la iniciativa proviene de un grupo de dirigentes que viene trabajando por fuera de ambos polos de la interna. Los <strong>diputados nacionales Victoria Tolosa Paz (Buenos Aires), Guillermo Michel (Entre R\u00edos) y Emir F\u00e9lix (Mendoza), el intendente de Pilar Federico Achaval, el titular de la AGN y apoderado del PJ Juan Manuel Olmos, el senador nacional Marcelo Lewandowski (Santa Fe), el intendente de R\u00edo Grande Mart\u00edn P\u00e9rez<\/strong>, entre otros.<\/p>\n<\/div>\n<div id=\"\">\n<p id=\"p-1777383233957-99809\">\u201cEs una construcci\u00f3n desde abajo, con impronta federal y apertura real: un espacio de debate sobre las ideas que puedan ser el punto de partida de una alternativa nacional que recupere la representaci\u00f3n de las mayor\u00edas\u201d, dijeron los organizadores en la previa.<\/p>\n<p id=\"p-1777383233957-42380\">El dato m\u00e1s llamativo es que se evit\u00f3 convocar a todos aquellos que \u201cexpresaron sus deseos de ser candidatos o ya se inclinaron por alguno\u201d. As\u00ed, <strong>no habr\u00e1 figuras del kirchnerismo, ni Axel Kicillof. Tampoco estar\u00e1n el sanjuanino Sergio U\u00f1ac, el santiague\u00f1o Gerardo Zamora ni el riojano Ricardo Quintela<\/strong>. \u201cYa nos comunicamos con ellos para expresarles por qu\u00e9 era preferible que no est\u00e9n el viernes: queremos discutir ideas y que no se interprete que estamos impulsando a un candidato\u201d, expresaron.<\/p>\n<p id=\"p-1777383233957-10042\">Tambi\u00e9n se mantuvo la restricci\u00f3n para esta primera reuni\u00f3n a quienes integran otras agrupaciones que tienen discusiones cerradas.<strong> No ser\u00e1n de la partida La C\u00e1mpora, el MDF de Kicillof o el Frente Renovador<\/strong>. \u201cSi se quieren sumar, bienvenidos, pero la l\u00f3gica de las agrupaciones con discusi\u00f3n hacia adentro no es la idea de esta reuni\u00f3n\u201d.<\/p>\n<p id=\"p-1777383233957-16430\">Otro dato a resaltar es que esperan la presencia de<strong> intendentes cordobeses que responden a Mart\u00edn Llaryora<\/strong>. La lejan\u00eda que mantiene el llamado \u201ccordobesismo\u201d con el PJ Nacional es uno de los puntos que buscan resolver con una eventual ampliaci\u00f3n. En especial porque los resultados en C\u00f3rdoba fueron clave para las victorias de Mauricio Macri en 2015 y de Javier Milei en 2023, con resultados contundentes en las segundas vueltas en contra del peronismo. \u201cNo estar\u00e1 Mart\u00edn, pero si intendentes de su espacio\u201d, mencionaron a <strong>\u00c1mbito<\/strong>.<\/p>\n<p id=\"p-1777383233957-24006\">Asimismo, se espera representaci\u00f3n gremial con dos triunviros de la CGT:<strong> Jorge Sola (Seguros) y Cristian Jer\u00f3nimo (Vidrio)<\/strong><\/p>\n<h2 id=\"p-1777383233957-3176\">Necesidad de las PASO<\/h2>\n<p id=\"p-1777383233957-42556\">Las actividades en Parque Norte comenzar\u00e1n a las 9:30 y se extender\u00e1n hasta las 14, calculan. Bajo la consigna de \u201cprimero las ideas\u201d, habr\u00e1 un plenario y luego se conformar\u00e1n comisiones de trabajo para avanzar en proyectos y propuestas.<\/p>\n<p id=\"p-1777383233957-23961\">En principio, parten de premisas moderadas. Sostener el equilibrio fiscal y el orden macroecon\u00f3mico, una baja de las retenciones para incrementar las exportaciones o sostener los beneficios del RIGI aunque ampliando a futuro un \u201ccompre local\u201d, aparecen entre las propuestas.<\/p>\n<p id=\"p-1777383233957-28257\">La intenci\u00f3n es conformar un programa, que podr\u00e1 o no coincidir con el de otros espacios del PJ. \u201cHoy parece dif\u00edcil ponernos de acuerdo en todo, por eso<strong> ser\u00eda importante sostener las PASO<\/strong>, como una herramienta institucional para que podemos dirimir candidatos\u201d, mencionaron. En ese sentido, sostienen que es mejor \u201chacerlo con las reglas nacionales\u201d que una interna cerrada, donde el control de los padrones y los avales queda sujeto a suspicacias. La simultaneidad de las PASO tambi\u00e9n es vista por este sector como una instancia virtuosa para que \u201cno se metan desde otros espacios en una interna ajena\u201d.<\/p>\n<p id=\"p-1777383233957-1567\">El grupo, encabezado por<strong> Tolosa Paz, Michel, Achaval, Olmos y F\u00e9lix<\/strong> tiene la intenci\u00f3n de abrir la participaci\u00f3n incluso a dirigentes que provengan de otros espacios. <strong>\u201cCon el peronismo solo no alcanza\u201d<\/strong>, es una de las m\u00e1ximas que resuenan en una fracci\u00f3n del PJ que busca darle lugar a dirigentes del interior.<\/p>\n<p id=\"p-1777383233957-70284\">\u201cEl peronismo siempre fue protagonista de los procesos de reconstrucci\u00f3n econ\u00f3mica y social de la Argentina, despu\u00e9s de los gobiernos que han pensado un pa\u00eds para pocos perjudicando la vida de millones de argentinos\u201d, afirmaron. La ca\u00edda de la imagen de Milei motoriz\u00f3 el encuentro. \u201cHay una demanda de la sociedad que necesita ver que el peronismo ofrece la construcci\u00f3n de una alternativa nacional\u201d, mencionaron.<\/p>\n<\/p><\/div>\n<p><script>\n!function(f,b,e,v,n,t,s)\n{if(f.fbq)return;n=f.fbq=function(){n.callMethod?\nn.callMethod.apply(n,arguments):n.queue.push(arguments)};\nif(!f._fbq)f._fbq=n;n.push=n;n.loaded=!0;n.version='2.0';\nn.queue=[];t=b.createElement(e);t.async=!0;\nt.src=v;s=b.getElementsByTagName(e)[0];\ns.parentNode.insertBefore(t,s)}(window,document,'script',\n'\nfbq('init', '2047048335588113');\nfbq('track', 'PageView');\n<\/script><\/p>\n","protected":false},"excerpt":{"rendered":"<p>Con ese mar de fondo, unos mil dirigentes del peronismo se reunir\u00e1n este viernes 1 de mayo en Parque Norte para debatir l\u00edneas program\u00e1ticas. La convocatoria tiene un tinte federal, ya que se plantean los organizadores ir \u201cde la periferia al centro\u201d. Es decir, dar un mayor volumen a lo territorial; a los intendentes y [&hellip;]<\/p>\n","protected":false},"author":1,"featured_media":8376,"comment_status":"open","ping_status":"open","sticky":false,"template":"","format":"standard","meta":{"footnotes":""},"categories":[1],"tags":[4,2],"class_list":["post-8375","post","type-post","status-publish","format-standard","has-post-thumbnail","hentry","category-uncategorized","tag-entre-rios","tag-guillermo-michel"],"_links":{"self":[{"href":"https:\/\/cliente1.publisher.highstack.com.ar\/index.php?rest_route=\/wp\/v2\/posts\/8375","targetHints":{"allow":["GET"]}}],"collection":[{"href":"https:\/\/cliente1.publisher.highstack.com.ar\/index.php?rest_route=\/wp\/v2\/posts"}],"about":[{"href":"https:\/\/cliente1.publisher.highstack.com.ar\/index.php?rest_route=\/wp\/v2\/types\/post"}],"author":[{"embeddable":true,"href":"https:\/\/cliente1.publisher.highstack.com.ar\/index.php?rest_route=\/wp\/v2\/users\/1"}],"replies":[{"embeddable":true,"href":"https:\/\/cliente1.publisher.highstack.com.ar\/index.php?rest_route=%2Fwp%2Fv2%2Fcomments&post=8375"}],"version-history":[{"count":1,"href":"https:\/\/cliente1.publisher.highstack.com.ar\/index.php?rest_route=\/wp\/v2\/posts\/8375\/revisions"}],"predecessor-version":[{"id":8377,"href":"https:\/\/cliente1.publisher.highstack.com.ar\/index.php?rest_route=\/wp\/v2\/posts\/8375\/revisions\/8377"}],"wp:featuredmedia":[{"embeddable":true,"href":"https:\/\/cliente1.publisher.highstack.com.ar\/index.php?rest_route=\/wp\/v2\/media\/8376"}],"wp:attachment":[{"href":"https:\/\/cliente1.publisher.highstack.com.ar\/index.php?rest_route=%2Fwp%2Fv2%2Fmedia&parent=8375"}],"wp:term":[{"taxonomy":"category","embeddable":true,"href":"https:\/\/cliente1.publisher.highstack.com.ar\/index.php?rest_route=%2Fwp%2Fv2%2Fcategories&post=8375"},{"taxonomy":"post_tag","embeddable":true,"href":"https:\/\/cliente1.publisher.highstack.com.ar\/index.php?rest_route=%2Fwp%2Fv2%2Ftags&post=8375"}],"curies":[{"name":"wp","href":"https:\/\/api.w.org\/{rel}","templated":true}]}}