{"id":8373,"date":"2026-04-28T16:09:49","date_gmt":"2026-04-28T19:09:49","guid":{"rendered":"https:\/\/cliente1.publisher.highstack.com.ar\/?p=8373"},"modified":"2026-04-28T16:09:49","modified_gmt":"2026-04-28T19:09:49","slug":"semillas-aval-con-cautela-del-agro-al-nuevo-esquema-de-control-del-gobierno","status":"publish","type":"post","link":"https:\/\/cliente1.publisher.highstack.com.ar\/?p=8373","title":{"rendered":"Semillas: aval con cautela del agro al nuevo esquema de control del Gobierno"},"content":{"rendered":"<div class=\"col-12\">\n<p class=\"com-paragraph  --capital --s\">El nuevo esquema de <strong>fiscalizaci\u00f3n en semillas<\/strong> que <strong>present\u00f3<\/strong> ayer<strong> el Gobierno a los representantes del agro sum\u00f3 una primera reacci\u00f3n favorable,<\/strong> aunque con matices, por parte de las entidades del agro y la industria semillera. Destacaron el \u00e1mbito de di\u00e1logo, pero <strong>advirtieron<\/strong> que <strong>a\u00fan resta analizar la \u201cletra chica\u201d<\/strong> antes de definir un respaldo pleno. La iniciativa, que no modifica <strong>la ley vigente y se aplicar\u00e1 solo a las nuevas variedades, <\/strong>apunta a fortalecer el control de la identidad varietal con <a href=\"https:\/\/www.lanacion.com.ar\/economia\/campo\/el-gobierno-le-presento-al-campo-un-nuevo-esquema-para-la-fiscalizacion-en-semillas-nid27042026\/\" target=\"_self\" title=\"https:\/\/www.lanacion.com.ar\/economia\/campo\/el-gobierno-le-presento-al-campo-un-nuevo-esquema-para-la-fiscalizacion-en-semillas-nid27042026\/\" class=\"com-link break-word\" data-mrf-recirculation=\"n_link_parrafo\"><strong>participaci\u00f3n p\u00fablico-privada<\/strong><\/a>.<\/p>\n<div class=\"ln-banner-container --caja1_mob\">\n<div id=\"caja1_mob\" class=\"ln-banner\" data-slot-group=\"nota\" data-device=\"mobile\" data-subscription=\"false\" data-ad-unit-path=\"\/133919216\/campo_mobile\/Nota\/caja1_mob\" data-targeting='{\"sitio\":\"lanacion\",\"seccion\":\"nota\"}' data-without-hide=\"true\" data-size=\"[[320,100],[300,250],[1,1],[300,450],[320,450]]\" data-sizemap=\"[]\" data-prebid-enabled=\"true\"><\/div>\n<\/div>\n<p class=\"com-paragraph   --s\">Desde la <strong>Asociaci\u00f3n de Semilleros Argentinos (ASA),<\/strong> su director ejecutivo, <strong>Alfredo Paseyro,<\/strong> valor\u00f3 el esp\u00edritu de la propuesta y la convocatoria oficial, aunque remarc\u00f3 que el sector todav\u00eda se encuentra en etapa de evaluaci\u00f3n. \u201c<strong>Cada una de las instituciones se fue con el compromiso de analizar, hacer sus aportes y ver si esto sirve<\/strong>\u201d, dijo. La iniciativa busca ordenar el uso de semillas y mejorar la calidad de los cultivares mediante un esquema de transici\u00f3n. <\/p>\n<p class=\"com-paragraph   --s\">Paseyro tambi\u00e9n subray\u00f3 que el planteo oficial no entra en contradicci\u00f3n con los sistemas ya vigentes en el \u00e1mbito privado, como<strong> Bolsatech o Sembr\u00e1 Evoluci\u00f3n,<\/strong> que funcionan sobre la base de acuerdos contractuales entre productores y proveedores. \u201c<strong>Creemos que todo lo que contribuya a esa relaci\u00f3n entre privados es bienvenido<\/strong>\u201d, afirm\u00f3, aunque insisti\u00f3 en que el impacto concreto depender\u00e1 de c\u00f3mo se reglamente el sistema y de los costos asociados.<\/p>\n<p class=\"com-paragraph   --s\">En ese sentido, puso <strong>el foco en la necesidad de previsibilidad para fomentar inversiones en gen\u00e9tica<\/strong> y volvi\u00f3 a mencionar el debate pendiente sobre <strong>marcos internacionales de propiedad intelectual, como Upov-91.<\/strong> Record\u00f3 que el esquema oficial apunta a mejorar el rol del Instituto Nacional de Semillas (Inase) con apoyo de privados, pero &#8220;<strong>no reemplaza una discusi\u00f3n m\u00e1s amplia sobre derechos de obtentor&#8221;. <\/strong><\/p>\n<div class=\"ln-banner-container --caja2_mob\">\n<div id=\"caja2_mob\" class=\"ln-banner\" data-slot-group=\"nota\" data-device=\"mobile\" data-subscription=\"true\" data-ad-unit-path=\"\/133919216\/campo_mobile\/Nota\/caja2_mob\" data-targeting='{\"sitio\":\"lanacion\",\"seccion\":\"nota\"}' data-without-hide=\"true\" data-size=\"[[320,100],[300,250],[300,450],[1,1],[360,270],[320,180]]\" data-sizemap=\"[]\" data-prebid-enabled=\"true\"><\/div>\n<\/div>\n<div class=\"content-media\">\n<section role=\"button\" class=\"mod-media   \">\n<figure role=\"button\" tabindex=\"0\" class=\"mod-figure \">\n<div class=\"placeholder \">\n<div class=\"com-image\"><picture><source media=\"(min-width: 768px)\" srcset=\"https:\/\/resizer.glanacion.com\/resizer\/v2\/a-la-derecha-alfredo-paseyro-director-ejecutivo-KG76MFPRVJEPPFRR7ZXNUNZFOY.jpeg?auth=86937678023857a2f311b247e7bc1c76fb6274c0299e8b77b3e6ef3d3a2e74ef&amp;width=780&amp;height=520&amp;quality=70&amp;smart=true\"><\/source><img class=\"image com-image flex --cover\" decoding=\"async\" fetchpriority=\"low\" loading=\"lazy\" src=\"https:\/\/resizer.glanacion.com\/resizer\/v2\/a-la-derecha-alfredo-paseyro-director-ejecutivo-KG76MFPRVJEPPFRR7ZXNUNZFOY.jpeg?auth=86937678023857a2f311b247e7bc1c76fb6274c0299e8b77b3e6ef3d3a2e74ef&amp;width=420&amp;height=280&amp;quality=70&amp;smart=true\" width=\"1600\" alt=\"A la derecha, Alfredo Paseyro, director ejecutivo de ASA\" height=\"1067\"><\/picture><\/div>\n<\/div><figcaption class=\"mod-figcaption\"><span class=\"com-text --caption --twoxs\">A la derecha, Alfredo Paseyro, director ejecutivo de ASA<\/span><span class=\"com-text --credit --twoxs\">Rodrigo N\u00e9spolo<\/span><\/figcaption><\/figure>\n<\/section>\n<\/div>\n<div class=\"ln-banner-container --middle_2_dsk\">\n<div id=\"middle_2_dsk\" class=\"ln-banner\" data-slot-group=\"nota\" data-device=\"desktop\" data-subscription=\"true\" data-ad-unit-path=\"\/133919216\/campo_desktop\/Nota\/middle_2_dsk\" data-targeting='{\"sitio\":\"lanacion\",\"seccion\":\"nota\"}' data-without-hide=\"true\" data-size=\"[[1,1],[728,90]]\" data-sizemap=\"[]\" data-prebid-enabled=\"true\"><\/div>\n<\/div>\n<p class=\"com-paragraph   --s\">El directivo habl\u00f3 de la centralidad de<strong> los contratos como base del v\u00ednculo entre productores y proveedores de tecnolog\u00eda<\/strong>. Se\u00f1al\u00f3 que \u201cel respeto por los acuerdos es clave\u201d para ordenar el sistema y generar confianza: \u201cEl productor con un proveedor, con un contrato, con previsibilidad, con reglas claras de lo que uno ofrece y es lo que hay que cumplir las partes\u201d. <\/p>\n<div class=\"ln-banner-container --caja3_mob\">\n<div id=\"caja3_mob\" class=\"ln-banner\" data-slot-group=\"nota\" data-device=\"mobile\" data-subscription=\"false\" data-ad-unit-path=\"\/133919216\/campo_mobile\/Nota\/caja3_mob\" data-targeting='{\"sitio\":\"lanacion\",\"seccion\":\"nota\"}' data-without-hide=\"true\" data-size=\"[[320,100],[300,250],[1,1],[300,450],[360,270]]\" data-sizemap=\"[]\" data-prebid-enabled=\"true\"><\/div>\n<\/div>\n<div class=\"ln-banner-container --middle_2_tab\">\n<div id=\"middle_2_tab\" class=\"ln-banner\" data-slot-group=\"nota\" data-device=\"tablet\" data-subscription=\"false\" data-ad-unit-path=\"\/133919216\/campo_tablet\/Nota\/middle_2_tab\" data-targeting='{\"sitio\":\"lanacion\",\"seccion\":\"nota\"}' data-without-hide=\"true\" data-size=\"[[728,90],[640,480],[468,60],[1,1]]\" data-sizemap=\"[]\" data-prebid-enabled=\"true\"><\/div>\n<\/div>\n<p class=\"com-paragraph   --s\">En ese sector consideran que el cumplimiento debe ser mutuo, por ejemplo, desde la industria, garantizando calidad y rendimiento de la semilla, y desde el productor, haciendo un uso adecuado de la tecnolog\u00eda incorporada. Hizo hincapi\u00e9 en que el funcionamiento operativo del sistema ser\u00e1 un punto clave a evaluar, ya que implica tareas t\u00e9cnicas y log\u00edsticas que requieren tiempo y coordinaci\u00f3n. \u201c<strong>Ese trabajo lleva tiempo porque lo tienen que ver los abogados, la parte operativa y luego sacar muestras, trasladarlas, analizarlas<\/strong>\u201d, explic\u00f3. <\/p>\n<p class=\"com-paragraph   --s\">Remarc\u00f3 que <strong>mecanismos similares ya vienen siendo implementados por el sector privado desde hace a\u00f1os, con resultados positivos<\/strong>, por lo que consider\u00f3 importante que cualquier nueva herramienta se articule con esas experiencias existentes.<\/p>\n<p class=\"com-paragraph   --s\">Para el directivo antes de avanzar con esta propuesta ser\u00e1 necesario entender con precisi\u00f3n qu\u00e9 tipo de cobertura en materia de propiedad intelectual ofrece el esquema propuesto y cu\u00e1les ser\u00edan sus implicancias. \u201c<strong>Antes de financiarlo hay que entender la letra chica de esta propuesta, ver qu\u00e9 es lo que nos estar\u00eda dando como propiedad intelectual y analizar los n\u00fameros<\/strong>\u201d, se\u00f1al\u00f3. Seg\u00fan plante\u00f3, cualquier cambio en este sentido conlleva tambi\u00e9n un \u201c<strong>costo social<\/strong>\u201d que debe ser contemplado, en un contexto donde el equilibrio entre incentivos a la innovaci\u00f3n y condiciones para los productores resulta determinante.<\/p>\n<div class=\"ln-banner-container --caja4_mob\">\n<div id=\"caja4_mob\" class=\"ln-banner\" data-slot-group=\"nota\" data-device=\"mobile\" data-subscription=\"false\" data-ad-unit-path=\"\/133919216\/campo_mobile\/Nota\/caja4_mob\" data-targeting='{\"sitio\":\"lanacion\",\"seccion\":\"nota\"}' data-without-hide=\"true\" data-size=\"[[320,100],[300,250],[1,1]]\" data-sizemap=\"[]\" data-prebid-enabled=\"true\"><\/div>\n<\/div>\n<div class=\"content-media\">\n<section role=\"button\" class=\"mod-media   \">\n<figure role=\"button\" tabindex=\"0\" class=\"mod-figure \">\n<div class=\"placeholder \">\n<div class=\"com-image\"><picture><source media=\"(min-width: 768px)\" srcset=\"https:\/\/resizer.glanacion.com\/resizer\/v2\/a-la-derecha-fernando-de-nevares-presidente-de-CREDMB2HSREQBD7H6JMEZP73GQ.jpeg?auth=7317e19dcbb6bd8867cd5e3b03a4ea5937698bfa1ff3b2eadd4aa01ef695e7c6&amp;width=780&amp;height=577&amp;quality=70&amp;smart=true\"><\/source><img class=\"image com-image flex --cover\" decoding=\"async\" fetchpriority=\"low\" loading=\"lazy\" src=\"https:\/\/resizer.glanacion.com\/resizer\/v2\/a-la-derecha-fernando-de-nevares-presidente-de-CREDMB2HSREQBD7H6JMEZP73GQ.jpeg?auth=7317e19dcbb6bd8867cd5e3b03a4ea5937698bfa1ff3b2eadd4aa01ef695e7c6&amp;width=420&amp;height=311&amp;quality=70&amp;smart=true\" width=\"1600\" alt=\"A la derecha, Fernando de Nevares, Presidente de CREA\" height=\"1184\"><\/picture><\/div>\n<\/div><figcaption class=\"mod-figcaption\"><span class=\"com-text --caption --twoxs\">A la derecha, Fernando de Nevares, Presidente de CREA<\/span><span class=\"com-text --credit --twoxs\">Rodrigo N\u00e9spolo<\/span><\/figcaption><\/figure>\n<\/section>\n<\/div>\n<p class=\"com-paragraph   --s\">\u201c<strong>El Gobierno nos comparti\u00f3 un borrador de trabajo para an\u00e1lisis de todos<\/strong>\u201d, indic\u00f3, y explic\u00f3 que cada entidad deber\u00e1 revisar en detalle la propuesta desde lo t\u00e9cnico, legal y operativo antes de fijar una posici\u00f3n definitiva. <strong>En ese marco, remarc\u00f3 que ASA har\u00e1 su propio an\u00e1lisis interno, aunque adelant\u00f3 que existe una mirada positiva respecto del \u201cesp\u00edritu\u201d de la iniciativa<\/strong>.<\/p>\n<div class=\"ln-banner-container --caja6_mob\">\n<div id=\"caja6_mob\" class=\"ln-banner\" data-slot-group=\"nota\" data-device=\"mobile\" data-subscription=\"false\" data-ad-unit-path=\"\/133919216\/campo_mobile\/Nota\/caja6_mob\" data-targeting='{\"sitio\":\"lanacion\",\"seccion\":\"nota\"}' data-without-hide=\"true\" data-size=\"[[300,250],[230,50],[300,450],[1,1],[320,100]]\" data-sizemap=\"[]\" data-prebid-enabled=\"true\"><\/div>\n<\/div>\n<p class=\"com-paragraph   --s\">En tanto, <strong>Carlos Castagnani,<\/strong> presidente de Confederaciones Rurales Argentinas (CRA), explic\u00f3 que el Gobierno present\u00f3 \u201c<strong>un reglamento que se empezar\u00eda a aplicar de haber un acuerdo de ahora en m\u00e1s<\/strong>\u201d. Record\u00f3 que esto \u201c<strong>no modificar\u00eda la actualidad<\/strong>\u201d y ser\u00eda \u201c<strong>una medida que se toma no retroactiva de ac\u00e1 en m\u00e1s para las variedades nuevas<\/strong>\u201d.<\/p>\n<p class=\"com-paragraph   --s\">Detall\u00f3 que para las nuevas variedades <strong>\u201chabr\u00eda una fiscalizaci\u00f3n\u201d, con toma de muestras en acopios que \u201cse informar\u00eda al Inase\u201d.<\/strong> El an\u00e1lisis \u201clo har\u00edan en un principio las bolsas\u201d y luego \u201caquel laboratorio que est\u00e9 habilitado estar\u00e1 encargado de decir: esta muestra es tal variedad\u201d. Adem\u00e1s, indic\u00f3 que <strong>\u201chay una propuesta de 60 d\u00edas para si hay alg\u00fan reclamo o alguna oposici\u00f3n\u201d, tras lo cual \u201cquedar\u00eda sin efecto\u201d.<\/strong> Se trata de un esquema preliminar que \u201chay que trasladarlo a cada entidad\u201d y que luego \u201cse va a definir en una reuni\u00f3n de la Comisi\u00f3n Nacional de Semillas <strong>(Conase)\u201d.<\/strong><\/p>\n<div class=\"ln-banner-container --caja7_mob\">\n<div id=\"caja7_mob\" class=\"ln-banner\" data-slot-group=\"nota\" data-device=\"mobile\" data-subscription=\"true\" data-ad-unit-path=\"\/133919216\/campo_mobile\/Nota\/caja7_mob\" data-targeting='{\"sitio\":\"lanacion\",\"seccion\":\"nota\"}' data-without-hide=\"true\" data-size=\"[[300,250],[320,50],[300,450],[1,1],[320,100]]\" data-sizemap=\"[]\" data-prebid-enabled=\"true\"><\/div>\n<\/div>\n<p class=\"com-paragraph   --s\">La Sociedad Rural Argentina (<strong>SRA<\/strong>) asisti\u00f3 a la reuni\u00f3n representada por su vicepresidenta segunda,<strong> Elo\u00edsa Frederking<\/strong>, y el director <strong>Tom\u00e1s Palaz\u00f3n<\/strong>. \u201cPonderamos este espacio de di\u00e1logo, entendiendo que se transita el camino correcto y se respeta el compromiso de la <strong>Secretar\u00eda de Agricultura<\/strong> de trabajar en la jerarquizaci\u00f3n del Inase. <strong>La entidad se compromete a seguir trabajando para estudiar el alcance de este proyecto, analizando su practicidad y el impacto real que tendr\u00e1 sobre el productor agropecuario<\/strong>\u201d.<\/p>\n<div class=\"content-media\">\n<section role=\"button\" class=\"mod-media   \">\n<figure role=\"button\" tabindex=\"0\" class=\"mod-figure \">\n<div class=\"placeholder \">\n<div class=\"com-image\"><picture><source media=\"(min-width: 768px)\" srcset=\"https:\/\/resizer.glanacion.com\/resizer\/v2\/carlos-castagnani-presidente-de-HHUEXK4ATNH6LNEBFHTF2KSC74.jpg?auth=c46462bc46a8463f0406d137ac903f31b56908a769bb86f9bae316ccfb97fd06&amp;width=780&amp;height=554&amp;quality=70&amp;smart=true\"><\/source><img class=\"image com-image flex --cover\" decoding=\"async\" fetchpriority=\"low\" loading=\"lazy\" src=\"https:\/\/resizer.glanacion.com\/resizer\/v2\/carlos-castagnani-presidente-de-HHUEXK4ATNH6LNEBFHTF2KSC74.jpg?auth=c46462bc46a8463f0406d137ac903f31b56908a769bb86f9bae316ccfb97fd06&amp;width=420&amp;height=298&amp;quality=70&amp;smart=true\" width=\"5370\" alt=\"Carlos Castagnani, presidente de CRA\" height=\"3813\"><\/picture><\/div>\n<\/div><figcaption class=\"mod-figcaption\"><span class=\"com-text --caption --twoxs\">Carlos Castagnani, presidente de CRA<\/span><span class=\"com-text --credit --twoxs\">Rodrigo N\u00e9spolo<\/span><\/figcaption><\/figure>\n<\/section>\n<\/div>\n<div class=\"ln-banner-container --caja8_mob\">\n<div id=\"caja8_mob\" class=\"ln-banner\" data-slot-group=\"nota\" data-device=\"mobile\" data-subscription=\"true\" data-ad-unit-path=\"\/133919216\/campo_mobile\/Nota\/caja8_mob\" data-targeting='{\"sitio\":\"lanacion\",\"seccion\":\"nota\"}' data-without-hide=\"true\" data-size=\"[[300,250],[320,50],[300,450],[1,1],[320,100]]\" data-sizemap=\"[]\" data-prebid-enabled=\"true\"><\/div>\n<\/div>\n<p class=\"com-paragraph   --s\">En esa l\u00ednea, <strong>Marcelo Torres<\/strong>, presidente de la Asociaci\u00f3n Argentina de Productores en Siembra Directa (Aapresid), destac\u00f3 que se trata de \u201cuna propuesta viable\u201d.<\/p>\n<p class=\"com-paragraph   --s\">\u201cA priori se centra en un aspecto de lo que estamos intercambiando, que es la fiscalizaci\u00f3n, que todos coincidimos que es importante para el cuidado de la propiedad intelectual. Tambi\u00e9n hay consenso que el Inase tenga un fuerte rol en esa fiscalizaci\u00f3n. <strong>Monta toda una estrategia de fiscalizaci\u00f3n en base al circuito de muestras comerciales que ya se sacan y apoyada en la tecnolog\u00eda<\/strong> que nos permite detectar cultivares e inclusive mezcla de cultivares&#8221;, dijo. <\/p>\n<div class=\"ln-banner-container --caja9_mob\">\n<div id=\"caja9_mob\" class=\"ln-banner\" data-slot-group=\"nota\" data-device=\"mobile\" data-subscription=\"true\" data-ad-unit-path=\"\/133919216\/campo_mobile\/Nota\/caja9_mob\" data-targeting='{\"sitio\":\"lanacion\",\"seccion\":\"nota\"}' data-without-hide=\"true\" data-size=\"[[300,250],[320,50],[300,450],[1,1],[320,100]]\" data-sizemap=\"[]\" data-prebid-enabled=\"true\"><\/div>\n<\/div>\n<p class=\"com-paragraph   --s\">Sostuvo que esta es una opci\u00f3n viable, pero que se debe analizar. <strong>\u201cTenemos que evaluar para que haya buena rentabilidad para el productor<\/strong>, buena gen\u00e9tica, disponibilidad de eventos, pero es importante, con una soluci\u00f3n que parece viable. Se sostiene en un circuito de muestras comerciales que hoy ya existe. <strong>La idea es ir incrementando y ampliando este circuito a otros cultivos tambi\u00e9n\u201d,<\/strong> resumi\u00f3. <\/p>\n<div data-fusion-lazy-id=\"f0f2aQl9N0Nc5yq\"><\/div>\n<div data-fusion-lazy-id=\"f0fGQeo7N0Nc5He\"><\/div>\n<div class=\"ln-banner-container --caja5_mob\">\n<div id=\"caja5_mob\" class=\"ln-banner\" data-slot-group=\"nota\" data-device=\"mobile\" data-subscription=\"false\" data-ad-unit-path=\"\/133919216\/campo_mobile\/Nota\/caja5_mob\" data-targeting='{\"sitio\":\"lanacion\",\"seccion\":\"nota\"}' data-without-hide=\"true\" data-size='[[320,100],[300,250],[1,1],[\" fluid\"]]' data-sizemap=\"[]\" data-prebid-enabled=\"true\"><\/div>\n<\/div>\n<div data-fusion-lazy-id=\"f0fSc0ngN0Nc5KL\">\n<div><\/div>\n<\/div>\n<div class=\"ln-banner-container --middle_3_dsk\">\n<div id=\"middle_3_dsk\" class=\"ln-banner\" data-slot-group=\"nota\" data-device=\"desktop\" data-subscription=\"true\" data-ad-unit-path=\"\/133919216\/campo_desktop\/Nota\/middle_3_dsk\" data-targeting='{\"sitio\":\"lanacion\",\"seccion\":\"nota\"}' data-without-hide=\"true\" data-size=\"[[1,1],[728,90],[640,360],[728,360]]\" data-sizemap=\"[]\" data-prebid-enabled=\"true\"><\/div>\n<\/div>\n<\/div>\n","protected":false},"excerpt":{"rendered":"<p>El nuevo esquema de fiscalizaci\u00f3n en semillas que present\u00f3 ayer el Gobierno a los representantes del agro sum\u00f3 una primera reacci\u00f3n favorable, aunque con matices, por parte de las entidades del agro y la industria semillera. Destacaron el \u00e1mbito de di\u00e1logo, pero advirtieron que a\u00fan resta analizar la \u201cletra chica\u201d antes de definir un respaldo [&hellip;]<\/p>\n","protected":false},"author":1,"featured_media":8374,"comment_status":"open","ping_status":"open","sticky":false,"template":"","format":"standard","meta":{"footnotes":""},"categories":[1],"tags":[],"class_list":["post-8373","post","type-post","status-publish","format-standard","has-post-thumbnail","hentry","category-uncategorized"],"_links":{"self":[{"href":"https:\/\/cliente1.publisher.highstack.com.ar\/index.php?rest_route=\/wp\/v2\/posts\/8373","targetHints":{"allow":["GET"]}}],"collection":[{"href":"https:\/\/cliente1.publisher.highstack.com.ar\/index.php?rest_route=\/wp\/v2\/posts"}],"about":[{"href":"https:\/\/cliente1.publisher.highstack.com.ar\/index.php?rest_route=\/wp\/v2\/types\/post"}],"author":[{"embeddable":true,"href":"https:\/\/cliente1.publisher.highstack.com.ar\/index.php?rest_route=\/wp\/v2\/users\/1"}],"replies":[{"embeddable":true,"href":"https:\/\/cliente1.publisher.highstack.com.ar\/index.php?rest_route=%2Fwp%2Fv2%2Fcomments&post=8373"}],"version-history":[{"count":0,"href":"https:\/\/cliente1.publisher.highstack.com.ar\/index.php?rest_route=\/wp\/v2\/posts\/8373\/revisions"}],"wp:featuredmedia":[{"embeddable":true,"href":"https:\/\/cliente1.publisher.highstack.com.ar\/index.php?rest_route=\/wp\/v2\/media\/8374"}],"wp:attachment":[{"href":"https:\/\/cliente1.publisher.highstack.com.ar\/index.php?rest_route=%2Fwp%2Fv2%2Fmedia&parent=8373"}],"wp:term":[{"taxonomy":"category","embeddable":true,"href":"https:\/\/cliente1.publisher.highstack.com.ar\/index.php?rest_route=%2Fwp%2Fv2%2Fcategories&post=8373"},{"taxonomy":"post_tag","embeddable":true,"href":"https:\/\/cliente1.publisher.highstack.com.ar\/index.php?rest_route=%2Fwp%2Fv2%2Ftags&post=8373"}],"curies":[{"name":"wp","href":"https:\/\/api.w.org\/{rel}","templated":true}]}}