{"id":8365,"date":"2026-04-28T13:26:20","date_gmt":"2026-04-28T16:26:20","guid":{"rendered":"https:\/\/cliente1.publisher.highstack.com.ar\/?p=8365"},"modified":"2026-04-28T13:26:20","modified_gmt":"2026-04-28T16:26:20","slug":"cuatro-economistas-top-discutieron-el-plan-de-milei-previsiones-de-inflacion-actividad-empleo-y-cuales-son-los-riesgos","status":"publish","type":"post","link":"https:\/\/cliente1.publisher.highstack.com.ar\/?p=8365","title":{"rendered":"Cuatro economistas top discutieron el plan de Milei: previsiones de inflaci\u00f3n, actividad, empleo y cu\u00e1les son los riesgos"},"content":{"rendered":"<div class=\"visual__image\"><picture><source srcset=\"https:\/\/www.infobae.com\/resizer\/v2\/2NXFPI43LNCWDGYW3Z4BTSLYRI.jpeg?auth=054872425d728968229dcdd509040a922557927313172f226080cba4e058202e&amp;smart=true&amp;width=992&amp;height=661&amp;quality=85\" media=\"(min-width: 1000px)\"><\/source><source srcset=\"https:\/\/www.infobae.com\/resizer\/v2\/2NXFPI43LNCWDGYW3Z4BTSLYRI.jpeg?auth=054872425d728968229dcdd509040a922557927313172f226080cba4e058202e&amp;smart=true&amp;width=768&amp;height=512&amp;quality=85\" media=\"(min-width: 768px)\"><\/source><source srcset=\"https:\/\/www.infobae.com\/resizer\/v2\/2NXFPI43LNCWDGYW3Z4BTSLYRI.jpeg?auth=054872425d728968229dcdd509040a922557927313172f226080cba4e058202e&amp;smart=true&amp;width=577&amp;height=385&amp;quality=85\" media=\"(min-width: 580px)\"><\/source><source srcset=\"https:\/\/www.infobae.com\/resizer\/v2\/2NXFPI43LNCWDGYW3Z4BTSLYRI.jpeg?auth=054872425d728968229dcdd509040a922557927313172f226080cba4e058202e&amp;smart=true&amp;width=420&amp;height=280&amp;quality=85\" media=\"(min-width: 350px)\"><\/source><source srcset=\"https:\/\/www.infobae.com\/resizer\/v2\/2NXFPI43LNCWDGYW3Z4BTSLYRI.jpeg?auth=054872425d728968229dcdd509040a922557927313172f226080cba4e058202e&amp;smart=true&amp;width=350&amp;height=233&amp;quality=85\" media=\"(min-width: 80px)\"><\/source><img alt=\"Vista general de un panel de discusi\u00f3n con cinco expertos sentados en un escenario iluminado, frente a una gran pantalla que muestra gr\u00e1ficos econ\u00f3micos y una audiencia en penumbra\" class=\"global-image\" decoding=\"async\" fetchpriority=\"low\" height=\"768\" loading=\"lazy\" src=\"https:\/\/www.infobae.com\/resizer\/v2\/2NXFPI43LNCWDGYW3Z4BTSLYRI.jpeg?auth=054872425d728968229dcdd509040a922557927313172f226080cba4e058202e&amp;smart=true&amp;width=350&amp;height=233&amp;quality=85\" width=\"1152\"><\/picture><\/div>\n<p class=\"paragraph\">El panel \u201cCoyuntura Macro Programa econ\u00f3mico y perspectivas 2026\u201d de <b>ExpoEFI 2026<\/b> reuni\u00f3 a cuatro referentes de la econom\u00eda argentina. <b>Emmanuel \u00e1lvarez Agis<\/b> (PxQ Consultora), <b>Pilar Tavella<\/b> (Balanz), <b>Andr\u00e9s Borenstein<\/b> (BTG Pactual Argentina) y <b>Marina Dal Poggetto<\/b> (Eco Go) abordaron las expectativas para la <b>inflaci\u00f3n<\/b>, la <b>actividad econ\u00f3mica<\/b>, el <b>empleo<\/b> y los riesgos que enfrenta el proceso de estabilizaci\u00f3n. La discusi\u00f3n dej\u00f3 en evidencia <b>coincidencias y matices<\/b> sobre el rumbo del programa econ\u00f3mico y los desaf\u00edos por delante.<\/p>\n<p class=\"paragraph\">En el arranque del debate, los economistas analizaron el contexto de <b>crecimiento y actividad<\/b>. Borenstein marc\u00f3 la pauta al afirmar: \u201cNadie espere un boom, porque me parece que no estamos frente a un boom, salvo en los sectores que todos sabemos que tienen boom\u201d. Se\u00f1al\u00f3 que \u201cestamos empezando a ver, es un poco medio incipiente, una recuperaci\u00f3n del cr\u00e9dito\u201d. Tavella aport\u00f3 datos sobre el desempe\u00f1o del Banco Central: \u201cEl Banco Central este a\u00f1o compr\u00f3 ya seis mil quinientos millones de d\u00f3lares. Es la cifra m\u00e1s alta de compras entre enero y abril que tenemos registro desde la serie de 2003\u201d.<\/p>\n<div class=\"inline ad-wrapper dfpAd ad-inline ad-text ad-component-container\" style=\"--ad-shell-height:250px;--ad-shell-width:300px\" data-ad-wrapper=\"arcad\" data-ad-type=\"inline\" data-ad-slot=\"infobae\/economia\/nota\/inline\" data-ad-container=\"dfp\" data-ad-slot-name=\"infobae\/economia\/nota\/inline\">\n<p class=\"ad-shell-label\">PUBLICIDAD<\/p>\n<div id=\"infobae\/economia\/nota\/inline\" class=\"infobae\/economia\/nota\/inline arcad ad-slot-node ad-slot-node--boxed\" data-ad-slot-id=\"infobae\/economia\/nota\/inline\"><\/div>\n<\/div>\n<p class=\"paragraph\">Dal Poggetto se refiri\u00f3 al impacto desigual por sectores y regiones: \u201cYo concuerdo con el optimismo respecto de la actividad, pero creo que la econom\u00eda de a pie va a estar bastante afectada por este mapa\u201d. Remarc\u00f3 que \u201cel crecimiento del empleo informal y la heterogeneidad regional se destacan como caracter\u00edsticas del momento\u201d. \u00e1lvarez Agis coincidi\u00f3 en la falta de dinamismo del consumo: \u201cLa econom\u00eda argentina muestra se\u00f1ales de recuperaci\u00f3n o crecimiento moderado para 2026, aunque todos descartan la posibilidad de un boom generalizado\u201d.<\/p>\n<p class=\"paragraph\">Sobre los motores de la actividad, Tavella resalt\u00f3 el papel de las exportaciones: \u201cEl ancla fiscal, la estabilizaci\u00f3n, fue el foco inicial de la pol\u00edtica econ\u00f3mica\u201d. Sostuvo que \u201cel crecimiento estar\u00e1 liderado por exportaciones e inversi\u00f3n, no por un salto en el consumo\u201d. Borenstein advirti\u00f3: \u201cEl n\u00famero de febrero nos sorprendi\u00f3 a todos. Todos sab\u00edamos que febrero iba a ser un mal mes. El dato del INDEC de menos dos coma seis respecto de enero fue peor de lo que todos supusimos\u201d.<\/p>\n<div class=\"inline_2 ad-wrapper dfpAd ad-inline ad-text ad-component-container\" style=\"--ad-shell-height:250px;--ad-shell-width:300px\" data-ad-wrapper=\"arcad\" data-ad-type=\"inline_2\" data-ad-slot=\"infobae\/economia\/nota\/inline_2\" data-ad-container=\"dfp\" data-ad-slot-name=\"infobae\/economia\/nota\/inline_2\">\n<p class=\"ad-shell-label\">PUBLICIDAD<\/p>\n<div id=\"infobae\/economia\/nota\/inline_2\" class=\"infobae\/economia\/nota\/inline_2 arcad ad-slot-node ad-slot-node--boxed\" data-ad-slot-id=\"infobae\/economia\/nota\/inline_2\"><\/div>\n<\/div>\n<p class=\"paragraph\">El debate se centr\u00f3 luego en la <b>inflaci\u00f3n<\/b> y su din\u00e1mica reciente. Dal Poggetto explic\u00f3: \u201cLa inflaci\u00f3n no est\u00e1 anclada, simplemente est\u00e1 corriendo al treinta en vez de al doscientos\u201d. Los panelistas coincidieron en que el descenso de la inflaci\u00f3n mensual respondi\u00f3 a un ajuste fuerte, aunque la variable permanece por encima del 30% anual. Tavella puntualiz\u00f3: \u201cEn 2023, 2024, hubo un claro foco en la estabilizaci\u00f3n, donde se puso mucho ancla con el tipo de cambio, que es algo que mencionaba Marina, que obviamente sigue siendo un ancla, pero de una manera algo m\u00e1s flexible al menos\u201d.<\/p>\n<div class=\"visual__image\"><picture><source srcset=\"https:\/\/www.infobae.com\/resizer\/v2\/BVFV3T7INVBYVM32747TMMNHOQ.jpeg?auth=d2fcb64e5e6a31f92135cab512720196caf7979a339894c22065df9ebca8d390&amp;smart=true&amp;width=992&amp;height=661&amp;quality=85\" media=\"(min-width: 1000px)\"><\/source><source srcset=\"https:\/\/www.infobae.com\/resizer\/v2\/BVFV3T7INVBYVM32747TMMNHOQ.jpeg?auth=d2fcb64e5e6a31f92135cab512720196caf7979a339894c22065df9ebca8d390&amp;smart=true&amp;width=768&amp;height=512&amp;quality=85\" media=\"(min-width: 768px)\"><\/source><source srcset=\"https:\/\/www.infobae.com\/resizer\/v2\/BVFV3T7INVBYVM32747TMMNHOQ.jpeg?auth=d2fcb64e5e6a31f92135cab512720196caf7979a339894c22065df9ebca8d390&amp;smart=true&amp;width=577&amp;height=385&amp;quality=85\" media=\"(min-width: 580px)\"><\/source><source srcset=\"https:\/\/www.infobae.com\/resizer\/v2\/BVFV3T7INVBYVM32747TMMNHOQ.jpeg?auth=d2fcb64e5e6a31f92135cab512720196caf7979a339894c22065df9ebca8d390&amp;smart=true&amp;width=420&amp;height=280&amp;quality=85\" media=\"(min-width: 350px)\"><\/source><source srcset=\"https:\/\/www.infobae.com\/resizer\/v2\/BVFV3T7INVBYVM32747TMMNHOQ.jpeg?auth=d2fcb64e5e6a31f92135cab512720196caf7979a339894c22065df9ebca8d390&amp;smart=true&amp;width=350&amp;height=233&amp;quality=85\" media=\"(min-width: 80px)\"><\/source><img alt=\"Emmanuel \u00c1lvarez Agis gesticula mientras habla en un panel. Detr\u00e1s, se ven Pilar Tavella y otros panelistas sentados. Botellas de agua y copas en la mesa\" class=\"global-image\" decoding=\"async\" fetchpriority=\"low\" height=\"768\" loading=\"lazy\" src=\"https:\/\/www.infobae.com\/resizer\/v2\/BVFV3T7INVBYVM32747TMMNHOQ.jpeg?auth=d2fcb64e5e6a31f92135cab512720196caf7979a339894c22065df9ebca8d390&amp;smart=true&amp;width=350&amp;height=233&amp;quality=85\" width=\"1152\"><\/picture><\/div>\n<p class=\"paragraph\">\u00c1lvarez Agis, por su parte, analiz\u00f3 el rol de las herramientas disponibles: \u201cSimplemente voy a suponer que el Gobierno tiene una y solo una variable ex\u00f3gena, una sola variable que maneja. O sea, el bot\u00f3n, el bot\u00f3n del ministro de Econom\u00eda y del Banco Central es uno solo, \u00bfs\u00ed? Y es la tasa de inter\u00e9s\u201d. Borenstein sum\u00f3 su perspectiva sobre la tendencia inflacionaria: \u201cCreo que la inflaci\u00f3n va a bajar, no se va a desplomar, no va a colapsar, no va a empezar con cero, no, pero la inflaci\u00f3n va a bajar. Y creo tambi\u00e9n que la actividad va a mejorar\u201d. Tavella se mostr\u00f3 cauta: \u201cMe parece que todo el ajuste que hizo la sociedad en estos \u00faltimos a\u00f1os no creo que se pueda pensar en volver o que la sociedad demande un cambio de ciento ochenta grados despu\u00e9s de todo el sacrificio que se hizo\u201d.<\/p>\n<div class=\"ad_1 ad-wrapper dfpAd ad-1-al-6 ad-text ad-component-container\" style=\"--ad-shell-height:250px;--ad-shell-width:300px\" data-ad-wrapper=\"arcad\" data-ad-type=\"ad_1\" data-ad-slot=\"infobae\/economia\/nota\/ad_1\" data-ad-container=\"dfp\" data-ad-slot-name=\"infobae\/economia\/nota\/ad_1\">\n<p class=\"ad-shell-label\">PUBLICIDAD<\/p>\n<div id=\"infobae\/economia\/nota\/ad_1\" class=\"infobae\/economia\/nota\/ad_1 arcad ad-slot-node ad-slot-node--boxed\" data-ad-slot-id=\"infobae\/economia\/nota\/ad_1\"><\/div>\n<\/div>\n<p class=\"paragraph\">El empleo surgi\u00f3 como otra de las variables centrales del panel. Dal Poggetto remarc\u00f3: \u201cSi la gente no est\u00e1 mirando la inflaci\u00f3n, va a estar mirando el empleo, el consumo, el crecimiento. Y tal vez los n\u00fameros del PBI me reflejen un verde como los que dec\u00eda Andr\u00e9s. Yo concuerdo con el optimismo respecto de la actividad, pero creo que la econom\u00eda de a pie va a estar bastante afectada por este mapa\u201d. Los economistas se\u00f1alaron que el empleo formal muestra debilidad, mientras el crecimiento del empleo informal representa una tendencia relevante. Tavella explic\u00f3: \u201cEl crecimiento del empleo informal y la heterogeneidad regional se destacan como caracter\u00edsticas del momento\u201d.<\/p>\n<p class=\"paragraph\">Borenstein apunt\u00f3 a las limitaciones del mercado laboral: \u201cCoincido con Marina, no hay ninguna chance de que el cr\u00e9dito crezca como creci\u00f3 en el 2024. Pero s\u00ed, sobre una base baja, quiz\u00e1s empiece a crecer, digamos, uno por ciento real por mes\u201d. Tavella advirti\u00f3 sobre la incidencia de los salarios y la demanda interna: \u201cMe parece que todo el ajuste que hizo la sociedad en estos \u00faltimos a\u00f1os no creo que se pueda pensar en volver o que la sociedad demande un cambio de ciento ochenta grados despu\u00e9s de todo el sacrificio que se hizo\u201d.<\/p>\n<div class=\"ad_2 ad-wrapper dfpAd ad-1-al-6 ad-text ad-component-container\" style=\"--ad-shell-height:250px;--ad-shell-width:300px\" data-ad-wrapper=\"arcad\" data-ad-type=\"ad_2\" data-ad-slot=\"infobae\/economia\/nota\/ad_2\" data-ad-container=\"dfp\" data-ad-slot-name=\"infobae\/economia\/nota\/ad_2\">\n<p class=\"ad-shell-label\">PUBLICIDAD<\/p>\n<div id=\"infobae\/economia\/nota\/ad_2\" class=\"infobae\/economia\/nota\/ad_2 arcad ad-slot-node ad-slot-node--boxed\" data-ad-slot-id=\"infobae\/economia\/nota\/ad_2\"><\/div>\n<\/div>\n<p class=\"paragraph\">En cuanto a los <b>riesgos<\/b> para la econom\u00eda argentina, las exposiciones marcaron algunos ejes compartidos. Dal Poggetto sostuvo: \u201cEl tri\u00e1ngulo tiene dos factores adicionales. Uno es la geopol\u00edtica. O sea, claramente el programa no es lo mismo si el d\u00f3lar global se debilita, si la tasa de inter\u00e9s es m\u00e1s alta o m\u00e1s baja, si los precios de las commodities te ayudan y qu\u00e9 es lo que pasa con el crecimiento global\u201d. Tavella coincidi\u00f3 en la importancia de los factores internacionales y sum\u00f3 la cuesti\u00f3n del ancla cambiaria: \u201cMe parece que el principal riesgo es el desanclaje de la inflaci\u00f3n y del riesgo electoral, del cual seguramente vamos a estar hablando el a\u00f1o que viene a esta misma altura de esta exposici\u00f3n\u201d.<\/p>\n<p class=\"paragraph\">Borenstein enumer\u00f3 los desaf\u00edos vinculados a la confianza y la pol\u00edtica: \u201cPor errores, quiz\u00e1s, del Gobierno y por situaciones que ocurrieron, llegamos a un momento, si quieren, de bastante mala onda. Y mala onda con datos, \u00bfno? Marzo, la inflaci\u00f3n fue tres coma cuatro por ciento, claramente un mal dato, como dijo el presidente\u201d. \u00e1lvarez Agis advirti\u00f3 sobre las limitaciones de la pol\u00edtica econ\u00f3mica: \u201cA los economistas nos ense\u00f1an que cuando llegamos al Ministerio de Econom\u00eda tenemos que tener una teor\u00eda. Esa teor\u00eda tiene unas variables de control, que son los botones que uno deber\u00eda apretar para, en funci\u00f3n de lo que esa teor\u00eda dice, conseguir los resultados que uno quiere. Lo que le pasa a uno cuando llega al Ministerio de Econom\u00eda, sobre todo en Argentina, es que imag\u00ednense esa botonera como la cabina de un avi\u00f3n, donde uno tiene todos esos, esa cantidad de botones que puede apretar para aterrizar el avi\u00f3n, pero r\u00e1pidamente te empiezan a decir: bueno, de todos esos botones pod\u00e9s tocar solo tres\u201d.<\/p>\n<div class=\"ad_3 ad-wrapper dfpAd ad-1-al-6 ad-text ad-component-container\" style=\"--ad-shell-height:250px;--ad-shell-width:300px\" data-ad-wrapper=\"arcad\" data-ad-type=\"ad_3\" data-ad-slot=\"infobae\/economia\/nota\/ad_3\" data-ad-container=\"dfp\" data-ad-slot-name=\"infobae\/economia\/nota\/ad_3\">\n<p class=\"ad-shell-label\">PUBLICIDAD<\/p>\n<div id=\"infobae\/economia\/nota\/ad_3\" class=\"infobae\/economia\/nota\/ad_3 arcad ad-slot-node ad-slot-node--boxed\" data-ad-slot-id=\"infobae\/economia\/nota\/ad_3\"><\/div>\n<\/div>\n<div class=\"visual__image\"><picture><source srcset=\"https:\/\/www.infobae.com\/resizer\/v2\/KGN66D3S6JGATGOEXQA6FV73QQ.jpeg?auth=3bbf54572aa38f84f2e7672de9b964173bc97f14e6aaf51b47ada7ae8b67d717&amp;smart=true&amp;width=992&amp;height=661&amp;quality=85\" media=\"(min-width: 1000px)\"><\/source><source srcset=\"https:\/\/www.infobae.com\/resizer\/v2\/KGN66D3S6JGATGOEXQA6FV73QQ.jpeg?auth=3bbf54572aa38f84f2e7672de9b964173bc97f14e6aaf51b47ada7ae8b67d717&amp;smart=true&amp;width=768&amp;height=512&amp;quality=85\" media=\"(min-width: 768px)\"><\/source><source srcset=\"https:\/\/www.infobae.com\/resizer\/v2\/KGN66D3S6JGATGOEXQA6FV73QQ.jpeg?auth=3bbf54572aa38f84f2e7672de9b964173bc97f14e6aaf51b47ada7ae8b67d717&amp;smart=true&amp;width=577&amp;height=385&amp;quality=85\" media=\"(min-width: 580px)\"><\/source><source srcset=\"https:\/\/www.infobae.com\/resizer\/v2\/KGN66D3S6JGATGOEXQA6FV73QQ.jpeg?auth=3bbf54572aa38f84f2e7672de9b964173bc97f14e6aaf51b47ada7ae8b67d717&amp;smart=true&amp;width=420&amp;height=280&amp;quality=85\" media=\"(min-width: 350px)\"><\/source><source srcset=\"https:\/\/www.infobae.com\/resizer\/v2\/KGN66D3S6JGATGOEXQA6FV73QQ.jpeg?auth=3bbf54572aa38f84f2e7672de9b964173bc97f14e6aaf51b47ada7ae8b67d717&amp;smart=true&amp;width=350&amp;height=233&amp;quality=85\" media=\"(min-width: 80px)\"><\/source><img alt=\"Panel de economistas en ExpoEFI: Emmanuel \u00c1lvarez Agis, con gafas y traje, habla gesticulando; Pilar Tavella, Andr\u00e9s Borenstein, Marina Dal Poggetto y Santiago Bulat observan\" class=\"global-image\" decoding=\"async\" fetchpriority=\"low\" height=\"768\" loading=\"lazy\" src=\"https:\/\/www.infobae.com\/resizer\/v2\/KGN66D3S6JGATGOEXQA6FV73QQ.jpeg?auth=3bbf54572aa38f84f2e7672de9b964173bc97f14e6aaf51b47ada7ae8b67d717&amp;smart=true&amp;width=350&amp;height=233&amp;quality=85\" width=\"1152\"><\/picture><\/div>\n<p class=\"paragraph\">El riesgo pol\u00edtico y la gobernabilidad tambi\u00e9n ocuparon espacio en el panel. \u00e1lvarez Agis se\u00f1al\u00f3: \u201cMe parece que el riesgo pol\u00edtico va a depender mucho de c\u00f3mo se reconfigure una oposici\u00f3n que est\u00e1 afectada, creo yo, por el ocaso de dos liderazgos, el de Macri y el de Cristina\u201d. Dal Poggetto analiz\u00f3 la situaci\u00f3n del oficialismo: \u201cEn t\u00e9rminos de gobernabilidad, la verdad que Milei arranca con un programa sin caudal pol\u00edtico. Ese caudal pol\u00edtico va a aumentar, le aumenta fundamentalmente despu\u00e9s de la elecci\u00f3n de medio t\u00e9rmino\u201d.<\/p>\n<p class=\"paragraph\">Las perspectivas sobre la pol\u00edtica de tasas y el cr\u00e9dito acompa\u00f1aron el an\u00e1lisis de riesgos. Tavella indic\u00f3: \u201cEl Banco Central este a\u00f1o compr\u00f3 ya seis mil quinientos millones de d\u00f3lares. Es la cifra m\u00e1s alta de compras entre enero y abril que tenemos registro desde la serie de 2003\u201d. Borenstein remarc\u00f3: \u201cCoincido con Marina, no hay ninguna chance de que el cr\u00e9dito crezca como creci\u00f3 en el 2024. Pero s\u00ed, sobre una base baja, quiz\u00e1s empiece a crecer, digamos, uno por ciento real por mes\u201d.<\/p>\n<div class=\"ad_4 ad-wrapper dfpAd ad-1-al-6 ad-text ad-component-container\" style=\"--ad-shell-height:250px;--ad-shell-width:300px\" data-ad-wrapper=\"arcad\" data-ad-type=\"ad_4\" data-ad-slot=\"infobae\/economia\/nota\/ad_4\" data-ad-container=\"dfp\" data-ad-slot-name=\"infobae\/economia\/nota\/ad_4\">\n<p class=\"ad-shell-label\">PUBLICIDAD<\/p>\n<div id=\"infobae\/economia\/nota\/ad_4\" class=\"infobae\/economia\/nota\/ad_4 arcad ad-slot-node ad-slot-node--boxed\" data-ad-slot-id=\"infobae\/economia\/nota\/ad_4\"><\/div>\n<\/div>\n<p class=\"paragraph\">El panel concluy\u00f3 con un repaso de los factores externos y la importancia de las condiciones globales. Dal Poggetto subray\u00f3 que \u201cel programa, a dos a\u00f1os y a\u00f1os largos de gesti\u00f3n, el ordenamiento macro, funcion\u00f3 mejor de lo que era el discurso original de campa\u00f1a\u201d. Tavella resalt\u00f3: \u201cPosiblemente vayamos a una elecci\u00f3n menos riesgosa. Milei tiene la ventaja de que ya ajust\u00f3 las cuentas fiscales, de que no tiene un mont\u00f3n de entrada de portafolio que pueda salir, de que el d\u00e9ficit de cuenta corriente ahora no es tal, a pesar de que el tipo de cambio sea parecido\u201d.<\/p>\n","protected":false},"excerpt":{"rendered":"<p>Especialistas analizaron el panorama econ\u00f3mico, resaltaron diferencias en las proyecciones y se\u00f1alaron los principales desaf\u00edos para el pr\u00f3ximo a\u00f1o<\/p>\n","protected":false},"author":1,"featured_media":8367,"comment_status":"open","ping_status":"open","sticky":false,"template":"","format":"standard","meta":{"footnotes":""},"categories":[1],"tags":[],"class_list":["post-8365","post","type-post","status-publish","format-standard","has-post-thumbnail","hentry","category-uncategorized"],"_links":{"self":[{"href":"https:\/\/cliente1.publisher.highstack.com.ar\/index.php?rest_route=\/wp\/v2\/posts\/8365","targetHints":{"allow":["GET"]}}],"collection":[{"href":"https:\/\/cliente1.publisher.highstack.com.ar\/index.php?rest_route=\/wp\/v2\/posts"}],"about":[{"href":"https:\/\/cliente1.publisher.highstack.com.ar\/index.php?rest_route=\/wp\/v2\/types\/post"}],"author":[{"embeddable":true,"href":"https:\/\/cliente1.publisher.highstack.com.ar\/index.php?rest_route=\/wp\/v2\/users\/1"}],"replies":[{"embeddable":true,"href":"https:\/\/cliente1.publisher.highstack.com.ar\/index.php?rest_route=%2Fwp%2Fv2%2Fcomments&post=8365"}],"version-history":[{"count":1,"href":"https:\/\/cliente1.publisher.highstack.com.ar\/index.php?rest_route=\/wp\/v2\/posts\/8365\/revisions"}],"predecessor-version":[{"id":8366,"href":"https:\/\/cliente1.publisher.highstack.com.ar\/index.php?rest_route=\/wp\/v2\/posts\/8365\/revisions\/8366"}],"wp:featuredmedia":[{"embeddable":true,"href":"https:\/\/cliente1.publisher.highstack.com.ar\/index.php?rest_route=\/wp\/v2\/media\/8367"}],"wp:attachment":[{"href":"https:\/\/cliente1.publisher.highstack.com.ar\/index.php?rest_route=%2Fwp%2Fv2%2Fmedia&parent=8365"}],"wp:term":[{"taxonomy":"category","embeddable":true,"href":"https:\/\/cliente1.publisher.highstack.com.ar\/index.php?rest_route=%2Fwp%2Fv2%2Fcategories&post=8365"},{"taxonomy":"post_tag","embeddable":true,"href":"https:\/\/cliente1.publisher.highstack.com.ar\/index.php?rest_route=%2Fwp%2Fv2%2Ftags&post=8365"}],"curies":[{"name":"wp","href":"https:\/\/api.w.org\/{rel}","templated":true}]}}