{"id":8357,"date":"2026-04-28T13:09:02","date_gmt":"2026-04-28T16:09:02","guid":{"rendered":"https:\/\/cliente1.publisher.highstack.com.ar\/?p=8357"},"modified":"2026-04-28T13:09:02","modified_gmt":"2026-04-28T16:09:02","slug":"el-detras-de-escena-de-mauricio-macri-en-la-cena-de-la-fundacion-libertad-frialdad-con-milei-y-abrazo-simbolico-con-patricia-bullrich","status":"publish","type":"post","link":"https:\/\/cliente1.publisher.highstack.com.ar\/?p=8357","title":{"rendered":"El detr\u00e1s de escena de Mauricio Macri en la cena de la Fundaci\u00f3n Libertad: frialdad con Milei y abrazo simb\u00f3lico con Patricia Bullrich"},"content":{"rendered":"<div class=\"jwplayer-ctn\"><script src=\"https:\/\/census-web.scorecardresearch.com\/plugins\/streaming-jwplayer\/v2\/current.js\"><\/script><\/p>\n<div>\n<div id=\"XAMZY7IKBBFVJJN76REZUHQGSM-custom_embed0\"><\/div>\n<\/div><figcaption class=\"jwplayer-figcaption\"> El saludo Patricia Bullrich y Mauricio Macri<\/figcaption><\/div>\n<p class=\"paragraph\">Javier <b>Milei <\/b>y Mauricio <b>Macri <\/b>entraron al sal\u00f3n de Parque Norte, la sede que eligi\u00f3 la <a href=\"https:\/\/www.infobae.com\/politica\/2026\/04\/28\/milei-defendio-su-gestion-durante-una-gran-fiesta-liberal-menciono-a-adorni-de-forma-fugaz-y-no-se-saludo-con-macri\/\" target=\"_blank\" rel=\"noreferrer\" title=\"https:\/\/www.infobae.com\/politica\/2026\/04\/28\/milei-defendio-su-gestion-durante-una-gran-fiesta-liberal-menciono-a-adorni-de-forma-fugaz-y-no-se-saludo-con-macri\/\"><b>Fundaci\u00f3n Libertad<\/b><\/a> para realizar su tradicional cena, por lugares distintos. <b>No se cruzaron ni se saludaron en toda la noche<\/b>. La frialdad entre ambos se mantiene desde noviembre de 2025, cuando el l\u00edder del PRO cuestion\u00f3 de manera p\u00fablica la salida de Guillermo <b>Francos <\/b>del gobierno libertario y <a href=\"https:\/\/www.infobae.com\/politica\/2025\/11\/01\/mauricio-macri-cuestiono-la-salida-de-guillermo-francos-del-gobierno-y-dijo-que-no-logro-ponerse-de-acuerdo-con-javier-milei\/\" target=\"_blank\" rel=\"noreferrer\" title=\"https:\/\/www.infobae.com\/politica\/2025\/11\/01\/mauricio-macri-cuestiono-la-salida-de-guillermo-francos-del-gobierno-y-dijo-que-no-logro-ponerse-de-acuerdo-con-javier-milei\/\">la designaci\u00f3n de Manuel <b>Adorni<\/b><\/a><b> <\/b>como Jefe de Gabinete. Seg\u00fan se\u00f1alan desde ambos lados, no volvieron a hablar desde entonces. <\/p>\n<p class=\"paragraph\">Esa distancia tambi\u00e9n qued\u00f3 reflejada durante la exposici\u00f3n del Presidente que, al resaltar los logros econ\u00f3micos de su gobierno, manifest\u00f3 duros cuestionamientos a la gesti\u00f3n presidencial de Cambiemos, algo que molest\u00f3 al exmandatario. \u201cFue todo muy bizarro y no hab\u00eda clima festivo, m\u00e1s bien de velorio; <b>puso las filminas criticando al gobierno de Juntos por el Cambio y la mitad de todo su equipo econ\u00f3mico viene de esa administraci\u00f3n;<\/b> mientras hablaba, enfocaban a (Luis) <b>Caputo <\/b>o (Federico) <b>Sturzenegger<\/b>\u201d, se\u00f1al\u00f3 a <b>Infobae <\/b>un importante dirigente de PRO que particip\u00f3 de la cena. <\/p>\n<div class=\"inline ad-wrapper dfpAd ad-inline ad-text ad-component-container\" style=\"--ad-shell-height:250px;--ad-shell-width:300px\" data-ad-wrapper=\"arcad\" data-ad-type=\"inline\" data-ad-slot=\"infobae\/politica\/nota\/inline\" data-ad-container=\"dfp\" data-ad-slot-name=\"infobae\/politica\/nota\/inline\">\n<p class=\"ad-shell-label\">PUBLICIDAD<\/p>\n<div id=\"infobae\/politica\/nota\/inline\" class=\"infobae\/politica\/nota\/inline arcad ad-slot-node ad-slot-node--boxed\" data-ad-slot-id=\"infobae\/politica\/nota\/inline\"><\/div>\n<\/div>\n<p class=\"paragraph\">Y agreg\u00f3: \u201c\u00c9l sali\u00f3 detr\u00e1s del escenario, donde estaba un VIP, aislado de todos. Se pod\u00eda haber sentado como hace Mauricio habitualmente, estar en una mesa, levantarse y hablar, pero <b>Milei vive en el aislamiento<\/b>\u201d.<\/p>\n<div class=\"visual__image\"><picture><source srcset=\"https:\/\/www.infobae.com\/resizer\/v2\/25EUEJEM3ZC5FH75IDRHRTD5QY.jpg?auth=c18966dab617a2baa0c9febf23b718533bc53456bda5767fed2a71984144c5d8&amp;smart=true&amp;width=992&amp;height=695&amp;quality=85\" media=\"(min-width: 1000px)\"><\/source><source srcset=\"https:\/\/www.infobae.com\/resizer\/v2\/25EUEJEM3ZC5FH75IDRHRTD5QY.jpg?auth=c18966dab617a2baa0c9febf23b718533bc53456bda5767fed2a71984144c5d8&amp;smart=true&amp;width=768&amp;height=538&amp;quality=85\" media=\"(min-width: 768px)\"><\/source><source srcset=\"https:\/\/www.infobae.com\/resizer\/v2\/25EUEJEM3ZC5FH75IDRHRTD5QY.jpg?auth=c18966dab617a2baa0c9febf23b718533bc53456bda5767fed2a71984144c5d8&amp;smart=true&amp;width=577&amp;height=405&amp;quality=85\" media=\"(min-width: 580px)\"><\/source><source srcset=\"https:\/\/www.infobae.com\/resizer\/v2\/25EUEJEM3ZC5FH75IDRHRTD5QY.jpg?auth=c18966dab617a2baa0c9febf23b718533bc53456bda5767fed2a71984144c5d8&amp;smart=true&amp;width=420&amp;height=294&amp;quality=85\" media=\"(min-width: 350px)\"><\/source><source srcset=\"https:\/\/www.infobae.com\/resizer\/v2\/25EUEJEM3ZC5FH75IDRHRTD5QY.jpg?auth=c18966dab617a2baa0c9febf23b718533bc53456bda5767fed2a71984144c5d8&amp;smart=true&amp;width=350&amp;height=245&amp;quality=85\" media=\"(min-width: 80px)\"><\/source><img alt=\"Cena Fundacion Libertad 2026\" class=\"global-image\" decoding=\"async\" fetchpriority=\"low\" height=\"1346\" loading=\"lazy\" src=\"https:\/\/www.infobae.com\/resizer\/v2\/25EUEJEM3ZC5FH75IDRHRTD5QY.jpg?auth=c18966dab617a2baa0c9febf23b718533bc53456bda5767fed2a71984144c5d8&amp;smart=true&amp;width=350&amp;height=245&amp;quality=85\" width=\"1920\"><\/picture><\/div>\n<p class=\"paragraph\">En oposici\u00f3n, <b>sorprendi\u00f3 el abrazo entre Macri y Patricia Bullrich<\/b>. La relaci\u00f3n entre ambos estaba rota desde que la senadora abandon\u00f3 el partido, se afili\u00f3 a LLA e impuls\u00f3 que un grupo de diputados dejen la bancada que preside Cristian <b>Ritondo <\/b>para engrosar las filas del oficialismo. Tambi\u00e9n por el rol del expresidente en la campa\u00f1a legislativa del a\u00f1o pasado, cuando ambas fuerzas compitieron en una alianza electoral. En aquel momento, cerca de la exministra de Seguridad acusaron a Macri de \u201cjugar en contra\u201d; ahora, la situaci\u00f3n parece distinta. <\/p>\n<div class=\"inline_2 ad-wrapper dfpAd ad-inline ad-text ad-component-container\" style=\"--ad-shell-height:250px;--ad-shell-width:300px\" data-ad-wrapper=\"arcad\" data-ad-type=\"inline_2\" data-ad-slot=\"infobae\/politica\/nota\/inline_2\" data-ad-container=\"dfp\" data-ad-slot-name=\"infobae\/politica\/nota\/inline_2\">\n<p class=\"ad-shell-label\">PUBLICIDAD<\/p>\n<div id=\"infobae\/politica\/nota\/inline_2\" class=\"infobae\/politica\/nota\/inline_2 arcad ad-slot-node ad-slot-node--boxed\" data-ad-slot-id=\"infobae\/politica\/nota\/inline_2\"><\/div>\n<\/div>\n<p class=\"paragraph\">\u201c<b>Patricia es de la idea de que la prioridad es que el presidente reelija. Y en ese sentido, hay que amigarse con el PRO para que no vaya por fuera y nos saque algunos puntos<\/b>\u201d, destac\u00f3 a <b>Infobae <\/b>un dirigente cercano a la senadora. Bullrich y Macri ya se hab\u00edan saludado en un evento anterior, pero ese encuentro no qued\u00f3 registrado en video. \u201cHay que preguntar a La Libertad Avanza c\u00f3mo les cay\u00f3, creo que ella lo hizo de manera genuina; si no lo siente, no lo hace. Pero lo que estamos viendo es que gente de Patricia ahora saluda y el a\u00f1o pasado no\u201d, indic\u00f3 otro legislador del PRO que estuvo anoche en Parque Norte.<\/p>\n<p class=\"paragraph\">As\u00ed, Bullrich se acerc\u00f3 a la mesa de Macri para saludarlo. El titular del partido amarillo se levant\u00f3 de su silla y la recibi\u00f3 con una sonrisa. Los dos se abrazaron e intercambiaron breves comentarios, para luego continuar con la cena. <\/p>\n<div class=\"ad_1 ad-wrapper dfpAd ad-1-al-6 ad-text ad-component-container\" style=\"--ad-shell-height:250px;--ad-shell-width:300px\" data-ad-wrapper=\"arcad\" data-ad-type=\"ad_1\" data-ad-slot=\"infobae\/politica\/nota\/ad_1\" data-ad-container=\"dfp\" data-ad-slot-name=\"infobae\/politica\/nota\/ad_1\">\n<p class=\"ad-shell-label\">PUBLICIDAD<\/p>\n<div id=\"infobae\/politica\/nota\/ad_1\" class=\"infobae\/politica\/nota\/ad_1 arcad ad-slot-node ad-slot-node--boxed\" data-ad-slot-id=\"infobae\/politica\/nota\/ad_1\"><\/div>\n<\/div>\n<div class=\"visual__image\"><picture><source srcset=\"https:\/\/www.infobae.com\/resizer\/v2\/WA66TJHCVVBRNGYNHEDSMGJRBY.jpg?auth=afa0c1b96532ea999d29f6f5c4864f1a66717a35b379e126c7277e0c9fd7f75f&amp;smart=true&amp;width=992&amp;height=661&amp;quality=85\" media=\"(min-width: 1000px)\"><\/source><source srcset=\"https:\/\/www.infobae.com\/resizer\/v2\/WA66TJHCVVBRNGYNHEDSMGJRBY.jpg?auth=afa0c1b96532ea999d29f6f5c4864f1a66717a35b379e126c7277e0c9fd7f75f&amp;smart=true&amp;width=768&amp;height=512&amp;quality=85\" media=\"(min-width: 768px)\"><\/source><source srcset=\"https:\/\/www.infobae.com\/resizer\/v2\/WA66TJHCVVBRNGYNHEDSMGJRBY.jpg?auth=afa0c1b96532ea999d29f6f5c4864f1a66717a35b379e126c7277e0c9fd7f75f&amp;smart=true&amp;width=577&amp;height=385&amp;quality=85\" media=\"(min-width: 580px)\"><\/source><source srcset=\"https:\/\/www.infobae.com\/resizer\/v2\/WA66TJHCVVBRNGYNHEDSMGJRBY.jpg?auth=afa0c1b96532ea999d29f6f5c4864f1a66717a35b379e126c7277e0c9fd7f75f&amp;smart=true&amp;width=420&amp;height=280&amp;quality=85\" media=\"(min-width: 350px)\"><\/source><source srcset=\"https:\/\/www.infobae.com\/resizer\/v2\/WA66TJHCVVBRNGYNHEDSMGJRBY.jpg?auth=afa0c1b96532ea999d29f6f5c4864f1a66717a35b379e126c7277e0c9fd7f75f&amp;smart=true&amp;width=350&amp;height=233&amp;quality=85\" media=\"(min-width: 80px)\"><\/source><img alt=\"Cena Fundacion Libertad 2026\" class=\"global-image\" decoding=\"async\" fetchpriority=\"low\" height=\"1280\" loading=\"lazy\" src=\"https:\/\/www.infobae.com\/resizer\/v2\/WA66TJHCVVBRNGYNHEDSMGJRBY.jpg?auth=afa0c1b96532ea999d29f6f5c4864f1a66717a35b379e126c7277e0c9fd7f75f&amp;smart=true&amp;width=350&amp;height=233&amp;quality=85\" width=\"1920\"><\/picture><\/div>\n<h2 class=\"header headline-class-h2 headline\" id=\"el-discurso-de-milei-y-la-intervencion-de-macri\">El discurso de Milei y la intervenci\u00f3n de Macri<\/h2>\n<p class=\"paragraph\">Durante su exposici\u00f3n, Milei destac\u00f3 los logros en materia econ\u00f3mica en m\u00e1s de dos a\u00f1os y cuatro meses de gobierno, mencion\u00f3 el <b>\u201cpopulismo salvaje de la Presidiaria\u201d<\/b> (por Cristina Kirchner) o al <b>\u201csovi\u00e9tico que gobierna la provincia de Buenos Aires\u201d <\/b>(por Axel Kicillof), a quien calific\u00f3, junto con la ex presidenta, como \u201cignorantes y bastante brutos en econom\u00eda\u201d.<\/p>\n<p class=\"paragraph\">Tambi\u00e9n repiti\u00f3 sus cr\u00edticas al due\u00f1o de FATE, <b>Javier Madanes Quintanilla, y al <\/b>CEO de Techint, <a href=\"https:\/\/www.infobae.com\/politica\/2026\/04\/22\/los-proximos-pasos-de-mauricio-macri-la-estrategia-de-un-grupo-de-dirigentes-para-un-operativo-clamor-y-las-senales-del-circulo-rojo\/\" target=\"_blank\" rel=\"noreferrer\" title=\"https:\/\/www.infobae.com\/politica\/2026\/04\/22\/los-proximos-pasos-de-mauricio-macri-la-estrategia-de-un-grupo-de-dirigentes-para-un-operativo-clamor-y-las-senales-del-circulo-rojo\/\"><b>Paolo Rocca<\/b> (lo llam\u00f3 de nuevo \u201cChatarr\u00edn\u201d), que en las \u00faltimas semanas y, c\u00f3mo revel\u00f3 <b>Infobae<\/b>, recibi\u00f3 a Macri en su casa<\/a>.<\/p>\n<div class=\"ad_2 ad-wrapper dfpAd ad-1-al-6 ad-text ad-component-container\" style=\"--ad-shell-height:250px;--ad-shell-width:300px\" data-ad-wrapper=\"arcad\" data-ad-type=\"ad_2\" data-ad-slot=\"infobae\/politica\/nota\/ad_2\" data-ad-container=\"dfp\" data-ad-slot-name=\"infobae\/politica\/nota\/ad_2\">\n<p class=\"ad-shell-label\">PUBLICIDAD<\/p>\n<div id=\"infobae\/politica\/nota\/ad_2\" class=\"infobae\/politica\/nota\/ad_2 arcad ad-slot-node ad-slot-node--boxed\" data-ad-slot-id=\"infobae\/politica\/nota\/ad_2\"><\/div>\n<\/div>\n<p class=\"paragraph\">El principal objetivo del Presidente fueron los sectores de izquierda. \u201cMi m\u00e1s en\u00e9rgico repudio al nuevo intento de asesinato sufrido por el presidente Donald Trump. <b>Estamos frente a un nuevo auge de la violencia pol\u00edtica, muy en particular de la izquierda<\/b>, en todo el mundo libre que debe ser detenido en sus inicios. Estamos ante un nuevo auge de la violencia pol\u00edtica. <b>No aceptan perder en la batalla por las ideas y en las urnas.<\/b> No son compatibles con la democracia y deben ser castigados con todo el peso de la ley\u201d, afirm\u00f3 al principio de su alocuci\u00f3n. <\/p>\n<p class=\"paragraph\">Luego, continu\u00f3: \u201cLos avances que hemos estado haciendo han sido tan grandes que no s\u00f3lo hemos empezado a ganarles los debates porque tambi\u00e9n tuvimos que aprender a debatir con ellos, sino que comenzamos a ganarles en las urnas y eso los tiene profundamente violentos. No tienen problemas en recurrir a la violencia\u201d. <\/p>\n<div class=\"ad_3 ad-wrapper dfpAd ad-1-al-6 ad-text ad-component-container\" style=\"--ad-shell-height:250px;--ad-shell-width:300px\" data-ad-wrapper=\"arcad\" data-ad-type=\"ad_3\" data-ad-slot=\"infobae\/politica\/nota\/ad_3\" data-ad-container=\"dfp\" data-ad-slot-name=\"infobae\/politica\/nota\/ad_3\">\n<p class=\"ad-shell-label\">PUBLICIDAD<\/p>\n<div id=\"infobae\/politica\/nota\/ad_3\" class=\"infobae\/politica\/nota\/ad_3 arcad ad-slot-node ad-slot-node--boxed\" data-ad-slot-id=\"infobae\/politica\/nota\/ad_3\"><\/div>\n<\/div>\n<p class=\"paragraph\">\u201cPara ellos lo importante es su idea de colectivo. Para ellos los humanos son meras piezas en un tablero de ajedrez y no tienen problema en matarnos si lo ven necesario. Tenemos que dejarlos en evidencia.<b> El objetivo de la charla de hoy es mostrar las ideas de la libertad funcionan<\/b>\u201d, complet\u00f3 al respecto.<\/p>\n<p class=\"paragraph\">A lo largo de su discurso, Milei elogi\u00f3 al<b> \u201cColoso Sturzenegger\u201d, <\/b>\u201cla tarea de gigante de <b>Toto Caputo\u201d,<\/b> el aporte de <b>Patricia Bullrich <\/b>y <b>Mart\u00edn Menem <\/b>para que sea sancionada la reforma laboral, al \u201cColo\u201d Santilli y a <b>Sandra Pettovello <\/b>por la pol\u00edtica social, mientras que a<b> Adorni,<\/b> su jefe de Gabinete al que la Justicia investiga por presunto enriquecimiento il\u00edcito, lo mencion\u00f3 s\u00f3lo fugazmente al destacar: <b>\u201cLa victoria de Manuel (en las elecciones) en Ciudad\u201d.<\/b><\/p>\n<div class=\"ad_4 ad-wrapper dfpAd ad-1-al-6 ad-text ad-component-container\" style=\"--ad-shell-height:250px;--ad-shell-width:300px\" data-ad-wrapper=\"arcad\" data-ad-type=\"ad_4\" data-ad-slot=\"infobae\/politica\/nota\/ad_4\" data-ad-container=\"dfp\" data-ad-slot-name=\"infobae\/politica\/nota\/ad_4\">\n<p class=\"ad-shell-label\">PUBLICIDAD<\/p>\n<div id=\"infobae\/politica\/nota\/ad_4\" class=\"infobae\/politica\/nota\/ad_4 arcad ad-slot-node ad-slot-node--boxed\" data-ad-slot-id=\"infobae\/politica\/nota\/ad_4\"><\/div>\n<\/div>\n<p class=\"paragraph\">Por otro lado, Macri tuvo una conversaci\u00f3n p\u00fablica con<b> \u00c1lvaro Vargas Llosa<\/b>. \u201c<b>Siento que el populismo se est\u00e1 acabando ac\u00e1 y en la regi\u00f3n<\/b>\u201d, expres\u00f3. <\/p>\n<p class=\"paragraph\">Ante la consulta sobre el impacto de los recientes movimientos pol\u00edticos en Venezuela, el ex mandatario subray\u00f3 que el proceso abierto \u201cno es un punto de llegada, sino de partida\u201d. Sugiri\u00f3 la importancia de sostener la presi\u00f3n internacional y de establecer un calendario electoral que permita restituir la normalidad institucional. En su perspectiva, \u201cno est\u00e1 imperando un sistema democr\u00e1tico\u201d en Venezuela y la soluci\u00f3n exige pasos concretos.<\/p>\n<div class=\"ad_5 ad-wrapper dfpAd ad-1-al-6 ad-text ad-component-container\" style=\"--ad-shell-height:250px;--ad-shell-width:300px\" data-ad-wrapper=\"arcad\" data-ad-type=\"ad_5\" data-ad-slot=\"infobae\/politica\/nota\/ad_5\" data-ad-container=\"dfp\" data-ad-slot-name=\"infobae\/politica\/nota\/ad_5\">\n<p class=\"ad-shell-label\">PUBLICIDAD<\/p>\n<div id=\"infobae\/politica\/nota\/ad_5\" class=\"infobae\/politica\/nota\/ad_5 arcad ad-slot-node ad-slot-node--boxed\" data-ad-slot-id=\"infobae\/politica\/nota\/ad_5\"><\/div>\n<\/div>\n<p class=\"paragraph\">De esta manera, se proyect\u00f3 un video de <b>Mar\u00eda Corina Machado<\/b>, dirigente de la oposici\u00f3n venezolana. \u201cEs un gran ejemplo para muchos de los dirigentes que hoy est\u00e1n ac\u00e1\u201d, sostuvo el ex presidente, quien remarc\u00f3 la importancia de priorizar objetivos de largo plazo. En esa l\u00ednea, record\u00f3 que Machado enfrent\u00f3 una persecuci\u00f3n sostenida por parte del gobierno venezolano y que, aun as\u00ed, sostuvo su rol opositor.<\/p>\n<p class=\"paragraph\">\u201cCorina tuvo todo un gobierno persigui\u00e9ndola, batallando como una gladiadora y de golpe ver este movimiento de los venezolanos, es muy positivo\u201d, expres\u00f3 Macri, atribuyendo al pueblo venezolano el m\u00e9rito de haber recuperado la esperanza tras largos a\u00f1os de crisis. \u201cLos venezolanos dijeron: \u2018al menos salimos del punto del no retorno y tenemos esperanza\u2019\u201d.<\/p>\n<div class=\"ad_6 ad-wrapper dfpAd ad-1-al-6 ad-text ad-component-container\" style=\"--ad-shell-height:250px;--ad-shell-width:300px\" data-ad-wrapper=\"arcad\" data-ad-type=\"ad_6\" data-ad-slot=\"infobae\/politica\/nota\/ad_6\" data-ad-container=\"dfp\" data-ad-slot-name=\"infobae\/politica\/nota\/ad_6\">\n<p class=\"ad-shell-label\">PUBLICIDAD<\/p>\n<div id=\"infobae\/politica\/nota\/ad_6\" class=\"infobae\/politica\/nota\/ad_6 arcad ad-slot-node ad-slot-node--boxed\" data-ad-slot-id=\"infobae\/politica\/nota\/ad_6\"><\/div>\n<\/div>\n","protected":false},"excerpt":{"rendered":"<p>El Presidente y el l\u00edder del PRO evitaron cruzarse anoche y profundizaron el distanciamiento que comenz\u00f3 en noviembre de 2025, cuando el ex mandatario cuestion\u00f3 la salida de Guillermo Francos y la designaci\u00f3n de Manuel Adorni como Jefe de Gabinete<\/p>\n","protected":false},"author":1,"featured_media":8359,"comment_status":"open","ping_status":"open","sticky":false,"template":"","format":"standard","meta":{"footnotes":""},"categories":[1],"tags":[],"class_list":["post-8357","post","type-post","status-publish","format-standard","has-post-thumbnail","hentry","category-uncategorized"],"_links":{"self":[{"href":"https:\/\/cliente1.publisher.highstack.com.ar\/index.php?rest_route=\/wp\/v2\/posts\/8357","targetHints":{"allow":["GET"]}}],"collection":[{"href":"https:\/\/cliente1.publisher.highstack.com.ar\/index.php?rest_route=\/wp\/v2\/posts"}],"about":[{"href":"https:\/\/cliente1.publisher.highstack.com.ar\/index.php?rest_route=\/wp\/v2\/types\/post"}],"author":[{"embeddable":true,"href":"https:\/\/cliente1.publisher.highstack.com.ar\/index.php?rest_route=\/wp\/v2\/users\/1"}],"replies":[{"embeddable":true,"href":"https:\/\/cliente1.publisher.highstack.com.ar\/index.php?rest_route=%2Fwp%2Fv2%2Fcomments&post=8357"}],"version-history":[{"count":1,"href":"https:\/\/cliente1.publisher.highstack.com.ar\/index.php?rest_route=\/wp\/v2\/posts\/8357\/revisions"}],"predecessor-version":[{"id":8358,"href":"https:\/\/cliente1.publisher.highstack.com.ar\/index.php?rest_route=\/wp\/v2\/posts\/8357\/revisions\/8358"}],"wp:featuredmedia":[{"embeddable":true,"href":"https:\/\/cliente1.publisher.highstack.com.ar\/index.php?rest_route=\/wp\/v2\/media\/8359"}],"wp:attachment":[{"href":"https:\/\/cliente1.publisher.highstack.com.ar\/index.php?rest_route=%2Fwp%2Fv2%2Fmedia&parent=8357"}],"wp:term":[{"taxonomy":"category","embeddable":true,"href":"https:\/\/cliente1.publisher.highstack.com.ar\/index.php?rest_route=%2Fwp%2Fv2%2Fcategories&post=8357"},{"taxonomy":"post_tag","embeddable":true,"href":"https:\/\/cliente1.publisher.highstack.com.ar\/index.php?rest_route=%2Fwp%2Fv2%2Ftags&post=8357"}],"curies":[{"name":"wp","href":"https:\/\/api.w.org\/{rel}","templated":true}]}}