{"id":8348,"date":"2026-04-28T11:20:30","date_gmt":"2026-04-28T14:20:30","guid":{"rendered":"https:\/\/cliente1.publisher.highstack.com.ar\/?p=8348"},"modified":"2026-04-28T11:20:30","modified_gmt":"2026-04-28T14:20:30","slug":"fallecio-la-mujer-apunalada-y-violada-por-su-pareja-ella-estaba-convencida-que-el-la-iba-a-matar","status":"publish","type":"post","link":"https:\/\/cliente1.publisher.highstack.com.ar\/?p=8348","title":{"rendered":"Falleci\u00f3 la mujer apu\u00f1alada y violada por su pareja: \u201cElla estaba convencida que \u00e9l la iba a matar\u201d"},"content":{"rendered":"<p><\/p>\n<div>\n<p><b>Muri\u00f3 este lunes la mujer que hab\u00eda sido atacada por su pareja<\/b> en un hecho ocurrido en contexto de <b>violencia de g\u00e9nero<\/b>, luego de permanecer internada durante varias semanas en el hospital Masvernat de <b>Concordia<\/b>. La v\u00edctima fue identificada como <b>Mar\u00eda Leonor Godoy,<\/b> de 58 a\u00f1os, quien hab\u00eda ingresado al nosocomio el 4 de abril con m\u00faltiples heridas y desde ese d\u00eda se encontraba internada en la Unidad de Terapia Intensiva con asistencia respiratoria mec\u00e1nica. <\/p>\n<p><!-- is a <br \/>--><\/p>\n<p>\u00a0<\/p>\n<p><!-- is a <br \/>--><\/p>\n<p><!-- is a object --><\/p>\n<h3>El ataque en la vivienda<\/h3>\n<p><!-- end object --><\/p>\n<p>\u00a0<\/p>\n<p><!-- is a <br \/>--><\/p>\n<p>El hecho se registr\u00f3 el 4 de abril alrededor de las 6 de la ma\u00f1ana en una vivienda ubicada en la intersecci\u00f3n de calles Sargento Cabral y 53. En ese momento, personas que se encontraban en el domicilio escucharon gritos de auxilio provenientes de una habitaci\u00f3n. <\/p>\n<p><!-- is a <br \/>--><\/p>\n<p>\u00a0<\/p>\n<p><!-- is a <br \/>--><\/p>\n<p>Al acercarse, observaron que <b>el agresor, Juan Pablo Estigard<\/b>, de 37 a\u00f1os, sal\u00eda corriendo del lugar. En el interior encontraron a la mujer tendida en el suelo, con abundante sangrado. <\/p>\n<p><!-- is a <br \/>--><\/p>\n<p><!-- is a object --><br \/>\n<!-- embed start --><\/p>\n<figure class=\"embed\">\n<p>    <img decoding=\"async\" src=\"https:\/\/elonce-media.elonce.com\/fotos\/2026\/04\/11\/e_1775928441_46234.webp\" loading=\"lazy\" width=\"600\" height=\"400\" alt=\"Juan Pablo Estigard, detenido por el violento hecho de sangre\"\/><figcaption>\n            <span>Juan Pablo Estigard, detenido por el violento hecho de sangre<\/span><br \/>\n        <\/figcaption><\/figure>\n<p><!-- embed end --><br \/>\n<!-- end object --><\/p>\n<p>La v\u00edctima fue asistida por una unidad sanitaria y trasladada de urgencia al hospital, donde permaneci\u00f3 bajo atenci\u00f3n m\u00e9dica. <\/p>\n<p><!-- is a <br \/>--><\/p>\n<p>\u00a0<\/p>\n<p><!-- is a <br \/>--><\/p>\n<p>Seg\u00fan el informe m\u00e9dico, la mujer presentaba politraumatismos graves, m\u00faltiples heridas cortopunzantes en distintas partes del cuerpo y otras lesiones. Su estado hab\u00eda sido considerado cr\u00edtico desde el ingreso. <\/p>\n<p><!-- is a <br \/>--><\/p>\n<p>\u00a0<\/p>\n<p><!-- is a <br \/>--><\/p>\n<p>Tras varias semanas de internaci\u00f3n, este lunes se confirm\u00f3 su fallecimiento, lo que modificar\u00e1 el encuadre de la causa judicial. <\/p>\n<p><!-- is a <br \/>--><\/p>\n<p><!-- is a object --><br \/>\n<!-- embed start --><!-- embed end --><br \/>\n<!-- end object --><\/p>\n<p><!-- is a object --><\/p>\n<h3>Situaci\u00f3n del imputado<\/h3>\n<p><!-- end object --><\/p>\n<p>\u00a0<\/p>\n<p><!-- is a <br \/>--><\/p>\n<p>El agresor fue detenido el mismo d\u00eda del ataque en un procedimiento policial y desde entonces permaneci\u00f3 privado de su libertad. Actualmente se encuentra alojado en la Unidad Penal N\u00b0 8 de Federal.  <\/p>\n<p><!-- is a <br \/>--><\/p>\n<p>\u00a0<\/p>\n<p><!-- is a <br \/>--><\/p>\n<p>La causa, que inicialmente fue caratulada como homicidio en grado de tentativa en contexto de violencia de g\u00e9nero, avanzar\u00e1 tras el fallecimiento de la v\u00edctima. <\/p>\n<p><!-- is a <br \/>--><\/p>\n<p>\u00a0<\/p>\n<p><!-- is a <br \/>--><\/p>\n<p>Adem\u00e1s, los peritajes hab\u00edan incorporado un dato que agravar\u00eda la imputaci\u00f3n: <b>indicios de abuso sexual durante el ataque<\/b>, lo que suma gravedad al cuadro judicial del acusado. <\/p>\n<p><!-- is a <br \/>--><\/p>\n<p>\u00a0<\/p>\n<p><!-- is a <br \/>--><\/p>\n<p>La investigaci\u00f3n avanza bajo la \u00f3rbita de la Justicia, que deber\u00e1 determinar las responsabilidades penales en funci\u00f3n de las pruebas reunidas. <\/p>\n<p><!-- is a <br \/>--><\/p>\n<p><!-- is a object --><br \/>\n<!-- embed start --><!-- embed end --><br \/>\n<!-- end object --><\/p>\n<p><!-- is a object --><\/p>\n<h3>Antecedentes de violencia y denuncias previas<\/h3>\n<p><!-- end object --><\/p>\n<p>\u00a0<\/p>\n<p><!-- is a <br \/>--><\/p>\n<p>De acuerdo al testimonio de su hija mayor, Karen, la mujer ya hab\u00eda denunciado a su agresor en noviembre de 2025, luego de una <b>brutal golpiza<\/b> que le dej\u00f3 secuelas f\u00edsicas y psicol\u00f3gicas. <\/p>\n<p><!-- is a <br \/>--><\/p>\n<p>\u00a0<\/p>\n<p><!-- is a <br \/>--><\/p>\n<p>En esa ocasi\u00f3n, Mar\u00eda Leonor fue v\u00edctima de una <b>feroz golpiza que le dej\u00f3 el rostro desfigurado<\/b>. \u201cYo la acompa\u00f1\u00e9 a hacer la denuncia a la Polic\u00eda Central y a Tribunales. En ese momento se dict\u00f3 una restricci\u00f3n de acercamiento que venc\u00eda reci\u00e9n este mes\u201d, relat\u00f3 a<i> 7P\u00e1ginas.<\/i> <\/p>\n<p><!-- is a <br \/>--><\/p>\n<p>\u00a0<\/p>\n<p><!-- is a <br \/>--><\/p>\n<p>Aquel episodio deriv\u00f3 en su internaci\u00f3n en el \u00e1rea de Psiquiatr\u00eda del hospital Felipe Heras, debido a un cuadro de temor extremo. <b>\u201cElla estaba convencida de que Pablo la iba a matar\u201d<\/b>, agreg\u00f3 su hija. <\/p>\n<p><!-- is a <br \/>--><\/p>\n<p>\u00a0<\/p>\n<p><!-- is a <br \/>--><\/p>\n<p>Sin embargo, tras recibir el alta m\u00e9dica, <b>la mujer retom\u00f3 la relaci\u00f3n con Estigard<\/b>, alej\u00e1ndose de su entorno familiar en un contexto marcado por la dependencia emocional y la violencia reiterada. <\/p>\n<p><!-- is a <br \/>--><\/p>\n<p>\u00a0<\/p>\n<p><!-- is a <br \/>--><\/p>\n<p>Mar\u00eda Leonor se alej\u00f3 de sus hijos para retomar el v\u00ednculo con Estigard, quien no trabajaba y le quitaba dinero para sus adicciones, dieron cuenta sus familiares. <\/p>\n<p><!-- is a <br \/>--><\/p>\n<p><!-- is a object --><br \/>\n<!-- embed start --><!-- embed end --><br \/>\n<!-- end object --><\/p><\/div>\n","protected":false},"excerpt":{"rendered":"<p>Muri\u00f3 este lunes la mujer que hab\u00eda sido atacada por su pareja en un hecho ocurrido en contexto de violencia de g\u00e9nero, luego de permanecer internada durante varias semanas en el hospital Masvernat de Concordia. La v\u00edctima fue identificada como Mar\u00eda Leonor Godoy, de 58 a\u00f1os, quien hab\u00eda ingresado al nosocomio el 4 de abril [&hellip;]<\/p>\n","protected":false},"author":1,"featured_media":8349,"comment_status":"open","ping_status":"open","sticky":false,"template":"","format":"standard","meta":{"footnotes":""},"categories":[1],"tags":[],"class_list":["post-8348","post","type-post","status-publish","format-standard","has-post-thumbnail","hentry","category-uncategorized"],"_links":{"self":[{"href":"https:\/\/cliente1.publisher.highstack.com.ar\/index.php?rest_route=\/wp\/v2\/posts\/8348","targetHints":{"allow":["GET"]}}],"collection":[{"href":"https:\/\/cliente1.publisher.highstack.com.ar\/index.php?rest_route=\/wp\/v2\/posts"}],"about":[{"href":"https:\/\/cliente1.publisher.highstack.com.ar\/index.php?rest_route=\/wp\/v2\/types\/post"}],"author":[{"embeddable":true,"href":"https:\/\/cliente1.publisher.highstack.com.ar\/index.php?rest_route=\/wp\/v2\/users\/1"}],"replies":[{"embeddable":true,"href":"https:\/\/cliente1.publisher.highstack.com.ar\/index.php?rest_route=%2Fwp%2Fv2%2Fcomments&post=8348"}],"version-history":[{"count":0,"href":"https:\/\/cliente1.publisher.highstack.com.ar\/index.php?rest_route=\/wp\/v2\/posts\/8348\/revisions"}],"wp:featuredmedia":[{"embeddable":true,"href":"https:\/\/cliente1.publisher.highstack.com.ar\/index.php?rest_route=\/wp\/v2\/media\/8349"}],"wp:attachment":[{"href":"https:\/\/cliente1.publisher.highstack.com.ar\/index.php?rest_route=%2Fwp%2Fv2%2Fmedia&parent=8348"}],"wp:term":[{"taxonomy":"category","embeddable":true,"href":"https:\/\/cliente1.publisher.highstack.com.ar\/index.php?rest_route=%2Fwp%2Fv2%2Fcategories&post=8348"},{"taxonomy":"post_tag","embeddable":true,"href":"https:\/\/cliente1.publisher.highstack.com.ar\/index.php?rest_route=%2Fwp%2Fv2%2Ftags&post=8348"}],"curies":[{"name":"wp","href":"https:\/\/api.w.org\/{rel}","templated":true}]}}