{"id":8346,"date":"2026-04-28T10:34:31","date_gmt":"2026-04-28T13:34:31","guid":{"rendered":"https:\/\/cliente1.publisher.highstack.com.ar\/?p=8346"},"modified":"2026-04-28T10:34:31","modified_gmt":"2026-04-28T13:34:31","slug":"caso-cuadernos-ricardo-jaime-nego-haber-recibido-coimas-y-hablo-de-las-fotocopias-de-centeno-durante-su-declaracion","status":"publish","type":"post","link":"https:\/\/cliente1.publisher.highstack.com.ar\/?p=8346","title":{"rendered":"Caso Cuadernos. Ricardo Jaime neg\u00f3 haber recibido coimas y habl\u00f3 de las \u201cfotocopias de Centeno\u201d durante su declaraci\u00f3n"},"content":{"rendered":"<section id=\"cuerpo__nota\" class=\"cuerpo__nota\">\n<div class=\"row\">\n<div class=\"col-12 col-desksm-1\">\n<div class=\"mod-share-container --no-app py-12 mb-16 mb-0_l sticky float-l_l z-101 transition transition-all transition-duration-250 top-73_min1024\">\n<div class=\"mod-share flex flex-column mb-0 p-0_l gap-24\"><button class=\"button ln-button font-bold border border-thin rounded-4 gap-8 border-all  border-neutral-light-800 bg-secondary__hover text-neutral-light-800 px-12 h-40 l-none --secondary\" title=\"Seguir a LA NACION en Google\" type=\"button\" data-section=\"CompartirNotaLN\" data-event=\"LinkClick\" data-variant=\"secondary\" style=\"border-color:var(--neutral-light-100);gap:4px\"><span class=\"text tracking-none text-14 text-neutral-light-900\" style=\"text-transform:none;font-weight:400\">Seguir en<\/span><i class=\"icon --inherit\" style=\"width:26px;height:26px\"><svg width=\"24\" height=\"24\" viewbox=\"0 0 24 24\" fill=\"currentColor\"><use href=\"http:\/\/www.lanacion.com.ar\/pf\/resources\/images\/la-nacion-ar-sprite-color.svg?d=1998#googleColor\"><\/use><\/svg><\/i><\/button><\/div>\n<\/div>\n<\/div>\n<div class=\"col-deskxl-10 offset-deskxl-1 col-desksm-11\">\n<div class=\"row\">\n<div class=\"col-12\">\n<p class=\"com-paragraph   --s\"><strong>Ricardo Jaime<\/strong>, exsecretario de Transporte durante los primeros seis a\u00f1os del kirchnerismo, se\u00f1al\u00f3 durante su declaraci\u00f3n indagatoria en el juicio por los Cuadernos de las Coimas que las acusaciones en su contra fueron \u201caseveraciones\u201d realizadas en un \u201cmarco extorsivo\u201d y que no figuran dentro de las \u201cfotocopias del se\u00f1or Centeno\u201d, en referencia a las anotaciones del chofer Oscar Centeno, uno de los pilares de la causa. <\/p>\n<p class=\"com-paragraph   --s\">\u201cEl \u00fanico hecho que figurar\u00eda, y reitero la palabra figurar\u00eda, en las fotocopias es un pago que se habr\u00eda hecho en el a\u00f1o 2010 y corresponder\u00eda a la Hidrov\u00eda\u201d, dijo el exfuncionario, que durante su exposici\u00f3n reiter\u00f3 su pedido para obtener prisi\u00f3n domiciliaria \u201cpor edad [tiene 71 a\u00f1os] y enfermedades\u201d. Adem\u00e1s, solicit\u00f3 ser trasladado a C\u00f3rdoba para poder recibir visitas familiares. <\/p>\n<p class=\"com-paragraph   --s\">Jaime lleg\u00f3 a los tribunales de Comodoro Py desde Ezeiza, donde cumple una pena unificada a seis a\u00f1os de prisi\u00f3n por la tragedia de Once. <\/p>\n<p class=\"com-paragraph   --s\">El exfuncionario anticip\u00f3 al comienzo de su declaraci\u00f3n que no responder\u00eda preguntas de los jueces del Tribunal, ni de la fiscal Fabiana Le\u00f3n, por no contar con un \u201ctotal acceso\u201d al expediente. <\/p>\n<p class=\"com-paragraph   --s\">Pidi\u00f3 tras su declaraci\u00f3n ser trasladado de inmediato a la Unidad 19, donde est\u00e1 preso, \u201cporque no tom\u00f3 la medicaci\u00f3n\u201d. Y a\u00f1adi\u00f3: \u201cNo la tom\u00e9 porque me sacaron a las 5 de la ma\u00f1ana por cuestiones de protocolo. Me siento vulnerable en este momento\u201d. <\/p>\n<p class=\"com-paragraph   --s\">\u201cLa acusaci\u00f3n que me hicieron es falsa, y provoc\u00f3 una prisi\u00f3n preventiva<em> in eternum<\/em> que espero poder aguantarla\u201d, concluy\u00f3 el funcionario. <\/p>\n<div class=\"content-media\">\n<section role=\"button\" class=\"mod-media   \">\n<figure role=\"button\" tabindex=\"0\" class=\"mod-figure \">\n<div class=\"placeholder \">\n<div class=\"com-image\"><picture><source media=\"(min-width: 768px)\" srcset=\"https:\/\/resizer.glanacion.com\/resizer\/v2\/el-exfuncionario-kirchnerista-ricardo-ZZHQOMBYTBHW7D4EQRGB4L7DIE.png?auth=5734e62a649eace942d9a841727b497dcc0933977b08204f20730a774b319278&amp;width=780&amp;height=355&amp;quality=70&amp;smart=true\"><\/source><img class=\"image com-image flex --cover\" decoding=\"async\" fetchpriority=\"low\" loading=\"lazy\" src=\"https:\/\/resizer.glanacion.com\/resizer\/v2\/el-exfuncionario-kirchnerista-ricardo-ZZHQOMBYTBHW7D4EQRGB4L7DIE.png?auth=5734e62a649eace942d9a841727b497dcc0933977b08204f20730a774b319278&amp;width=420&amp;height=191&amp;quality=70&amp;smart=true\" width=\"1366\" alt=\"El exfuncionario kirchnerista Ricardo Jaime\" height=\"621\"><\/picture><\/div>\n<\/div><figcaption class=\"mod-figcaption\"><span class=\"com-text --caption --twoxs\">El exfuncionario kirchnerista Ricardo Jaime<\/span><\/figcaption><\/figure>\n<\/section>\n<\/div>\n<p class=\"com-paragraph   --s\">En sus respectivas declaraciones como arrepentidos, los empresarios <strong>Benito Roggio<\/strong> y <strong>Benjam\u00edn Gabriel Romero, <\/strong>vinculados al mundo del transporte, se\u00f1alaron a Jaime como uno de los recaudadores, al admitir haberle pagado al exfuncionario el 5% de los subsidios obtenidos del Estado como retorno.<\/p>\n<p class=\"com-paragraph   --s\">\u201c<strong>Nunca tuve la presencia del se\u00f1or Roggio en mi despacho. Tengo entendido que con el ministro De Vido se reun\u00eda<\/strong>\u201d, dijo. <\/p>\n<p class=\"com-paragraph   --s\">En la causa de los Cuadernos de las Coimas, como parte de la acusaci\u00f3n fiscal tambi\u00e9n figuran contra el exfuncionario 298 llamadas entrantes y 96 salientes con <strong>Daniel Mu\u00f1oz<\/strong>, el secretario privado de Kirchner, apuntado como uno de los responsables de la recaudaci\u00f3n. <\/p>\n<p class=\"com-paragraph   --s\"><em><strong>Noticia en desarrollo<\/strong><\/em><\/p>\n<div data-fusion-lazy-id=\"f0f2aQl9N0Nc5yq\">\n<div class=\"row\">\n<div class=\"col-12\"><\/div>\n<\/div>\n<\/div>\n<div data-fusion-lazy-id=\"f0fGQeo7N0Nc5He\"><\/div>\n<div data-fusion-lazy-id=\"f0fSc0ngN0Nc5KL\">\n<div><\/div>\n<\/div>\n<\/div>\n<\/div>\n<\/div>\n<\/div>\n<\/section>\n<p><\/p>\n","protected":false},"excerpt":{"rendered":"<p>Seguir en Ricardo Jaime, exsecretario de Transporte durante los primeros seis a\u00f1os del kirchnerismo, se\u00f1al\u00f3 durante su declaraci\u00f3n indagatoria en el juicio por los Cuadernos de las Coimas que las acusaciones en su contra fueron \u201caseveraciones\u201d realizadas en un \u201cmarco extorsivo\u201d y que no figuran dentro de las \u201cfotocopias del se\u00f1or Centeno\u201d, en referencia a [&hellip;]<\/p>\n","protected":false},"author":1,"featured_media":8347,"comment_status":"open","ping_status":"open","sticky":false,"template":"","format":"standard","meta":{"footnotes":""},"categories":[1],"tags":[14],"class_list":["post-8346","post","type-post","status-publish","format-standard","has-post-thumbnail","hentry","category-uncategorized","tag-hidrovia"],"_links":{"self":[{"href":"https:\/\/cliente1.publisher.highstack.com.ar\/index.php?rest_route=\/wp\/v2\/posts\/8346","targetHints":{"allow":["GET"]}}],"collection":[{"href":"https:\/\/cliente1.publisher.highstack.com.ar\/index.php?rest_route=\/wp\/v2\/posts"}],"about":[{"href":"https:\/\/cliente1.publisher.highstack.com.ar\/index.php?rest_route=\/wp\/v2\/types\/post"}],"author":[{"embeddable":true,"href":"https:\/\/cliente1.publisher.highstack.com.ar\/index.php?rest_route=\/wp\/v2\/users\/1"}],"replies":[{"embeddable":true,"href":"https:\/\/cliente1.publisher.highstack.com.ar\/index.php?rest_route=%2Fwp%2Fv2%2Fcomments&post=8346"}],"version-history":[{"count":0,"href":"https:\/\/cliente1.publisher.highstack.com.ar\/index.php?rest_route=\/wp\/v2\/posts\/8346\/revisions"}],"wp:featuredmedia":[{"embeddable":true,"href":"https:\/\/cliente1.publisher.highstack.com.ar\/index.php?rest_route=\/wp\/v2\/media\/8347"}],"wp:attachment":[{"href":"https:\/\/cliente1.publisher.highstack.com.ar\/index.php?rest_route=%2Fwp%2Fv2%2Fmedia&parent=8346"}],"wp:term":[{"taxonomy":"category","embeddable":true,"href":"https:\/\/cliente1.publisher.highstack.com.ar\/index.php?rest_route=%2Fwp%2Fv2%2Fcategories&post=8346"},{"taxonomy":"post_tag","embeddable":true,"href":"https:\/\/cliente1.publisher.highstack.com.ar\/index.php?rest_route=%2Fwp%2Fv2%2Ftags&post=8346"}],"curies":[{"name":"wp","href":"https:\/\/api.w.org\/{rel}","templated":true}]}}