{"id":8340,"date":"2026-04-28T09:47:10","date_gmt":"2026-04-28T12:47:10","guid":{"rendered":"https:\/\/cliente1.publisher.highstack.com.ar\/?p=8340"},"modified":"2026-04-28T09:47:10","modified_gmt":"2026-04-28T12:47:10","slug":"la-lucha-de-facciones-internas-en-iran-traba-el-acuerdo-con-eeuu-el-parlamento-se-divide-en-intransigentes-y-negociadores","status":"publish","type":"post","link":"https:\/\/cliente1.publisher.highstack.com.ar\/?p=8340","title":{"rendered":"La lucha de facciones internas en Ir\u00e1n traba el acuerdo con EEUU: el parlamento se divide en intransigentes y negociadores"},"content":{"rendered":"<div class=\"visual__image image-initial-width\"><picture><source srcset=\"https:\/\/www.infobae.com\/resizer\/v2\/LPUJXMC4WFF4DDGUT3QIDD55SE.png?auth=58e05950e5de5af7aefdd2befe6be9d9e9b0ce6e9c5b97b5ee51e384b1a0d964&amp;smart=true&amp;width=992&amp;height=554&amp;quality=85\" media=\"(min-width: 1000px)\"><\/source><source srcset=\"https:\/\/www.infobae.com\/resizer\/v2\/LPUJXMC4WFF4DDGUT3QIDD55SE.png?auth=58e05950e5de5af7aefdd2befe6be9d9e9b0ce6e9c5b97b5ee51e384b1a0d964&amp;smart=true&amp;width=768&amp;height=429&amp;quality=85\" media=\"(min-width: 768px)\"><\/source><source srcset=\"https:\/\/www.infobae.com\/resizer\/v2\/LPUJXMC4WFF4DDGUT3QIDD55SE.png?auth=58e05950e5de5af7aefdd2befe6be9d9e9b0ce6e9c5b97b5ee51e384b1a0d964&amp;smart=true&amp;width=577&amp;height=322&amp;quality=85\" media=\"(min-width: 580px)\"><\/source><source srcset=\"https:\/\/www.infobae.com\/resizer\/v2\/LPUJXMC4WFF4DDGUT3QIDD55SE.png?auth=58e05950e5de5af7aefdd2befe6be9d9e9b0ce6e9c5b97b5ee51e384b1a0d964&amp;smart=true&amp;width=420&amp;height=234&amp;quality=85\" media=\"(min-width: 350px)\"><\/source><source srcset=\"https:\/\/www.infobae.com\/resizer\/v2\/LPUJXMC4WFF4DDGUT3QIDD55SE.png?auth=58e05950e5de5af7aefdd2befe6be9d9e9b0ce6e9c5b97b5ee51e384b1a0d964&amp;smart=true&amp;width=350&amp;height=195&amp;quality=85\" media=\"(min-width: 80px)\"><\/source><img alt=\"Cuatro l\u00edderes iran\u00edes en un escenario. Pezeshkian, Jalili, Ghalibaf con micr\u00f3fonos y gestos, y Khamenei. Fondo borroso de gente en un acto p\u00fablico.\" class=\"global-image\" decoding=\"async\" fetchpriority=\"high\" height=\"1536\" loading=\"eager\" src=\"https:\/\/www.infobae.com\/resizer\/v2\/LPUJXMC4WFF4DDGUT3QIDD55SE.png?auth=58e05950e5de5af7aefdd2befe6be9d9e9b0ce6e9c5b97b5ee51e384b1a0d964&amp;smart=true&amp;width=350&amp;height=195&amp;quality=85\" width=\"2752\"><\/picture><\/div>\n<p class=\"paragraph\">Mientras <b>las facciones m\u00e1s intransigentes de Ir\u00e1n<\/b> reactivaron el enfrentamiento interno en plena tregua de la guerra, el <b>parlamento iran\u00ed<\/b> y los l\u00edderes de las principales instituciones exhibieron profundas diferencias sobre la conveniencia de reanudar las <b>negociaciones nucleares con Estados Unidos<\/b>. <\/p>\n<p class=\"paragraph\">Los <b>debates y declaraciones cruzadas<\/b> se intensificaron en las \u00faltimas tres semanas, seg\u00fan destac\u00f3 <i>Financial Times<\/i>, tras el alto el fuego entre la rep\u00fablica isl\u00e1mica y la coalici\u00f3n estadounidense-israel\u00ed.<\/p>\n<div class=\"inline ad-wrapper dfpAd ad-inline ad-text ad-component-container\" style=\"--ad-shell-height:250px;--ad-shell-width:300px\" data-ad-wrapper=\"arcad\" data-ad-type=\"inline\" data-ad-slot=\"infobae\/america\/mundo\/nota\/inline\" data-ad-container=\"dfp\" data-ad-slot-name=\"infobae\/america\/mundo\/nota\/inline\">\n<p class=\"ad-shell-label\">PUBLICIDAD<\/p>\n<div id=\"infobae\/america\/mundo\/nota\/inline\" class=\"infobae\/america\/mundo\/nota\/inline arcad ad-slot-node ad-slot-node--boxed\" data-ad-slot-id=\"infobae\/america\/mundo\/nota\/inline\"><\/div>\n<\/div>\n<p class=\"paragraph\">Durante casi cuatro d\u00e9cadas, el control y la estabilidad dentro de la <b>elite dirigente iran\u00ed<\/b> recayeron en <b>Ali Khamenei<\/b>, muerto en los recientes ataques. Su ca\u00edda abri\u00f3 una in\u00e9dita lucha de poder, agravada por la ausencia p\u00fablica del nuevo l\u00edder supremo, el ayatol\u00e1 <b>Mojtaba Khamenei<\/b>, hijo del jefe previo y herido durante la escalada b\u00e9lica iniciada el 28 de febrero. <\/p>\n<p class=\"paragraph\">El conflicto din\u00e1stico y la incertidumbre sobre la verdadera l\u00ednea de mando han impulsado la fragmentaci\u00f3n interna, como observ\u00f3 <i>Financial Times<\/i>, en contraste con la unidad exhibida ante la ofensiva extranjera. <\/p>\n<div class=\"inline_2 ad-wrapper dfpAd ad-inline ad-text ad-component-container\" style=\"--ad-shell-height:250px;--ad-shell-width:300px\" data-ad-wrapper=\"arcad\" data-ad-type=\"inline_2\" data-ad-slot=\"infobae\/america\/mundo\/nota\/inline_2\" data-ad-container=\"dfp\" data-ad-slot-name=\"infobae\/america\/mundo\/nota\/inline_2\">\n<p class=\"ad-shell-label\">PUBLICIDAD<\/p>\n<div id=\"infobae\/america\/mundo\/nota\/inline_2\" class=\"infobae\/america\/mundo\/nota\/inline_2 arcad ad-slot-node ad-slot-node--boxed\" data-ad-slot-id=\"infobae\/america\/mundo\/nota\/inline_2\"><\/div>\n<\/div>\n<p class=\"paragraph\">El precedente inmediato de m\u00e1xima coordinaci\u00f3n en la pol\u00edtica exterior iran\u00ed se remonta, de hecho, al periodo previo al \u00faltimo alto el fuego.<\/p>\n<p class=\"paragraph\">El foco tension\u00f3 sobre el presidente del parlamento, <b>Mohammad Bagher Ghalibaf<\/b>, despu\u00e9s de que desplegara una misi\u00f3n negociadora en Pakist\u00e1n con el vicepresidente estadounidense <b>JD Vance<\/b> a principios de mes. Voceros del influyente bloque ultraconservador <b>Paydari<\/b> \u2014entre ellos el parlamentario <b>Mahmoud Nabavian<\/b>, quien acompa\u00f1\u00f3 el viaje\u2014 acusaron al equipo negociador de desviarse de las directrices del nuevo l\u00edder supremo. <\/p>\n<div class=\"ad_1 ad-wrapper dfpAd ad-1-al-6 ad-text ad-component-container\" style=\"--ad-shell-height:250px;--ad-shell-width:300px\" data-ad-wrapper=\"arcad\" data-ad-type=\"ad_1\" data-ad-slot=\"infobae\/america\/mundo\/nota\/ad_1\" data-ad-container=\"dfp\" data-ad-slot-name=\"infobae\/america\/mundo\/nota\/ad_1\">\n<p class=\"ad-shell-label\">PUBLICIDAD<\/p>\n<div id=\"infobae\/america\/mundo\/nota\/ad_1\" class=\"infobae\/america\/mundo\/nota\/ad_1 arcad ad-slot-node ad-slot-node--boxed\" data-ad-slot-id=\"infobae\/america\/mundo\/nota\/ad_1\"><\/div>\n<\/div>\n<div class=\"visual__image\"><picture><source srcset=\"https:\/\/www.infobae.com\/resizer\/v2\/CD6KERXDHRFHLOIYCD7MK3JSQ4.jpg?auth=eae4ca228881ab01a76fb9c47bf1619478f678751372c46b563300b57c8eff59&amp;smart=true&amp;width=992&amp;height=661&amp;quality=85\" media=\"(min-width: 1000px)\"><\/source><source srcset=\"https:\/\/www.infobae.com\/resizer\/v2\/CD6KERXDHRFHLOIYCD7MK3JSQ4.jpg?auth=eae4ca228881ab01a76fb9c47bf1619478f678751372c46b563300b57c8eff59&amp;smart=true&amp;width=768&amp;height=512&amp;quality=85\" media=\"(min-width: 768px)\"><\/source><source srcset=\"https:\/\/www.infobae.com\/resizer\/v2\/CD6KERXDHRFHLOIYCD7MK3JSQ4.jpg?auth=eae4ca228881ab01a76fb9c47bf1619478f678751372c46b563300b57c8eff59&amp;smart=true&amp;width=577&amp;height=385&amp;quality=85\" media=\"(min-width: 580px)\"><\/source><source srcset=\"https:\/\/www.infobae.com\/resizer\/v2\/CD6KERXDHRFHLOIYCD7MK3JSQ4.jpg?auth=eae4ca228881ab01a76fb9c47bf1619478f678751372c46b563300b57c8eff59&amp;smart=true&amp;width=420&amp;height=280&amp;quality=85\" media=\"(min-width: 350px)\"><\/source><source srcset=\"https:\/\/www.infobae.com\/resizer\/v2\/CD6KERXDHRFHLOIYCD7MK3JSQ4.jpg?auth=eae4ca228881ab01a76fb9c47bf1619478f678751372c46b563300b57c8eff59&amp;smart=true&amp;width=350&amp;height=233&amp;quality=85\" media=\"(min-width: 80px)\"><\/source><img alt=\"El vicepresidente de Estados Unidos, JD Vance (izquierda), junto al primer ministro pakistan\u00ed, Shehbaz Sharif (centro), y el presidente del Parlamento iran\u00ed, Mohammad Bagher Ghalibaf (derecha), aparecen en una pantalla de televisi\u00f3n en Peshawar (Pakist\u00e1n), durante las conversaciones entre Estados Unidos e Ir\u00e1n en Islamabad, Pakist\u00e1n, el 11 de abril de 2026. EFE\/BILAWAL ARBAB\n\" class=\"global-image\" decoding=\"async\" fetchpriority=\"low\" height=\"1926\" loading=\"lazy\" src=\"https:\/\/www.infobae.com\/resizer\/v2\/CD6KERXDHRFHLOIYCD7MK3JSQ4.jpg?auth=eae4ca228881ab01a76fb9c47bf1619478f678751372c46b563300b57c8eff59&amp;smart=true&amp;width=350&amp;height=233&amp;quality=85\" width=\"2889\"><\/picture><\/div>\n<p class=\"paragraph\">La facci\u00f3n exigi\u00f3 cortar todo di\u00e1logo con Washington, al calificar las actuales negociaciones sobre el programa nuclear iran\u00ed como \u201cun error estrat\u00e9gico\u201d. Ali Khezrian, diputado radical, reiter\u00f3 por televisi\u00f3n que el l\u00edder supremo rechaza continuar las conversaciones.<\/p>\n<p class=\"paragraph\">El lunes, 261 diputados respaldaron a Ghalibaf y a los negociadores, aunque los dirigentes de <b>Paydari<\/b> no firmaron el texto. Mientras tanto, <i>Nournews<\/i>, medio vinculado a los servicios de seguridad, describi\u00f3 la coyuntura como \u201cquiz\u00e1s el momento m\u00e1s delicado de la historia\u201d de Ir\u00e1n y llam\u00f3 a una \u201csola voz\u201d nacional. <\/p>\n<div class=\"ad_2 ad-wrapper dfpAd ad-1-al-6 ad-text ad-component-container\" style=\"--ad-shell-height:250px;--ad-shell-width:300px\" data-ad-wrapper=\"arcad\" data-ad-type=\"ad_2\" data-ad-slot=\"infobae\/america\/mundo\/nota\/ad_2\" data-ad-container=\"dfp\" data-ad-slot-name=\"infobae\/america\/mundo\/nota\/ad_2\">\n<p class=\"ad-shell-label\">PUBLICIDAD<\/p>\n<div id=\"infobae\/america\/mundo\/nota\/ad_2\" class=\"infobae\/america\/mundo\/nota\/ad_2 arcad ad-slot-node ad-slot-node--boxed\" data-ad-slot-id=\"infobae\/america\/mundo\/nota\/ad_2\"><\/div>\n<\/div>\n<p class=\"paragraph\">La fractura se profundiz\u00f3 cuando fracas\u00f3 la segunda ronda de di\u00e1logo planeada en Pakist\u00e1n, tras la exigencia iran\u00ed de que <b>Estados Unidos<\/b> levante el bloqueo sobre el estrecho de Ormuz como condici\u00f3n previa.<\/p>\n<h2 class=\"header headline-class-h2 headline\" id=\"el-asesinato-de-khamenei-reconfiguro-el-mapa-de-poder-irani\">El asesinato de Khamenei reconfigur\u00f3 el mapa de poder iran\u00ed<\/h2>\n<p class=\"paragraph\">El r\u00e9gimen reformul\u00f3 su equilibrio de poder tras el asesinato de <b>Ali Khamenei<\/b> en los ataques estadounidenses e israel\u00edes que sacudieron Ir\u00e1n desde el 28 de febrero. La repentina desaparici\u00f3n de una figura con casi 40 a\u00f1os al frente del manejo y contenci\u00f3n de crisis internas dej\u00f3 a una generaci\u00f3n de l\u00edderes menos experimentados ante la crisis m\u00e1s profunda desde la instauraci\u00f3n de la rep\u00fablica isl\u00e1mica, seg\u00fan reconstruy\u00f3 <i>Financial Times<\/i>.<\/p>\n<div class=\"ad_3 ad-wrapper dfpAd ad-1-al-6 ad-text ad-component-container\" style=\"--ad-shell-height:250px;--ad-shell-width:300px\" data-ad-wrapper=\"arcad\" data-ad-type=\"ad_3\" data-ad-slot=\"infobae\/america\/mundo\/nota\/ad_3\" data-ad-container=\"dfp\" data-ad-slot-name=\"infobae\/america\/mundo\/nota\/ad_3\">\n<p class=\"ad-shell-label\">PUBLICIDAD<\/p>\n<div id=\"infobae\/america\/mundo\/nota\/ad_3\" class=\"infobae\/america\/mundo\/nota\/ad_3 arcad ad-slot-node ad-slot-node--boxed\" data-ad-slot-id=\"infobae\/america\/mundo\/nota\/ad_3\"><\/div>\n<\/div>\n<p class=\"paragraph\">El precedente de enfrentamientos internos es largo. En las elecciones presidenciales de 2024, <b>Ghalibaf<\/b> \u2014reconocido por su pragmatismo\u2014 perdi\u00f3 frente al reformista <b>Masoud Pezeshkian<\/b> y al intransigente <b>Saeed Jalili<\/b>, abanderado de <b>Paydari<\/b>. <\/p>\n<p class=\"paragraph\">Las luchas personales a\u00f1aden tensi\u00f3n a la polarizaci\u00f3n ideol\u00f3gica persistente entre ultraconservadores hostiles a cualquier trato con Occidente y pragm\u00e1ticos que buscan aliviar sanciones como v\u00eda de supervivencia para el r\u00e9gimen.<\/p>\n<div class=\"ad_4 ad-wrapper dfpAd ad-1-al-6 ad-text ad-component-container\" style=\"--ad-shell-height:250px;--ad-shell-width:300px\" data-ad-wrapper=\"arcad\" data-ad-type=\"ad_4\" data-ad-slot=\"infobae\/america\/mundo\/nota\/ad_4\" data-ad-container=\"dfp\" data-ad-slot-name=\"infobae\/america\/mundo\/nota\/ad_4\">\n<p class=\"ad-shell-label\">PUBLICIDAD<\/p>\n<div id=\"infobae\/america\/mundo\/nota\/ad_4\" class=\"infobae\/america\/mundo\/nota\/ad_4 arcad ad-slot-node ad-slot-node--boxed\" data-ad-slot-id=\"infobae\/america\/mundo\/nota\/ad_4\"><\/div>\n<\/div>\n<p class=\"paragraph\">Hasta el momento, la exigencia iran\u00ed de que Estados Unidos levante el bloqueo del estrecho antes de retomar negociaciones con Washington permanece inamovible. Tambi\u00e9n reclaman el derecho a cobrar tarifas de transporte mar\u00edtimo, conservar la capacidad de enriquecer uranio y rechazar la transferencia de reservas nucleares a manos estadounidenses. Entre tanto, la ausencia prolongada de <b>Mojtaba Khamenei<\/b> impuls\u00f3 especulaciones internacionales sobre una crisis sucesoria.<\/p>\n<h2 class=\"header headline-class-h2 headline\" id=\"el-fracaso-del-dialogo-en-pakistan\">El fracaso del di\u00e1logo en Pakist\u00e1n<\/h2>\n<p class=\"paragraph\">Ir\u00e1n condicion\u00f3 la reanudaci\u00f3n de conversaciones a la eliminaci\u00f3n del bloqueo norteamericano sobre los puertos iran\u00edes alrededor del <b>estrecho de Ormuz<\/b>, lo que forz\u00f3 la cancelaci\u00f3n de la nueva ronda negociadora. <i>Financial Times<\/i> precis\u00f3 que la delegaci\u00f3n iran\u00ed sum\u00f3 cerca de <b>70 participantes<\/b>, con altos cargos militares y de defensa, lo que fue interpretado por analistas como un gesto de coordinaci\u00f3n institucional in\u00e9dita. <\/p>\n<div class=\"ad_5 ad-wrapper dfpAd ad-1-al-6 ad-text ad-component-container\" style=\"--ad-shell-height:250px;--ad-shell-width:300px\" data-ad-wrapper=\"arcad\" data-ad-type=\"ad_5\" data-ad-slot=\"infobae\/america\/mundo\/nota\/ad_5\" data-ad-container=\"dfp\" data-ad-slot-name=\"infobae\/america\/mundo\/nota\/ad_5\">\n<p class=\"ad-shell-label\">PUBLICIDAD<\/p>\n<div id=\"infobae\/america\/mundo\/nota\/ad_5\" class=\"infobae\/america\/mundo\/nota\/ad_5 arcad ad-slot-node ad-slot-node--boxed\" data-ad-slot-id=\"infobae\/america\/mundo\/nota\/ad_5\"><\/div>\n<\/div>\n<p class=\"paragraph\">La propuesta formal de Ir\u00e1n para reabrir el estrecho y finalizar la guerra fue definida como \u201cmejor de lo esperado\u201d por el secretario de Estado estadounidense, <b>Marco Rubio<\/b>, aunque reconoci\u00f3 dudas sobre la legitimidad del interlocutor iran\u00ed.<\/p>\n<div class=\"visual__image\"><picture><source srcset=\"https:\/\/www.infobae.com\/resizer\/v2\/QJR53XNYTFGKFLHTYTIUFGCVM4.jpg?auth=5c24b8004b03b93db970e37627e332e6a966ce9b2ead40fb846c6a46ed341f05&amp;smart=true&amp;width=992&amp;height=661&amp;quality=85\" media=\"(min-width: 1000px)\"><\/source><source srcset=\"https:\/\/www.infobae.com\/resizer\/v2\/QJR53XNYTFGKFLHTYTIUFGCVM4.jpg?auth=5c24b8004b03b93db970e37627e332e6a966ce9b2ead40fb846c6a46ed341f05&amp;smart=true&amp;width=768&amp;height=512&amp;quality=85\" media=\"(min-width: 768px)\"><\/source><source srcset=\"https:\/\/www.infobae.com\/resizer\/v2\/QJR53XNYTFGKFLHTYTIUFGCVM4.jpg?auth=5c24b8004b03b93db970e37627e332e6a966ce9b2ead40fb846c6a46ed341f05&amp;smart=true&amp;width=577&amp;height=385&amp;quality=85\" media=\"(min-width: 580px)\"><\/source><source srcset=\"https:\/\/www.infobae.com\/resizer\/v2\/QJR53XNYTFGKFLHTYTIUFGCVM4.jpg?auth=5c24b8004b03b93db970e37627e332e6a966ce9b2ead40fb846c6a46ed341f05&amp;smart=true&amp;width=420&amp;height=280&amp;quality=85\" media=\"(min-width: 350px)\"><\/source><source srcset=\"https:\/\/www.infobae.com\/resizer\/v2\/QJR53XNYTFGKFLHTYTIUFGCVM4.jpg?auth=5c24b8004b03b93db970e37627e332e6a966ce9b2ead40fb846c6a46ed341f05&amp;smart=true&amp;width=350&amp;height=233&amp;quality=85\" media=\"(min-width: 80px)\"><\/source><img alt=\"Marco Rubio asegura que no tolerar\u00e1 que Ir\u00e1n decida qu\u00e9 pa\u00edses hacen uso del estrecho de Ormuz\" class=\"global-image\" decoding=\"async\" fetchpriority=\"low\" height=\"1280\" loading=\"lazy\" src=\"https:\/\/www.infobae.com\/resizer\/v2\/QJR53XNYTFGKFLHTYTIUFGCVM4.jpg?auth=5c24b8004b03b93db970e37627e332e6a966ce9b2ead40fb846c6a46ed341f05&amp;smart=true&amp;width=350&amp;height=233&amp;quality=85\" width=\"1920\"><\/picture><\/div>\n<p class=\"paragraph\">Un diplom\u00e1tico extranjero consultado por <i>Financial Times<\/i> relativiz\u00f3 la gravedad de las divergencias: \u201cHay diferencias de opini\u00f3n, pero no son fracturas profundas\u201d.<\/p>\n<div class=\"ad_6 ad-wrapper dfpAd ad-1-al-6 ad-text ad-component-container\" style=\"--ad-shell-height:250px;--ad-shell-width:300px\" data-ad-wrapper=\"arcad\" data-ad-type=\"ad_6\" data-ad-slot=\"infobae\/america\/mundo\/nota\/ad_6\" data-ad-container=\"dfp\" data-ad-slot-name=\"infobae\/america\/mundo\/nota\/ad_6\">\n<p class=\"ad-shell-label\">PUBLICIDAD<\/p>\n<div id=\"infobae\/america\/mundo\/nota\/ad_6\" class=\"infobae\/america\/mundo\/nota\/ad_6 arcad ad-slot-node ad-slot-node--boxed\" data-ad-slot-id=\"infobae\/america\/mundo\/nota\/ad_6\"><\/div>\n<\/div>\n<p class=\"paragraph\">Sostuvo que la pluralidad de centros de poder es una constante en el sistema iran\u00ed, pero admiti\u00f3 que <b>el liderazgo oculto de Mojtaba Khamenei, por razones pr\u00e1cticas, limita la capacidad de direcci\u00f3n efectiva<\/b>: \u201cLos iran\u00edes han aprendido de los asesinatos del pasado. Incluso la m\u00ednima comunicaci\u00f3n con las filas y el l\u00edder es pr\u00e1cticamente imposible\u201d.<\/p>\n<p class=\"paragraph\">La escalada interna se acentu\u00f3 con las declaraciones p\u00fablicas del presidente <b>Donald Trump<\/b>, quien interpret\u00f3 la falta de se\u00f1ales de mando como s\u00edntoma de una \u201cenorme lucha interna y confusi\u00f3n dentro del liderazgo [de Ir\u00e1n]. Nadie sabe qui\u00e9n est\u00e1 al mando, ni siquiera ellos mismos\u201d. Por su parte, los principales dirigentes iran\u00edes replicaron en la red X: \u201cEn nuestro Ir\u00e1n no hay intransigentes ni moderados. Todos somos iran\u00edes y revolucionarios\u201d.<\/p>\n<p class=\"paragraph\">En Ir\u00e1n, el temor a un regreso al enfrentamiento directo con <b>Estados Unidos<\/b> e <b>Israel<\/b> se sum\u00f3 a la campa\u00f1a de los sectores m\u00e1s intransigentes, acusados por pol\u00edticos reformistas de buscar el desgaste institucional por beneficio personal. <\/p>\n<p class=\"paragraph\">Mohammad-Sadegh Javadi-Hesar, dirigente reformista, lo resumi\u00f3: \u201cEst\u00e1n intentando allanar el camino para su futuro pol\u00edtico\u2026 Si hubieran podido realizar alg\u00fan cambio, no estar\u00edan llorando ahora\u201d.<\/p>\n<p class=\"paragraph\">Las recientes negociaciones y tensiones en Ir\u00e1n fueron precedidas por la presencia de cerca de <b>70 altos representantes<\/b> iran\u00edes en la primera ronda del di\u00e1logo en Pakist\u00e1n, un n\u00famero que evidenci\u00f3 la magnitud de la coordinaci\u00f3n requerida en el contexto actual.<\/p>\n","protected":false},"excerpt":{"rendered":"<p>Las disputas internas en la dirigencia pol\u00edtica han marcado las \u00faltimas semanas en la Rep\u00fablica Isl\u00e1mica, donde hay posturas opuestas respecto a la reanudaci\u00f3n del di\u00e1logo con Washington sobre el programa nuclear y la apertura del estrecho de Ormuz<\/p>\n","protected":false},"author":1,"featured_media":8342,"comment_status":"open","ping_status":"open","sticky":false,"template":"","format":"standard","meta":{"footnotes":""},"categories":[1],"tags":[],"class_list":["post-8340","post","type-post","status-publish","format-standard","has-post-thumbnail","hentry","category-uncategorized"],"_links":{"self":[{"href":"https:\/\/cliente1.publisher.highstack.com.ar\/index.php?rest_route=\/wp\/v2\/posts\/8340","targetHints":{"allow":["GET"]}}],"collection":[{"href":"https:\/\/cliente1.publisher.highstack.com.ar\/index.php?rest_route=\/wp\/v2\/posts"}],"about":[{"href":"https:\/\/cliente1.publisher.highstack.com.ar\/index.php?rest_route=\/wp\/v2\/types\/post"}],"author":[{"embeddable":true,"href":"https:\/\/cliente1.publisher.highstack.com.ar\/index.php?rest_route=\/wp\/v2\/users\/1"}],"replies":[{"embeddable":true,"href":"https:\/\/cliente1.publisher.highstack.com.ar\/index.php?rest_route=%2Fwp%2Fv2%2Fcomments&post=8340"}],"version-history":[{"count":1,"href":"https:\/\/cliente1.publisher.highstack.com.ar\/index.php?rest_route=\/wp\/v2\/posts\/8340\/revisions"}],"predecessor-version":[{"id":8341,"href":"https:\/\/cliente1.publisher.highstack.com.ar\/index.php?rest_route=\/wp\/v2\/posts\/8340\/revisions\/8341"}],"wp:featuredmedia":[{"embeddable":true,"href":"https:\/\/cliente1.publisher.highstack.com.ar\/index.php?rest_route=\/wp\/v2\/media\/8342"}],"wp:attachment":[{"href":"https:\/\/cliente1.publisher.highstack.com.ar\/index.php?rest_route=%2Fwp%2Fv2%2Fmedia&parent=8340"}],"wp:term":[{"taxonomy":"category","embeddable":true,"href":"https:\/\/cliente1.publisher.highstack.com.ar\/index.php?rest_route=%2Fwp%2Fv2%2Fcategories&post=8340"},{"taxonomy":"post_tag","embeddable":true,"href":"https:\/\/cliente1.publisher.highstack.com.ar\/index.php?rest_route=%2Fwp%2Fv2%2Ftags&post=8340"}],"curies":[{"name":"wp","href":"https:\/\/api.w.org\/{rel}","templated":true}]}}