{"id":8337,"date":"2026-04-28T09:40:13","date_gmt":"2026-04-28T12:40:13","guid":{"rendered":"https:\/\/cliente1.publisher.highstack.com.ar\/?p=8337"},"modified":"2026-04-28T09:40:13","modified_gmt":"2026-04-28T12:40:13","slug":"cayo-la-frecuencia-de-colectivos-en-el-amba-por-la-suba-del-gasoil-y-la-falta-de-subsidios-advierten-nuevas-reducciones","status":"publish","type":"post","link":"https:\/\/cliente1.publisher.highstack.com.ar\/?p=8337","title":{"rendered":"Cay\u00f3 la frecuencia de colectivos en el AMBA por la suba del gasoil y la falta de subsidios; advierten nuevas reducciones"},"content":{"rendered":"<div class=\"jwplayer-ctn\"><script src=\"https:\/\/census-web.scorecardresearch.com\/plugins\/streaming-jwplayer\/v2\/current.js\"><\/script><\/p>\n<div>\n<div id=\"B2KJYUI2MJEH5OCNXDEX3BQHKU-custom_embed0\"><\/div>\n<\/div><figcaption class=\"jwplayer-figcaption\">Las empresas advierten sobre una posible profundizaci\u00f3n del conflicto si no se resuelve la deuda antes del cuarto d\u00eda h\u00e1bil del mes, cuando deben abonar salarios<\/figcaption><\/div>\n<p class=\"paragraph\">La <a rel=\"noopener noreferrer\" href=\"https:\/\/www.infobae.com\/sociedad\/2026\/04\/28\/la-empresas-de-colectivos-del-amba-amenazan-con-reducir-aun-mas-la-frecuencia-por-el-aumento-del-gasoil\/\" target=\"_blank\" title=\"https:\/\/www.infobae.com\/sociedad\/2026\/04\/28\/la-empresas-de-colectivos-del-amba-amenazan-con-reducir-aun-mas-la-frecuencia-por-el-aumento-del-gasoil\/\">frecuencia de los colectivos<\/a> disminuy\u00f3 notablemente en el \u00c1rea Metropolitana de Buenos Aires (AMBA) durante el mes de abril. El atraso en los pagos de subsidios y el incremento del precio del gasoil son los principales motivos de la <a rel=\"noopener noreferrer\" href=\"https:\/\/www.infobae.com\/economia\/2026\/04\/27\/menos-unidades-y-tarifas-mas-altas-el-escenario-critico-del-transporte-en-el-amba\/\" target=\"_blank\" title=\"https:\/\/www.infobae.com\/economia\/2026\/04\/27\/menos-unidades-y-tarifas-mas-altas-el-escenario-critico-del-transporte-en-el-amba\/\">reducci\u00f3n de viajes<\/a>. Empresarios del transporte advierten que la prestaci\u00f3n podr\u00eda reducirse a\u00fan m\u00e1s si la situaci\u00f3n persiste. El Gobierno nacional alega que los distritos tienen responsabilidad, mientras que <b>los usuarios sufren esperas que llegaron a duplicarse.<\/b><\/p>\n<p class=\"paragraph\">Seg\u00fan Luciano Fusaro, presidente de la Asociaci\u00f3n Argentina de Empresarios del Transporte Automotor (AETA), <b>\u201chay una disparada del precio del gasoil. <\/b>Recordemos que estaba a $1740 hasta el mes de febrero, y durante marzo subi\u00f3 a m\u00e1s de $2100\u2033, dijo en di\u00e1logo con Infobae en vivo Al Amanecer. <\/p>\n<div class=\"inline ad-wrapper dfpAd ad-inline ad-text ad-component-container\" style=\"--ad-shell-height:250px;--ad-shell-width:300px\" data-ad-wrapper=\"arcad\" data-ad-type=\"inline\" data-ad-slot=\"infobae\/politica\/nota\/inline\" data-ad-container=\"dfp\" data-ad-slot-name=\"infobae\/politica\/nota\/inline\">\n<p class=\"ad-shell-label\">PUBLICIDAD<\/p>\n<div id=\"infobae\/politica\/nota\/inline\" class=\"infobae\/politica\/nota\/inline arcad ad-slot-node ad-slot-node--boxed\" data-ad-slot-id=\"infobae\/politica\/nota\/inline\"><\/div>\n<\/div>\n<div class=\"streaming-feed streaming-feed-powerup\">\n<p class=\"streaming-feed-title\">Nueva Programaci\u00f3n<\/p>\n<div class=\"streaming-feed-slider\"><svg class=\"prev-arrow prev-slider-sf-2f217386-da99-4dcb-8787-0d529594e268\" viewbox=\"0 0 50 50\" xmlns=\"http:\/\/www.w3.org\/2000\/svg\"><g transform=\"translate(.159 .327)\"><circle cx=\"25\" cy=\"25\" r=\"25\" fill=\"#fff\" style=\"isolation:isolate;opacity:0.89\"><\/circle><path d=\"M28.09 13.71a1.426 1.426 0 0 1 .96 2.48l-9.55 8.78 9.55 8.78c.58.53.62 1.44.09 2.02-.54.58-1.44.62-2.02.09l-10.69-9.83c-.29-.27-.46-.65-.46-1.05s.17-.78.46-1.05l10.69-9.83c.27-.25.62-.38.97-.38Z\" fill=\"#3b3b3b\"><\/path><\/g><\/svg><\/p>\n<div class=\"swiper\">\n<div class=\"swiper-wrapper\">\n<div class=\"swiper-slide streaming-feed-slide\"><a class=\"streaming-feed-card\" href=\"https:\/\/www.youtube.com\/@Infobae\" target=\"_blank\" rel=\"noopener noreferrer\"><img alt=\"streaming-image\" class=\"streaming-feed-card-image\" decoding=\"auto\" fetchpriority=\"low\" loading=\"lazy\" src=\"https:\/\/www.infobae.com\/resizer\/v2\/YDYIWXRF4FEVVNHPOA7LF3YDXA.png?auth=3f092edca7a56a9b6ec277bcecc898433dbaed898d5824790bccc739588cd7c8\"><\/p>\n<div class=\"streaming-feed-card-content\">\n<p class=\"streaming-feed-card-title\">INFOBAE AL AMANECER<\/p>\n<p class=\"streaming-feed-card-description\">Infobae En Vivo inicia su jornada con una primera edici\u00f3n informativa pensada para arrancar el d\u00eda bien informado. Un espacio \u00e1gil y plural, con las noticias clave de la ma\u00f1ana, an\u00e1lisis temprano y contexto para anticipar la agenda del d\u00eda.<\/p>\n<p class=\"streaming-feed-card-schedule\">De Lun a Vie 10 a 12 hs<\/p>\n<\/div>\n<p><\/a><\/div>\n<div class=\"swiper-slide streaming-feed-slide\"><a class=\"streaming-feed-card in-stream\" href=\"https:\/\/www.youtube.com\/@Infobae\" target=\"_blank\" rel=\"noopener noreferrer\"><img alt=\"streaming-image\" class=\"streaming-feed-card-image\" decoding=\"auto\" fetchpriority=\"low\" loading=\"lazy\" src=\"https:\/\/www.infobae.com\/resizer\/v2\/J6FOZY4QKZHRRI4YGGQCG3WWPA.png?auth=a21d17528ba5cb775b32e68980de2cfc03021664949b235e2d678e2a27f192a7\"><\/p>\n<div class=\"streaming-feed-card-content\">\n<p class=\"streaming-feed-card-title\">INFOBAE A LAS NUEVE<\/p>\n<p class=\"streaming-feed-card-description\">La edici\u00f3n am abordar\u00e1 la informaci\u00f3n que define el d\u00eda, en un formato \u00e1gil que atrapa a la audiencia.<\/p>\n<p class=\"streaming-feed-card-schedule\">De Lun a Vie 12 a 15 hs<\/p>\n<\/div>\n<p><\/a><\/div>\n<div class=\"swiper-slide streaming-feed-slide\"><a class=\"streaming-feed-card\" href=\"https:\/\/www.youtube.com\/@Infobae\" target=\"_blank\" rel=\"noopener noreferrer\"><img alt=\"streaming-image\" class=\"streaming-feed-card-image\" decoding=\"auto\" fetchpriority=\"low\" loading=\"lazy\" src=\"https:\/\/www.infobae.com\/resizer\/v2\/7OCB73OBF5CCNGT4BSPIPOSKQE.png?auth=573ea9cf95fa2e04247a1d6e62a635b74b612e11246d5b9b4e4c40cd4996e691\"><\/p>\n<div class=\"streaming-feed-card-content\">\n<p class=\"streaming-feed-card-title\">INFOBAE AL MEDIOD\u00cdA<\/p>\n<p class=\"streaming-feed-card-description\">La edici\u00f3n del mediod\u00eda propone una mirada amplia de la actualidad, con contenidos diversos, foco internacional y el respaldo de las redacciones de Infobae en el mundo.<\/p>\n<p class=\"streaming-feed-card-schedule\">De Lun a Vie 15 a 18 hs<\/p>\n<\/div>\n<p><\/a><\/div>\n<div class=\"swiper-slide streaming-feed-slide\"><a class=\"streaming-feed-card\" href=\"https:\/\/www.youtube.com\/@Infobae\" target=\"_blank\" rel=\"noopener noreferrer\"><img alt=\"streaming-image\" class=\"streaming-feed-card-image\" decoding=\"auto\" fetchpriority=\"low\" loading=\"lazy\" src=\"https:\/\/www.infobae.com\/resizer\/v2\/UIRLFN4CTZBJ5OK7BHQHPOAQMI.png?auth=504d631b6dbc42d9a7efdb0ed2658616679575e57b56059b777e5b2e5a838c92\"><\/p>\n<div class=\"streaming-feed-card-content\">\n<p class=\"streaming-feed-card-title\">INFOBAE A LA TARDE<\/p>\n<p class=\"streaming-feed-card-description\">La edici\u00f3n de la tarde propone un espacio de an\u00e1lisis y debate sobre los temas que marcan la agenda del d\u00eda, con un enfoque din\u00e1mico, elocuente y profundo.<\/p>\n<p class=\"streaming-feed-card-schedule\">De Lun a Vie 18 a 21 hs<\/p>\n<\/div>\n<p><\/a><\/div>\n<div class=\"swiper-slide streaming-feed-slide\"><a class=\"streaming-feed-card\" href=\"https:\/\/www.youtube.com\/@Infobae\" target=\"_blank\" rel=\"noopener noreferrer\"><img alt=\"streaming-image\" class=\"streaming-feed-card-image\" decoding=\"auto\" fetchpriority=\"low\" loading=\"lazy\" src=\"https:\/\/www.infobae.com\/resizer\/v2\/74XNX45OL5GYXIQFH3EKCODQUI.png?auth=cf05033654359b754eed9c9742064e31ef7d5ddd15f6077e2d00af964476875e\"><\/p>\n<div class=\"streaming-feed-card-content\">\n<p class=\"streaming-feed-card-title\">INFOBAE AL REGRESO<\/p>\n<p class=\"streaming-feed-card-description\">La edici\u00f3n PM se centra en el an\u00e1lisis pol\u00edtico de la jornada, con contexto, debate y las claves de la agenda del d\u00eda siguiente.<\/p>\n<p class=\"streaming-feed-card-schedule\">De Lun a Vie 21 a 0 hs<\/p>\n<\/div>\n<p><\/a><\/div>\n<div class=\"swiper-slide streaming-feed-slide\"><a class=\"streaming-feed-card\" href=\"https:\/\/www.youtube.com\/@Infobae\" target=\"_blank\" rel=\"noopener noreferrer\"><img alt=\"streaming-image\" class=\"streaming-feed-card-image\" decoding=\"auto\" fetchpriority=\"low\" loading=\"lazy\" src=\"https:\/\/www.infobae.com\/resizer\/v2\/SNT34ZF4PFFZRPH4D5Q5HB6DBQ.png?auth=4df6862f4cc8b56ed2002f5d05755d47ea9da2668983c75e1466d803eda6239a\"><\/p>\n<div class=\"streaming-feed-card-content\">\n<p class=\"streaming-feed-card-title\">INFOBAE A LA NOCHE<\/p>\n<p class=\"streaming-feed-card-description\">A partir de las 21hs y hasta las 7am, inicia Infobae de Noche, una propuesta musical que completa la grilla y acompa\u00f1a a la audiencia.<\/p>\n<p class=\"streaming-feed-card-schedule\">De Lun a Dom 0 a 10 hs<\/p>\n<\/div>\n<p><\/a><\/div>\n<\/div>\n<\/div>\n<p><svg class=\"next-arrow next-slider-sf-2f217386-da99-4dcb-8787-0d529594e268\" viewbox=\"0 0 50 50\" xmlns=\"http:\/\/www.w3.org\/2000\/svg\"><g transform=\"translate(.159 .327)\"><circle cx=\"25\" cy=\"25\" r=\"25\" fill=\"#fff\" style=\"isolation:isolate;opacity:0.89\"><\/circle><path d=\"M21.91 36.29a1.426 1.426 0 0 1-.96-2.48l9.55-8.78-9.55-8.78c-.58-.53-.62-1.44-.09-2.02.54-.58 1.44-.62 2.02-.09l10.69 9.83c.29.27.46.65.46 1.05s-.17.78-.46 1.05L22.88 35.9c-.27.25-.62.38-.97.38Z\" fill=\"#3b3b3b\"><\/path><\/g><\/svg><\/div>\n<\/div>\n<div class=\"visual__image\"><picture><source srcset=\"https:\/\/www.infobae.com\/resizer\/v2\/6DGF4LSUWRFOHK6ZMB5DLFF5JU.jpg?auth=5ae4917eccab51edcd412fc506760aeb1cf7ff5d8d9a4162c07394e5dacdb5bc&amp;smart=true&amp;width=992&amp;height=558&amp;quality=85\" media=\"(min-width: 1000px)\"><\/source><source srcset=\"https:\/\/www.infobae.com\/resizer\/v2\/6DGF4LSUWRFOHK6ZMB5DLFF5JU.jpg?auth=5ae4917eccab51edcd412fc506760aeb1cf7ff5d8d9a4162c07394e5dacdb5bc&amp;smart=true&amp;width=768&amp;height=432&amp;quality=85\" media=\"(min-width: 768px)\"><\/source><source srcset=\"https:\/\/www.infobae.com\/resizer\/v2\/6DGF4LSUWRFOHK6ZMB5DLFF5JU.jpg?auth=5ae4917eccab51edcd412fc506760aeb1cf7ff5d8d9a4162c07394e5dacdb5bc&amp;smart=true&amp;width=577&amp;height=325&amp;quality=85\" media=\"(min-width: 580px)\"><\/source><source srcset=\"https:\/\/www.infobae.com\/resizer\/v2\/6DGF4LSUWRFOHK6ZMB5DLFF5JU.jpg?auth=5ae4917eccab51edcd412fc506760aeb1cf7ff5d8d9a4162c07394e5dacdb5bc&amp;smart=true&amp;width=420&amp;height=236&amp;quality=85\" media=\"(min-width: 350px)\"><\/source><source srcset=\"https:\/\/www.infobae.com\/resizer\/v2\/6DGF4LSUWRFOHK6ZMB5DLFF5JU.jpg?auth=5ae4917eccab51edcd412fc506760aeb1cf7ff5d8d9a4162c07394e5dacdb5bc&amp;smart=true&amp;width=350&amp;height=197&amp;quality=85\" media=\"(min-width: 80px)\"><\/source><img alt=\"Vista de un grupo de personas esperando y abordando un autob\u00fas azul y amarillo en una parada, bajo la luz del sol\" class=\"global-image\" decoding=\"async\" fetchpriority=\"low\" height=\"1080\" loading=\"lazy\" src=\"https:\/\/www.infobae.com\/resizer\/v2\/6DGF4LSUWRFOHK6ZMB5DLFF5JU.jpg?auth=5ae4917eccab51edcd412fc506760aeb1cf7ff5d8d9a4162c07394e5dacdb5bc&amp;smart=true&amp;width=350&amp;height=197&amp;quality=85\" width=\"1920\"><\/picture><\/div>\n<p class=\"paragraph\">De forma continua indic\u00f3 que el gasoil es el segundo costo operativo de una empresa de transporte. \u201cTodo nuestro ingreso est\u00e1 determinado seg\u00fan el c\u00e1lculo de costos que hace la Secretar\u00eda de Transporte de la Naci\u00f3n. El c\u00e1lculo que se hizo, que despu\u00e9s determina los niveles de tarifa y de subsidios, era con un gasoil a $1740\u201d, explic\u00f3. <\/p>\n<p class=\"paragraph\">Entre otros de los motivos, Fusaro mencion\u00f3 \u201cel atraso sistem\u00e1tico en el pago de las compensaciones o subsidios\u201d. <b>Seg\u00fan precis\u00f3, al d\u00eda de la fecha, hay alrededor de 130 mil millones en subsidios impagos<\/b>, \u201cpor lo cual cuando junt\u00e1s el stock de deuda m\u00e1s el flujo de fondo que qued\u00f3 desactualizado producto del aumento del gasoil, a las empresas se les hace virtualmente imposible brindar la totalidad de los servicios\u201d, justific\u00f3. <\/p>\n<div class=\"inline_2 ad-wrapper dfpAd ad-inline ad-text ad-component-container\" style=\"--ad-shell-height:250px;--ad-shell-width:300px\" data-ad-wrapper=\"arcad\" data-ad-type=\"inline_2\" data-ad-slot=\"infobae\/politica\/nota\/inline_2\" data-ad-container=\"dfp\" data-ad-slot-name=\"infobae\/politica\/nota\/inline_2\">\n<p class=\"ad-shell-label\">PUBLICIDAD<\/p>\n<div id=\"infobae\/politica\/nota\/inline_2\" class=\"infobae\/politica\/nota\/inline_2 arcad ad-slot-node ad-slot-node--boxed\" data-ad-slot-id=\"infobae\/politica\/nota\/inline_2\"><\/div>\n<\/div>\n<div class=\"visual__image\"><picture><source srcset=\"https:\/\/www.infobae.com\/resizer\/v2\/2V3CWOPYMZGHBOCLQL2V5UVW2E.jpg?auth=3b9744df0079f837c71312fd573385eb64d4f0472f6139c880f55a4e03931a21&amp;smart=true&amp;width=992&amp;height=558&amp;quality=85\" media=\"(min-width: 1000px)\"><\/source><source srcset=\"https:\/\/www.infobae.com\/resizer\/v2\/2V3CWOPYMZGHBOCLQL2V5UVW2E.jpg?auth=3b9744df0079f837c71312fd573385eb64d4f0472f6139c880f55a4e03931a21&amp;smart=true&amp;width=768&amp;height=432&amp;quality=85\" media=\"(min-width: 768px)\"><\/source><source srcset=\"https:\/\/www.infobae.com\/resizer\/v2\/2V3CWOPYMZGHBOCLQL2V5UVW2E.jpg?auth=3b9744df0079f837c71312fd573385eb64d4f0472f6139c880f55a4e03931a21&amp;smart=true&amp;width=577&amp;height=325&amp;quality=85\" media=\"(min-width: 580px)\"><\/source><source srcset=\"https:\/\/www.infobae.com\/resizer\/v2\/2V3CWOPYMZGHBOCLQL2V5UVW2E.jpg?auth=3b9744df0079f837c71312fd573385eb64d4f0472f6139c880f55a4e03931a21&amp;smart=true&amp;width=420&amp;height=236&amp;quality=85\" media=\"(min-width: 350px)\"><\/source><source srcset=\"https:\/\/www.infobae.com\/resizer\/v2\/2V3CWOPYMZGHBOCLQL2V5UVW2E.jpg?auth=3b9744df0079f837c71312fd573385eb64d4f0472f6139c880f55a4e03931a21&amp;smart=true&amp;width=350&amp;height=197&amp;quality=85\" media=\"(min-width: 80px)\"><\/source><img alt=\"Paro de colectivos - 6 de mayo\" class=\"global-image\" decoding=\"async\" fetchpriority=\"low\" height=\"1080\" loading=\"lazy\" src=\"https:\/\/www.infobae.com\/resizer\/v2\/2V3CWOPYMZGHBOCLQL2V5UVW2E.jpg?auth=3b9744df0079f837c71312fd573385eb64d4f0472f6139c880f55a4e03931a21&amp;smart=true&amp;width=350&amp;height=197&amp;quality=85\" width=\"1920\"><\/picture><\/div>\n<h2 class=\"header headline-class-h2 headline\" id=\"el-impacto-en-las-frecuencias-y-los-trabajadores\">El impacto en las frecuencias y los trabajadores<\/h2>\n<p class=\"paragraph\">El presidente de AETA detall\u00f3 que la Ciudad de Buenos Aires paga al d\u00eda la totalidad de los subsidios. \u201cAh\u00ed no tenemos problema\u201d, destac\u00f3. Y explic\u00f3 que los subsidios se reparten entre Naci\u00f3n y Provincia en un 90%. \u201c<b>La Naci\u00f3n, a su vez, le paga a la Provincia lo que se llaman subsidios para tributo socia<\/b>l, que son descuentos adicionales para jubilados, beneficiarios de AUH\u201d, coment\u00f3. <\/p>\n<p class=\"paragraph\">Y agreg\u00f3 que <b>\u201cesos subsidios est\u00e1n adeudados desde enero\u201d<\/b>. De acuerdo con Fusaro, la Naci\u00f3n le debe a la Provincia subsidios para tributo social por m\u00e1s de $50 mil millones. \u201cCuando junt\u00e1s todo eso, llegamos a los casi $130 mil millones de subsidios. Eso hace que las empresas, con semejante agujero financiero y el problema del gasoil, no puedan dar todos los servicios\u201d, puntualiz\u00f3.<\/p>\n<div class=\"ad_1 ad-wrapper dfpAd ad-1-al-6 ad-text ad-component-container\" style=\"--ad-shell-height:250px;--ad-shell-width:300px\" data-ad-wrapper=\"arcad\" data-ad-type=\"ad_1\" data-ad-slot=\"infobae\/politica\/nota\/ad_1\" data-ad-container=\"dfp\" data-ad-slot-name=\"infobae\/politica\/nota\/ad_1\">\n<p class=\"ad-shell-label\">PUBLICIDAD<\/p>\n<div id=\"infobae\/politica\/nota\/ad_1\" class=\"infobae\/politica\/nota\/ad_1 arcad ad-slot-node ad-slot-node--boxed\" data-ad-slot-id=\"infobae\/politica\/nota\/ad_1\"><\/div>\n<\/div>\n<div class=\"visual__image\"><picture><source srcset=\"https:\/\/www.infobae.com\/resizer\/v2\/MAHPPVYO6NEFRGEYNOYEQZAQBU.jpg?auth=7c22765d5a25662c018c568131ff8d8c7c5b5f8a1c15dc94f5b6946760e34d98&amp;smart=true&amp;width=992&amp;height=661&amp;quality=85\" media=\"(min-width: 1000px)\"><\/source><source srcset=\"https:\/\/www.infobae.com\/resizer\/v2\/MAHPPVYO6NEFRGEYNOYEQZAQBU.jpg?auth=7c22765d5a25662c018c568131ff8d8c7c5b5f8a1c15dc94f5b6946760e34d98&amp;smart=true&amp;width=768&amp;height=512&amp;quality=85\" media=\"(min-width: 768px)\"><\/source><source srcset=\"https:\/\/www.infobae.com\/resizer\/v2\/MAHPPVYO6NEFRGEYNOYEQZAQBU.jpg?auth=7c22765d5a25662c018c568131ff8d8c7c5b5f8a1c15dc94f5b6946760e34d98&amp;smart=true&amp;width=577&amp;height=385&amp;quality=85\" media=\"(min-width: 580px)\"><\/source><source srcset=\"https:\/\/www.infobae.com\/resizer\/v2\/MAHPPVYO6NEFRGEYNOYEQZAQBU.jpg?auth=7c22765d5a25662c018c568131ff8d8c7c5b5f8a1c15dc94f5b6946760e34d98&amp;smart=true&amp;width=420&amp;height=280&amp;quality=85\" media=\"(min-width: 350px)\"><\/source><source srcset=\"https:\/\/www.infobae.com\/resizer\/v2\/MAHPPVYO6NEFRGEYNOYEQZAQBU.jpg?auth=7c22765d5a25662c018c568131ff8d8c7c5b5f8a1c15dc94f5b6946760e34d98&amp;smart=true&amp;width=350&amp;height=233&amp;quality=85\" media=\"(min-width: 80px)\"><\/source><img alt=\"Paro de Colectivos\" class=\"global-image\" decoding=\"async\" fetchpriority=\"low\" height=\"2000\" loading=\"lazy\" src=\"https:\/\/www.infobae.com\/resizer\/v2\/MAHPPVYO6NEFRGEYNOYEQZAQBU.jpg?auth=7c22765d5a25662c018c568131ff8d8c7c5b5f8a1c15dc94f5b6946760e34d98&amp;smart=true&amp;width=350&amp;height=233&amp;quality=85\" width=\"3000\"><\/picture><\/div>\n<p class=\"paragraph\">El empresario revela datos surgidos de relevamientos recientes: \u201cDurante la primer quincena de abril, en los d\u00edas h\u00e1biles, las frecuencias en total AMBA est\u00e1n 18% abajo comparadas con abril del a\u00f1o pasado. Ese 18% es un promedio. Despu\u00e9s <b>ten\u00e9s l\u00edneas que est\u00e1n hasta un 40% m\u00e1s de reducci\u00f3n de frecuencia y l\u00edneas que directamente dejaron de operar&#8221;.<\/b> <\/p>\n<p class=\"paragraph\">Seg\u00fan Fusaro, estas disminuciones provocan im\u00e1genes de pasajeros acumul\u00e1ndose en las paradas: \u201cSi a ello se suma que hay problemas con los trenes, la presi\u00f3n sobre el sistema de colectivos aumenta en un momento en que se est\u00e1n bajando las frecuencias, con lo cual es la tormenta perfecta\u201d.<\/p>\n<div class=\"ad_2 ad-wrapper dfpAd ad-1-al-6 ad-text ad-component-container\" style=\"--ad-shell-height:250px;--ad-shell-width:300px\" data-ad-wrapper=\"arcad\" data-ad-type=\"ad_2\" data-ad-slot=\"infobae\/politica\/nota\/ad_2\" data-ad-container=\"dfp\" data-ad-slot-name=\"infobae\/politica\/nota\/ad_2\">\n<p class=\"ad-shell-label\">PUBLICIDAD<\/p>\n<div id=\"infobae\/politica\/nota\/ad_2\" class=\"infobae\/politica\/nota\/ad_2 arcad ad-slot-node ad-slot-node--boxed\" data-ad-slot-id=\"infobae\/politica\/nota\/ad_2\"><\/div>\n<\/div>\n<div class=\"visual__image\"><picture><source srcset=\"https:\/\/www.infobae.com\/resizer\/v2\/MFGK6BLMC5AGBDJSJBYC6NIQSE.jpg?auth=2ee85b24dfb481e49a96d42a8daa847a3ac46d8b094ab12922a5d8cb20415738&amp;smart=true&amp;width=992&amp;height=662&amp;quality=85\" media=\"(min-width: 1000px)\"><\/source><source srcset=\"https:\/\/www.infobae.com\/resizer\/v2\/MFGK6BLMC5AGBDJSJBYC6NIQSE.jpg?auth=2ee85b24dfb481e49a96d42a8daa847a3ac46d8b094ab12922a5d8cb20415738&amp;smart=true&amp;width=768&amp;height=513&amp;quality=85\" media=\"(min-width: 768px)\"><\/source><source srcset=\"https:\/\/www.infobae.com\/resizer\/v2\/MFGK6BLMC5AGBDJSJBYC6NIQSE.jpg?auth=2ee85b24dfb481e49a96d42a8daa847a3ac46d8b094ab12922a5d8cb20415738&amp;smart=true&amp;width=577&amp;height=385&amp;quality=85\" media=\"(min-width: 580px)\"><\/source><source srcset=\"https:\/\/www.infobae.com\/resizer\/v2\/MFGK6BLMC5AGBDJSJBYC6NIQSE.jpg?auth=2ee85b24dfb481e49a96d42a8daa847a3ac46d8b094ab12922a5d8cb20415738&amp;smart=true&amp;width=420&amp;height=280&amp;quality=85\" media=\"(min-width: 350px)\"><\/source><source srcset=\"https:\/\/www.infobae.com\/resizer\/v2\/MFGK6BLMC5AGBDJSJBYC6NIQSE.jpg?auth=2ee85b24dfb481e49a96d42a8daa847a3ac46d8b094ab12922a5d8cb20415738&amp;smart=true&amp;width=350&amp;height=234&amp;quality=85\" media=\"(min-width: 80px)\"><\/source><img alt=\"CABA - Coronavirus -Transito - Colectivos - Transporte\" class=\"global-image\" decoding=\"async\" fetchpriority=\"low\" height=\"4819\" loading=\"lazy\" src=\"https:\/\/www.infobae.com\/resizer\/v2\/MFGK6BLMC5AGBDJSJBYC6NIQSE.jpg?auth=2ee85b24dfb481e49a96d42a8daa847a3ac46d8b094ab12922a5d8cb20415738&amp;smart=true&amp;width=350&amp;height=234&amp;quality=85\" width=\"7221\"><\/picture><\/div>\n<h2 class=\"header headline-class-h2 headline\" id=\"riesgo-de-profundizacion-del-conflicto-y-proximas-medidas\">Riesgo de profundizaci\u00f3n del conflicto y pr\u00f3ximas medidas<\/h2>\n<p class=\"paragraph\">Las pr\u00f3ximas semanas podr\u00edan ser decisivas: \u201cLas empresas siempre van a hacer lo m\u00e1ximo posible, porque la peor situaci\u00f3n es dejar el colectivo parado; hay que pagar salarios y no hay ingresos. Cada recurso que entra se destina al pago del servicio. Pero si pasan los d\u00edas y esto no se resuelve porque no se baja la deuda o no se actualiza el nivel de ingresos, <b>las empresas ir\u00e1n reduciendo cada vez m\u00e1s la frecuencia. No va a ser algo homog\u00e9neo<\/b>\u201d, alert\u00f3. <\/p>\n<p class=\"paragraph\">Fusaro anticip\u00f3 que la situaci\u00f3n ser\u00e1 m\u00e1s cr\u00edtica la semana pr\u00f3xima: \u201cEl cuarto d\u00eda h\u00e1bil de cada mes, que cae jueves, hay que pagar salarios. El salario es la mitad del costo. <b>Si no ten\u00e9s la plata, lo m\u00e1s probable es que el gremio no tolere la situaci\u00f3n y ah\u00ed se va a complicar todo. <\/b>Si siguen sin respuestas hasta el cuarto d\u00eda h\u00e1bil, a partir de ese d\u00eda se va a aplicar seguramente una mayor reducci\u00f3n en la frecuencia\u201d.<\/p>\n<div class=\"ad_3 ad-wrapper dfpAd ad-1-al-6 ad-text ad-component-container\" style=\"--ad-shell-height:250px;--ad-shell-width:300px\" data-ad-wrapper=\"arcad\" data-ad-type=\"ad_3\" data-ad-slot=\"infobae\/politica\/nota\/ad_3\" data-ad-container=\"dfp\" data-ad-slot-name=\"infobae\/politica\/nota\/ad_3\">\n<p class=\"ad-shell-label\">PUBLICIDAD<\/p>\n<div id=\"infobae\/politica\/nota\/ad_3\" class=\"infobae\/politica\/nota\/ad_3 arcad ad-slot-node ad-slot-node--boxed\" data-ad-slot-id=\"infobae\/politica\/nota\/ad_3\"><\/div>\n<\/div>\n<p class=\"paragraph\">El conflicto en el transporte del AMBA sigue abierto y las pr\u00f3ximas jornadas ser\u00e1n determinantes para saber si la falta de pagos y el alza del gasoil derivan en recortes a\u00fan mayores en el funcionamiento de los colectivos.<\/p>\n<p class=\"paragraph\">&#8212;<\/p>\n<div class=\"ad_4 ad-wrapper dfpAd ad-1-al-6 ad-text ad-component-container\" style=\"--ad-shell-height:250px;--ad-shell-width:300px\" data-ad-wrapper=\"arcad\" data-ad-type=\"ad_4\" data-ad-slot=\"infobae\/politica\/nota\/ad_4\" data-ad-container=\"dfp\" data-ad-slot-name=\"infobae\/politica\/nota\/ad_4\">\n<p class=\"ad-shell-label\">PUBLICIDAD<\/p>\n<div id=\"infobae\/politica\/nota\/ad_4\" class=\"infobae\/politica\/nota\/ad_4 arcad ad-slot-node ad-slot-node--boxed\" data-ad-slot-id=\"infobae\/politica\/nota\/ad_4\"><\/div>\n<\/div>\n<p class=\"paragraph\"><b>Infobae <\/b>te acompa\u00f1a cada d\u00eda en YouTube con entrevistas, an\u00e1lisis y la informaci\u00f3n m\u00e1s destacada, en un formato cercano y din\u00e1mico.<\/p>\n<p class=\"paragraph\">\u2022 De 7 a 9: <b>Infobae al Amanecer<\/b>: Nacho Giron, Luciana Rubinska y Bel\u00e9n Escobar.<\/p>\n<div class=\"ad_5 ad-wrapper dfpAd ad-1-al-6 ad-text ad-component-container\" style=\"--ad-shell-height:250px;--ad-shell-width:300px\" data-ad-wrapper=\"arcad\" data-ad-type=\"ad_5\" data-ad-slot=\"infobae\/politica\/nota\/ad_5\" data-ad-container=\"dfp\" data-ad-slot-name=\"infobae\/politica\/nota\/ad_5\">\n<p class=\"ad-shell-label\">PUBLICIDAD<\/p>\n<div id=\"infobae\/politica\/nota\/ad_5\" class=\"infobae\/politica\/nota\/ad_5 arcad ad-slot-node ad-slot-node--boxed\" data-ad-slot-id=\"infobae\/politica\/nota\/ad_5\"><\/div>\n<\/div>\n<p class=\"paragraph\">\u2022 De 9 a 12: <b>Infobae a las Nueve<\/b>: Gonzalo S\u00e1nchez, Tatiana Schapiro, Ram\u00f3n Indart y Cecilia Boufflet.<\/p>\n<p class=\"paragraph\">\u2022 De 12 a 15: <b>Infobae al Mediodia<\/b>: Maru Duffard, Andrei Serbin Pont, Jimena Grandinetti, Fede Mayol y Facundo Kablan.<\/p>\n<div class=\"ad_6 ad-wrapper dfpAd ad-1-al-6 ad-text ad-component-container\" style=\"--ad-shell-height:250px;--ad-shell-width:300px\" data-ad-wrapper=\"arcad\" data-ad-type=\"ad_6\" data-ad-slot=\"infobae\/politica\/nota\/ad_6\" data-ad-container=\"dfp\" data-ad-slot-name=\"infobae\/politica\/nota\/ad_6\">\n<p class=\"ad-shell-label\">PUBLICIDAD<\/p>\n<div id=\"infobae\/politica\/nota\/ad_6\" class=\"infobae\/politica\/nota\/ad_6 arcad ad-slot-node ad-slot-node--boxed\" data-ad-slot-id=\"infobae\/politica\/nota\/ad_6\"><\/div>\n<\/div>\n<p class=\"paragraph\">\u2022 De 15 a 18: <b>Infobae a la Tarde<\/b>: Manu Jove, Maia Jastreblansky y Paula Guardia Bourdin; rotan en la semana Marcos Shaw, Lara L\u00f3pez Calvo y Tom\u00e1s Trap\u00e9<\/p>\n<p class=\"paragraph\">\u2022 De 18 a 21: <b>Infobae al Regreso<\/b>: Gonzalo Aziz, Diego Iglesias, Malena de los R\u00edos y Mat\u00edas Barber\u00eda; rotan en la semana Gustavo Lazzari, Mart\u00edn Tetaz y Mica Mendelevich<\/p>\n<p class=\"paragraph\">Seguinos en nuestro canal de <b>YouTube <\/b>@infobae.<\/p>\n","protected":false},"excerpt":{"rendered":"<p>El atraso en los pagos y el aumento de costos complican a las empresas, que ya recortaron servicios y no descartan profundizar las medidas en los pr\u00f3ximos d\u00edas, con impacto directo en los usuarios<\/p>\n","protected":false},"author":1,"featured_media":8339,"comment_status":"open","ping_status":"open","sticky":false,"template":"","format":"standard","meta":{"footnotes":""},"categories":[1],"tags":[],"class_list":["post-8337","post","type-post","status-publish","format-standard","has-post-thumbnail","hentry","category-uncategorized"],"_links":{"self":[{"href":"https:\/\/cliente1.publisher.highstack.com.ar\/index.php?rest_route=\/wp\/v2\/posts\/8337","targetHints":{"allow":["GET"]}}],"collection":[{"href":"https:\/\/cliente1.publisher.highstack.com.ar\/index.php?rest_route=\/wp\/v2\/posts"}],"about":[{"href":"https:\/\/cliente1.publisher.highstack.com.ar\/index.php?rest_route=\/wp\/v2\/types\/post"}],"author":[{"embeddable":true,"href":"https:\/\/cliente1.publisher.highstack.com.ar\/index.php?rest_route=\/wp\/v2\/users\/1"}],"replies":[{"embeddable":true,"href":"https:\/\/cliente1.publisher.highstack.com.ar\/index.php?rest_route=%2Fwp%2Fv2%2Fcomments&post=8337"}],"version-history":[{"count":1,"href":"https:\/\/cliente1.publisher.highstack.com.ar\/index.php?rest_route=\/wp\/v2\/posts\/8337\/revisions"}],"predecessor-version":[{"id":8338,"href":"https:\/\/cliente1.publisher.highstack.com.ar\/index.php?rest_route=\/wp\/v2\/posts\/8337\/revisions\/8338"}],"wp:featuredmedia":[{"embeddable":true,"href":"https:\/\/cliente1.publisher.highstack.com.ar\/index.php?rest_route=\/wp\/v2\/media\/8339"}],"wp:attachment":[{"href":"https:\/\/cliente1.publisher.highstack.com.ar\/index.php?rest_route=%2Fwp%2Fv2%2Fmedia&parent=8337"}],"wp:term":[{"taxonomy":"category","embeddable":true,"href":"https:\/\/cliente1.publisher.highstack.com.ar\/index.php?rest_route=%2Fwp%2Fv2%2Fcategories&post=8337"},{"taxonomy":"post_tag","embeddable":true,"href":"https:\/\/cliente1.publisher.highstack.com.ar\/index.php?rest_route=%2Fwp%2Fv2%2Ftags&post=8337"}],"curies":[{"name":"wp","href":"https:\/\/api.w.org\/{rel}","templated":true}]}}