{"id":8321,"date":"2026-04-28T06:16:30","date_gmt":"2026-04-28T09:16:30","guid":{"rendered":"https:\/\/cliente1.publisher.highstack.com.ar\/?p=8321"},"modified":"2026-04-28T06:16:30","modified_gmt":"2026-04-28T09:16:30","slug":"ordenaron-que-lo-recaudado-por-la-venta-del-material-del-belgrano-cargas-se-destine-a-infraestructura-vial","status":"publish","type":"post","link":"https:\/\/cliente1.publisher.highstack.com.ar\/?p=8321","title":{"rendered":"Ordenaron que lo recaudado por la venta del material del Belgrano Cargas se destine a infraestructura vial"},"content":{"rendered":"<div class=\"visual__image image-initial-width\"><picture><source srcset=\"https:\/\/www.infobae.com\/resizer\/v2\/CUQEUWPR2VF7TO2NR3DPACRSRU.jpg?auth=7f0ae3bec64cd703ef8c768c1710646fafc29bf5a8c4cb8c7258aba028715d5f&amp;smart=true&amp;width=992&amp;height=558&amp;quality=85\" media=\"(min-width: 1000px)\"><\/source><source srcset=\"https:\/\/www.infobae.com\/resizer\/v2\/CUQEUWPR2VF7TO2NR3DPACRSRU.jpg?auth=7f0ae3bec64cd703ef8c768c1710646fafc29bf5a8c4cb8c7258aba028715d5f&amp;smart=true&amp;width=768&amp;height=432&amp;quality=85\" media=\"(min-width: 768px)\"><\/source><source srcset=\"https:\/\/www.infobae.com\/resizer\/v2\/CUQEUWPR2VF7TO2NR3DPACRSRU.jpg?auth=7f0ae3bec64cd703ef8c768c1710646fafc29bf5a8c4cb8c7258aba028715d5f&amp;smart=true&amp;width=577&amp;height=325&amp;quality=85\" media=\"(min-width: 580px)\"><\/source><source srcset=\"https:\/\/www.infobae.com\/resizer\/v2\/CUQEUWPR2VF7TO2NR3DPACRSRU.jpg?auth=7f0ae3bec64cd703ef8c768c1710646fafc29bf5a8c4cb8c7258aba028715d5f&amp;smart=true&amp;width=420&amp;height=236&amp;quality=85\" media=\"(min-width: 350px)\"><\/source><source srcset=\"https:\/\/www.infobae.com\/resizer\/v2\/CUQEUWPR2VF7TO2NR3DPACRSRU.jpg?auth=7f0ae3bec64cd703ef8c768c1710646fafc29bf5a8c4cb8c7258aba028715d5f&amp;smart=true&amp;width=350&amp;height=197&amp;quality=85\" media=\"(min-width: 80px)\"><\/source><img alt=\"El Gobierno determin\u00f3 el destino de los fondos provenientes de la venta de material rodante\" class=\"global-image\" decoding=\"async\" fetchpriority=\"high\" height=\"1080\" loading=\"eager\" src=\"https:\/\/www.infobae.com\/resizer\/v2\/CUQEUWPR2VF7TO2NR3DPACRSRU.jpg?auth=7f0ae3bec64cd703ef8c768c1710646fafc29bf5a8c4cb8c7258aba028715d5f&amp;smart=true&amp;width=350&amp;height=197&amp;quality=85\" width=\"1920\"><\/picture><\/div>\n<p class=\"paragraph\">El proceso de <a href=\"https:\/\/www.infobae.com\/economia\/2026\/03\/21\/cuenta-regresiva-para-el-belgrano-cargas-cual-es-el-plan-de-la-unica-empresa-extranjera-que-quiere-quedarse-con-la-concesion\/\" target=\"_blank\" rel=\"noreferrer\" title=\"https:\/\/www.infobae.com\/economia\/2026\/03\/21\/cuenta-regresiva-para-el-belgrano-cargas-cual-es-el-plan-de-la-unica-empresa-extranjera-que-quiere-quedarse-con-la-concesion\/\"><i><b>privatizaci\u00f3n del Belgrano Cargas y Log\u00edsticas SA<\/b><\/i><i> <\/i><\/a>avanza con la implementaci\u00f3n de una serie de medidas dispuestas por el <b>Poder Ejecutivo Nacional<\/b>, orientadas a redefinir el futuro del sistema ferroviario argentino. <\/p>\n<p class=\"paragraph\">A partir de la publicaci\u00f3n en <b>Bolet\u00edn Oficial<\/b> del <b>decreto 282\/2026<\/b>, el <b>Gobierno determin\u00f3 el destino de los fondos provenientes de la venta de material rodante<\/b>, estableci\u00f3 <b>pautas para su valuaci\u00f3n<\/b> y deline\u00f3 el <b>procedimiento para las nuevas concesiones de v\u00edas<\/b> en las principales l\u00edneas del pa\u00eds.<\/p>\n<div class=\"inline ad-wrapper dfpAd ad-inline ad-text ad-component-container\" style=\"--ad-shell-height:250px;--ad-shell-width:300px\" data-ad-wrapper=\"arcad\" data-ad-type=\"inline\" data-ad-slot=\"infobae\/politica\/nota\/inline\" data-ad-container=\"dfp\" data-ad-slot-name=\"infobae\/politica\/nota\/inline\">\n<p class=\"ad-shell-label\">PUBLICIDAD<\/p>\n<div id=\"infobae\/politica\/nota\/inline\" class=\"infobae\/politica\/nota\/inline arcad ad-slot-node ad-slot-node--boxed\" data-ad-slot-id=\"infobae\/politica\/nota\/inline\"><\/div>\n<\/div>\n<p class=\"paragraph\">La norma establece que lo obtenido de la venta, incluido en los contratos de concesi\u00f3n a celebrarse en el marco del decreto 67\/25, se asignar\u00e1 \u00edntegramente al <b>fideicomiso regulado por el Decreto N\u00b0 976\/01,<\/b> con el objetivo de financiar y pagar las obras sobre las v\u00edas que ser\u00e1n concedidas a operadores privados. El valor m\u00ednimo de referencia ser\u00e1 el dictaminado por el <b>Tribunal de Tasaciones de la Naci\u00f3n<\/b>.<\/p>\n<p class=\"paragraph\">El nuevo esquema de asignaci\u00f3n de fondos contempla tanto el remate p\u00fablico de material rodante como la eventual venta en el marco de procesos de licitaci\u00f3n p\u00fablica nacional e internacional para la concesi\u00f3n de las v\u00edas y sus inmuebles aleda\u00f1os. <\/p>\n<div class=\"inline_2 ad-wrapper dfpAd ad-inline ad-text ad-component-container\" style=\"--ad-shell-height:250px;--ad-shell-width:300px\" data-ad-wrapper=\"arcad\" data-ad-type=\"inline_2\" data-ad-slot=\"infobae\/politica\/nota\/inline_2\" data-ad-container=\"dfp\" data-ad-slot-name=\"infobae\/politica\/nota\/inline_2\">\n<p class=\"ad-shell-label\">PUBLICIDAD<\/p>\n<div id=\"infobae\/politica\/nota\/inline_2\" class=\"infobae\/politica\/nota\/inline_2 arcad ad-slot-node ad-slot-node--boxed\" data-ad-slot-id=\"infobae\/politica\/nota\/inline_2\"><\/div>\n<\/div>\n<p class=\"paragraph\">El decreto instruye a la <b>Secretar\u00eda de Transporte<\/b> del Ministerio de Econom\u00eda a incluir en los pliegos de bases y condiciones de los procesos licitatorios para las concesiones de las l\u00edneas <b>General Belgrano<\/b>, <b>General San Mart\u00edn<\/b> y <b>General Urquiza<\/b> la identificaci\u00f3n precisa del material rodante que ser\u00e1 parte de los contratos. <\/p>\n<div class=\"visual__image\"><picture><source srcset=\"https:\/\/www.infobae.com\/resizer\/v2\/QM6ALW4JWRF3HGNRPBU4LHNTUA.jpg?auth=cc95d23cf6843f25d98328621d5f0cc1e8a3f703da4415983e88f1ec3b374e39&amp;smart=true&amp;width=992&amp;height=663&amp;quality=85\" media=\"(min-width: 1000px)\"><\/source><source srcset=\"https:\/\/www.infobae.com\/resizer\/v2\/QM6ALW4JWRF3HGNRPBU4LHNTUA.jpg?auth=cc95d23cf6843f25d98328621d5f0cc1e8a3f703da4415983e88f1ec3b374e39&amp;smart=true&amp;width=768&amp;height=513&amp;quality=85\" media=\"(min-width: 768px)\"><\/source><source srcset=\"https:\/\/www.infobae.com\/resizer\/v2\/QM6ALW4JWRF3HGNRPBU4LHNTUA.jpg?auth=cc95d23cf6843f25d98328621d5f0cc1e8a3f703da4415983e88f1ec3b374e39&amp;smart=true&amp;width=577&amp;height=385&amp;quality=85\" media=\"(min-width: 580px)\"><\/source><source srcset=\"https:\/\/www.infobae.com\/resizer\/v2\/QM6ALW4JWRF3HGNRPBU4LHNTUA.jpg?auth=cc95d23cf6843f25d98328621d5f0cc1e8a3f703da4415983e88f1ec3b374e39&amp;smart=true&amp;width=420&amp;height=281&amp;quality=85\" media=\"(min-width: 350px)\"><\/source><source srcset=\"https:\/\/www.infobae.com\/resizer\/v2\/QM6ALW4JWRF3HGNRPBU4LHNTUA.jpg?auth=cc95d23cf6843f25d98328621d5f0cc1e8a3f703da4415983e88f1ec3b374e39&amp;smart=true&amp;width=350&amp;height=234&amp;quality=85\" media=\"(min-width: 80px)\"><\/source><img alt=\"Privatizaci\u00f3n Belgrano Cargas\" class=\"global-image\" decoding=\"async\" fetchpriority=\"low\" height=\"668\" loading=\"lazy\" src=\"https:\/\/www.infobae.com\/resizer\/v2\/QM6ALW4JWRF3HGNRPBU4LHNTUA.jpg?auth=cc95d23cf6843f25d98328621d5f0cc1e8a3f703da4415983e88f1ec3b374e39&amp;smart=true&amp;width=350&amp;height=234&amp;quality=85\" width=\"1000\"><\/picture><\/div>\n<p class=\"paragraph\">El proceso de privatizaci\u00f3n del <a href=\"https:\/\/www.infobae.com\/movant\/2026\/03\/31\/belgrano-cargas-proyecta-un-2026-con-equilibrio-financiero-y-foco-en-la-operacion\/\" target=\"_blank\" rel=\"noreferrer\" title=\"https:\/\/www.infobae.com\/movant\/2026\/03\/31\/belgrano-cargas-proyecta-un-2026-con-equilibrio-financiero-y-foco-en-la-operacion\/\"><i><b>Belgrano Cargas<\/b><\/i><\/a><b> <\/b>se acerca a su etapa final. El Gobierno tiene preparados los pliegos de licitaci\u00f3n y prev\u00e9 publicarlos el mes pr\u00f3ximo. La adjudicaci\u00f3n permitir\u00e1 que el ganador administre la operaci\u00f3n de los trenes de carga durante los pr\u00f3ximos 50 a\u00f1os.<\/p>\n<div class=\"ad_1 ad-wrapper dfpAd ad-1-al-6 ad-text ad-component-container\" style=\"--ad-shell-height:250px;--ad-shell-width:300px\" data-ad-wrapper=\"arcad\" data-ad-type=\"ad_1\" data-ad-slot=\"infobae\/politica\/nota\/ad_1\" data-ad-container=\"dfp\" data-ad-slot-name=\"infobae\/politica\/nota\/ad_1\">\n<p class=\"ad-shell-label\">PUBLICIDAD<\/p>\n<div id=\"infobae\/politica\/nota\/ad_1\" class=\"infobae\/politica\/nota\/ad_1 arcad ad-slot-node ad-slot-node--boxed\" data-ad-slot-id=\"infobae\/politica\/nota\/ad_1\"><\/div>\n<\/div>\n<p class=\"paragraph\">Grupo M\u00e9xico, a trav\u00e9s de su filial <b>Grupo M\u00e9xico Transportes (GMXT),<\/b> es el \u00fanico grupo extranjero que pretende quedarse con la concesi\u00f3n. La compa\u00f1\u00eda, que pertenece al segundo hombre m\u00e1s rico de M\u00e9xico, opera la red ferroviaria m\u00e1s extensa de M\u00e9xico, principalmente orientada al transporte de carga a trav\u00e9s de<b> Ferromex y Ferrosur<\/b>, y tambi\u00e9n gestiona el <b>Florida East Coast (FEC)<\/b> en Estados Unidos.<\/p>\n<p class=\"paragraph\">En el sector ferroviario internacional, trenes como los de Estados Unidos o M\u00e9xico recorren cerca de 600 kil\u00f3metros en nueve horas y transportan cargas mucho mayores en formaciones de hasta 150 vagones. En contraste, el tren que el Gobierno argentino planea privatizar tarda cuatro d\u00edas en completar el trayecto <b>Rosario-C\u00f3rdoba<\/b>, circula a menor velocidad y con menos capacidad de carga, lo que disminuye su eficiencia y eleva los costos. La licitaci\u00f3n tambi\u00e9n incluye las <b>l\u00edneas San Mart\u00edn y Urquiza<\/b>. <\/p>\n<div class=\"ad_2 ad-wrapper dfpAd ad-1-al-6 ad-text ad-component-container\" style=\"--ad-shell-height:250px;--ad-shell-width:300px\" data-ad-wrapper=\"arcad\" data-ad-type=\"ad_2\" data-ad-slot=\"infobae\/politica\/nota\/ad_2\" data-ad-container=\"dfp\" data-ad-slot-name=\"infobae\/politica\/nota\/ad_2\">\n<p class=\"ad-shell-label\">PUBLICIDAD<\/p>\n<div id=\"infobae\/politica\/nota\/ad_2\" class=\"infobae\/politica\/nota\/ad_2 arcad ad-slot-node ad-slot-node--boxed\" data-ad-slot-id=\"infobae\/politica\/nota\/ad_2\"><\/div>\n<\/div>\n<p class=\"paragraph\">El Belgrano Cargas es una de las principales l\u00edneas de carga del pa\u00eds, utilizada principalmente para el transporte de granos desde el <b>NOA <\/b>hacia los puertos del <b>Gran Rosario<\/b>. A pesar de algunas inversiones recientes, su nivel de eficiencia dista mucho del que presentan los sistemas ferroviarios de pa\u00edses que han destinado mayores recursos al sector en las \u00faltimas d\u00e9cadas.<\/p>\n<p class=\"paragraph\">El modelo mexicano es un referente para el plan de Grupo M\u00e9xico en Argentina. Tras la privatizaci\u00f3n en la d\u00e9cada del noventa, el sistema ferroviario de M\u00e9xico logr\u00f3 revertir su deterioro y alcanzar est\u00e1ndares similares a los de Estados Unidos. Grupo M\u00e9xico plantea invertir <b>USD 3.000 millones en cinco a\u00f1os <\/b>y aplicar el mismo esquema utilizado en M\u00e9xico y en Florida.<\/p>\n<div class=\"ad_3 ad-wrapper dfpAd ad-1-al-6 ad-text ad-component-container\" style=\"--ad-shell-height:250px;--ad-shell-width:300px\" data-ad-wrapper=\"arcad\" data-ad-type=\"ad_3\" data-ad-slot=\"infobae\/politica\/nota\/ad_3\" data-ad-container=\"dfp\" data-ad-slot-name=\"infobae\/politica\/nota\/ad_3\">\n<p class=\"ad-shell-label\">PUBLICIDAD<\/p>\n<div id=\"infobae\/politica\/nota\/ad_3\" class=\"infobae\/politica\/nota\/ad_3 arcad ad-slot-node ad-slot-node--boxed\" data-ad-slot-id=\"infobae\/politica\/nota\/ad_3\"><\/div>\n<\/div>\n<p class=\"paragraph\">En la competencia por la concesi\u00f3n tambi\u00e9n participa un consorcio de empresas cerealeras integrado por <b>ACA, AGD, Bunge, Cargill, Dreyfus y posiblemente COFCO<\/b>, con especial inter\u00e9s en el corredor agr\u00edcola, que cuenta con la mejor infraestructura.<\/p>\n<p class=\"paragraph\">El Gobierno prev\u00e9 transferir la operaci\u00f3n a manos privadas a mediados de a\u00f1o bajo un modelo de<b> \u201copen access\u201d<\/b>. Este esquema contempla la licitaci\u00f3n de la infraestructura ferroviaria, permitiendo que la operaci\u00f3n (material rodante, v\u00edas y talleres) pueda estar a cargo de una o varias empresas, seg\u00fan cada negocio y l\u00ednea, en un marco flexible impulsado desde el Ejecutivo.<\/p>\n<div class=\"ad_4 ad-wrapper dfpAd ad-1-al-6 ad-text ad-component-container\" style=\"--ad-shell-height:250px;--ad-shell-width:300px\" data-ad-wrapper=\"arcad\" data-ad-type=\"ad_4\" data-ad-slot=\"infobae\/politica\/nota\/ad_4\" data-ad-container=\"dfp\" data-ad-slot-name=\"infobae\/politica\/nota\/ad_4\">\n<p class=\"ad-shell-label\">PUBLICIDAD<\/p>\n<div id=\"infobae\/politica\/nota\/ad_4\" class=\"infobae\/politica\/nota\/ad_4 arcad ad-slot-node ad-slot-node--boxed\" data-ad-slot-id=\"infobae\/politica\/nota\/ad_4\"><\/div>\n<\/div>\n<div id=\"fusion-static-enter:raw_html_raw_html14\" style=\"display:none\" data-fusion-component=\"raw_html_raw_html14\"><\/div>\n<div class=\"rawHTML raw_html \"><iframe loading=\"lazy\" src=\"https:\/\/drive.google.com\/file\/d\/1yX9rMOd52kaqgSE1hG2eBNBtOKGxgFDH\/preview\" width=\"100%\" height=\"480\"><\/iframe><\/div>\n<div id=\"fusion-static-exit:raw_html_raw_html14\" style=\"display:none\" data-fusion-component=\"raw_html_raw_html14\"><\/div>\n","protected":false},"excerpt":{"rendered":"<p>As\u00ed lo orden\u00f3 el Gobierno mediante un decreto en Bolet\u00edn Oficial. Los recursos obtenidos ser\u00e1n asignados a un fideicomiso para financiar obras<\/p>\n","protected":false},"author":1,"featured_media":8323,"comment_status":"open","ping_status":"open","sticky":false,"template":"","format":"standard","meta":{"footnotes":""},"categories":[1],"tags":[],"class_list":["post-8321","post","type-post","status-publish","format-standard","has-post-thumbnail","hentry","category-uncategorized"],"_links":{"self":[{"href":"https:\/\/cliente1.publisher.highstack.com.ar\/index.php?rest_route=\/wp\/v2\/posts\/8321","targetHints":{"allow":["GET"]}}],"collection":[{"href":"https:\/\/cliente1.publisher.highstack.com.ar\/index.php?rest_route=\/wp\/v2\/posts"}],"about":[{"href":"https:\/\/cliente1.publisher.highstack.com.ar\/index.php?rest_route=\/wp\/v2\/types\/post"}],"author":[{"embeddable":true,"href":"https:\/\/cliente1.publisher.highstack.com.ar\/index.php?rest_route=\/wp\/v2\/users\/1"}],"replies":[{"embeddable":true,"href":"https:\/\/cliente1.publisher.highstack.com.ar\/index.php?rest_route=%2Fwp%2Fv2%2Fcomments&post=8321"}],"version-history":[{"count":1,"href":"https:\/\/cliente1.publisher.highstack.com.ar\/index.php?rest_route=\/wp\/v2\/posts\/8321\/revisions"}],"predecessor-version":[{"id":8322,"href":"https:\/\/cliente1.publisher.highstack.com.ar\/index.php?rest_route=\/wp\/v2\/posts\/8321\/revisions\/8322"}],"wp:featuredmedia":[{"embeddable":true,"href":"https:\/\/cliente1.publisher.highstack.com.ar\/index.php?rest_route=\/wp\/v2\/media\/8323"}],"wp:attachment":[{"href":"https:\/\/cliente1.publisher.highstack.com.ar\/index.php?rest_route=%2Fwp%2Fv2%2Fmedia&parent=8321"}],"wp:term":[{"taxonomy":"category","embeddable":true,"href":"https:\/\/cliente1.publisher.highstack.com.ar\/index.php?rest_route=%2Fwp%2Fv2%2Fcategories&post=8321"},{"taxonomy":"post_tag","embeddable":true,"href":"https:\/\/cliente1.publisher.highstack.com.ar\/index.php?rest_route=%2Fwp%2Fv2%2Ftags&post=8321"}],"curies":[{"name":"wp","href":"https:\/\/api.w.org\/{rel}","templated":true}]}}