{"id":8314,"date":"2026-04-28T04:32:17","date_gmt":"2026-04-28T07:32:17","guid":{"rendered":"https:\/\/cliente1.publisher.highstack.com.ar\/?p=8314"},"modified":"2026-04-28T04:32:17","modified_gmt":"2026-04-28T07:32:17","slug":"atacaron-un-colectivo-que-viajaba-a-parana-en-santa-fe-dos-mujeres-sufrieron-lesiones","status":"publish","type":"post","link":"https:\/\/cliente1.publisher.highstack.com.ar\/?p=8314","title":{"rendered":"Atacaron un colectivo que viajaba a Paran\u00e1 en Santa Fe: dos mujeres sufrieron lesiones"},"content":{"rendered":"<p><\/p>\n<div>\n<p>Un <b>colectivo<\/b> de larga distancia que se dirig\u00eda hacia Paran\u00e1 fue atacado a pedradas el s\u00e1bado por la noche en la ciudad de Santa Fe, en un nuevo hecho de violencia registrado sobre el corredor de Circunvalaci\u00f3n Oeste. Como consecuencia de la agresi\u00f3n, dos pasajeras resultaron heridas. <\/p>\n<p><!-- is a <br \/>--><\/p>\n<p>\u00a0<\/p>\n<p><!-- is a <br \/>--><\/p>\n<p>El episodio ocurri\u00f3 alrededor de las 19.40, cuando una unidad de la empresa Flecha Bus detuvo su marcha en la intersecci\u00f3n de Circunvalaci\u00f3n y calle Mendoza. El servicio cubr\u00eda el trayecto entre Buenos Aires y distintas localidades entrerrianas. <\/p>\n<p><!-- is a <br \/>--><\/p>\n<p>\u00a0<\/p>\n<p><!-- is a <br \/>--><\/p>\n<p>De acuerdo con las primeras actuaciones, el conductor inform\u00f3 a la Polic\u00eda que el ataque se hab\u00eda producido instantes antes, mientras circulaba en sentido norte-sur. <\/p>\n<p><!-- is a <br \/>--><\/p>\n<p>\u00a0<\/p>\n<p><!-- is a <br \/>--><\/p>\n<p><!-- is a object --><br \/>\n<!-- embed start --><!-- embed end --><br \/>\n<!-- end object --><\/p>\n<p>\u00a0<\/p>\n<p><!-- is a <br \/>--><\/p>\n<p><!-- is a object --><\/p>\n<h2><b>C\u00f3mo ocurri\u00f3 el ataque<\/b><\/h2>\n<p><!-- end object --><\/p>\n<p>\u00a0<\/p>\n<p><!-- is a <br \/>--><\/p>\n<p>Seg\u00fan relat\u00f3 el chofer ante los efectivos intervinientes, la unidad habr\u00eda recibido varios impactos de piedras a unos 500 metros del lugar donde finalmente se detuvo para pedir asistencia. <\/p>\n<p><!-- is a <br \/>--><\/p>\n<p>\u00a0<\/p>\n<p><!-- is a <br \/>--><\/p>\n<p>Los proyectiles da\u00f1aron parte del veh\u00edculo y provocaron lesiones a dos mujeres mayores de edad que viajaban como pasajeras. Ambas tienen domicilio en Paran\u00e1, seg\u00fan inform\u00f3 <i>El Litoral<\/i>. <\/p>\n<p><!-- is a <br \/>--><\/p>\n<p>\u00a0<\/p>\n<p><!-- is a <br \/>--><\/p>\n<p><!-- is a object --><br \/>\n<!-- embed start --><!-- embed end --><br \/>\n<!-- end object --><\/p>\n<p>\u00a0<\/p>\n<p><!-- is a <br \/>--><\/p>\n<p>Tras el aviso, personal policial solicit\u00f3 asistencia m\u00e9dica y dio intervenci\u00f3n a la central de emergencias de la zona sur de la capital santafesina. <\/p>\n<p><!-- is a <br \/>--><\/p>\n<p>\u00a0<\/p>\n<p><!-- is a <br \/>--><\/p>\n<p><!-- is a object --><\/p>\n<h2><b>Estado de las pasajeras heridas<\/b><\/h2>\n<p><!-- end object --><\/p>\n<p>\u00a0<\/p>\n<p><!-- is a <br \/>--><\/p>\n<p>Minutos despu\u00e9s, cerca de las 20.30, lleg\u00f3 una ambulancia del sistema 107, cuyos profesionales atendieron a las dos mujeres en el lugar del hecho. <\/p>\n<p><!-- is a <br \/>--><\/p>\n<p>\u00a0<\/p>\n<p><!-- is a <br \/>--><\/p>\n<p>Las lesiones, en principio, fueron calificadas como leves. Sin embargo, pese a la recomendaci\u00f3n de ser evaluadas en un centro de salud, ambas decidieron no ser trasladadas y continuar viaje hacia Paran\u00e1 para atenderse por sus propios medios. <\/p>\n<p><!-- is a <br \/>--><\/p>\n<p>\u00a0<\/p>\n<p><!-- is a <br \/>--><\/p>\n<p><!-- is a object --><br \/>\n<!-- embed start --><!-- embed end --><br \/>\n<!-- end object --><\/p>\n<p>\u00a0<\/p>\n<p><!-- is a <br \/>--><\/p>\n<p>Esa decisi\u00f3n permiti\u00f3 que la unidad retomara su recorrido poco despu\u00e9s de las 20.40. <\/p>\n<p><!-- is a <br \/>--><\/p>\n<p>\u00a0<\/p>\n<p><!-- is a <br \/>--><\/p>\n<p>Fuentes vinculadas a la investigaci\u00f3n indicaron que las actuaciones de rigor quedaron a cargo de la dependencia policial correspondiente, donde se avanzar\u00e1 con la recolecci\u00f3n de testimonios y otras medidas.<\/p>\n<\/p><\/div>\n","protected":false},"excerpt":{"rendered":"<p>Un colectivo de larga distancia que se dirig\u00eda hacia Paran\u00e1 fue atacado a pedradas el s\u00e1bado por la noche en la ciudad de Santa Fe, en un nuevo hecho de violencia registrado sobre el corredor de Circunvalaci\u00f3n Oeste. Como consecuencia de la agresi\u00f3n, dos pasajeras resultaron heridas. \u00a0 El episodio ocurri\u00f3 alrededor de las 19.40, [&hellip;]<\/p>\n","protected":false},"author":1,"featured_media":8315,"comment_status":"open","ping_status":"open","sticky":false,"template":"","format":"standard","meta":{"footnotes":""},"categories":[1],"tags":[],"class_list":["post-8314","post","type-post","status-publish","format-standard","has-post-thumbnail","hentry","category-uncategorized"],"_links":{"self":[{"href":"https:\/\/cliente1.publisher.highstack.com.ar\/index.php?rest_route=\/wp\/v2\/posts\/8314","targetHints":{"allow":["GET"]}}],"collection":[{"href":"https:\/\/cliente1.publisher.highstack.com.ar\/index.php?rest_route=\/wp\/v2\/posts"}],"about":[{"href":"https:\/\/cliente1.publisher.highstack.com.ar\/index.php?rest_route=\/wp\/v2\/types\/post"}],"author":[{"embeddable":true,"href":"https:\/\/cliente1.publisher.highstack.com.ar\/index.php?rest_route=\/wp\/v2\/users\/1"}],"replies":[{"embeddable":true,"href":"https:\/\/cliente1.publisher.highstack.com.ar\/index.php?rest_route=%2Fwp%2Fv2%2Fcomments&post=8314"}],"version-history":[{"count":0,"href":"https:\/\/cliente1.publisher.highstack.com.ar\/index.php?rest_route=\/wp\/v2\/posts\/8314\/revisions"}],"wp:featuredmedia":[{"embeddable":true,"href":"https:\/\/cliente1.publisher.highstack.com.ar\/index.php?rest_route=\/wp\/v2\/media\/8315"}],"wp:attachment":[{"href":"https:\/\/cliente1.publisher.highstack.com.ar\/index.php?rest_route=%2Fwp%2Fv2%2Fmedia&parent=8314"}],"wp:term":[{"taxonomy":"category","embeddable":true,"href":"https:\/\/cliente1.publisher.highstack.com.ar\/index.php?rest_route=%2Fwp%2Fv2%2Fcategories&post=8314"},{"taxonomy":"post_tag","embeddable":true,"href":"https:\/\/cliente1.publisher.highstack.com.ar\/index.php?rest_route=%2Fwp%2Fv2%2Ftags&post=8314"}],"curies":[{"name":"wp","href":"https:\/\/api.w.org\/{rel}","templated":true}]}}