{"id":8312,"date":"2026-04-28T03:50:34","date_gmt":"2026-04-28T06:50:34","guid":{"rendered":"https:\/\/cliente1.publisher.highstack.com.ar\/?p=8312"},"modified":"2026-04-28T03:50:34","modified_gmt":"2026-04-28T06:50:34","slug":"analisis-no-es-el-periodismo-es-la-economia","status":"publish","type":"post","link":"https:\/\/cliente1.publisher.highstack.com.ar\/?p=8312","title":{"rendered":"An\u00e1lisis. No es el periodismo. Es la econom\u00eda"},"content":{"rendered":"<section id=\"cuerpo__nota\" class=\"cuerpo__nota\">\n<div class=\"row\">\n<div class=\"col-12 col-desksm-1\">\n<div class=\"mod-share-container --no-app py-12 mb-16 mb-0_l sticky float-l_l z-101 transition transition-all transition-duration-250 top-73_min1024\">\n<div class=\"mod-share flex flex-column mb-0 p-0_l gap-24\"><button class=\"button ln-button font-bold border border-thin rounded-4 gap-8 border-all  border-neutral-light-800 bg-secondary__hover text-neutral-light-800 px-12 h-40 l-none --secondary\" title=\"Seguir a LA NACION en Google\" type=\"button\" data-section=\"CompartirNotaLN\" data-event=\"LinkClick\" data-variant=\"secondary\" style=\"border-color:var(--neutral-light-100);gap:4px\"><span class=\"text tracking-none text-14 text-neutral-light-900\" style=\"text-transform:none;font-weight:400\">Seguir en<\/span><i class=\"icon --inherit\" style=\"width:26px;height:26px\"><svg width=\"24\" height=\"24\" viewbox=\"0 0 24 24\" fill=\"currentColor\"><use href=\"http:\/\/www.lanacion.com.ar\/pf\/resources\/images\/la-nacion-ar-sprite-color.svg?d=1998#googleColor\"><\/use><\/svg><\/i><\/button><\/div>\n<\/div>\n<\/div>\n<div class=\"col-deskxl-10 offset-deskxl-1 col-desksm-11\">\n<div class=\"row\">\n<div class=\"col-12\">\n<p class=\"com-paragraph  --capital --s\">Si lo miramos desde su llegada, el Gobierno tiene una historia <strong>ciclot\u00edmica<\/strong>. Su relaci\u00f3n con el electorado, con la opini\u00f3n p\u00fablica, y la imagen que la sociedad se va formando de \u00e9l, es muy cambiante: <strong>hay momentos de picos de enamoramiento o de adhesi\u00f3n y valles de rechazo, de desencanto. <\/strong>Como una especie de monta\u00f1a rusa.<\/p>\n<p class=\"com-paragraph   --s\">Hoy tenemos un dato relevante: es un nuevo<strong> \u00cdndice de Confianza en el Gobierno<\/strong>, que elabora la <strong>Universidad Torcuato Di Tella (UTDT)<\/strong>, que habla de una ca\u00edda muy brusca. Importa tener en cuenta la trayectoria para entender que pueden ser fen\u00f3menos transitorios. Por ejemplo, a mediados de 2024, despu\u00e9s de la sanci\u00f3n de la <strong>Ley Bases<\/strong>, el Gobierno tuvo un pico de popularidad y de aceptaci\u00f3n muy importante. Podemos recordar lo que pas\u00f3 a mediados del a\u00f1o pasado, antes de las elecciones de la provincia de Buenos Aires, en agosto, septiembre, cuando tuvo una gran ca\u00edda.<\/p>\n<div id=\"fusion-static-enter:scriptJwVideoNote\" style=\"display:none\" data-fusion-component=\"scriptJwVideoNote\"><\/div>\n<p><script defer src=\"https:\/\/www.lanacion.com.ar\/pf\/resources\/js\/LN\/scriptJwVideoNote.min.js?d=1998\"><\/script><\/p>\n<div id=\"fusion-static-exit:scriptJwVideoNote\" style=\"display:none\" data-fusion-component=\"scriptJwVideoNote\"><\/div>\n<div id=\"fusion-static-enter:plyOO2xJ\" style=\"display:none\" data-fusion-component=\"plyOO2xJ\"><\/div>\n<div class=\"content-media cursor-pointer container-center-100\">\n<section class=\"media-container relative ratio-16-9 mod-media pb-32\">\n<figure class=\"mod-video\">\n<div class=\"video-player bg-black ratio-16-9\" data-has-jwplayer=\"true\" data-video-id-jw=\"plyOO2xJ\" data-config='{\"title\":\"No es el periodismo. Es la Econom\u00eda. El editorial de Carlos Pagni en Odisea Argentina (27\/04)\",\"mediaId\":\"plyOO2xJ\",\"playerId\":\"ih0086X3\",\"playlist\":[{\"mediaid\":\"plyOO2xJ\",\"sources\":[{\"file\":\"https:\/\/cdn.jwplayer.com\/manifests\/plyOO2xJ.m3u8\",\"type\":\"application\/vnd.apple.mpegurl\"},{\"bitrate\":358610,\"file\":\"\"filesize\":101576425,\"framerate\":30,\"height\":180,\"label\":\"180p\",\"type\":\"video\/mp4\",\"width\":320},{\"bitrate\":526665,\"file\":\"https:\/\/cdn.jwplayer.com\/videos\/plyOO2xJ-K8B0kybS.mp4\",\"filesize\":149178076,\"framerate\":30,\"height\":270,\"label\":\"270p\",\"type\":\"video\/mp4\",\"width\":480},{\"bitrate\":1263920,\"file\":\"https:\/\/cdn.jwplayer.com\/videos\/plyOO2xJ-46NIuRKO.mp4\",\"filesize\":358005609,\"framerate\":30,\"height\":720,\"label\":\"720p\",\"type\":\"video\/mp4\",\"width\":1280},{\"bitrate\":113386,\"file\":\"https:\/\/cdn.jwplayer.com\/videos\/plyOO2xJ-hz5z2Tv4.m4a\",\"filesize\":32116780,\"label\":\"AAC Audio\",\"type\":\"audio\/mp4\"},{\"bitrate\":551661,\"file\":\"https:\/\/cdn.jwplayer.com\/videos\/plyOO2xJ-FnZGUVnC.mp4\",\"filesize\":156258122,\"framerate\":30,\"height\":360,\"label\":\"360p\",\"type\":\"video\/mp4\",\"width\":640},{\"bitrate\":859385,\"file\":\"https:\/\/cdn.jwplayer.com\/videos\/plyOO2xJ-0G6Pwvlw.mp4\",\"filesize\":243420960,\"framerate\":30,\"height\":540,\"label\":\"540p\",\"type\":\"video\/mp4\",\"width\":960}]}],\"hasAutoplay\":false,\"autostart\":true,\"tagsUrl\":\"https:\/\/pubads.g.doubleclick.net\/gampad\/ads?slotname=\/133919216\/la_nacion_video\/nota\/preroll&amp;sz=640x480|400x300&amp;ciu_szs=300x250&amp;unviewed_position_start=1&amp;output=vast&amp;impl=s&amp;env=vp&amp;gdfp_req=1&amp;ad_rule=0&amp;vad_type=linear&amp;vpos=preroll&amp;cust_params=tags_nuevos%3Dte_javier_milei%2Cca_politica%2Cca_ln_%2Cau_carlos_pagni%2CHXQZPF23CRD7FIHOIWQJDFB3KM&amp;pod=3&amp;ppos=1&amp;lip=true&amp;min_ad_duration=0&amp;max_ad_duration=30000&amp;vrid=6256&amp;url=https%3A%2F%2Fwww.lanacion.com.ar%2Fpolitica%2Fno-es-el-periodismo-es-la-economia-nid28042026%2F%3Fvariant%3DA&amp;description_url=https%3A%2F%2Fwww.lanacion.com.ar%2Fpolitica%2Fno-es-el-periodismo-es-la-economia-nid28042026%2F%3Fvariant%3DA&amp;video_doc_id=short_onecue&amp;cmsid=496&amp;kfa=0&amp;tfcd=0&amp;correlator=1777358415679\",\"arcSite\":\"la-nacion-ar\",\"duration\":\"2266000\"}'>\n<div id=\"facade-plyOO2xJ\" class=\"content-facade-jw relative bg-black ratio-16-9\">\n<div id=\"button-play\" class=\"absolute flex w-100 h-100 jc-center ai-center z-15\"><svg width=\"64\" height=\"64\" viewbox=\"0 0 64 64\" fill=\"none\" xmlns=\"http:\/\/www.w3.org\/2000\/svg\" class=\"relative z-15\"><g opacity=\"0.65\"><rect width=\"64\" height=\"64\" rx=\"32\" fill=\"#1C1C1F\"><\/rect><path d=\"M41.8347 32.5547L27.7027 41.976C27.6023 42.0428 27.4857 42.0811 27.3652 42.0869C27.2448 42.0927 27.125 42.0656 27.0187 42.0087C26.9124 41.9518 26.8235 41.8671 26.7615 41.7637C26.6995 41.6602 26.6667 41.5419 26.6667 41.4213V22.5787C26.6667 22.4581 26.6995 22.3398 26.7615 22.2363C26.8235 22.1329 26.9124 22.0482 27.0187 21.9913C27.125 21.9344 27.2448 21.9074 27.3652 21.9131C27.4857 21.9189 27.6023 21.9572 27.7027 22.024L41.8347 31.4453C41.926 31.5062 42.0009 31.5887 42.0526 31.6855C42.1044 31.7822 42.1315 31.8903 42.1315 32C42.1315 32.1098 42.1044 32.2178 42.0526 32.3146C42.0009 32.4113 41.926 32.4938 41.8347 32.5547V32.5547Z\" fill=\"#FEFEFE\"><\/path><\/g><\/svg><\/div>\n<picture><source media=\"(max-width: 767px)\" srcset=\"https:\/\/resizer.glanacion.com\/resizer\/v2\/https%3A%2F%2Fcdn.jwplayer.com%2Fv2%2Fmedia%2FplyOO2xJ%2Fposter.jpg%3Fwidth%3D720?auth=c249fd22147029c348d021c752891cc96ff0db5c01d615fbac00f6dbf018d9de&amp;width=480&amp;quality=70&amp;smart=false\"><\/source><img class=\"image com-image flex --cover\" decoding=\"async\" fetchpriority=\"low\" loading=\"lazy\" src=\"https:\/\/resizer.glanacion.com\/resizer\/v2\/https%3A%2F%2Fcdn.jwplayer.com%2Fv2%2Fmedia%2FplyOO2xJ%2Fposter.jpg%3Fwidth%3D720?auth=c249fd22147029c348d021c752891cc96ff0db5c01d615fbac00f6dbf018d9de&amp;width=720&amp;quality=70&amp;smart=false\" alt=\"No es el periodismo. Es la Econom\u00eda. El editorial de Carlos Pagni en Odisea Argentina (27\/04)\"><\/picture><\/div>\n<div id=\"plyOO2xJ\"><\/div>\n<\/div><figcaption class=\"border border-1 border-bottom border-light-300 relative px-16 py-8 min-h-36 w-100_md px-0_l mb-8 bg-white\"><span class=\"text ln-text text-16 block\">No es el periodismo. Es la Econom\u00eda. El editorial de Carlos Pagni en Odisea Argentina (27\/04)<\/span><\/figcaption><\/figure>\n<p><script type=\"application\/ld+json\">{\n  \"@context\": \"\n  \"@type\": \"VideoObject\",\n  \"name\": \"LA NACION - Noticia\",\n  \"description\": \"Video publicado el 28\/04\/2026 por LA NACION\",\n  \"thumbnailUrl\": [\n    \"\n  ],\n  \"uploadDate\": \"2026-04-28T01:45:35Z\",\n  \"embedUrl\": \"\n  \"duration\": \"PT37M46S\"\n}<\/script><\/section>\n<\/div>\n<div id=\"fusion-static-exit:plyOO2xJ\" style=\"display:none\" data-fusion-component=\"plyOO2xJ\"><\/div>\n<p class=\"com-paragraph   --s\">Una vez que gan\u00f3 las elecciones de octubre, logr\u00f3 aprobar el presupuesto, la reforma laboral, la ley de inocencia fiscal y de nuevo alcanz\u00f3 un \u00edndice de gran consideraci\u00f3n popular, del que despu\u00e9s se derrumb\u00f3 y se sigue derrumbando. El<strong> <\/strong>\u00cdndice de Confianza en el Gobierno de la Di Tella que conocimos este lunes es de <strong>2,02<\/strong>. Es un \u00edndice de confianza que va de 0 a 5. En t\u00e9rminos porcentuales, respecto de la situaci\u00f3n del mes pasado, disminuy\u00f3<strong> 12,1%<\/strong>. Es una ca\u00edda muy importante, que tiene impactada a la Casa Rosada y tambi\u00e9n a gente que conf\u00eda mucho en el oficialismo, que cree que todo anda bien, y para la cual esto representa un toque de atenci\u00f3n.<\/p>\n<div class=\"content-media\">\n<section role=\"button\" class=\"mod-media   \">\n<figure role=\"button\" tabindex=\"0\" class=\"mod-figure \">\n<div class=\"placeholder \">\n<div class=\"com-image\"><picture><source media=\"(min-width: 768px)\" srcset=\"https:\/\/resizer.glanacion.com\/resizer\/v2\/disminuyo-el-indice-de-confianza-en-el-XFM4QYY5CBGO7JK3KEQEHXZ7KU.jpeg?auth=2e59a34124b9fe6afad387eb8a98c5f3c1851b78642c28e421aa62ef29b0d1c0&amp;width=780&amp;height=564&amp;quality=70&amp;smart=true\"><\/source><img class=\"image com-image flex --cover\" decoding=\"async\" fetchpriority=\"low\" loading=\"lazy\" src=\"https:\/\/resizer.glanacion.com\/resizer\/v2\/disminuyo-el-indice-de-confianza-en-el-XFM4QYY5CBGO7JK3KEQEHXZ7KU.jpeg?auth=2e59a34124b9fe6afad387eb8a98c5f3c1851b78642c28e421aa62ef29b0d1c0&amp;width=420&amp;height=303&amp;quality=70&amp;smart=true\" width=\"1600\" alt=\"Disminuy\u00f3 el \u00cdndice de Confianza en el Gobierno\" height=\"1156\"><\/picture><\/div>\n<\/div><figcaption class=\"mod-figcaption\"><span class=\"com-text --caption --twoxs\">Disminuy\u00f3 el \u00cdndice de Confianza en el Gobierno<\/span><\/figcaption><\/figure>\n<\/section>\n<\/div>\n<p class=\"com-paragraph   --s\">\u00bfPor qu\u00e9 es importante ponerlo en perspectiva? Porque en septiembre del a\u00f1o pasado hab\u00eda estado no en <strong>2,02 sino en 1,9. <\/strong>Es decir, hab\u00eda estado todav\u00eda por debajo de este \u00edndice. Esto implica que no es el peor \u00edndice de toda la historia del Gobierno. Tambi\u00e9n, en agosto del 2025, antes del cheque de <strong>Scott Bessent<\/strong>, en las v\u00edsperas de las elecciones bonaerenses, la ca\u00edda no hab\u00eda sido del 12% como ahora, sino del 13%. Y el oficialismo, despu\u00e9s de eso, se recuper\u00f3. Lo que hay que preguntarse es si esto es una ca\u00edda que va a seguir pronunci\u00e1ndose o si se va a poder recuperar.<\/p>\n<div class=\"content-media\">\n<section role=\"button\" class=\"mod-media   \">\n<figure role=\"button\" tabindex=\"0\" class=\"mod-figure \">\n<div class=\"placeholder \">\n<div class=\"com-image\"><picture><source media=\"(min-width: 768px)\" srcset=\"https:\/\/resizer.glanacion.com\/resizer\/v2\/indice-de-confianza-en-el-RI75JSXUWNECPPNWWVBYGZ67MA.jpeg?auth=537ff67652476d2487853545ad507bfdbf30e3dd4eccc7479f712fc65ef46fd8&amp;width=780&amp;height=373&amp;quality=70&amp;smart=true\"><\/source><img class=\"image com-image flex --cover\" decoding=\"async\" fetchpriority=\"low\" loading=\"lazy\" src=\"https:\/\/resizer.glanacion.com\/resizer\/v2\/indice-de-confianza-en-el-RI75JSXUWNECPPNWWVBYGZ67MA.jpeg?auth=537ff67652476d2487853545ad507bfdbf30e3dd4eccc7479f712fc65ef46fd8&amp;width=420&amp;height=201&amp;quality=70&amp;smart=true\" width=\"1271\" alt=\"\u00cdndice de Confianza en el Gobierno\" height=\"608\"><\/picture><\/div>\n<\/div><figcaption class=\"mod-figcaption\"><span class=\"com-text --caption --twoxs\">\u00cdndice de Confianza en el Gobierno<\/span><\/figcaption><\/figure>\n<\/section>\n<\/div>\n<p class=\"com-paragraph   --s\">Por otra lado, hay un gr\u00e1fico de <strong>Fernando Marull<\/strong>, que toma siempre en comparaci\u00f3n el \u00cdndice de Confianza en el Gobierno y lo que saca el oficialismo en las elecciones. Hay una especie de correlaci\u00f3n misteriosa entre el \u00edndice de confianza del gobierno de la Universidad Torcuato Di Tella y el porcentaje que sacan los oficialismos desde siempre.<\/p>\n<div class=\"content-media\">\n<section role=\"button\" class=\"mod-media   \">\n<figure role=\"button\" tabindex=\"0\" class=\"mod-figure \">\n<div class=\"placeholder \">\n<div class=\"com-image\"><picture><source media=\"(min-width: 768px)\" srcset=\"https:\/\/resizer.glanacion.com\/resizer\/v2\/confianza-de-gobierno-de-utdt-y-resultado-de-PSZJWGCZAVDYPIT3NQEVYZAOB4.jpeg?auth=97b1660ab7ccaf89004cb907680f8c30b5322986604e683c948608399627b7e7&amp;width=780&amp;height=479&amp;quality=70&amp;smart=true\"><\/source><img class=\"image com-image flex --cover\" decoding=\"async\" fetchpriority=\"low\" loading=\"lazy\" src=\"https:\/\/resizer.glanacion.com\/resizer\/v2\/confianza-de-gobierno-de-utdt-y-resultado-de-PSZJWGCZAVDYPIT3NQEVYZAOB4.jpeg?auth=97b1660ab7ccaf89004cb907680f8c30b5322986604e683c948608399627b7e7&amp;width=420&amp;height=258&amp;quality=70&amp;smart=true\" width=\"1154\" alt=\"Confianza de Gobierno de UTDT y resultado de elecciones\" height=\"708\"><\/picture><\/div>\n<\/div><figcaption class=\"mod-figcaption\"><span class=\"com-text --caption --twoxs\">Confianza de Gobierno de UTDT y resultado de elecciones<\/span><\/figcaption><\/figure>\n<\/section>\n<\/div>\n<p class=\"com-paragraph   --s\">Por ejemplo, si miramos las \u00faltimas elecciones de octubre y convertimos de 0 a 100 ese \u00edndice que va de 0 a 5, el \u00edndice estaba en 42%, que es lo que sac\u00f3 el Gobierno en las urnas. De aqu\u00ed, deduce Marull y deducimos nosotros, siguiendo esta correlaci\u00f3n, <strong>hoy el Gobierno sacar\u00eda 40% de los votos, <\/strong>seg\u00fan esta ca\u00edda, o a ra\u00edz de esta ca\u00edda del 12% de abril. <\/p>\n<p class=\"com-paragraph   --s\">Ahora bien, esto coincide con otras mediciones. El encuestador y soci\u00f3logo <strong>Hugo Haime<\/strong> hizo su estudio mensual de abril, que le dio un <strong>34% de aprobaci\u00f3n para la gesti\u00f3n de Milei. <\/strong>En esta medici\u00f3n de Haime, si miramos todos los n\u00fameros desde que lleg\u00f3 Milei al poder en diciembre de 2023, es la situaci\u00f3n m\u00e1s baja.<strong> Perfor\u00f3 su piso, que hab\u00eda sido de 37% en marzo y en septiembre<\/strong>, cuando perdi\u00f3 las elecciones bonaerenses. Hoy est\u00e1 en 34%, su peor situaci\u00f3n en toda la trayectoria. Mientras que sube la desaprobaci\u00f3n, el rechazo hoy lo tenemos en 63%. Tambi\u00e9n, en el caso del rechazo, es el valor m\u00e1s elevado. <strong>34% <\/strong>es el piso. <\/p>\n<div class=\"content-media\">\n<section role=\"button\" class=\"mod-media   \">\n<figure role=\"button\" tabindex=\"0\" class=\"mod-figure \">\n<div class=\"placeholder \">\n<div class=\"com-image\"><picture><source media=\"(min-width: 768px)\" srcset=\"https:\/\/resizer.glanacion.com\/resizer\/v2\/estudio-nacional-aprobaciondesaprobacion-de-las-BXJHNINFS5D5NJT7CGY3CWLR6U.jpeg?auth=984de52025e7938ba09ce086ff37db0cf12136e161c2a0873e5c545ce7ed20dc&amp;width=780&amp;height=540&amp;quality=70&amp;smart=true\"><\/source><img class=\"image com-image flex --cover\" decoding=\"async\" fetchpriority=\"low\" loading=\"lazy\" src=\"https:\/\/resizer.glanacion.com\/resizer\/v2\/estudio-nacional-aprobaciondesaprobacion-de-las-BXJHNINFS5D5NJT7CGY3CWLR6U.jpeg?auth=984de52025e7938ba09ce086ff37db0cf12136e161c2a0873e5c545ce7ed20dc&amp;width=420&amp;height=291&amp;quality=70&amp;smart=true\" width=\"1600\" alt=\"Estudio Nacional: Aprobaci\u00f3n\/desaprobaci\u00f3n de las gesti\u00f3n de Milei\" height=\"1108\"><\/picture><\/div>\n<\/div><figcaption class=\"mod-figcaption\"><span class=\"com-text --caption --twoxs\">Estudio Nacional: Aprobaci\u00f3n\/desaprobaci\u00f3n de las gesti\u00f3n de Milei<\/span><\/figcaption><\/figure>\n<\/section>\n<\/div>\n<p class=\"com-paragraph   --s\">Hay otra novedad: igual que el 34% que perfora el piso de aceptaci\u00f3n de Milei, hay un dato que aparece por primera vez en las mediciones de Haime. <strong>El grupo que dice que los problemas econ\u00f3micos del pa\u00eds se deben a la pol\u00edtica econ\u00f3mica de Milei es m\u00e1s grande que el de los que dicen que se debe al kirchnerismo. <\/strong>Es decir, la gente empieza, como pasa siempre en la segunda parte de los mandatos, a ver negativamente al gobierno. Cae la aceptaci\u00f3n y empieza a atribuir los problemas al oficialismo. Es como si hubiera un di\u00e1logo en el que el electorado le dice al Gobierno: \u201cPor tus m\u00e9ritos te premi\u00e9 con el triunfo de octubre del a\u00f1o pasado, pero ahora ya empiezo a pensar que los problemas son imputables a tu acci\u00f3n y no a la herencia recibida\u201d. Esto es lo que aparece en este gr\u00e1fico de Haime, por primera vez.<strong> Los que dicen que se debe a los dos por igual son el 26%.<\/strong> Esto es un cambio importante en la consideraci\u00f3n de responsabilidades del gobierno.<\/p>\n<div class=\"content-media\">\n<section role=\"button\" class=\"mod-media   \">\n<figure role=\"button\" tabindex=\"0\" class=\"mod-figure \">\n<div class=\"placeholder \">\n<div class=\"com-image\"><picture><source media=\"(min-width: 768px)\" srcset=\"https:\/\/resizer.glanacion.com\/resizer\/v2\/estudio-nacional-quien-es-el-principal-HT7272ZYWNA45FZAPQGRUYIOQY.jpeg?auth=42afd5573ae98ccbe3e75660ac7692a44e73680de9ecb0e53d8b5f4a4a654f24&amp;width=780&amp;height=541&amp;quality=70&amp;smart=true\"><\/source><img class=\"image com-image flex --cover\" decoding=\"async\" fetchpriority=\"low\" loading=\"lazy\" src=\"https:\/\/resizer.glanacion.com\/resizer\/v2\/estudio-nacional-quien-es-el-principal-HT7272ZYWNA45FZAPQGRUYIOQY.jpeg?auth=42afd5573ae98ccbe3e75660ac7692a44e73680de9ecb0e53d8b5f4a4a654f24&amp;width=420&amp;height=291&amp;quality=70&amp;smart=true\" width=\"1600\" alt=\"Estudio Nacional: \u00bfqui\u00e9n es el principal responsable de los problemas econ\u00f3micos?\" height=\"1110\"><\/picture><\/div>\n<\/div><figcaption class=\"mod-figcaption\"><span class=\"com-text --caption --twoxs\">Estudio Nacional: \u00bfqui\u00e9n es el principal responsable de los problemas econ\u00f3micos?<\/span><\/figcaption><\/figure>\n<\/section>\n<\/div>\n<p class=\"com-paragraph   --s\">\u00bfSe puede revertir este cuadro? Est\u00e1n los que dicen que s\u00ed, que se puede revertir porque los factores que lo est\u00e1n determinando son ocasionales. B\u00e1sicamente, el deterioro del ingreso y del salario real por una <strong>inflaci\u00f3n <\/strong>que fue muy alta en los \u00faltimos meses y que ahora va a empezar a descender porque fue alta por razones de la coyuntura. Entre ellas, el aumento en el precio de los combustibles, que habr\u00e1 que ver si se revierte o no \u2014hay que seguir mirando lo que pasa en Medio Oriente\u2014; el aumento en el precio de la carne; la devaluaci\u00f3n del a\u00f1o pasado. Todos esos son factores epis\u00f3dicos que van a permitir que en los pr\u00f3ximos meses la inflaci\u00f3n disminuya y el salario, en alguna medida, se recupere. Es una interpretaci\u00f3n. <\/p>\n<p class=\"com-paragraph   --s\">Hay otra interpretaci\u00f3n. Que si uno la pone bajo la lupa en serio, llevar\u00eda a pensar que este deterioro no es reversible. Y es la interpretaci\u00f3n que est\u00e1 dominando hoy al oficialismo, tanto a sus dirigentes como a su base, o a parte de su base. Esa lectura es que ac\u00e1 hay un problema no real, sino un problema de imagen. Hay una percepci\u00f3n negativa. No tiene que ver con c\u00f3mo el Gobierno est\u00e1 haciendo las cosas, tiene que ver con c\u00f3mo esas cosas se ven. Y esas cosas que el Gobierno hace bien se ven mal, por culpa de la prensa. Entonces, si la respuesta para este problema de ca\u00edda de imagen es <strong>cerrar la sala de periodistas de la Casa de Gobierno<\/strong>, muy probablemente hay muchas razones para pensar que el Gobierno se va a seguir derrumbando, porque va a tratar de aplicar una terapia que no es la correcta para la enfermedad que uno tender\u00eda a diagnosticar.<\/p>\n<div class=\"content-media\">\n<section role=\"button\" class=\"mod-media   \">\n<figure role=\"button\" tabindex=\"0\" class=\"mod-figure \">\n<div class=\"placeholder \">\n<div class=\"com-image\"><picture><source media=\"(min-width: 768px)\" srcset=\"https:\/\/resizer.glanacion.com\/resizer\/v2\/los-principales-problemas-del-MPKTDQT3DVDPRKXPBVT5XNBRDI.jpeg?auth=90706f53527fe472e98fdf45717a66d7751694ea212b9801a744ce187c6d7105&amp;width=780&amp;height=541&amp;quality=70&amp;smart=true\"><\/source><img class=\"image com-image flex --cover\" decoding=\"async\" fetchpriority=\"low\" loading=\"lazy\" src=\"https:\/\/resizer.glanacion.com\/resizer\/v2\/los-principales-problemas-del-MPKTDQT3DVDPRKXPBVT5XNBRDI.jpeg?auth=90706f53527fe472e98fdf45717a66d7751694ea212b9801a744ce187c6d7105&amp;width=420&amp;height=291&amp;quality=70&amp;smart=true\" width=\"1600\" alt=\"Los principales problemas del pa\u00eds\" height=\"1109\"><\/picture><\/div>\n<\/div><figcaption class=\"mod-figcaption\"><span class=\"com-text --caption --twoxs\">Los principales problemas del pa\u00eds<\/span><\/figcaption><\/figure>\n<\/section>\n<\/div>\n<p class=\"com-paragraph   --s\">Sigue habiendo un problema, del que venimos hablando eternamente: \u00bfesto se va a politizar? Esta ca\u00edda de imagen, esta ca\u00edda en la consideraci\u00f3n de la gente, este haber roto el piso del 37% y estar en 34% de aprobaci\u00f3n, <strong>\u00bfva a haber alguien que lo capitalice? <\/strong>\u00bfVa a haber alguien que tenga un relato, una narrativa capaz de movilizar al electorado detr\u00e1s de otra fuerza pol\u00edtica alrededor de este deterioro del Gobierno? Esta es la gran pregunta.<\/p>\n<p class=\"com-paragraph   --s\">Lo que vemos es que la <strong>oposici\u00f3n <\/strong>empieza a moverse.<strong> Mauricio Macri <\/strong>empieza a armar una fuerza alternativa. No sabemos con qu\u00e9 destino. Si esa fuerza alternativa termina anclado en una candidatura presidencial, \u00e9l est\u00e1 pensando en muchos candidatos; uno de ellos es <strong>Rogelio Frigerio<\/strong>, el gobernador de Entre R\u00edos. Otro candidato en el que piensa, aunque no lo diga o aunque ni lo diga en p\u00fablico, es \u00e9l mismo. Piensa tambi\u00e9n en empresarios: empieza a circular el nombre de <strong>Jorge Brito<\/strong>, expresidente de <strong>River Plate <\/strong>y accionista de <strong>Banco Macro<\/strong>.<strong> <\/strong>Brito est\u00e1 m\u00e1s ligado al peronismo, o a la idea de competir dentro del peronismo. Empieza a descongelarse la oposici\u00f3n.<\/p>\n<div class=\"content-media\">\n<section role=\"button\" class=\"mod-media   \">\n<figure role=\"button\" tabindex=\"0\" class=\"mod-figure \">\n<div class=\"placeholder \">\n<div class=\"com-image\"><picture><source media=\"(min-width: 768px)\" srcset=\"https:\/\/resizer.glanacion.com\/resizer\/v2\/el-expresidente-mauricio-macri-en-XOODCWJUMVGFDI5CYA7KXURMOU.jpg?auth=1ec29bc48978ac9e8ea0235772903cbb5a586404d42b9c0420644acd0dc4ee39&amp;width=780&amp;height=520&amp;quality=70&amp;smart=true\"><\/source><img class=\"image com-image flex --cover\" decoding=\"async\" fetchpriority=\"low\" loading=\"lazy\" src=\"https:\/\/resizer.glanacion.com\/resizer\/v2\/el-expresidente-mauricio-macri-en-XOODCWJUMVGFDI5CYA7KXURMOU.jpg?auth=1ec29bc48978ac9e8ea0235772903cbb5a586404d42b9c0420644acd0dc4ee39&amp;width=420&amp;height=280&amp;quality=70&amp;smart=true\" width=\"6240\" alt=\"El expresidente Mauricio Macri en Chaco\" height=\"4160\"><\/picture><\/div>\n<\/div><figcaption class=\"mod-figcaption\"><span class=\"com-text --caption --twoxs\">El expresidente Mauricio Macri en Chaco<\/span><span class=\"com-text --credit --twoxs\">Prensa Pro<\/span><\/figcaption><\/figure>\n<\/section>\n<\/div>\n<p class=\"com-paragraph   --s\">Por otra parte, un <strong>peronismo <\/strong>liderado por <strong>Juan Manuel Olmos, <\/strong>de la Capital Federal-, y por Victoria Tolosa Paz, de la provincia de Buenos Aires, va a presentar en p\u00fablico este 1 de mayo una propuesta de <strong>poskirchnerismo o de deskirchnerizaci\u00f3n<\/strong>, planteando una idea central: el peronismo debe revisar su discurso econ\u00f3mico, o, dicho de otra manera, debe aceptar que hay un consenso de la sociedad favorable a la estabilidad y a cierta racionalidad econ\u00f3mica que supone manejar bien las cuentas fiscales y no financiarse con emisi\u00f3n generadora de inflaci\u00f3n. Esta es una novedad. \u00bfQu\u00e9 alcance va a tener lo que empieza este 1\u00b0 de mayo en ese proceso de renovaci\u00f3n dentro del peronismo? Habr\u00e1 que ver. Pero empieza a descongelarse la pol\u00edtica y <strong>empieza a haber movimientos tratando de capturar este malestar de la gente en contra de Milei.<\/strong><\/p>\n<p class=\"com-paragraph   --s\">Sin embargo, hay un <strong>problema evidentemente econ\u00f3mico<\/strong>. \u00bfQu\u00e9 alcance tiene? \u00bfEs reversible? Eso lo veremos en los pr\u00f3ximos meses. Pero si uno mira, por ejemplo, los n\u00fameros en el <strong>patentamiento de autos<\/strong>, si mira abril contra abril del a\u00f1o pasado, la ca\u00edda es del 22%. Hay marcas que cayeron much\u00edsimo. El promedio es 22%. Si miramos el primer cuatrimestre de este a\u00f1o contra el primer cuatrimestre del a\u00f1o pasado, el patentamiento de autos \u2014que es un s\u00edntoma muy elocuente de la econom\u00eda y afecta a un sector que genera mucho empleo\u2014 fue, cuatrimestre contra cuatrimestre, del 7%.<\/p>\n<div class=\"content-media\">\n<section role=\"button\" class=\"mod-media   \">\n<figure role=\"button\" tabindex=\"0\" class=\"mod-figure \">\n<div class=\"placeholder \">\n<div class=\"com-image\"><picture><source media=\"(min-width: 768px)\" srcset=\"https:\/\/resizer.glanacion.com\/resizer\/v2\/autos-patentamiento-F7D63XZXR5F77IIDNF2ICYXH6Y.jpg?auth=5b17eba0e6a0dffc9d61cccf5811405b8cafb27aaeffc74280ad1788cb0a31e9&amp;width=780&amp;height=520&amp;quality=70&amp;smart=true\"><\/source><img class=\"image com-image flex --cover\" decoding=\"async\" fetchpriority=\"low\" loading=\"lazy\" src=\"https:\/\/resizer.glanacion.com\/resizer\/v2\/autos-patentamiento-F7D63XZXR5F77IIDNF2ICYXH6Y.jpg?auth=5b17eba0e6a0dffc9d61cccf5811405b8cafb27aaeffc74280ad1788cb0a31e9&amp;width=420&amp;height=280&amp;quality=70&amp;smart=true\" width=\"2000\" alt=\"En 12 meses, la ca\u00edda en el patentamiento de autos es del 22%\" height=\"1333\"><\/picture><\/div>\n<\/div><figcaption class=\"mod-figcaption\"><span class=\"com-text --caption --twoxs\">En 12 meses, la ca\u00edda en el patentamiento de autos es del 22%<\/span><span class=\"com-text --credit --twoxs\">Ricardo Pristupluk \/ LA NACION &#8211; Archivo<\/span><\/figcaption><\/figure>\n<\/section>\n<\/div>\n<p class=\"com-paragraph   --s\"><strong>La construcci\u00f3n sigue parada. <\/strong>Porque los costos internos est\u00e1n subiendo mucho y hacen que construir un metro cuadrado hoy cueste, m\u00e1s o menos, US$1600 para un departamento como el de los Adorni, m\u00e1s o menos ese tipo de propiedad. Para vender algo que cuesta US$1600 construirlo, el precio que hay que fijar a esa propiedad es un precio que muy probablemente se va del mercado.<\/p>\n<p class=\"com-paragraph   --s\">Este lunes se public\u00f3 una nota en <strong>LA NACION<\/strong>, de <strong>Mar\u00eda Julieta Rumi<\/strong>, que habla de <strong>consumo masivo<\/strong>. Nos dice que <strong>cay\u00f3 5% el consumo interanual <\/strong>en marzo. Es una ca\u00edda importante. Nos da otro dato, que es un dato de \u00e9poca: un aumento important\u00edsimo del comercio online, del canal digital, 34% mayor este a\u00f1o en marzo respecto de marzo del a\u00f1o pasado. Esto tiene un impacto enorme sobre el empleo. Esto no refleja solo el mecanismo de la econom\u00eda, refleja el impacto que tiene la tecnolog\u00eda sobre el comercio y explica la cantidad de locales cerrados que uno ve en las grandes avenidas de Buenos Aires. Ah\u00ed hay otro problema que genera tambi\u00e9n malestar, m\u00e1s all\u00e1 de cual sea su origen.<\/p>\n<div class=\"content-media\">\n<section role=\"button\" class=\"mod-media   \">\n<figure role=\"button\" tabindex=\"0\" class=\"mod-figure \">\n<div class=\"placeholder \">\n<div class=\"com-image\"><picture><source media=\"(min-width: 768px)\" srcset=\"https:\/\/resizer.glanacion.com\/resizer\/v2\/el-articulo-de-maria-julieta-rumi-sobre-el-JLIF2MZR35A4VD3WS65UOWM32A.jpeg?auth=dcfbf412b18b5450bd269274977012a2587c8a22556c2d1d175f1e95a31da818&amp;width=780&amp;height=429&amp;quality=70&amp;smart=true\"><\/source><img class=\"image com-image flex --cover\" decoding=\"async\" fetchpriority=\"low\" loading=\"lazy\" src=\"https:\/\/resizer.glanacion.com\/resizer\/v2\/el-articulo-de-maria-julieta-rumi-sobre-el-JLIF2MZR35A4VD3WS65UOWM32A.jpeg?auth=dcfbf412b18b5450bd269274977012a2587c8a22556c2d1d175f1e95a31da818&amp;width=420&amp;height=231&amp;quality=70&amp;smart=true\" width=\"1600\" alt=\"El art\u00edculo de Mar\u00eda Julieta Rumi sobre el consumo en marzo\" height=\"879\"><\/picture><\/div>\n<\/div><figcaption class=\"mod-figcaption\"><span class=\"com-text --caption --twoxs\">El art\u00edculo de Mar\u00eda Julieta Rumi sobre el consumo en marzo<\/span><\/figcaption><\/figure>\n<\/section>\n<\/div>\n<p class=\"com-paragraph   --s\">Por otro lado, hay un cuadro realizado por el<strong> Banco Central <\/strong>de la Rep\u00fablica Argentina (BCRA), que muestra sobre <strong>la carga econ\u00f3mica que tiene, en el salario, lo que las familias deben<\/strong>. La cuenta que hace el BCRA para hacer estos gr\u00e1ficos consiste en tomar todo el volumen de deuda y ponerlo en relaci\u00f3n con todo el volumen de la masa salarial formal, no de los trabajadores informales. Interesa este dato: <strong>aumenta, en 2024 y 2025, el endeudamiento con tarjetas. <\/strong>Esto tiene que ver con que el salario no alcanza y con que, para mantener el d\u00f3lar quieto \u2014para que la gente que tiene pesos no vaya al d\u00f3lar y presione para que el d\u00f3lar suba\u2014, el Gobierno ha mantenido durante mucho tiempo la <strong>tasa de inter\u00e9s muy alta<\/strong>. Y eso tiene un efecto recesivo y un efecto letal sobre aquel que tiene una deuda, m\u00e1s a\u00fan sobre aquel que tom\u00f3 cr\u00e9dito aprovechando que en la \u00e9poca de Alberto Fern\u00e1ndez la tasa de inter\u00e9s era muy baja, por debajo de la inflaci\u00f3n, y las deudas se licuaban. Ahora no se lic\u00faan m\u00e1s y tiene este impacto, que genera tambi\u00e9n un estado de \u00e1nimo pol\u00edtico.<\/p>\n<div class=\"content-media\">\n<section role=\"button\" class=\"mod-media   \">\n<figure role=\"button\" tabindex=\"0\" class=\"mod-figure \">\n<div class=\"placeholder \">\n<div class=\"com-image\"><picture><source media=\"(min-width: 768px)\" srcset=\"https:\/\/resizer.glanacion.com\/resizer\/v2\/carga-mensual-de-los-servicios-de-deuda-de-las-7FQE74O25FEO7AVEDBDZ5IE5IU.jpeg?auth=96333f58e7619b02b807c08030f1b45120044570c091728c09a70990c6dbb00d&amp;width=780&amp;height=693&amp;quality=70&amp;smart=true\"><\/source><img class=\"image com-image flex --cover\" decoding=\"async\" fetchpriority=\"low\" loading=\"lazy\" src=\"https:\/\/resizer.glanacion.com\/resizer\/v2\/carga-mensual-de-los-servicios-de-deuda-de-las-7FQE74O25FEO7AVEDBDZ5IE5IU.jpeg?auth=96333f58e7619b02b807c08030f1b45120044570c091728c09a70990c6dbb00d&amp;width=420&amp;height=373&amp;quality=70&amp;smart=true\" width=\"621\" alt=\"Carga mensual de los servicios de deuda de las familias\" height=\"552\"><\/picture><\/div>\n<\/div><figcaption class=\"mod-figcaption\"><span class=\"com-text --caption --twoxs\">Carga mensual de los servicios de deuda de las familias<\/span><\/figcaption><\/figure>\n<\/section>\n<\/div>\n<p class=\"com-paragraph   --s\">\u00bfPor qu\u00e9 es importante todo esto que estamos caracterizando? Ca\u00edda del consumo, ca\u00edda en la venta de bienes como los autom\u00f3viles, endeudamiento alto que impide el consumo. \u00bfPor qu\u00e9? Porque al final <strong>termina afectando la recaudaci\u00f3n.<\/strong> Y al Gobierno se le vuelve cada vez m\u00e1s esquivo un objetivo principal, el objetivo de este programa, que es mantener el <strong>super\u00e1vit fiscal<\/strong>. Entonces, lo que hay que preguntarse es si el Gobierno puede revertir estas ca\u00eddas en el sistema productivo, en el consumo, en la industria, en la construcci\u00f3n, para poder recuperar recaudaci\u00f3n y sostener la gran promesa, que es un ordenamiento fiscal que facilite la marcha de la econom\u00eda, la inversi\u00f3n y que haga que el Estado pueda ir perdiendo peso sobre la econom\u00eda.<\/p>\n<p class=\"com-paragraph   --s\">Ac\u00e1 hay un problema, que es la deuda, porque el super\u00e1vit fiscal es una meta muy importante y muy exigente si uno tiene en cuenta <strong>el nivel de deuda que tiene la Argentina <\/strong>y las <strong>dificultades para endeudarse o renegociar ese pasivo<\/strong>. No es solamente el volumen de la deuda: es la tasa de inter\u00e9s que paga, por un riesgo pa\u00eds muy alto. <\/p>\n<p class=\"com-paragraph   --s\">Frente a este problema, <strong>Luis Caputo <\/strong>y su equipo econ\u00f3mico obtuvieron un logro la semana pasada en Washington, durante la reuni\u00f3n de primavera del <strong>Fondo Monetario Internacional<\/strong>. Negociaron con el<strong> Banco Mundial <\/strong>(BM), con el <strong>Banco Interamericano de Desarrollo <\/strong>(BID) y con la <strong>CAF<\/strong> un paquete de cr\u00e9dito que, en conjunto, ronda los <strong>US$4000 millones<\/strong>. \u00bfPara qu\u00e9? Para poder usar esos d\u00f3lares como <strong>garant\u00eda<\/strong>. Primero se pens\u00f3 en la emisi\u00f3n de un bono, pero no emiten un bono. <strong>Van a pedir un cr\u00e9dito en bancos privados.<\/strong> Y a esos bancos les van a decir: \u201cSi no cre\u00e9s en m\u00ed, si no ten\u00e9s confianza en m\u00ed y, por lo tanto, me vas a cobrar una tasa muy alta, que a m\u00ed se me va a hacer muy dif\u00edcil pagar, confi\u00e1 en el Banco Mundial, confi\u00e1 en el BID, confi\u00e1 en la CAF\u201d. El Tesoro pone US$4000 millones como garant\u00eda de un pr\u00e9stamo total que ser\u00eda de entre US$8000 y 10.000 millones.<\/p>\n<div class=\"content-media\">\n<section role=\"button\" class=\"mod-media   \">\n<figure role=\"button\" tabindex=\"0\" class=\"mod-figure \">\n<div class=\"placeholder \">\n<div class=\"com-image\"><picture><source media=\"(min-width: 768px)\" srcset=\"https:\/\/resizer.glanacion.com\/resizer\/v2\/el-presidente-javier-milei-y-el-ministro-de-F3FZYGACJ5AHHMZS2PGTBXE35M.JPG?auth=4e1f836fd0d6306a51ba3c5ce9dabee2e77dc6c6427e5f7f1f7a52471e519029&amp;width=780&amp;height=521&amp;quality=70&amp;smart=true\"><\/source><img class=\"image com-image flex --cover\" decoding=\"async\" fetchpriority=\"low\" loading=\"lazy\" src=\"https:\/\/resizer.glanacion.com\/resizer\/v2\/el-presidente-javier-milei-y-el-ministro-de-F3FZYGACJ5AHHMZS2PGTBXE35M.JPG?auth=4e1f836fd0d6306a51ba3c5ce9dabee2e77dc6c6427e5f7f1f7a52471e519029&amp;width=420&amp;height=280&amp;quality=70&amp;smart=true\" width=\"3000\" alt=\"El presidente Javier Milei y el Ministro de econom\u00eda Luis Caputo, junto a la directora gerente del Fondo Monetario Internacional Kristalina Georgieva\" height=\"2002\"><\/picture><\/div>\n<\/div><figcaption class=\"mod-figcaption\"><span class=\"com-text --caption --twoxs\">El presidente Javier Milei y el Ministro de econom\u00eda Luis Caputo, junto a la directora gerente del Fondo Monetario Internacional Kristalina Georgieva<\/span><\/figcaption><\/figure>\n<\/section>\n<\/div>\n<p class=\"com-paragraph   --s\">Es una apuesta a que baje el nivel de riesgo o, dicho de otra manera, <strong>es una forma de alquilar credibilidad ajena. <\/strong>Es una prueba de que la Argentina tiene que tercerizar en organismos de cr\u00e9dito multilateral la credibilidad que no tiene. Casi de la misma manera en que terceriza en la Justicia de Nueva York la falta de credibilidad de su sistema judicial. \u201cSi usted quiere invertir, yo le garantizo que, en caso de un conflicto, va a ir a la jueza Loretta Preska, no al juez Ariel Lijo, por nombrar un caso\u201d: esa ser\u00eda la idea.<\/p>\n<p class=\"com-paragraph   --s\">Esto le va a permitir al Gobierno, en alguna medida, despejar un problema important\u00edsimo, que es el de la deuda pendiente. Una deuda de m\u00e1s o menos <strong>US$20.000 millones <\/strong>que vence el a\u00f1o que viene. La que tiene pendiente este a\u00f1o de pago son m\u00e1s o menos US$10.000 millones. <\/p>\n<p class=\"com-paragraph   --s\">Esto, a la vez, <strong>plantea varias curiosidades te\u00f3ricas, pol\u00edticas y pr\u00e1cticas. <\/strong>Una de ellas tiene que ver con la teor\u00eda de Milei, con la teor\u00eda de este gobierno, si queremos decirlo con mayor claridad, con esta filosof\u00eda o religi\u00f3n de capitalismo hiperliberal austr\u00edaco. \u00bfPor qu\u00e9? Porque, a la hora de financiarse, en vez de ir al mercado y emitir un bono, no lo hace porque <strong>teme que el mercado no conf\u00ede en \u00e9l.<\/strong> Este es el gran temor del Gobierno y es la gran herida narcisista de un Ejecutivo cuyo equipo econ\u00f3mico viene justamente del mercado financiero, espec\u00edficamente del negocio con bonos, que es a lo que se dedic\u00f3 \u201cToto\u201d Caputo toda su vida. Pero ahora va a pedirle a los Estados.<\/p>\n<div class=\"content-media\">\n<section role=\"button\" class=\"mod-media   \">\n<figure role=\"button\" tabindex=\"0\" class=\"mod-figure \">\n<div class=\"placeholder \">\n<div class=\"com-image\"><picture><source media=\"(min-width: 768px)\" srcset=\"https:\/\/resizer.glanacion.com\/resizer\/v2\/el-presidente-javier-milei-durante-su-viaje-a-DXPC6TWKXVHIPJDFV5IJJWSL24.jpg?auth=70147d733ab8d326d1cf7116603f5a2e4d8826268394003796919c299f7765ee&amp;width=780&amp;height=520&amp;quality=70&amp;smart=true\"><\/source><img class=\"image com-image flex --cover\" decoding=\"async\" fetchpriority=\"low\" loading=\"lazy\" src=\"https:\/\/resizer.glanacion.com\/resizer\/v2\/el-presidente-javier-milei-durante-su-viaje-a-DXPC6TWKXVHIPJDFV5IJJWSL24.jpg?auth=70147d733ab8d326d1cf7116603f5a2e4d8826268394003796919c299f7765ee&amp;width=420&amp;height=280&amp;quality=70&amp;smart=true\" width=\"2000\" alt=\"El presidente Javier Milei durante su viaje a Israel\" height=\"1333\"><\/picture><\/div>\n<\/div><figcaption class=\"mod-figcaption\"><span class=\"com-text --caption --twoxs\">El presidente Javier Milei durante su viaje a Israel<\/span><span class=\"com-text --credit --twoxs\">Leo Correa &#8211; AP<\/span><\/figcaption><\/figure>\n<\/section>\n<\/div>\n<p class=\"com-paragraph   --s\">El Estado, que es un ente maldito para Milei, finalmente es el que le termina prestando, porque hay que recordar que el Banco Mundial, el BID y la CAF son entidades interestatales. Esos cr\u00e9ditos se negocian con gobiernos, no con el mercado financiero, no con agentes privados. M\u00e1s a\u00fan, el cheque de <strong>Scott Bessent<\/strong>, que rescat\u00f3 al Gobierno de la crisis a mediados del a\u00f1o pasado, cuando el equipo econ\u00f3mico se hund\u00eda, es un cheque estatal: <strong>es el Tesoro de los Estados Unidos<\/strong>, no es de un banco. Cuando se le pidi\u00f3 plata a los bancos, los bancos dijeron: s\u00ed, pero queremos que la garantice el Tesoro de Estados Unidos, no confiamos en el programa argentino. No ocurri\u00f3.<\/p>\n<p class=\"com-paragraph   --s\">El Gobierno tiene derecho a decir que no es solo una desconfianza en \u00e9l: es la <strong>tradici\u00f3n de incumplimiento de la Argentina<\/strong> la que tambi\u00e9n lo condiciona. Y, obviamente, tiene raz\u00f3n en alguna medida en eso. Pero todav\u00eda no han logrado que el mercado financiero, al que mira Milei como la panacea, conf\u00ede en el programa.<\/p>\n<p class=\"com-paragraph   --s\">Hay otro detalle importante, que es m\u00e1s que un detalle. <strong>Con este endeudamiento el Gobierno va acumulando deuda <\/strong>con el Fondo, con el BID, con el Banco Mundial, con la CAF, que es <strong>deuda que no se puede \u201cdefaultear\u201d ni se puede renegociar. <\/strong>\u00bfEsto qu\u00e9 produce en el mercado? Que aquel que dice: \u201cle voy a comprar un bono al Gobierno argentino, o tengo bonos del Gobierno argentino\u201d, tiene que pensar que, si m\u00e1s adelante a alguien se le ocurre renegociar la deuda, hacer un recorte, van a ir por \u00e9l. Porque todo lo dem\u00e1s no es susceptible de ser recortado: es deuda con Estados, con organismos multilaterales, con los que no hay reestructuraciones de deuda. <\/p>\n<div class=\"content-media\">\n<section role=\"button\" class=\"mod-media   \">\n<figure role=\"button\" tabindex=\"0\" class=\"mod-figure \">\n<div class=\"placeholder \">\n<div class=\"com-image\"><picture><source media=\"(min-width: 768px)\" srcset=\"https:\/\/resizer.glanacion.com\/resizer\/v2\/la-reunion-de-caputo-con-el-banco-mundial-foto-FHWCVHESH5G77KIPH5DNTXCIPA.jpg?auth=86750bb918f5d58120e51cb0fa4d20563c5503b05af72163837381548dcb6482&amp;width=780&amp;height=585&amp;quality=70&amp;smart=true\"><\/source><img class=\"image com-image flex --cover\" decoding=\"async\" fetchpriority=\"low\" loading=\"lazy\" src=\"https:\/\/resizer.glanacion.com\/resizer\/v2\/la-reunion-de-caputo-con-el-banco-mundial-foto-FHWCVHESH5G77KIPH5DNTXCIPA.jpg?auth=86750bb918f5d58120e51cb0fa4d20563c5503b05af72163837381548dcb6482&amp;width=420&amp;height=315&amp;quality=70&amp;smart=true\" width=\"1600\" alt=\"La reuni\u00f3n de Caputo con el Banco Mundial. Foto: Redes\" height=\"1200\"><\/picture><\/div>\n<\/div><figcaption class=\"mod-figcaption\"><span class=\"com-text --caption --twoxs\">La reuni\u00f3n de Caputo con el Banco Mundial. Foto: Redes<\/span><\/figcaption><\/figure>\n<\/section>\n<\/div>\n<p class=\"com-paragraph   --s\">Entonces, el famoso <strong>\u201criesgo Kuka\u201d<\/strong>, la posibilidad de que venga, supongamos, <strong>Axel Kicillof<\/strong>, muy estatista, muy anti-mercado financiero privado, y reestructure, aumenta con esta estrategia de financiamiento del Gobierno. Los funcionarios <strong>alimentan aquello que pretenden exorcizar<\/strong>.<\/p>\n<p class=\"com-paragraph   --s\">Hay otro aspecto importante de todo esto. Uno se puede preguntar: \u00bfpor qu\u00e9 le prestan esos bancos?, \u00bfpor qu\u00e9 el Banco Mundial?, \u00bfpor qu\u00e9 la CAF?, \u00bfpor qu\u00e9 el BID le presta a Milei?, \u00bfpor qu\u00e9 es m\u00e1s f\u00e1cil ir a ellos? Por una raz\u00f3n geopol\u00edtica. \u00bfLe prestan porque conf\u00edan en el destino de la econom\u00eda argentina? Probablemente s\u00ed. Pero hay una raz\u00f3n m\u00e1s importante que esa. <strong>Le prestan por el juego internacional de Milei<\/strong>, por el alineamiento con <strong>Donald Trump<\/strong>, por su papel en la <strong>guerra de Medio Oriente<\/strong>, por su discurso anti chino. Hay un papel enorme de EE.UU. en las decisiones de esos organismos. Quiere decir que <strong>tambi\u00e9n, en ese sentido, es un Gobierno que depende de decisiones estatales<\/strong> y pol\u00edticas mucho m\u00e1s que de la consideraci\u00f3n de la iniciativa privada y del mercado.<\/p>\n<p class=\"com-paragraph   --s\">Este dato de la <strong>geopol\u00edtica<\/strong>, esta importancia de la geopol\u00edtica en la inserci\u00f3n de Milei en el mundo, explica algo muy importante que sucedi\u00f3 la semana pasada: la llegada a la Argentina de un personaje extraordinariamente relevante en el mundo de las finanzas, en el mundo de la informaci\u00f3n y, sobre todo, en el mundo de la defensa y de la inteligencia, del espionaje. Se llama <strong>Peter Thiel<\/strong>. Para entender esto habr\u00eda que releer a <strong>Giuliano da Empoli<\/strong>, autor de <em>El mago del Kremlin<\/em>, de <em>Los ingenieros del caos. <\/em>Su \u00faltimo libro, brillante, <em><strong>La hora de los depredadores<\/strong><\/em>. \u201cEl caos ya no es el arma de los insurgentes, es el sello del poder\u201d, ese es el subt\u00edtulo, o la consigna debajo del t\u00edtulo.<\/p>\n<div class=\"content-media\">\n<section role=\"button\" class=\"mod-media   \">\n<figure role=\"button\" tabindex=\"0\" class=\"mod-figure \">\n<div class=\"placeholder \">\n<div class=\"com-image\"><picture><source media=\"(min-width: 768px)\" srcset=\"https:\/\/resizer.glanacion.com\/resizer\/v2\/el-presidente-javier-milei-y-el-canciller-pablo-4KJTH4PY7BB45KHAYXG4N7E5LM.jfif?auth=c13a8be7527037e4c17af7f805647cda4e1218b1beff13cb40729fbea39d8d99&amp;width=780&amp;height=585&amp;quality=70&amp;smart=true\"><\/source><img class=\"image com-image flex --cover\" decoding=\"async\" fetchpriority=\"low\" loading=\"lazy\" src=\"https:\/\/resizer.glanacion.com\/resizer\/v2\/el-presidente-javier-milei-y-el-canciller-pablo-4KJTH4PY7BB45KHAYXG4N7E5LM.jfif?auth=c13a8be7527037e4c17af7f805647cda4e1218b1beff13cb40729fbea39d8d99&amp;width=420&amp;height=315&amp;quality=70&amp;smart=true\" width=\"2413\" alt=\"El presidente Javier Milei y el canciller Pablo Quirno junto al empresario tecnol\u00f3gico Peter Thiel\" height=\"1810\"><\/picture><\/div>\n<\/div><figcaption class=\"mod-figcaption\"><span class=\"com-text --caption --twoxs\">El presidente Javier Milei y el canciller Pablo Quirno junto al empresario tecnol\u00f3gico Peter Thiel<\/span><span class=\"com-text --credit --twoxs\">Oficina del Presidente<\/span><\/figcaption><\/figure>\n<\/section>\n<\/div>\n<p class=\"com-paragraph   --s\">\u00bfQu\u00e9 dice da Empoli? Dice que el partido de la pol\u00edtica ya no se juega donde lo jug\u00f3 la democracia en los \u00faltimos 100 o 200 a\u00f1os. Se juega en otro lado. Han aparecido <strong>20 personas que manejan los flujos de datos<\/strong>, los flujos informativos. Manejan Facebook, manejan X, manejan las grandes plataformas donde circulan datos. Y con ese poder, que es el poder de la informaci\u00f3n, <strong>son capaces de condicionar a la democracia.<\/strong> Y tienen la expectativa, el deseo, el sue\u00f1o de gobernar la vida p\u00fablica a partir de esos algoritmos que regulan el flujo de datos. Y, sostiene da Empoli, los l\u00edderes, sobre todo<strong> los l\u00edderes de derecha populista \u2014Trump, Milei, probablemente Bolsonaro\u2014, se inclinan ante ese nuevo poder.<\/strong><\/p>\n<p class=\"com-paragraph   --s\">En este contexto, podr\u00edamos decir pol\u00edtico y civilizatorio, llega Peter Thiel a la Argentina, fundador de <strong>PayPal<\/strong>, que despu\u00e9s vende; uno de los inversores m\u00e1s tempranos en Facebook, y hoy due\u00f1o de una empresa que se llama <strong>Palantir<\/strong>. Es una empresa de manejo de datos, important\u00edsima en la formulaci\u00f3n de inteligencia artificial, gran proveedora del Pent\u00e1gono y de la CIA. Gran protagonista de la <strong>guerra en Ucrania,<\/strong> del ataque israel\u00ed sobre la <strong>Franja de Gaza<\/strong> y de la <strong>guerra en Ir\u00e1n<\/strong>. Este se\u00f1or lleg\u00f3 a la Argentina, compr\u00f3 una casa en Barrio Parque y piensa quedarse en Buenos Aires varias semanas. \u00bfPara qu\u00e9? \u00bfC\u00f3mo es que semejante personaje tiene inter\u00e9s en permanecer? Dice la versi\u00f3n oficial: \u201cquiere comprar campos\u201d. Una persona de ese volumen econ\u00f3mico manda a alguien a comprar los campos, no necesita estar viviendo en Buenos Aires. <\/p>\n<div class=\"content-media\">\n<section role=\"button\" class=\"mod-media   \">\n<figure role=\"button\" tabindex=\"0\" class=\"mod-figure \">\n<div class=\"placeholder \">\n<div class=\"com-image\"><picture><source media=\"(min-width: 768px)\" srcset=\"https:\/\/resizer.glanacion.com\/resizer\/v2\/el-presidente-de-estados-unidos-donald-trump-CBKP3RPWSBHA3IOU6QX7OWFRSE.jpg?auth=be9e6c64a16e907ea0eae6dc780a68df411d1502434d8a6bf63dcf96402fa28c&amp;width=780&amp;height=520&amp;quality=70&amp;smart=true\"><\/source><img class=\"image com-image flex --cover\" decoding=\"async\" fetchpriority=\"low\" loading=\"lazy\" src=\"https:\/\/resizer.glanacion.com\/resizer\/v2\/el-presidente-de-estados-unidos-donald-trump-CBKP3RPWSBHA3IOU6QX7OWFRSE.jpg?auth=be9e6c64a16e907ea0eae6dc780a68df411d1502434d8a6bf63dcf96402fa28c&amp;width=420&amp;height=280&amp;quality=70&amp;smart=true\" width=\"2000\" alt=\"El presidente de Estados Unidos, Donald Trump, junto al director de la CIA, John Ratcliffe, (izquierda)\" height=\"1333\"><\/picture><\/div>\n<\/div><figcaption class=\"mod-figcaption\"><span class=\"com-text --caption --twoxs\">El presidente de Estados Unidos, Donald Trump, junto al director de la CIA, John Ratcliffe, (izquierda)<\/span><span class=\"com-text --credit --twoxs\">BRENDAN SMIALOWSKI &#8211; AFP<\/span><\/figcaption><\/figure>\n<\/section>\n<\/div>\n<p class=\"com-paragraph   --s\">\u00bfPor qu\u00e9 quiere estar ac\u00e1? <strong>Dos razones. <\/strong>La primera: es muy probable que el propio Thiel est\u00e9 embarcado en <strong>una carrera pol\u00edtica que puede terminar en un cargo importante de los Estados Unidos<\/strong>. Y Thiel quiere venir a ver c\u00f3mo funciona un laboratorio que mira todo el mundo. Tiene raz\u00f3n Milei cuando dice \u201cno soy un fen\u00f3meno barrial\u201d. Es el laboratorio de esta derecha argentina encarnada por Milei, que sintoniza con estas ideas de fin del Estado y el manejo de la sociedad y del mundo por el software. <strong>Viene a ver si es consistente este experimento, si es exportable<\/strong>, si \u00e9l podr\u00eda encarnar un liderazgo de este tipo en Estados Unidos.<\/p>\n<p class=\"com-paragraph   --s\">Por otra parte, puede haber otra raz\u00f3n, que es con la que especula mucha gente, sobre todo despu\u00e9s de un almuerzo que \u00e9l tuvo con <strong>Santiago Caputo<\/strong>, \u201cEl mago del Kremlin\u201d, que maneja <strong>ARCA<\/strong>, gran base de datos; que maneja la <strong>SIDE<\/strong> y, dentro de ella, una direcci\u00f3n de ciberespionaje; y que tiene acceso a los datos de la Anses. \u00bfHay un inter\u00e9s del Gobierno argentino de aprovechar la amistad con Thiel para manipular de alguna manera los datos? Se puede ir un paso m\u00e1s all\u00e1, y es solo una pregunta. Por ejemplo, <strong>Elisa Carri\u00f3<\/strong><strong> <\/strong>contesta que s\u00ed a esta pregunta. <strong>\u00bfHay inter\u00e9s del gobierno argentino en aprovechar esta alianza con un gigante en el manejo de la informaci\u00f3n y de los datos para manipular las elecciones? <\/strong>Al estilo de Cambridge Analytica, aquella empresa ligada a Facebook, de la que Thiel es inversor, en elecciones pasadas en la Argentina. Es una pregunta inquietante sobre el estado de la democracia. Es una pregunta inquietante sobre c\u00f3mo va a ser la batalla electoral.<\/p>\n<div class=\"content-media\">\n<section role=\"button\" class=\"mod-media   \">\n<figure role=\"button\" tabindex=\"0\" class=\"mod-figure \">\n<div class=\"placeholder \">\n<div class=\"com-image\"><picture><source media=\"(min-width: 768px)\" srcset=\"https:\/\/resizer.glanacion.com\/resizer\/v2\/el-asesor-presidencial-santiago-C4J7GC6OUJEY5HNSJIJHKAUVGM.jpg?auth=399bd295f360c3e7f0a9a67d7a1c4062dc15c1dc73736afd84f56eeb1da269ac&amp;width=780&amp;height=520&amp;quality=70&amp;smart=true\"><\/source><img class=\"image com-image flex --cover\" decoding=\"async\" fetchpriority=\"low\" loading=\"lazy\" src=\"https:\/\/resizer.glanacion.com\/resizer\/v2\/el-asesor-presidencial-santiago-C4J7GC6OUJEY5HNSJIJHKAUVGM.jpg?auth=399bd295f360c3e7f0a9a67d7a1c4062dc15c1dc73736afd84f56eeb1da269ac&amp;width=420&amp;height=280&amp;quality=70&amp;smart=true\" width=\"1211\" alt=\"El asesor presidencial Santiago Caputo\" height=\"807\"><\/picture><\/div>\n<\/div><figcaption class=\"mod-figcaption\"><span class=\"com-text --caption --twoxs\">El asesor presidencial Santiago Caputo<\/span><span class=\"com-text --credit --twoxs\">CPAC<\/span><\/figcaption><\/figure>\n<\/section>\n<\/div>\n<p class=\"com-paragraph   --s\">Pero se puede ir m\u00e1s all\u00e1 de lo instrumental. \u00bfCu\u00e1l es la formaci\u00f3n de Thiel? Es fil\u00f3sofo. Estudi\u00f3 filosof\u00eda en Stanford. Y su socio, Alexander Karp, estudi\u00f3 filosof\u00eda en Alemania. Thiel mismo es alem\u00e1n nacionalizado estadounidense. <\/p>\n<p class=\"com-paragraph   --s\">Este v\u00ednculo le da a Santiago Caputo, a los ojos de Milei, un poder que est\u00e1 lejos de tener Karina Milei en la interna de La Libertad Avanza. Avanz\u00f3 varios casilleros despu\u00e9s de ese almuerzo Caputo en el entorno presidencial.<strong> La guerra sigue. <\/strong>Entre Santiago Caputo y Karina Milei: <strong>no hay di\u00e1logo desde hace meses.<\/strong> <strong>Y esa guerra se traslada a la Justicia.<\/strong> Y en la Justicia hay novedades. \u00bfPor qu\u00e9 se traslada a la Justicia? Porque el lugar m\u00e1s apreciado del cual la hermana del Presidente pudo desplazar al asesor es el Ministerio de Justicia.<\/p>\n<p class=\"com-paragraph   --s\">Varias novedades en la Justicia. Una que hay que anotar r\u00e1pidamente, important\u00edsima: <strong>una pelea feroz dentro del kirchnerismo<\/strong>, del empresariado kirchnerista. En su declaraci\u00f3n en la causa <strong>Cuadernos<\/strong>, <strong>Crist\u00f3bal L\u00f3pez<\/strong> dice algo as\u00ed como: \u201cA m\u00ed me metieron en esta causa para sacar a <strong>Sebasti\u00e1n Eskenazi, <\/strong>porque Eskenazi era amigo y algo m\u00e1s \u2014dice L\u00f3pez\u2014, como si fuera financista, del juez Claudio Bonadio. Uno de los imputados en esta causa, <strong>Ernesto Clarens<\/strong>, nombr\u00f3 a Eskenazi en medio de todas las coimas de la causa Cuadernos y despu\u00e9s lo sac\u00f3 y me puso a m\u00ed\u201d. \u00bfHubo ese nivel de manipulaci\u00f3n? \u00bfEse es el poder de Eskenazi sobre el fallecido juez Claudio Bonadio? \u00bfEst\u00e1 Eskenazi detr\u00e1s de la causa Cuadernos, como cre\u00eda mucha gente, detr\u00e1s de Bonadio, para vengarse de Cristina Fern\u00e1ndez de Kirchner por la <strong>estatizaci\u00f3n de YPF<\/strong>? Preguntas que quedan flotando despu\u00e9s de la declaraci\u00f3n muy dura de Crist\u00f3bal L\u00f3pez.<\/p>\n<div class=\"content-media\">\n<section role=\"button\" class=\"mod-media   \">\n<figure role=\"button\" tabindex=\"0\" class=\"mod-figure \">\n<div class=\"placeholder \">\n<div class=\"com-image\"><picture><source media=\"(min-width: 768px)\" srcset=\"https:\/\/resizer.glanacion.com\/resizer\/v2\/claudio-bonadio-y-sebastian-eskenazi-en-un-2L5RG3U6F5DYPLGVCDWPWFLA2M.jpeg?auth=b0e8c6801a6bec7c76d40bd755fabe7a8cb73a91093849a7dd4f3ebe5e08f10f&amp;width=780&amp;height=439&amp;quality=70&amp;smart=true\"><\/source><img class=\"image com-image flex --cover\" decoding=\"async\" fetchpriority=\"low\" loading=\"lazy\" src=\"https:\/\/resizer.glanacion.com\/resizer\/v2\/claudio-bonadio-y-sebastian-eskenazi-en-un-2L5RG3U6F5DYPLGVCDWPWFLA2M.jpeg?auth=b0e8c6801a6bec7c76d40bd755fabe7a8cb73a91093849a7dd4f3ebe5e08f10f&amp;width=420&amp;height=236&amp;quality=70&amp;smart=true\" width=\"1280\" alt=\"Claudio Bonadio y Sebasti\u00e1n Eskenazi, en un restaurante en Recoleta\" height=\"720\"><\/picture><\/div>\n<\/div><figcaption class=\"mod-figcaption\"><span class=\"com-text --caption --twoxs\">Claudio Bonadio y Sebasti\u00e1n Eskenazi, en un restaurante en Recoleta<\/span><\/figcaption><\/figure>\n<\/section>\n<\/div>\n<p class=\"com-paragraph   --s\">Pero hay una novedad que se produjo en estas horas, mucho m\u00e1s actual, y tiene que ver con el juez <strong>Juan Galv\u00e1n Greenway<\/strong>. Hablamos de este juez varias veces. Es un juez penal econ\u00f3mico, candidato de <strong>Juan Bautista Mahiques<\/strong> a ocupar la C\u00e1mara Federal en lo penal econ\u00f3mico. Este juez, de primera instancia, acaba de sobreseer el viernes pasado a <strong>Claudio \u201cChiqui\u201d Tapia<\/strong> en una causa de lavado de dinero por un arreglo en un partido amistoso entre la selecci\u00f3n argentina y la selecci\u00f3n israel\u00ed. Este sobreseimiento es estrat\u00e9gico porque puede terminar en que sea cosa juzgada ese caso y a Tapia no se lo pueda investigar por lavado de activos en otras causas de las muchas que tiene abiertas. Aparece, entonces, la pregunta de si ahora lo van a nombrar camarista a Greenway como agradecimiento por este salvataje a Claudio Tapia. No el gobierno, Mahiques. Porque el amigo de la AFA, el que tiene relaciones con Toviggino, el que tiene relaciones estrech\u00edsimas e hist\u00f3ricas con Tapia es el ministro de Justicia, que pareciera, como creen algunos amigos de Milei, estar m\u00e1s interesado en resolver los problemas de Tapia y Toviggino, y en cubrir las<strong> vacantes que tiene el Poder Judicial <\/strong>mandando pliegos seleccionados por \u00e9l, como Greenway o como el juez Catania, que es otro candidato a ocupar esa c\u00e1mara, que en resolver los problemas de los Milei, que para eso lo nombraron ministro de Justicia.<\/p>\n<p class=\"com-paragraph   --s\">Ahora, no solamente se puede resolver el problema de Tapia en el juzgado de primera instancia, sino que, si despu\u00e9s Greenway y Catania terminan siendo camaristas, convalidan lo que se hizo en escalones m\u00e1s abajo. \u00bfPor qu\u00e9 importa esto? Porque, mientras tanto \u2014lo digo ir\u00f3nicamente\u2014, el pobre <strong>Manuel Adorni <\/strong>sigue vapuleado. Tapia va salvando la ropa. Adorni est\u00e1 siendo vapuleado y, por otra parte, protegido por el Gobierno, que va a ir el mi\u00e9rcoles a tomar lo a \u00e9l como bandera en una lucha verbal, que veremos qu\u00e9 nivel de agresividad tiene en la <strong>C\u00e1mara de Diputados<\/strong>.<\/p>\n<p class=\"com-paragraph   --s\">Es importante el tema. \u00bfPor qu\u00e9? Por esto: otra encuesta de Haime nos muestra que, por primera vez, el Presidente rompe el piso de 37% y est\u00e1 en 34% de consideraci\u00f3n popular positiva. <strong>Por primera vez, el grupo de los que creen que los problemas econ\u00f3micos son imputables a Milei m\u00e1s que al kirchnerismo aparece este mes. <\/strong>Y, por primera vez, en la encuesta de Haime aparece como<strong> principal problema la corrupci\u00f3n <\/strong>por encima de los bajos salarios. \u00bfTendr\u00e1n que ver unas cosas con las otras? Ese es uno de los misterios de la pol\u00edtica.<\/p>\n<div data-fusion-lazy-id=\"f0f2aQl9N0Nc5yq\"><\/div>\n<div data-fusion-lazy-id=\"f0fGQeo7N0Nc5He\"><\/div>\n<div data-fusion-lazy-id=\"f0fSc0ngN0Nc5KL\">\n<div><\/div>\n<\/div>\n<\/div>\n<\/div>\n<\/div>\n<\/div>\n<\/section>\n<p><\/p>\n","protected":false},"excerpt":{"rendered":"<p>Seguir en Si lo miramos desde su llegada, el Gobierno tiene una historia ciclot\u00edmica. Su relaci\u00f3n con el electorado, con la opini\u00f3n p\u00fablica, y la imagen que la sociedad se va formando de \u00e9l, es muy cambiante: hay momentos de picos de enamoramiento o de adhesi\u00f3n y valles de rechazo, de desencanto. Como una especie [&hellip;]<\/p>\n","protected":false},"author":1,"featured_media":8313,"comment_status":"open","ping_status":"open","sticky":false,"template":"","format":"standard","meta":{"footnotes":""},"categories":[1],"tags":[4,3],"class_list":["post-8312","post","type-post","status-publish","format-standard","has-post-thumbnail","hentry","category-uncategorized","tag-entre-rios","tag-rogelio-frigerio"],"_links":{"self":[{"href":"https:\/\/cliente1.publisher.highstack.com.ar\/index.php?rest_route=\/wp\/v2\/posts\/8312","targetHints":{"allow":["GET"]}}],"collection":[{"href":"https:\/\/cliente1.publisher.highstack.com.ar\/index.php?rest_route=\/wp\/v2\/posts"}],"about":[{"href":"https:\/\/cliente1.publisher.highstack.com.ar\/index.php?rest_route=\/wp\/v2\/types\/post"}],"author":[{"embeddable":true,"href":"https:\/\/cliente1.publisher.highstack.com.ar\/index.php?rest_route=\/wp\/v2\/users\/1"}],"replies":[{"embeddable":true,"href":"https:\/\/cliente1.publisher.highstack.com.ar\/index.php?rest_route=%2Fwp%2Fv2%2Fcomments&post=8312"}],"version-history":[{"count":0,"href":"https:\/\/cliente1.publisher.highstack.com.ar\/index.php?rest_route=\/wp\/v2\/posts\/8312\/revisions"}],"wp:featuredmedia":[{"embeddable":true,"href":"https:\/\/cliente1.publisher.highstack.com.ar\/index.php?rest_route=\/wp\/v2\/media\/8313"}],"wp:attachment":[{"href":"https:\/\/cliente1.publisher.highstack.com.ar\/index.php?rest_route=%2Fwp%2Fv2%2Fmedia&parent=8312"}],"wp:term":[{"taxonomy":"category","embeddable":true,"href":"https:\/\/cliente1.publisher.highstack.com.ar\/index.php?rest_route=%2Fwp%2Fv2%2Fcategories&post=8312"},{"taxonomy":"post_tag","embeddable":true,"href":"https:\/\/cliente1.publisher.highstack.com.ar\/index.php?rest_route=%2Fwp%2Fv2%2Ftags&post=8312"}],"curies":[{"name":"wp","href":"https:\/\/api.w.org\/{rel}","templated":true}]}}