{"id":8306,"date":"2026-04-28T03:07:02","date_gmt":"2026-04-28T06:07:02","guid":{"rendered":"https:\/\/cliente1.publisher.highstack.com.ar\/?p=8306"},"modified":"2026-04-28T03:07:02","modified_gmt":"2026-04-28T06:07:02","slug":"el-primer-ministro-britanico-enfrenta-a-una-votacion-sobre-una-posible-investigacion-parlamentaria-por-el-escandalo-de-peter-mandelson","status":"publish","type":"post","link":"https:\/\/cliente1.publisher.highstack.com.ar\/?p=8306","title":{"rendered":"El primer ministro brit\u00e1nico enfrenta a una votaci\u00f3n sobre una posible investigaci\u00f3n parlamentaria por el esc\u00e1ndalo de Peter Mandelson"},"content":{"rendered":"<div class=\"visual__image image-initial-width\"><picture><source srcset=\"https:\/\/www.infobae.com\/resizer\/v2\/DB7RQE2SSZNQ54A6MURZLVOTCY.jpg?auth=91bcf2ce56d24d1e39abbb6d10eefb06979b72336bdadf4de629ff291616ba24&amp;smart=true&amp;width=992&amp;height=662&amp;quality=85\" media=\"(min-width: 1000px)\"><\/source><source srcset=\"https:\/\/www.infobae.com\/resizer\/v2\/DB7RQE2SSZNQ54A6MURZLVOTCY.jpg?auth=91bcf2ce56d24d1e39abbb6d10eefb06979b72336bdadf4de629ff291616ba24&amp;smart=true&amp;width=768&amp;height=512&amp;quality=85\" media=\"(min-width: 768px)\"><\/source><source srcset=\"https:\/\/www.infobae.com\/resizer\/v2\/DB7RQE2SSZNQ54A6MURZLVOTCY.jpg?auth=91bcf2ce56d24d1e39abbb6d10eefb06979b72336bdadf4de629ff291616ba24&amp;smart=true&amp;width=577&amp;height=385&amp;quality=85\" media=\"(min-width: 580px)\"><\/source><source srcset=\"https:\/\/www.infobae.com\/resizer\/v2\/DB7RQE2SSZNQ54A6MURZLVOTCY.jpg?auth=91bcf2ce56d24d1e39abbb6d10eefb06979b72336bdadf4de629ff291616ba24&amp;smart=true&amp;width=420&amp;height=280&amp;quality=85\" media=\"(min-width: 350px)\"><\/source><source srcset=\"https:\/\/www.infobae.com\/resizer\/v2\/DB7RQE2SSZNQ54A6MURZLVOTCY.jpg?auth=91bcf2ce56d24d1e39abbb6d10eefb06979b72336bdadf4de629ff291616ba24&amp;smart=true&amp;width=350&amp;height=233&amp;quality=85\" media=\"(min-width: 80px)\"><\/source><img alt=\"El primer ministro brit\u00e1nico, Kier Starmer (REUTERS)\" class=\"global-image\" decoding=\"async\" fetchpriority=\"high\" height=\"3335\" loading=\"eager\" src=\"https:\/\/www.infobae.com\/resizer\/v2\/DB7RQE2SSZNQ54A6MURZLVOTCY.jpg?auth=91bcf2ce56d24d1e39abbb6d10eefb06979b72336bdadf4de629ff291616ba24&amp;smart=true&amp;width=350&amp;height=233&amp;quality=85\" width=\"5000\"><\/picture><\/div>\n<p class=\"paragraph\">El primer ministro brit\u00e1nico <b>Keir Starmer<\/b> enfrenta este martes una votaci\u00f3n en la C\u00e1mara de los Comunes para definir si se abre una investigaci\u00f3n parlamentaria sobre sus declaraciones respecto del proceso de selecci\u00f3n de <b>Peter Mandelson<\/b>, en un nuevo cap\u00edtulo de la crisis pol\u00edtica que golpea a su gobierno.<\/p>\n<p class=\"paragraph\">El presidente de la C\u00e1mara de los Comunes, <b>Lindsay Hoyle<\/b>, confirm\u00f3 que habilitar\u00e1 el debate y que luego corresponder\u00e1 a los diputados decidir si el <b>Comit\u00e9 de Privilegios<\/b> debe intervenir para determinar si Starmer indujo a error al Parlamento.<\/p>\n<div class=\"inline ad-wrapper dfpAd ad-inline ad-text ad-component-container\" style=\"--ad-shell-height:250px;--ad-shell-width:300px\" data-ad-wrapper=\"arcad\" data-ad-type=\"inline\" data-ad-slot=\"infobae\/america\/mundo\/nota\/inline\" data-ad-container=\"dfp\" data-ad-slot-name=\"infobae\/america\/mundo\/nota\/inline\">\n<p class=\"ad-shell-label\">PUBLICIDAD<\/p>\n<div id=\"infobae\/america\/mundo\/nota\/inline\" class=\"infobae\/america\/mundo\/nota\/inline arcad ad-slot-node ad-slot-node--boxed\" data-ad-slot-id=\"infobae\/america\/mundo\/nota\/inline\"><\/div>\n<\/div>\n<p class=\"paragraph\">Hoyle precis\u00f3 que su decisi\u00f3n respondi\u00f3 a pedidos de \u201c<b>numerosos<\/b>\u201d legisladores, incluida la l\u00edder conservadora <b>Kemi Badenoch<\/b>, y subray\u00f3 que su papel es el de \u201c<b>guardi\u00e1n<\/b>\u201d para asegurar que este tipo de votaciones se celebren \u201c<b>con moderaci\u00f3n<\/b>\u201d, sin tomar posici\u00f3n sobre el fondo del caso.<\/p>\n<p class=\"paragraph\">La oposici\u00f3n conservadora sostiene que Starmer enga\u00f1\u00f3 a los diputados al afirmar que se sigui\u00f3 el \u201c<b>debido proceso<\/b>\u201d en la designaci\u00f3n de Mandelson como embajador brit\u00e1nico en Estados Unidos y al asegurar que \u201c<b>no se ejerci\u00f3 ning\u00fan tipo de presi\u00f3n<\/b>\u201d sobre funcionarios del Ministerio de Asuntos Exteriores.<\/p>\n<div class=\"inline_2 ad-wrapper dfpAd ad-inline ad-text ad-component-container\" style=\"--ad-shell-height:250px;--ad-shell-width:300px\" data-ad-wrapper=\"arcad\" data-ad-type=\"inline_2\" data-ad-slot=\"infobae\/america\/mundo\/nota\/inline_2\" data-ad-container=\"dfp\" data-ad-slot-name=\"infobae\/america\/mundo\/nota\/inline_2\">\n<p class=\"ad-shell-label\">PUBLICIDAD<\/p>\n<div id=\"infobae\/america\/mundo\/nota\/inline_2\" class=\"infobae\/america\/mundo\/nota\/inline_2 arcad ad-slot-node ad-slot-node--boxed\" data-ad-slot-id=\"infobae\/america\/mundo\/nota\/inline_2\"><\/div>\n<\/div>\n<p class=\"paragraph\">Badenoch afirm\u00f3 que el primer ministro enga\u00f1\u00f3 al Parlamento \u201c<b>en repetidas ocasiones<\/b>\u201d y pidi\u00f3 a los legisladores laboristas \u201c<b>reflexionar sobre sus conciencias<\/b>\u201d antes de la votaci\u00f3n.<\/p>\n<div class=\"visual__image\"><picture><source srcset=\"https:\/\/www.infobae.com\/resizer\/v2\/HYDOHXPJJCMRJILZN5LOIHEXXY.jpg?auth=9c6cd4bc6041a51b7c8f55f54936b07c66aa7408ab456daa85a5822d7c6c6b70&amp;smart=true&amp;width=992&amp;height=661&amp;quality=85\" media=\"(min-width: 1000px)\"><\/source><source srcset=\"https:\/\/www.infobae.com\/resizer\/v2\/HYDOHXPJJCMRJILZN5LOIHEXXY.jpg?auth=9c6cd4bc6041a51b7c8f55f54936b07c66aa7408ab456daa85a5822d7c6c6b70&amp;smart=true&amp;width=768&amp;height=512&amp;quality=85\" media=\"(min-width: 768px)\"><\/source><source srcset=\"https:\/\/www.infobae.com\/resizer\/v2\/HYDOHXPJJCMRJILZN5LOIHEXXY.jpg?auth=9c6cd4bc6041a51b7c8f55f54936b07c66aa7408ab456daa85a5822d7c6c6b70&amp;smart=true&amp;width=577&amp;height=385&amp;quality=85\" media=\"(min-width: 580px)\"><\/source><source srcset=\"https:\/\/www.infobae.com\/resizer\/v2\/HYDOHXPJJCMRJILZN5LOIHEXXY.jpg?auth=9c6cd4bc6041a51b7c8f55f54936b07c66aa7408ab456daa85a5822d7c6c6b70&amp;smart=true&amp;width=420&amp;height=280&amp;quality=85\" media=\"(min-width: 350px)\"><\/source><source srcset=\"https:\/\/www.infobae.com\/resizer\/v2\/HYDOHXPJJCMRJILZN5LOIHEXXY.jpg?auth=9c6cd4bc6041a51b7c8f55f54936b07c66aa7408ab456daa85a5822d7c6c6b70&amp;smart=true&amp;width=350&amp;height=233&amp;quality=85\" media=\"(min-width: 80px)\"><\/source><img alt=\"El presidente de la C\u00e1mara de los Comunes, Lindsay Hoyle, confirm\u00f3 que habilitar\u00e1 el debate y que luego corresponder\u00e1 a los diputados decidir si el Comit\u00e9 de Privilegios debe intervenir para determinar si Starmer indujo a error al Parlamento (REUTERS)\" class=\"global-image\" decoding=\"async\" fetchpriority=\"low\" height=\"4000\" loading=\"lazy\" src=\"https:\/\/www.infobae.com\/resizer\/v2\/HYDOHXPJJCMRJILZN5LOIHEXXY.jpg?auth=9c6cd4bc6041a51b7c8f55f54936b07c66aa7408ab456daa85a5822d7c6c6b70&amp;smart=true&amp;width=350&amp;height=233&amp;quality=85\" width=\"6000\"><\/picture><\/div>\n<p class=\"paragraph\">El caso se centra en el nombramiento de Mandelson en 2024 y en la posterior revelaci\u00f3n de que no hab\u00eda superado la verificaci\u00f3n de seguridad en los tiempos previstos, adem\u00e1s de la controversia por sus v\u00ednculos con el fallecido delincuente sexual estadounidense <b>Jeffrey Epstein<\/b>.<\/p>\n<div class=\"ad_1 ad-wrapper dfpAd ad-1-al-6 ad-text ad-component-container\" style=\"--ad-shell-height:250px;--ad-shell-width:300px\" data-ad-wrapper=\"arcad\" data-ad-type=\"ad_1\" data-ad-slot=\"infobae\/america\/mundo\/nota\/ad_1\" data-ad-container=\"dfp\" data-ad-slot-name=\"infobae\/america\/mundo\/nota\/ad_1\">\n<p class=\"ad-shell-label\">PUBLICIDAD<\/p>\n<div id=\"infobae\/america\/mundo\/nota\/ad_1\" class=\"infobae\/america\/mundo\/nota\/ad_1 arcad ad-slot-node ad-slot-node--boxed\" data-ad-slot-id=\"infobae\/america\/mundo\/nota\/ad_1\"><\/div>\n<\/div>\n<p class=\"paragraph\">Starmer rechaz\u00f3 las acusaciones y calific\u00f3 la iniciativa impulsada por los conservadores como una \u201c<b>maniobra<\/b>\u201d.<\/p>\n<p class=\"paragraph\">En un discurso pronunciado el lunes por la noche ante el Grupo Parlamentario Laborista, el jefe de gobierno pidi\u00f3 disciplina interna y dijo a sus diputados: \u201c<b>Ma\u00f1ana ser\u00e1 pura pol\u00edtica y debemos permanecer unidos en contra de ella<\/b>\u201d.<\/p>\n<div class=\"ad_2 ad-wrapper dfpAd ad-1-al-6 ad-text ad-component-container\" style=\"--ad-shell-height:250px;--ad-shell-width:300px\" data-ad-wrapper=\"arcad\" data-ad-type=\"ad_2\" data-ad-slot=\"infobae\/america\/mundo\/nota\/ad_2\" data-ad-container=\"dfp\" data-ad-slot-name=\"infobae\/america\/mundo\/nota\/ad_2\">\n<p class=\"ad-shell-label\">PUBLICIDAD<\/p>\n<div id=\"infobae\/america\/mundo\/nota\/ad_2\" class=\"infobae\/america\/mundo\/nota\/ad_2 arcad ad-slot-node ad-slot-node--boxed\" data-ad-slot-id=\"infobae\/america\/mundo\/nota\/ad_2\"><\/div>\n<\/div>\n<p class=\"paragraph\">Seg\u00fan inform\u00f3 la <i>BBC<\/i>, es probable que la bancada laborista reciba instrucciones formales para votar en contra de la moci\u00f3n conservadora, en lugar de conceder libertad de voto. Fuentes citadas por la emisora p\u00fablica brit\u00e1nica se\u00f1alaron adem\u00e1s que ministros del gabinete se comunicaron telef\u00f3nicamente con diputados laboristas para convencerlos de respaldar al primer ministro.<\/p>\n<p class=\"paragraph\">El Partido Laborista cuenta con mayor\u00eda en la C\u00e1mara de los Comunes, por lo que la apertura de una investigaci\u00f3n requerir\u00eda que un n\u00famero considerable de sus propios diputados vote a favor o se abstenga.<\/p>\n<div class=\"ad_3 ad-wrapper dfpAd ad-1-al-6 ad-text ad-component-container\" style=\"--ad-shell-height:250px;--ad-shell-width:300px\" data-ad-wrapper=\"arcad\" data-ad-type=\"ad_3\" data-ad-slot=\"infobae\/america\/mundo\/nota\/ad_3\" data-ad-container=\"dfp\" data-ad-slot-name=\"infobae\/america\/mundo\/nota\/ad_3\">\n<p class=\"ad-shell-label\">PUBLICIDAD<\/p>\n<div id=\"infobae\/america\/mundo\/nota\/ad_3\" class=\"infobae\/america\/mundo\/nota\/ad_3 arcad ad-slot-node ad-slot-node--boxed\" data-ad-slot-id=\"infobae\/america\/mundo\/nota\/ad_3\"><\/div>\n<\/div>\n<p class=\"paragraph\">Downing Street defendi\u00f3 la posici\u00f3n del gobierno y asegur\u00f3 que las acusaciones conservadoras \u201c<b>carecen de fundamento<\/b>\u201d. Un portavoz sostuvo que el Ejecutivo est\u00e1 \u201c<b>colaborando con los dos procesos parlamentarios que ya est\u00e1n en marcha<\/b>\u201d y que lo hace \u201c<b>con total transparencia<\/b>\u201d.<\/p>\n<div class=\"visual__image\"><picture><source srcset=\"https:\/\/www.infobae.com\/resizer\/v2\/5MI2EW4COVB2PMNO7RP2GQLXDI.jpg?auth=f0ece4300f1f945189ce8c39a400f461464b0ee31b96e74359ba4b90aacd4803&amp;smart=true&amp;width=992&amp;height=680&amp;quality=85\" media=\"(min-width: 1000px)\"><\/source><source srcset=\"https:\/\/www.infobae.com\/resizer\/v2\/5MI2EW4COVB2PMNO7RP2GQLXDI.jpg?auth=f0ece4300f1f945189ce8c39a400f461464b0ee31b96e74359ba4b90aacd4803&amp;smart=true&amp;width=768&amp;height=526&amp;quality=85\" media=\"(min-width: 768px)\"><\/source><source srcset=\"https:\/\/www.infobae.com\/resizer\/v2\/5MI2EW4COVB2PMNO7RP2GQLXDI.jpg?auth=f0ece4300f1f945189ce8c39a400f461464b0ee31b96e74359ba4b90aacd4803&amp;smart=true&amp;width=577&amp;height=395&amp;quality=85\" media=\"(min-width: 580px)\"><\/source><source srcset=\"https:\/\/www.infobae.com\/resizer\/v2\/5MI2EW4COVB2PMNO7RP2GQLXDI.jpg?auth=f0ece4300f1f945189ce8c39a400f461464b0ee31b96e74359ba4b90aacd4803&amp;smart=true&amp;width=420&amp;height=288&amp;quality=85\" media=\"(min-width: 350px)\"><\/source><source srcset=\"https:\/\/www.infobae.com\/resizer\/v2\/5MI2EW4COVB2PMNO7RP2GQLXDI.jpg?auth=f0ece4300f1f945189ce8c39a400f461464b0ee31b96e74359ba4b90aacd4803&amp;smart=true&amp;width=350&amp;height=240&amp;quality=85\" media=\"(min-width: 80px)\"><\/source><img alt=\"El caso se centra en el nombramiento de Mandelson en 2024 y en la posterior revelaci\u00f3n de que no hab\u00eda superado la verificaci\u00f3n de seguridad en los tiempos previstos, adem\u00e1s de la controversia por sus v\u00ednculos con el fallecido delincuente sexual estadounidense Jeffrey Epstein (EFE)\" class=\"global-image\" decoding=\"async\" fetchpriority=\"low\" height=\"2807\" loading=\"lazy\" src=\"https:\/\/www.infobae.com\/resizer\/v2\/5MI2EW4COVB2PMNO7RP2GQLXDI.jpg?auth=f0ece4300f1f945189ce8c39a400f461464b0ee31b96e74359ba4b90aacd4803&amp;smart=true&amp;width=350&amp;height=240&amp;quality=85\" width=\"4096\"><\/picture><\/div>\n<p class=\"paragraph\">Entre esos procesos figura la publicaci\u00f3n de documentos vinculados al nombramiento de Mandelson mediante comparecencia p\u00fablica y las sesiones abiertas ante la <b>Comisi\u00f3n de Asuntos Exteriores<\/b>, que eval\u00faa el proceso de verificaci\u00f3n de antecedentes.<\/p>\n<div class=\"ad_4 ad-wrapper dfpAd ad-1-al-6 ad-text ad-component-container\" style=\"--ad-shell-height:250px;--ad-shell-width:300px\" data-ad-wrapper=\"arcad\" data-ad-type=\"ad_4\" data-ad-slot=\"infobae\/america\/mundo\/nota\/ad_4\" data-ad-container=\"dfp\" data-ad-slot-name=\"infobae\/america\/mundo\/nota\/ad_4\">\n<p class=\"ad-shell-label\">PUBLICIDAD<\/p>\n<div id=\"infobae\/america\/mundo\/nota\/ad_4\" class=\"infobae\/america\/mundo\/nota\/ad_4 arcad ad-slot-node ad-slot-node--boxed\" data-ad-slot-id=\"infobae\/america\/mundo\/nota\/ad_4\"><\/div>\n<\/div>\n<p class=\"paragraph\">El lunes, el gobierno tambi\u00e9n difundi\u00f3 una carta fechada en septiembre de 2025 en la que el entonces jefe de la administraci\u00f3n p\u00fablica, <b>Chris Wormald<\/b>, indic\u00f3 al primer ministro que se hab\u00edan seguido los \u201c<b>procesos adecuados<\/b>\u201d.<\/p>\n<p class=\"paragraph\">Ese mismo d\u00eda, la Comisi\u00f3n de Asuntos Exteriores public\u00f3 pruebas escritas del Ministerio de Asuntos Exteriores elaboradas en consulta con <b>Ian Collard<\/b>, entonces jefe de seguridad del departamento. En el documento se indic\u00f3 que Collard sinti\u00f3 \u201c<b>presi\u00f3n para lograr un resultado r\u00e1pido<\/b>\u201d debido al \u201c<b>contacto regular desde el n\u00famero 10<\/b>\u201d, en referencia a la oficina del primer ministro.<\/p>\n<div class=\"ad_5 ad-wrapper dfpAd ad-1-al-6 ad-text ad-component-container\" style=\"--ad-shell-height:250px;--ad-shell-width:300px\" data-ad-wrapper=\"arcad\" data-ad-type=\"ad_5\" data-ad-slot=\"infobae\/america\/mundo\/nota\/ad_5\" data-ad-container=\"dfp\" data-ad-slot-name=\"infobae\/america\/mundo\/nota\/ad_5\">\n<p class=\"ad-shell-label\">PUBLICIDAD<\/p>\n<div id=\"infobae\/america\/mundo\/nota\/ad_5\" class=\"infobae\/america\/mundo\/nota\/ad_5 arcad ad-slot-node ad-slot-node--boxed\" data-ad-slot-id=\"infobae\/america\/mundo\/nota\/ad_5\"><\/div>\n<\/div>\n<p class=\"paragraph\">Sin embargo, tambi\u00e9n se precis\u00f3 que el funcionario \u201c<b>no considera que esta presi\u00f3n haya influido en el juicio profesional<\/b>\u201d propio ni de su equipo.<\/p>\n<p class=\"paragraph\">La controversia se intensific\u00f3 despu\u00e9s de que Mandelson fuera destituido siete meses despu\u00e9s de iniciar funciones en Washington D.C. debido a su amistad con Epstein. Starmer pidi\u00f3 disculpas por ese nombramiento, aunque sigui\u00f3 enfrentando preguntas sobre la rapidez con la que avanz\u00f3 el proceso.<\/p>\n<div class=\"ad_6 ad-wrapper dfpAd ad-1-al-6 ad-text ad-component-container\" style=\"--ad-shell-height:250px;--ad-shell-width:300px\" data-ad-wrapper=\"arcad\" data-ad-type=\"ad_6\" data-ad-slot=\"infobae\/america\/mundo\/nota\/ad_6\" data-ad-container=\"dfp\" data-ad-slot-name=\"infobae\/america\/mundo\/nota\/ad_6\">\n<p class=\"ad-shell-label\">PUBLICIDAD<\/p>\n<div id=\"infobae\/america\/mundo\/nota\/ad_6\" class=\"infobae\/america\/mundo\/nota\/ad_6 arcad ad-slot-node ad-slot-node--boxed\" data-ad-slot-id=\"infobae\/america\/mundo\/nota\/ad_6\"><\/div>\n<\/div>\n<p class=\"paragraph\">La semana pasada, el ex funcionario de mayor rango del Ministerio de Asuntos Exteriores,<b> Olly Robbins<\/b>, declar\u00f3 ante la Comisi\u00f3n de Asuntos Exteriores que existi\u00f3 una \u201c<b>presi\u00f3n constante<\/b>\u201d, aunque aclar\u00f3 que ello no alter\u00f3 su decisi\u00f3n sobre la autorizaci\u00f3n de seguridad.<\/p>\n<div class=\"visual__image\"><picture><source srcset=\"https:\/\/www.infobae.com\/resizer\/v2\/S6WQSY2PSZESZJ2IIJMLLW3AJQ.jpg?auth=8ded974b4db81f6a3e057c19a23661fb68035c59a2925276c9fa28ce56db29e9&amp;smart=true&amp;width=992&amp;height=661&amp;quality=85\" media=\"(min-width: 1000px)\"><\/source><source srcset=\"https:\/\/www.infobae.com\/resizer\/v2\/S6WQSY2PSZESZJ2IIJMLLW3AJQ.jpg?auth=8ded974b4db81f6a3e057c19a23661fb68035c59a2925276c9fa28ce56db29e9&amp;smart=true&amp;width=768&amp;height=512&amp;quality=85\" media=\"(min-width: 768px)\"><\/source><source srcset=\"https:\/\/www.infobae.com\/resizer\/v2\/S6WQSY2PSZESZJ2IIJMLLW3AJQ.jpg?auth=8ded974b4db81f6a3e057c19a23661fb68035c59a2925276c9fa28ce56db29e9&amp;smart=true&amp;width=577&amp;height=385&amp;quality=85\" media=\"(min-width: 580px)\"><\/source><source srcset=\"https:\/\/www.infobae.com\/resizer\/v2\/S6WQSY2PSZESZJ2IIJMLLW3AJQ.jpg?auth=8ded974b4db81f6a3e057c19a23661fb68035c59a2925276c9fa28ce56db29e9&amp;smart=true&amp;width=420&amp;height=280&amp;quality=85\" media=\"(min-width: 350px)\"><\/source><source srcset=\"https:\/\/www.infobae.com\/resizer\/v2\/S6WQSY2PSZESZJ2IIJMLLW3AJQ.jpg?auth=8ded974b4db81f6a3e057c19a23661fb68035c59a2925276c9fa28ce56db29e9&amp;smart=true&amp;width=350&amp;height=233&amp;quality=85\" media=\"(min-width: 80px)\"><\/source><img alt=\"La controversia se intensific\u00f3 despu\u00e9s de que Mandelson fuera destituido siete meses despu\u00e9s de iniciar funciones en Washington D.C. debido a su amistad con Epstein (EP)\" class=\"global-image\" decoding=\"async\" fetchpriority=\"low\" height=\"1280\" loading=\"lazy\" src=\"https:\/\/www.infobae.com\/resizer\/v2\/S6WQSY2PSZESZJ2IIJMLLW3AJQ.jpg?auth=8ded974b4db81f6a3e057c19a23661fb68035c59a2925276c9fa28ce56db29e9&amp;smart=true&amp;width=350&amp;height=233&amp;quality=85\" width=\"1920\"><\/picture><\/div>\n<p class=\"paragraph\">En un intento por precisar su postura, Starmer declar\u00f3 al <i>Sunday Times<\/i> que existen \u201c<b>diferentes tipos de presi\u00f3n<\/b>\u201d y a\u00f1adi\u00f3: \u201c<b>Hay presi\u00f3n: \u2018\u00bfPodemos terminar esto r\u00e1pido?\u2019, lo cual no es una presi\u00f3n inusual. Es la presi\u00f3n diaria que enfrenta un gobierno<\/b>\u201d.<\/p>\n<p class=\"paragraph\">El antecedente inmediato de una pesquisa de este tipo es el caso del ex primer ministro <b>Boris Johnson<\/b>, a quien el Comit\u00e9 de Privilegios concluy\u00f3 en 2023 que hab\u00eda inducido a error a la C\u00e1mara por el esc\u00e1ndalo del <i>partygate<\/i>.<\/p>\n<p class=\"paragraph\">El C\u00f3digo Ministerial brit\u00e1nico establece que los ministros que enga\u00f1en deliberadamente al Parlamento deben renunciar, mientras que los errores involuntarios deben corregirse \u201c<b>a la mayor brevedad posible<\/b>\u201d.<\/p>\n","protected":false},"excerpt":{"rendered":"<p>Los miembros del Parlamento debatir\u00e1n este martes si remiten a Kier Starmer a un comit\u00e9 para determinar si indujo a error a la C\u00e1mara sobre el nombramiento del ex asociado del fallecido delincuente sexual estadounidense Jeffrey Epstein<\/p>\n","protected":false},"author":1,"featured_media":8308,"comment_status":"open","ping_status":"open","sticky":false,"template":"","format":"standard","meta":{"footnotes":""},"categories":[1],"tags":[],"class_list":["post-8306","post","type-post","status-publish","format-standard","has-post-thumbnail","hentry","category-uncategorized"],"_links":{"self":[{"href":"https:\/\/cliente1.publisher.highstack.com.ar\/index.php?rest_route=\/wp\/v2\/posts\/8306","targetHints":{"allow":["GET"]}}],"collection":[{"href":"https:\/\/cliente1.publisher.highstack.com.ar\/index.php?rest_route=\/wp\/v2\/posts"}],"about":[{"href":"https:\/\/cliente1.publisher.highstack.com.ar\/index.php?rest_route=\/wp\/v2\/types\/post"}],"author":[{"embeddable":true,"href":"https:\/\/cliente1.publisher.highstack.com.ar\/index.php?rest_route=\/wp\/v2\/users\/1"}],"replies":[{"embeddable":true,"href":"https:\/\/cliente1.publisher.highstack.com.ar\/index.php?rest_route=%2Fwp%2Fv2%2Fcomments&post=8306"}],"version-history":[{"count":1,"href":"https:\/\/cliente1.publisher.highstack.com.ar\/index.php?rest_route=\/wp\/v2\/posts\/8306\/revisions"}],"predecessor-version":[{"id":8307,"href":"https:\/\/cliente1.publisher.highstack.com.ar\/index.php?rest_route=\/wp\/v2\/posts\/8306\/revisions\/8307"}],"wp:featuredmedia":[{"embeddable":true,"href":"https:\/\/cliente1.publisher.highstack.com.ar\/index.php?rest_route=\/wp\/v2\/media\/8308"}],"wp:attachment":[{"href":"https:\/\/cliente1.publisher.highstack.com.ar\/index.php?rest_route=%2Fwp%2Fv2%2Fmedia&parent=8306"}],"wp:term":[{"taxonomy":"category","embeddable":true,"href":"https:\/\/cliente1.publisher.highstack.com.ar\/index.php?rest_route=%2Fwp%2Fv2%2Fcategories&post=8306"},{"taxonomy":"post_tag","embeddable":true,"href":"https:\/\/cliente1.publisher.highstack.com.ar\/index.php?rest_route=%2Fwp%2Fv2%2Ftags&post=8306"}],"curies":[{"name":"wp","href":"https:\/\/api.w.org\/{rel}","templated":true}]}}